{"id":2303,"date":"2021-04-01T18:49:58","date_gmt":"2021-04-01T18:49:58","guid":{"rendered":"https:\/\/www.cuencasmineras.com\/?p=2303"},"modified":"2021-04-01T18:49:58","modified_gmt":"2021-04-01T18:49:58","slug":"todos-los-mayores-de-80-anos-del-caudal-ya-estan-vacunados-contra-el-covid","status":"publish","type":"post","link":"https:\/\/www.cuencasmineras.com\/index.php\/2021\/04\/01\/todos-los-mayores-de-80-anos-del-caudal-ya-estan-vacunados-contra-el-covid\/","title":{"rendered":"Todos los mayores de 80 a\u00f1os del Caudal ya est\u00e1n vacunados contra el covid"},"content":{"rendered":"<p style=\"text-align: justify;\">La vacunaci\u00f3n masiva acaba de arrancar en la comarca y ya no se detendr\u00e1 hasta que un total de 58.000 vecinos de Mieres, Aller y Lena mayores de 16 a\u00f1os est\u00e9n inoculados. La previsi\u00f3n es que el reto se alcance a lo largo de verano. De momento, las previsiones de la gerencia del \u00e1rea sanitaria VII pasan por culminar a lo largo del d\u00eda de hoy la vacunaci\u00f3n de la poblaci\u00f3n mayor de 80 a\u00f1os, al menos en lo que a la primera dosis se refiere. \u201cEn principio s\u00f3lo quedar\u00edan sin protecci\u00f3n un peque\u00f1o n\u00famero de aproximadamente 200 personas con las que ha sido inviable conectar\u201d, explica Carlos D\u00edaz, coordinador del centro de vacunaci\u00f3n del \u00e1rea sanitaria VII.<\/p>\n<p><img loading=\"lazy\" decoding=\"async\" class=\"aligncenter size-large wp-image-2304\" src=\"https:\/\/www.cuencasmineras.com\/wp-content\/uploads\/2021\/04\/afea085b-8223-4034-9c37-6f8ca6992ee5_21-9-aspect-ratio_default_0-1024x438.jpg\" alt=\"\" width=\"640\" height=\"274\" srcset=\"https:\/\/www.cuencasmineras.com\/wp-content\/uploads\/2021\/04\/afea085b-8223-4034-9c37-6f8ca6992ee5_21-9-aspect-ratio_default_0-1024x438.jpg 1024w, https:\/\/www.cuencasmineras.com\/wp-content\/uploads\/2021\/04\/afea085b-8223-4034-9c37-6f8ca6992ee5_21-9-aspect-ratio_default_0-300x128.jpg 300w, https:\/\/www.cuencasmineras.com\/wp-content\/uploads\/2021\/04\/afea085b-8223-4034-9c37-6f8ca6992ee5_21-9-aspect-ratio_default_0-768x329.jpg 768w, https:\/\/www.cuencasmineras.com\/wp-content\/uploads\/2021\/04\/afea085b-8223-4034-9c37-6f8ca6992ee5_21-9-aspect-ratio_default_0.jpg 1280w\" sizes=\"auto, (max-width: 640px) 100vw, 640px\" \/><\/p>\n<p style=\"text-align: justify;\">El recinto ferial de Santullano, ubicado a poco m\u00e1s de cien metros de distancia del hospital de Mieres, se ha convertido en un centro de vacunaci\u00f3n masiva. Se han habilitado seis l\u00edneas de actuaci\u00f3n, con una s\u00e9ptima en el exterior del equipamiento municipal que permite poder practicar la inyecci\u00f3n sin que el destinatario tenga que bajarse del coche. A partir de la pr\u00f3xima semana se comenzar\u00e1 a llamar a menores de 79 a\u00f1os y, sucesivamente, se ir\u00e1 citando a franjas de poblaci\u00f3n m\u00e1s joven.<\/p>\n<p style=\"text-align: justify;\">Los responsables del \u00e1rea sanitaria tienen depositada toda su confianza en el buen funcionamiento del centro de vacunaci\u00f3n masiva. De momento, los primeros usuarios est\u00e1n satisfechos. \u201cEs amplio, abierto y todo va r\u00e1pido, sin aglomeraciones\u201d, se\u00f1ala Mar\u00eda Garc\u00eda, de 84 a\u00f1os.<\/p>\n<p style=\"text-align: justify;\">El despliegue sanitario en el recinto ferial de Santullano ha transformado por completo esta instalaci\u00f3n para convertirla en casi un peque\u00f1o hospital de campa\u00f1a. El personal facultativo se ha visto reforzado con enfermeras jubiladas que se han incorporado a la actividad para echar una mano: \u201cHay momentos en lo que se debe hacer un esfuerzo, sobre todo en esta profesional tan vocacional\u201d, destaca Aurora Iglesias, que no ha tenido tiempo ni para colgar la bata en el armario: \u201cLlevo apenas un mes jubilada, no me ha dado tiempo ni a cobrar la primera paga\u201d.<\/p>\n<p style=\"text-align: justify;\">Los vecinos que ya han pasado por el centro de vacunaci\u00f3n masiva de Mieres s\u00f3lo tienen buenas palabras. En general, estaban esperando con ansiedad el momento: \u201cNo soy capaz de entender a la gente que dice que no quiere vacunarse. Yo tengo seis nietos y no veo el momento de poder volver a darles un abrazo\u201d, apunta \u00c1ngel Fern\u00e1ndez. A partir de hoy, todos los abuelos de la comarca de m\u00e1s de 80 a\u00f1os estar\u00e1n ya protegidos con, al menos, la primera dosis de la vacuna. En Santullano se podr\u00e1 vacunar a partir de ahora incluso a 1.500 personas por d\u00eda. \u201cEl \u00fanico factor limitante es el n\u00famero de vacunas a disposici\u00f3n del personal sanitario\u201d, destacan los profesionales.<\/p>\n","protected":false},"excerpt":{"rendered":"<p>La vacunaci\u00f3n masiva acaba de arrancar en la comarca y ya no se detendr\u00e1 hasta que un total de 58.000 vecinos de Mieres, Aller y Lena mayores de 16 a\u00f1os est\u00e9n inoculados. La previsi\u00f3n es que el reto se alcance a lo largo de verano. De momento, las previsiones de la gerencia del \u00e1rea sanitaria [&hellip;]<\/p>\n","protected":false},"author":1,"featured_media":2304,"comment_status":"open","ping_status":"open","sticky":false,"template":"","format":"standard","meta":{"footnotes":""},"categories":[7,6],"tags":[],"class_list":["post-2303","post","type-post","status-publish","format-standard","has-post-thumbnail","hentry","category-caudal","category-noticias"],"yoast_head":"<!-- This site is optimized with the Yoast SEO plugin v27.4 - https:\/\/yoast.com\/product\/yoast-seo-wordpress\/ -->\n<title>Todos los mayores de 80 a\u00f1os del Caudal ya est\u00e1n vacunados contra el covid - cm news<\/title>\n<meta name=\"description\" content=\"El centro de atenci\u00f3n masiva de Santullano comenzar\u00e1 a citar a menores de 79 a\u00f1os para tener a toda la poblaci\u00f3n inoculada en verano\" \/>\n<meta name=\"robots\" content=\"index, follow, max-snippet:-1, max-image-preview:large, max-video-preview:-1\" \/>\n<link rel=\"canonical\" href=\"https:\/\/www.cuencasmineras.com\/index.php\/2021\/04\/01\/todos-los-mayores-de-80-anos-del-caudal-ya-estan-vacunados-contra-el-covid\/\" \/>\n<meta property=\"og:locale\" content=\"es_ES\" \/>\n<meta property=\"og:type\" content=\"article\" \/>\n<meta property=\"og:title\" content=\"Todos los mayores de 80 a\u00f1os del Caudal ya est\u00e1n vacunados contra el covid - cm news\" \/>\n<meta property=\"og:description\" content=\"El centro de atenci\u00f3n masiva de Santullano comenzar\u00e1 a citar a menores de 79 a\u00f1os para tener a toda la poblaci\u00f3n inoculada en verano\" \/>\n<meta property=\"og:url\" content=\"https:\/\/www.cuencasmineras.com\/index.php\/2021\/04\/01\/todos-los-mayores-de-80-anos-del-caudal-ya-estan-vacunados-contra-el-covid\/\" \/>\n<meta property=\"article:published_time\" content=\"2021-04-01T18:49:58+00:00\" \/>\n<meta property=\"og:image\" content=\"https:\/\/www.cuencasmineras.com\/wp-content\/uploads\/2021\/04\/afea085b-8223-4034-9c37-6f8ca6992ee5_21-9-aspect-ratio_default_0.jpg\" \/>\n\t<meta property=\"og:image:width\" content=\"1280\" \/>\n\t<meta property=\"og:image:height\" content=\"548\" \/>\n\t<meta property=\"og:image:type\" content=\"image\/jpeg\" \/>\n<meta name=\"author\" content=\"admin\" \/>\n<meta name=\"twitter:card\" content=\"summary_large_image\" \/>\n<meta name=\"twitter:label1\" content=\"Escrito por\" \/>\n\t<meta name=\"twitter:data1\" content=\"admin\" \/>\n\t<meta name=\"twitter:label2\" content=\"Tiempo de lectura\" \/>\n\t<meta name=\"twitter:data2\" content=\"3 minutos\" \/>\n<script type=\"application\/ld+json\" class=\"yoast-schema-graph\">{\"@context\":\"https:\\\/\\\/schema.org\",\"@graph\":[{\"@type\":\"Article\",\"@id\":\"https:\\\/\\\/www.cuencasmineras.com\\\/index.php\\\/2021\\\/04\\\/01\\\/todos-los-mayores-de-80-anos-del-caudal-ya-estan-vacunados-contra-el-covid\\\/#article\",\"isPartOf\":{\"@id\":\"https:\\\/\\\/www.cuencasmineras.com\\\/index.php\\\/2021\\\/04\\\/01\\\/todos-los-mayores-de-80-anos-del-caudal-ya-estan-vacunados-contra-el-covid\\\/\"},\"author\":{\"name\":\"admin\",\"@id\":\"https:\\\/\\\/www.cuencasmineras.com\\\/#\\\/schema\\\/person\\\/be0691310e8496ec555f679dd688420c\"},\"headline\":\"Todos los mayores de 80 a\u00f1os del Caudal ya est\u00e1n vacunados contra el covid\",\"datePublished\":\"2021-04-01T18:49:58+00:00\",\"mainEntityOfPage\":{\"@id\":\"https:\\\/\\\/www.cuencasmineras.com\\\/index.php\\\/2021\\\/04\\\/01\\\/todos-los-mayores-de-80-anos-del-caudal-ya-estan-vacunados-contra-el-covid\\\/\"},\"wordCount\":506,\"commentCount\":0,\"image\":{\"@id\":\"https:\\\/\\\/www.cuencasmineras.com\\\/index.php\\\/2021\\\/04\\\/01\\\/todos-los-mayores-de-80-anos-del-caudal-ya-estan-vacunados-contra-el-covid\\\/#primaryimage\"},\"thumbnailUrl\":\"https:\\\/\\\/www.cuencasmineras.com\\\/wp-content\\\/uploads\\\/2021\\\/04\\\/afea085b-8223-4034-9c37-6f8ca6992ee5_21-9-aspect-ratio_default_0.jpg\",\"articleSection\":[\"Caudal\",\"CM NEWS\"],\"inLanguage\":\"es\",\"potentialAction\":[{\"@type\":\"CommentAction\",\"name\":\"Comment\",\"target\":[\"https:\\\/\\\/www.cuencasmineras.com\\\/index.php\\\/2021\\\/04\\\/01\\\/todos-los-mayores-de-80-anos-del-caudal-ya-estan-vacunados-contra-el-covid\\\/#respond\"]}]},{\"@type\":\"WebPage\",\"@id\":\"https:\\\/\\\/www.cuencasmineras.com\\\/index.php\\\/2021\\\/04\\\/01\\\/todos-los-mayores-de-80-anos-del-caudal-ya-estan-vacunados-contra-el-covid\\\/\",\"url\":\"https:\\\/\\\/www.cuencasmineras.com\\\/index.php\\\/2021\\\/04\\\/01\\\/todos-los-mayores-de-80-anos-del-caudal-ya-estan-vacunados-contra-el-covid\\\/\",\"name\":\"Todos los mayores de 80 a\u00f1os del Caudal ya est\u00e1n vacunados contra el covid - cm news\",\"isPartOf\":{\"@id\":\"https:\\\/\\\/www.cuencasmineras.com\\\/#website\"},\"primaryImageOfPage\":{\"@id\":\"https:\\\/\\\/www.cuencasmineras.com\\\/index.php\\\/2021\\\/04\\\/01\\\/todos-los-mayores-de-80-anos-del-caudal-ya-estan-vacunados-contra-el-covid\\\/#primaryimage\"},\"image\":{\"@id\":\"https:\\\/\\\/www.cuencasmineras.com\\\/index.php\\\/2021\\\/04\\\/01\\\/todos-los-mayores-de-80-anos-del-caudal-ya-estan-vacunados-contra-el-covid\\\/#primaryimage\"},\"thumbnailUrl\":\"https:\\\/\\\/www.cuencasmineras.com\\\/wp-content\\\/uploads\\\/2021\\\/04\\\/afea085b-8223-4034-9c37-6f8ca6992ee5_21-9-aspect-ratio_default_0.jpg\",\"datePublished\":\"2021-04-01T18:49:58+00:00\",\"author\":{\"@id\":\"https:\\\/\\\/www.cuencasmineras.com\\\/#\\\/schema\\\/person\\\/be0691310e8496ec555f679dd688420c\"},\"description\":\"El centro de atenci\u00f3n masiva de Santullano comenzar\u00e1 a citar a menores de 79 a\u00f1os para tener a toda la poblaci\u00f3n inoculada en verano\",\"breadcrumb\":{\"@id\":\"https:\\\/\\\/www.cuencasmineras.com\\\/index.php\\\/2021\\\/04\\\/01\\\/todos-los-mayores-de-80-anos-del-caudal-ya-estan-vacunados-contra-el-covid\\\/#breadcrumb\"},\"inLanguage\":\"es\",\"potentialAction\":[{\"@type\":\"ReadAction\",\"target\":[\"https:\\\/\\\/www.cuencasmineras.com\\\/index.php\\\/2021\\\/04\\\/01\\\/todos-los-mayores-de-80-anos-del-caudal-ya-estan-vacunados-contra-el-covid\\\/\"]}]},{\"@type\":\"ImageObject\",\"inLanguage\":\"es\",\"@id\":\"https:\\\/\\\/www.cuencasmineras.com\\\/index.php\\\/2021\\\/04\\\/01\\\/todos-los-mayores-de-80-anos-del-caudal-ya-estan-vacunados-contra-el-covid\\\/#primaryimage\",\"url\":\"https:\\\/\\\/www.cuencasmineras.com\\\/wp-content\\\/uploads\\\/2021\\\/04\\\/afea085b-8223-4034-9c37-6f8ca6992ee5_21-9-aspect-ratio_default_0.jpg\",\"contentUrl\":\"https:\\\/\\\/www.cuencasmineras.com\\\/wp-content\\\/uploads\\\/2021\\\/04\\\/afea085b-8223-4034-9c37-6f8ca6992ee5_21-9-aspect-ratio_default_0.jpg\",\"width\":1280,\"height\":548},{\"@type\":\"BreadcrumbList\",\"@id\":\"https:\\\/\\\/www.cuencasmineras.com\\\/index.php\\\/2021\\\/04\\\/01\\\/todos-los-mayores-de-80-anos-del-caudal-ya-estan-vacunados-contra-el-covid\\\/#breadcrumb\",\"itemListElement\":[{\"@type\":\"ListItem\",\"position\":1,\"name\":\"Portada\",\"item\":\"https:\\\/\\\/www.cuencasmineras.com\\\/\"},{\"@type\":\"ListItem\",\"position\":2,\"name\":\"Todos los mayores de 80 a\u00f1os del Caudal ya est\u00e1n vacunados contra el covid\"}]},{\"@type\":\"WebSite\",\"@id\":\"https:\\\/\\\/www.cuencasmineras.com\\\/#website\",\"url\":\"https:\\\/\\\/www.cuencasmineras.com\\\/\",\"name\":\"\",\"description\":\"\",\"potentialAction\":[{\"@type\":\"SearchAction\",\"target\":{\"@type\":\"EntryPoint\",\"urlTemplate\":\"https:\\\/\\\/www.cuencasmineras.com\\\/?s={search_term_string}\"},\"query-input\":{\"@type\":\"PropertyValueSpecification\",\"valueRequired\":true,\"valueName\":\"search_term_string\"}}],\"inLanguage\":\"es\"},{\"@type\":\"Person\",\"@id\":\"https:\\\/\\\/www.cuencasmineras.com\\\/#\\\/schema\\\/person\\\/be0691310e8496ec555f679dd688420c\",\"name\":\"admin\",\"image\":{\"@type\":\"ImageObject\",\"inLanguage\":\"es\",\"@id\":\"https:\\\/\\\/secure.gravatar.com\\\/avatar\\\/4afd2eed3b2fbbf36dd6707b5bd8a5b50ac648f033e36fbf85aeace2f0f859db?s=96&d=mm&r=g\",\"url\":\"https:\\\/\\\/secure.gravatar.com\\\/avatar\\\/4afd2eed3b2fbbf36dd6707b5bd8a5b50ac648f033e36fbf85aeace2f0f859db?s=96&d=mm&r=g\",\"contentUrl\":\"https:\\\/\\\/secure.gravatar.com\\\/avatar\\\/4afd2eed3b2fbbf36dd6707b5bd8a5b50ac648f033e36fbf85aeace2f0f859db?s=96&d=mm&r=g\",\"caption\":\"admin\"},\"sameAs\":[\"https:\\\/\\\/www.cuencasmineras.com\"],\"url\":\"https:\\\/\\\/www.cuencasmineras.com\\\/index.php\\\/author\\\/admin\\\/\"}]}<\/script>\n<!-- \/ Yoast SEO plugin. -->","yoast_head_json":{"title":"Todos los mayores de 80 a\u00f1os del Caudal ya est\u00e1n vacunados contra el covid - cm news","description":"El centro de atenci\u00f3n masiva de Santullano comenzar\u00e1 a citar a menores de 79 a\u00f1os para tener a toda la poblaci\u00f3n inoculada en verano","robots":{"index":"index","follow":"follow","max-snippet":"max-snippet:-1","max-image-preview":"max-image-preview:large","max-video-preview":"max-video-preview:-1"},"canonical":"https:\/\/www.cuencasmineras.com\/index.php\/2021\/04\/01\/todos-los-mayores-de-80-anos-del-caudal-ya-estan-vacunados-contra-el-covid\/","og_locale":"es_ES","og_type":"article","og_title":"Todos los mayores de 80 a\u00f1os del Caudal ya est\u00e1n vacunados contra el covid - cm news","og_description":"El centro de atenci\u00f3n masiva de Santullano comenzar\u00e1 a citar a menores de 79 a\u00f1os para tener a toda la poblaci\u00f3n inoculada en verano","og_url":"https:\/\/www.cuencasmineras.com\/index.php\/2021\/04\/01\/todos-los-mayores-de-80-anos-del-caudal-ya-estan-vacunados-contra-el-covid\/","article_published_time":"2021-04-01T18:49:58+00:00","og_image":[{"width":1280,"height":548,"url":"https:\/\/www.cuencasmineras.com\/wp-content\/uploads\/2021\/04\/afea085b-8223-4034-9c37-6f8ca6992ee5_21-9-aspect-ratio_default_0.jpg","type":"image\/jpeg"}],"author":"admin","twitter_card":"summary_large_image","twitter_misc":{"Escrito por":"admin","Tiempo de lectura":"3 minutos"},"schema":{"@context":"https:\/\/schema.org","@graph":[{"@type":"Article","@id":"https:\/\/www.cuencasmineras.com\/index.php\/2021\/04\/01\/todos-los-mayores-de-80-anos-del-caudal-ya-estan-vacunados-contra-el-covid\/#article","isPartOf":{"@id":"https:\/\/www.cuencasmineras.com\/index.php\/2021\/04\/01\/todos-los-mayores-de-80-anos-del-caudal-ya-estan-vacunados-contra-el-covid\/"},"author":{"name":"admin","@id":"https:\/\/www.cuencasmineras.com\/#\/schema\/person\/be0691310e8496ec555f679dd688420c"},"headline":"Todos los mayores de 80 a\u00f1os del Caudal ya est\u00e1n vacunados contra el covid","datePublished":"2021-04-01T18:49:58+00:00","mainEntityOfPage":{"@id":"https:\/\/www.cuencasmineras.com\/index.php\/2021\/04\/01\/todos-los-mayores-de-80-anos-del-caudal-ya-estan-vacunados-contra-el-covid\/"},"wordCount":506,"commentCount":0,"image":{"@id":"https:\/\/www.cuencasmineras.com\/index.php\/2021\/04\/01\/todos-los-mayores-de-80-anos-del-caudal-ya-estan-vacunados-contra-el-covid\/#primaryimage"},"thumbnailUrl":"https:\/\/www.cuencasmineras.com\/wp-content\/uploads\/2021\/04\/afea085b-8223-4034-9c37-6f8ca6992ee5_21-9-aspect-ratio_default_0.jpg","articleSection":["Caudal","CM NEWS"],"inLanguage":"es","potentialAction":[{"@type":"CommentAction","name":"Comment","target":["https:\/\/www.cuencasmineras.com\/index.php\/2021\/04\/01\/todos-los-mayores-de-80-anos-del-caudal-ya-estan-vacunados-contra-el-covid\/#respond"]}]},{"@type":"WebPage","@id":"https:\/\/www.cuencasmineras.com\/index.php\/2021\/04\/01\/todos-los-mayores-de-80-anos-del-caudal-ya-estan-vacunados-contra-el-covid\/","url":"https:\/\/www.cuencasmineras.com\/index.php\/2021\/04\/01\/todos-los-mayores-de-80-anos-del-caudal-ya-estan-vacunados-contra-el-covid\/","name":"Todos los mayores de 80 a\u00f1os del Caudal ya est\u00e1n vacunados contra el covid - cm news","isPartOf":{"@id":"https:\/\/www.cuencasmineras.com\/#website"},"primaryImageOfPage":{"@id":"https:\/\/www.cuencasmineras.com\/index.php\/2021\/04\/01\/todos-los-mayores-de-80-anos-del-caudal-ya-estan-vacunados-contra-el-covid\/#primaryimage"},"image":{"@id":"https:\/\/www.cuencasmineras.com\/index.php\/2021\/04\/01\/todos-los-mayores-de-80-anos-del-caudal-ya-estan-vacunados-contra-el-covid\/#primaryimage"},"thumbnailUrl":"https:\/\/www.cuencasmineras.com\/wp-content\/uploads\/2021\/04\/afea085b-8223-4034-9c37-6f8ca6992ee5_21-9-aspect-ratio_default_0.jpg","datePublished":"2021-04-01T18:49:58+00:00","author":{"@id":"https:\/\/www.cuencasmineras.com\/#\/schema\/person\/be0691310e8496ec555f679dd688420c"},"description":"El centro de atenci\u00f3n masiva de Santullano comenzar\u00e1 a citar a menores de 79 a\u00f1os para tener a toda la poblaci\u00f3n inoculada en verano","breadcrumb":{"@id":"https:\/\/www.cuencasmineras.com\/index.php\/2021\/04\/01\/todos-los-mayores-de-80-anos-del-caudal-ya-estan-vacunados-contra-el-covid\/#breadcrumb"},"inLanguage":"es","potentialAction":[{"@type":"ReadAction","target":["https:\/\/www.cuencasmineras.com\/index.php\/2021\/04\/01\/todos-los-mayores-de-80-anos-del-caudal-ya-estan-vacunados-contra-el-covid\/"]}]},{"@type":"ImageObject","inLanguage":"es","@id":"https:\/\/www.cuencasmineras.com\/index.php\/2021\/04\/01\/todos-los-mayores-de-80-anos-del-caudal-ya-estan-vacunados-contra-el-covid\/#primaryimage","url":"https:\/\/www.cuencasmineras.com\/wp-content\/uploads\/2021\/04\/afea085b-8223-4034-9c37-6f8ca6992ee5_21-9-aspect-ratio_default_0.jpg","contentUrl":"https:\/\/www.cuencasmineras.com\/wp-content\/uploads\/2021\/04\/afea085b-8223-4034-9c37-6f8ca6992ee5_21-9-aspect-ratio_default_0.jpg","width":1280,"height":548},{"@type":"BreadcrumbList","@id":"https:\/\/www.cuencasmineras.com\/index.php\/2021\/04\/01\/todos-los-mayores-de-80-anos-del-caudal-ya-estan-vacunados-contra-el-covid\/#breadcrumb","itemListElement":[{"@type":"ListItem","position":1,"name":"Portada","item":"https:\/\/www.cuencasmineras.com\/"},{"@type":"ListItem","position":2,"name":"Todos los mayores de 80 a\u00f1os del Caudal ya est\u00e1n vacunados contra el covid"}]},{"@type":"WebSite","@id":"https:\/\/www.cuencasmineras.com\/#website","url":"https:\/\/www.cuencasmineras.com\/","name":"","description":"","potentialAction":[{"@type":"SearchAction","target":{"@type":"EntryPoint","urlTemplate":"https:\/\/www.cuencasmineras.com\/?s={search_term_string}"},"query-input":{"@type":"PropertyValueSpecification","valueRequired":true,"valueName":"search_term_string"}}],"inLanguage":"es"},{"@type":"Person","@id":"https:\/\/www.cuencasmineras.com\/#\/schema\/person\/be0691310e8496ec555f679dd688420c","name":"admin","image":{"@type":"ImageObject","inLanguage":"es","@id":"https:\/\/secure.gravatar.com\/avatar\/4afd2eed3b2fbbf36dd6707b5bd8a5b50ac648f033e36fbf85aeace2f0f859db?s=96&d=mm&r=g","url":"https:\/\/secure.gravatar.com\/avatar\/4afd2eed3b2fbbf36dd6707b5bd8a5b50ac648f033e36fbf85aeace2f0f859db?s=96&d=mm&r=g","contentUrl":"https:\/\/secure.gravatar.com\/avatar\/4afd2eed3b2fbbf36dd6707b5bd8a5b50ac648f033e36fbf85aeace2f0f859db?s=96&d=mm&r=g","caption":"admin"},"sameAs":["https:\/\/www.cuencasmineras.com"],"url":"https:\/\/www.cuencasmineras.com\/index.php\/author\/admin\/"}]}},"_links":{"self":[{"href":"https:\/\/www.cuencasmineras.com\/index.php\/wp-json\/wp\/v2\/posts\/2303","targetHints":{"allow":["GET"]}}],"collection":[{"href":"https:\/\/www.cuencasmineras.com\/index.php\/wp-json\/wp\/v2\/posts"}],"about":[{"href":"https:\/\/www.cuencasmineras.com\/index.php\/wp-json\/wp\/v2\/types\/post"}],"author":[{"embeddable":true,"href":"https:\/\/www.cuencasmineras.com\/index.php\/wp-json\/wp\/v2\/users\/1"}],"replies":[{"embeddable":true,"href":"https:\/\/www.cuencasmineras.com\/index.php\/wp-json\/wp\/v2\/comments?post=2303"}],"version-history":[{"count":1,"href":"https:\/\/www.cuencasmineras.com\/index.php\/wp-json\/wp\/v2\/posts\/2303\/revisions"}],"predecessor-version":[{"id":2305,"href":"https:\/\/www.cuencasmineras.com\/index.php\/wp-json\/wp\/v2\/posts\/2303\/revisions\/2305"}],"wp:featuredmedia":[{"embeddable":true,"href":"https:\/\/www.cuencasmineras.com\/index.php\/wp-json\/wp\/v2\/media\/2304"}],"wp:attachment":[{"href":"https:\/\/www.cuencasmineras.com\/index.php\/wp-json\/wp\/v2\/media?parent=2303"}],"wp:term":[{"taxonomy":"category","embeddable":true,"href":"https:\/\/www.cuencasmineras.com\/index.php\/wp-json\/wp\/v2\/categories?post=2303"},{"taxonomy":"post_tag","embeddable":true,"href":"https:\/\/www.cuencasmineras.com\/index.php\/wp-json\/wp\/v2\/tags?post=2303"}],"curies":[{"name":"wp","href":"https:\/\/api.w.org\/{rel}","templated":true}]}}