{"id":2306,"date":"2021-04-01T18:52:07","date_gmt":"2021-04-01T18:52:07","guid":{"rendered":"https:\/\/www.cuencasmineras.com\/?p=2306"},"modified":"2021-04-01T18:52:07","modified_gmt":"2021-04-01T18:52:07","slug":"un-camion-se-lleva-por-delante-en-moreda-los-cables-del-alumbrado","status":"publish","type":"post","link":"https:\/\/www.cuencasmineras.com\/index.php\/2021\/04\/01\/un-camion-se-lleva-por-delante-en-moreda-los-cables-del-alumbrado\/","title":{"rendered":"Un cami\u00f3n se lleva por delante en Moreda los cables del alumbrado"},"content":{"rendered":"<p>Un cami\u00f3n de recogida de basuras se llev\u00f3 ayer por delante los cables del alumbrado p\u00fablico en la calle de la Estaci\u00f3n de Moreda. Es el segundo suceso de similares caracter\u00edsticas que provocan estos veh\u00edculos en los \u00faltimos quince d\u00edas, toda vez que tambi\u00e9n se produjo una situaci\u00f3n similar en Caborana. Ayer, los cortes de luz afectaron al barrio y a la propia estaci\u00f3n de Feve, aunque los sistemas ferroviarios no sufrieron ning\u00fan problema. En la foto, obreros reparando el tendido.<\/p>\n<p><img loading=\"lazy\" decoding=\"async\" class=\"aligncenter size-large wp-image-2307\" src=\"https:\/\/www.cuencasmineras.com\/wp-content\/uploads\/2021\/04\/68f63353-c740-4189-8037-c115ea3a8f87_16-9-discover-aspect-ratio_default_0-1024x576.jpg\" alt=\"\" width=\"640\" height=\"360\" srcset=\"https:\/\/www.cuencasmineras.com\/wp-content\/uploads\/2021\/04\/68f63353-c740-4189-8037-c115ea3a8f87_16-9-discover-aspect-ratio_default_0-1024x576.jpg 1024w, https:\/\/www.cuencasmineras.com\/wp-content\/uploads\/2021\/04\/68f63353-c740-4189-8037-c115ea3a8f87_16-9-discover-aspect-ratio_default_0-300x169.jpg 300w, https:\/\/www.cuencasmineras.com\/wp-content\/uploads\/2021\/04\/68f63353-c740-4189-8037-c115ea3a8f87_16-9-discover-aspect-ratio_default_0-768x432.jpg 768w, https:\/\/www.cuencasmineras.com\/wp-content\/uploads\/2021\/04\/68f63353-c740-4189-8037-c115ea3a8f87_16-9-discover-aspect-ratio_default_0.jpg 1200w\" sizes=\"auto, (max-width: 640px) 100vw, 640px\" \/><\/p>\n","protected":false},"excerpt":{"rendered":"<p>Un cami\u00f3n de recogida de basuras se llev\u00f3 ayer por delante los cables del alumbrado p\u00fablico en la calle de la Estaci\u00f3n de Moreda. Es el segundo suceso de similares caracter\u00edsticas que provocan estos veh\u00edculos en los \u00faltimos quince d\u00edas, toda vez que tambi\u00e9n se produjo una situaci\u00f3n similar en Caborana. Ayer, los cortes de [&hellip;]<\/p>\n","protected":false},"author":1,"featured_media":2307,"comment_status":"open","ping_status":"open","sticky":false,"template":"","format":"standard","meta":{"footnotes":""},"categories":[7,6],"tags":[],"class_list":["post-2306","post","type-post","status-publish","format-standard","has-post-thumbnail","hentry","category-caudal","category-noticias"],"yoast_head":"<!-- This site is optimized with the Yoast SEO plugin v27.4 - https:\/\/yoast.com\/product\/yoast-seo-wordpress\/ -->\n<title>Un cami\u00f3n se lleva por delante en Moreda los cables del alumbrado - cm news<\/title>\n<meta name=\"description\" content=\"los cortes de luz afectaron al barrio y a la propia estaci\u00f3n de Feve, aunque los sistemas ferroviarios no sufrieron ning\u00fan problema.\" \/>\n<meta name=\"robots\" content=\"index, follow, max-snippet:-1, max-image-preview:large, max-video-preview:-1\" \/>\n<link rel=\"canonical\" href=\"https:\/\/www.cuencasmineras.com\/index.php\/2021\/04\/01\/un-camion-se-lleva-por-delante-en-moreda-los-cables-del-alumbrado\/\" \/>\n<meta property=\"og:locale\" content=\"es_ES\" \/>\n<meta property=\"og:type\" content=\"article\" \/>\n<meta property=\"og:title\" content=\"Un cami\u00f3n se lleva por delante en Moreda los cables del alumbrado - cm news\" \/>\n<meta property=\"og:description\" content=\"los cortes de luz afectaron al barrio y a la propia estaci\u00f3n de Feve, aunque los sistemas ferroviarios no sufrieron ning\u00fan problema.\" \/>\n<meta property=\"og:url\" content=\"https:\/\/www.cuencasmineras.com\/index.php\/2021\/04\/01\/un-camion-se-lleva-por-delante-en-moreda-los-cables-del-alumbrado\/\" \/>\n<meta property=\"article:published_time\" content=\"2021-04-01T18:52:07+00:00\" \/>\n<meta property=\"og:image\" content=\"https:\/\/www.cuencasmineras.com\/wp-content\/uploads\/2021\/04\/68f63353-c740-4189-8037-c115ea3a8f87_16-9-discover-aspect-ratio_default_0.jpg\" \/>\n\t<meta property=\"og:image:width\" content=\"1200\" \/>\n\t<meta property=\"og:image:height\" content=\"675\" \/>\n\t<meta property=\"og:image:type\" content=\"image\/jpeg\" \/>\n<meta name=\"author\" content=\"admin\" \/>\n<meta name=\"twitter:card\" content=\"summary_large_image\" \/>\n<meta name=\"twitter:label1\" content=\"Escrito por\" \/>\n\t<meta name=\"twitter:data1\" content=\"admin\" \/>\n\t<meta name=\"twitter:label2\" content=\"Tiempo de lectura\" \/>\n\t<meta name=\"twitter:data2\" content=\"1 minuto\" \/>\n<script type=\"application\/ld+json\" class=\"yoast-schema-graph\">{\"@context\":\"https:\\\/\\\/schema.org\",\"@graph\":[{\"@type\":\"Article\",\"@id\":\"https:\\\/\\\/www.cuencasmineras.com\\\/index.php\\\/2021\\\/04\\\/01\\\/un-camion-se-lleva-por-delante-en-moreda-los-cables-del-alumbrado\\\/#article\",\"isPartOf\":{\"@id\":\"https:\\\/\\\/www.cuencasmineras.com\\\/index.php\\\/2021\\\/04\\\/01\\\/un-camion-se-lleva-por-delante-en-moreda-los-cables-del-alumbrado\\\/\"},\"author\":{\"name\":\"admin\",\"@id\":\"https:\\\/\\\/www.cuencasmineras.com\\\/#\\\/schema\\\/person\\\/be0691310e8496ec555f679dd688420c\"},\"headline\":\"Un cami\u00f3n se lleva por delante en Moreda los cables del alumbrado\",\"datePublished\":\"2021-04-01T18:52:07+00:00\",\"mainEntityOfPage\":{\"@id\":\"https:\\\/\\\/www.cuencasmineras.com\\\/index.php\\\/2021\\\/04\\\/01\\\/un-camion-se-lleva-por-delante-en-moreda-los-cables-del-alumbrado\\\/\"},\"wordCount\":104,\"commentCount\":0,\"image\":{\"@id\":\"https:\\\/\\\/www.cuencasmineras.com\\\/index.php\\\/2021\\\/04\\\/01\\\/un-camion-se-lleva-por-delante-en-moreda-los-cables-del-alumbrado\\\/#primaryimage\"},\"thumbnailUrl\":\"https:\\\/\\\/www.cuencasmineras.com\\\/wp-content\\\/uploads\\\/2021\\\/04\\\/68f63353-c740-4189-8037-c115ea3a8f87_16-9-discover-aspect-ratio_default_0.jpg\",\"articleSection\":[\"Caudal\",\"CM NEWS\"],\"inLanguage\":\"es\",\"potentialAction\":[{\"@type\":\"CommentAction\",\"name\":\"Comment\",\"target\":[\"https:\\\/\\\/www.cuencasmineras.com\\\/index.php\\\/2021\\\/04\\\/01\\\/un-camion-se-lleva-por-delante-en-moreda-los-cables-del-alumbrado\\\/#respond\"]}]},{\"@type\":\"WebPage\",\"@id\":\"https:\\\/\\\/www.cuencasmineras.com\\\/index.php\\\/2021\\\/04\\\/01\\\/un-camion-se-lleva-por-delante-en-moreda-los-cables-del-alumbrado\\\/\",\"url\":\"https:\\\/\\\/www.cuencasmineras.com\\\/index.php\\\/2021\\\/04\\\/01\\\/un-camion-se-lleva-por-delante-en-moreda-los-cables-del-alumbrado\\\/\",\"name\":\"Un cami\u00f3n se lleva por delante en Moreda los cables del alumbrado - cm news\",\"isPartOf\":{\"@id\":\"https:\\\/\\\/www.cuencasmineras.com\\\/#website\"},\"primaryImageOfPage\":{\"@id\":\"https:\\\/\\\/www.cuencasmineras.com\\\/index.php\\\/2021\\\/04\\\/01\\\/un-camion-se-lleva-por-delante-en-moreda-los-cables-del-alumbrado\\\/#primaryimage\"},\"image\":{\"@id\":\"https:\\\/\\\/www.cuencasmineras.com\\\/index.php\\\/2021\\\/04\\\/01\\\/un-camion-se-lleva-por-delante-en-moreda-los-cables-del-alumbrado\\\/#primaryimage\"},\"thumbnailUrl\":\"https:\\\/\\\/www.cuencasmineras.com\\\/wp-content\\\/uploads\\\/2021\\\/04\\\/68f63353-c740-4189-8037-c115ea3a8f87_16-9-discover-aspect-ratio_default_0.jpg\",\"datePublished\":\"2021-04-01T18:52:07+00:00\",\"author\":{\"@id\":\"https:\\\/\\\/www.cuencasmineras.com\\\/#\\\/schema\\\/person\\\/be0691310e8496ec555f679dd688420c\"},\"description\":\"los cortes de luz afectaron al barrio y a la propia estaci\u00f3n de Feve, aunque los sistemas ferroviarios no sufrieron ning\u00fan problema.\",\"breadcrumb\":{\"@id\":\"https:\\\/\\\/www.cuencasmineras.com\\\/index.php\\\/2021\\\/04\\\/01\\\/un-camion-se-lleva-por-delante-en-moreda-los-cables-del-alumbrado\\\/#breadcrumb\"},\"inLanguage\":\"es\",\"potentialAction\":[{\"@type\":\"ReadAction\",\"target\":[\"https:\\\/\\\/www.cuencasmineras.com\\\/index.php\\\/2021\\\/04\\\/01\\\/un-camion-se-lleva-por-delante-en-moreda-los-cables-del-alumbrado\\\/\"]}]},{\"@type\":\"ImageObject\",\"inLanguage\":\"es\",\"@id\":\"https:\\\/\\\/www.cuencasmineras.com\\\/index.php\\\/2021\\\/04\\\/01\\\/un-camion-se-lleva-por-delante-en-moreda-los-cables-del-alumbrado\\\/#primaryimage\",\"url\":\"https:\\\/\\\/www.cuencasmineras.com\\\/wp-content\\\/uploads\\\/2021\\\/04\\\/68f63353-c740-4189-8037-c115ea3a8f87_16-9-discover-aspect-ratio_default_0.jpg\",\"contentUrl\":\"https:\\\/\\\/www.cuencasmineras.com\\\/wp-content\\\/uploads\\\/2021\\\/04\\\/68f63353-c740-4189-8037-c115ea3a8f87_16-9-discover-aspect-ratio_default_0.jpg\",\"width\":1200,\"height\":675},{\"@type\":\"BreadcrumbList\",\"@id\":\"https:\\\/\\\/www.cuencasmineras.com\\\/index.php\\\/2021\\\/04\\\/01\\\/un-camion-se-lleva-por-delante-en-moreda-los-cables-del-alumbrado\\\/#breadcrumb\",\"itemListElement\":[{\"@type\":\"ListItem\",\"position\":1,\"name\":\"Portada\",\"item\":\"https:\\\/\\\/www.cuencasmineras.com\\\/\"},{\"@type\":\"ListItem\",\"position\":2,\"name\":\"Un cami\u00f3n se lleva por delante en Moreda los cables del alumbrado\"}]},{\"@type\":\"WebSite\",\"@id\":\"https:\\\/\\\/www.cuencasmineras.com\\\/#website\",\"url\":\"https:\\\/\\\/www.cuencasmineras.com\\\/\",\"name\":\"\",\"description\":\"\",\"potentialAction\":[{\"@type\":\"SearchAction\",\"target\":{\"@type\":\"EntryPoint\",\"urlTemplate\":\"https:\\\/\\\/www.cuencasmineras.com\\\/?s={search_term_string}\"},\"query-input\":{\"@type\":\"PropertyValueSpecification\",\"valueRequired\":true,\"valueName\":\"search_term_string\"}}],\"inLanguage\":\"es\"},{\"@type\":\"Person\",\"@id\":\"https:\\\/\\\/www.cuencasmineras.com\\\/#\\\/schema\\\/person\\\/be0691310e8496ec555f679dd688420c\",\"name\":\"admin\",\"image\":{\"@type\":\"ImageObject\",\"inLanguage\":\"es\",\"@id\":\"https:\\\/\\\/secure.gravatar.com\\\/avatar\\\/4afd2eed3b2fbbf36dd6707b5bd8a5b50ac648f033e36fbf85aeace2f0f859db?s=96&d=mm&r=g\",\"url\":\"https:\\\/\\\/secure.gravatar.com\\\/avatar\\\/4afd2eed3b2fbbf36dd6707b5bd8a5b50ac648f033e36fbf85aeace2f0f859db?s=96&d=mm&r=g\",\"contentUrl\":\"https:\\\/\\\/secure.gravatar.com\\\/avatar\\\/4afd2eed3b2fbbf36dd6707b5bd8a5b50ac648f033e36fbf85aeace2f0f859db?s=96&d=mm&r=g\",\"caption\":\"admin\"},\"sameAs\":[\"https:\\\/\\\/www.cuencasmineras.com\"],\"url\":\"https:\\\/\\\/www.cuencasmineras.com\\\/index.php\\\/author\\\/admin\\\/\"}]}<\/script>\n<!-- \/ Yoast SEO plugin. -->","yoast_head_json":{"title":"Un cami\u00f3n se lleva por delante en Moreda los cables del alumbrado - cm news","description":"los cortes de luz afectaron al barrio y a la propia estaci\u00f3n de Feve, aunque los sistemas ferroviarios no sufrieron ning\u00fan problema.","robots":{"index":"index","follow":"follow","max-snippet":"max-snippet:-1","max-image-preview":"max-image-preview:large","max-video-preview":"max-video-preview:-1"},"canonical":"https:\/\/www.cuencasmineras.com\/index.php\/2021\/04\/01\/un-camion-se-lleva-por-delante-en-moreda-los-cables-del-alumbrado\/","og_locale":"es_ES","og_type":"article","og_title":"Un cami\u00f3n se lleva por delante en Moreda los cables del alumbrado - cm news","og_description":"los cortes de luz afectaron al barrio y a la propia estaci\u00f3n de Feve, aunque los sistemas ferroviarios no sufrieron ning\u00fan problema.","og_url":"https:\/\/www.cuencasmineras.com\/index.php\/2021\/04\/01\/un-camion-se-lleva-por-delante-en-moreda-los-cables-del-alumbrado\/","article_published_time":"2021-04-01T18:52:07+00:00","og_image":[{"width":1200,"height":675,"url":"https:\/\/www.cuencasmineras.com\/wp-content\/uploads\/2021\/04\/68f63353-c740-4189-8037-c115ea3a8f87_16-9-discover-aspect-ratio_default_0.jpg","type":"image\/jpeg"}],"author":"admin","twitter_card":"summary_large_image","twitter_misc":{"Escrito por":"admin","Tiempo de lectura":"1 minuto"},"schema":{"@context":"https:\/\/schema.org","@graph":[{"@type":"Article","@id":"https:\/\/www.cuencasmineras.com\/index.php\/2021\/04\/01\/un-camion-se-lleva-por-delante-en-moreda-los-cables-del-alumbrado\/#article","isPartOf":{"@id":"https:\/\/www.cuencasmineras.com\/index.php\/2021\/04\/01\/un-camion-se-lleva-por-delante-en-moreda-los-cables-del-alumbrado\/"},"author":{"name":"admin","@id":"https:\/\/www.cuencasmineras.com\/#\/schema\/person\/be0691310e8496ec555f679dd688420c"},"headline":"Un cami\u00f3n se lleva por delante en Moreda los cables del alumbrado","datePublished":"2021-04-01T18:52:07+00:00","mainEntityOfPage":{"@id":"https:\/\/www.cuencasmineras.com\/index.php\/2021\/04\/01\/un-camion-se-lleva-por-delante-en-moreda-los-cables-del-alumbrado\/"},"wordCount":104,"commentCount":0,"image":{"@id":"https:\/\/www.cuencasmineras.com\/index.php\/2021\/04\/01\/un-camion-se-lleva-por-delante-en-moreda-los-cables-del-alumbrado\/#primaryimage"},"thumbnailUrl":"https:\/\/www.cuencasmineras.com\/wp-content\/uploads\/2021\/04\/68f63353-c740-4189-8037-c115ea3a8f87_16-9-discover-aspect-ratio_default_0.jpg","articleSection":["Caudal","CM NEWS"],"inLanguage":"es","potentialAction":[{"@type":"CommentAction","name":"Comment","target":["https:\/\/www.cuencasmineras.com\/index.php\/2021\/04\/01\/un-camion-se-lleva-por-delante-en-moreda-los-cables-del-alumbrado\/#respond"]}]},{"@type":"WebPage","@id":"https:\/\/www.cuencasmineras.com\/index.php\/2021\/04\/01\/un-camion-se-lleva-por-delante-en-moreda-los-cables-del-alumbrado\/","url":"https:\/\/www.cuencasmineras.com\/index.php\/2021\/04\/01\/un-camion-se-lleva-por-delante-en-moreda-los-cables-del-alumbrado\/","name":"Un cami\u00f3n se lleva por delante en Moreda los cables del alumbrado - cm news","isPartOf":{"@id":"https:\/\/www.cuencasmineras.com\/#website"},"primaryImageOfPage":{"@id":"https:\/\/www.cuencasmineras.com\/index.php\/2021\/04\/01\/un-camion-se-lleva-por-delante-en-moreda-los-cables-del-alumbrado\/#primaryimage"},"image":{"@id":"https:\/\/www.cuencasmineras.com\/index.php\/2021\/04\/01\/un-camion-se-lleva-por-delante-en-moreda-los-cables-del-alumbrado\/#primaryimage"},"thumbnailUrl":"https:\/\/www.cuencasmineras.com\/wp-content\/uploads\/2021\/04\/68f63353-c740-4189-8037-c115ea3a8f87_16-9-discover-aspect-ratio_default_0.jpg","datePublished":"2021-04-01T18:52:07+00:00","author":{"@id":"https:\/\/www.cuencasmineras.com\/#\/schema\/person\/be0691310e8496ec555f679dd688420c"},"description":"los cortes de luz afectaron al barrio y a la propia estaci\u00f3n de Feve, aunque los sistemas ferroviarios no sufrieron ning\u00fan problema.","breadcrumb":{"@id":"https:\/\/www.cuencasmineras.com\/index.php\/2021\/04\/01\/un-camion-se-lleva-por-delante-en-moreda-los-cables-del-alumbrado\/#breadcrumb"},"inLanguage":"es","potentialAction":[{"@type":"ReadAction","target":["https:\/\/www.cuencasmineras.com\/index.php\/2021\/04\/01\/un-camion-se-lleva-por-delante-en-moreda-los-cables-del-alumbrado\/"]}]},{"@type":"ImageObject","inLanguage":"es","@id":"https:\/\/www.cuencasmineras.com\/index.php\/2021\/04\/01\/un-camion-se-lleva-por-delante-en-moreda-los-cables-del-alumbrado\/#primaryimage","url":"https:\/\/www.cuencasmineras.com\/wp-content\/uploads\/2021\/04\/68f63353-c740-4189-8037-c115ea3a8f87_16-9-discover-aspect-ratio_default_0.jpg","contentUrl":"https:\/\/www.cuencasmineras.com\/wp-content\/uploads\/2021\/04\/68f63353-c740-4189-8037-c115ea3a8f87_16-9-discover-aspect-ratio_default_0.jpg","width":1200,"height":675},{"@type":"BreadcrumbList","@id":"https:\/\/www.cuencasmineras.com\/index.php\/2021\/04\/01\/un-camion-se-lleva-por-delante-en-moreda-los-cables-del-alumbrado\/#breadcrumb","itemListElement":[{"@type":"ListItem","position":1,"name":"Portada","item":"https:\/\/www.cuencasmineras.com\/"},{"@type":"ListItem","position":2,"name":"Un cami\u00f3n se lleva por delante en Moreda los cables del alumbrado"}]},{"@type":"WebSite","@id":"https:\/\/www.cuencasmineras.com\/#website","url":"https:\/\/www.cuencasmineras.com\/","name":"","description":"","potentialAction":[{"@type":"SearchAction","target":{"@type":"EntryPoint","urlTemplate":"https:\/\/www.cuencasmineras.com\/?s={search_term_string}"},"query-input":{"@type":"PropertyValueSpecification","valueRequired":true,"valueName":"search_term_string"}}],"inLanguage":"es"},{"@type":"Person","@id":"https:\/\/www.cuencasmineras.com\/#\/schema\/person\/be0691310e8496ec555f679dd688420c","name":"admin","image":{"@type":"ImageObject","inLanguage":"es","@id":"https:\/\/secure.gravatar.com\/avatar\/4afd2eed3b2fbbf36dd6707b5bd8a5b50ac648f033e36fbf85aeace2f0f859db?s=96&d=mm&r=g","url":"https:\/\/secure.gravatar.com\/avatar\/4afd2eed3b2fbbf36dd6707b5bd8a5b50ac648f033e36fbf85aeace2f0f859db?s=96&d=mm&r=g","contentUrl":"https:\/\/secure.gravatar.com\/avatar\/4afd2eed3b2fbbf36dd6707b5bd8a5b50ac648f033e36fbf85aeace2f0f859db?s=96&d=mm&r=g","caption":"admin"},"sameAs":["https:\/\/www.cuencasmineras.com"],"url":"https:\/\/www.cuencasmineras.com\/index.php\/author\/admin\/"}]}},"_links":{"self":[{"href":"https:\/\/www.cuencasmineras.com\/index.php\/wp-json\/wp\/v2\/posts\/2306","targetHints":{"allow":["GET"]}}],"collection":[{"href":"https:\/\/www.cuencasmineras.com\/index.php\/wp-json\/wp\/v2\/posts"}],"about":[{"href":"https:\/\/www.cuencasmineras.com\/index.php\/wp-json\/wp\/v2\/types\/post"}],"author":[{"embeddable":true,"href":"https:\/\/www.cuencasmineras.com\/index.php\/wp-json\/wp\/v2\/users\/1"}],"replies":[{"embeddable":true,"href":"https:\/\/www.cuencasmineras.com\/index.php\/wp-json\/wp\/v2\/comments?post=2306"}],"version-history":[{"count":1,"href":"https:\/\/www.cuencasmineras.com\/index.php\/wp-json\/wp\/v2\/posts\/2306\/revisions"}],"predecessor-version":[{"id":2308,"href":"https:\/\/www.cuencasmineras.com\/index.php\/wp-json\/wp\/v2\/posts\/2306\/revisions\/2308"}],"wp:featuredmedia":[{"embeddable":true,"href":"https:\/\/www.cuencasmineras.com\/index.php\/wp-json\/wp\/v2\/media\/2307"}],"wp:attachment":[{"href":"https:\/\/www.cuencasmineras.com\/index.php\/wp-json\/wp\/v2\/media?parent=2306"}],"wp:term":[{"taxonomy":"category","embeddable":true,"href":"https:\/\/www.cuencasmineras.com\/index.php\/wp-json\/wp\/v2\/categories?post=2306"},{"taxonomy":"post_tag","embeddable":true,"href":"https:\/\/www.cuencasmineras.com\/index.php\/wp-json\/wp\/v2\/tags?post=2306"}],"curies":[{"name":"wp","href":"https:\/\/api.w.org\/{rel}","templated":true}]}}