{"id":2314,"date":"2021-04-02T13:03:52","date_gmt":"2021-04-02T13:03:52","guid":{"rendered":"https:\/\/www.cuencasmineras.com\/?p=2314"},"modified":"2021-04-02T13:03:52","modified_gmt":"2021-04-02T13:03:52","slug":"el-puerto-asturiano-que-esta-cerrado-desde-diciembre-es-pura-desidia-claman-los-vecinos","status":"publish","type":"post","link":"https:\/\/www.cuencasmineras.com\/index.php\/2021\/04\/02\/el-puerto-asturiano-que-esta-cerrado-desde-diciembre-es-pura-desidia-claman-los-vecinos\/","title":{"rendered":"El puerto asturiano que est\u00e1 cerrado desde diciembre: \u00abEs pura desidia\u00bb, claman los vecinos"},"content":{"rendered":"<p style=\"text-align: justify;\">Cuatro meses con un aviso: \u201cPuerto cerrado\u201d. El tramo de la carretera del parque natural de las Ubi\u00f1as-La Mesa (N-18), entre Tuiza de Arriba y el alto de La Cubilla, est\u00e1 cerrado desde el pasado 4 de diciembre. Vecinos y ganaderos montan en c\u00f3lera: \u201cPor no pasar una pala diez minutos, impiden el tr\u00e1nsito de veh\u00edculos a los ganaderos y turistas. Es pura desidia\u201d, apuntan. En un momento en el que, a\u00f1adieron, el turismo en alta monta\u00f1a es \u201cesencial\u201d y est\u00e1 en pleno auge: es uno de los pocos recursos de ocio en tiempos de covid-19.<\/p>\n<p><img loading=\"lazy\" decoding=\"async\" class=\"aligncenter size-full wp-image-2315\" src=\"https:\/\/www.cuencasmineras.com\/wp-content\/uploads\/2021\/04\/unnamed.jpg\" alt=\"\" width=\"500\" height=\"375\" srcset=\"https:\/\/www.cuencasmineras.com\/wp-content\/uploads\/2021\/04\/unnamed.jpg 500w, https:\/\/www.cuencasmineras.com\/wp-content\/uploads\/2021\/04\/unnamed-300x225.jpg 300w\" sizes=\"auto, (max-width: 500px) 100vw, 500px\" \/><\/p>\n<p style=\"text-align: justify;\">\u201cSe hace as\u00ed por sistema, todos los a\u00f1os, y es algo que no entendemos\u201d, clam\u00f3 ayer la representante vecinal de la vertiente lenense del parque natural de Las Ubi\u00f1as-La Mesa, Auri Villar. Seg\u00fan explic\u00f3, la carretera del puerto de La Cubilla se cierra con la primera \u201cgran nevada\u201d del a\u00f1o y permanece sin paso de veh\u00edculos hasta bien entrada la primavera. \u201cLo habitual es que pase la m\u00e1quina en mayo, pero creemos que este a\u00f1o deber\u00edan de hacer una excepci\u00f3n\u201d, asegur\u00f3 Villar.<\/p>\n<p style=\"text-align: justify;\">Una excepci\u00f3n \u201cnecesaria\u201d, apunta. En primer lugar, porque el invierno ha sido duro y son muchos los ganaderos que tienen que acercarse a sus caba\u00f1as y sus fincas para asegurarse de que todo est\u00e1 bien: \u201cAunque la temporada de pastos a\u00fan no ha empezado, tienen que preparar todo para cuando suban el ganado\u201d. Esta carretera da acceso a pastizales lenenses y tambi\u00e9n al puerto de Pinos (Le\u00f3n), donde el Ayuntamiento de Mieres tiene terrenos para sus productores.<\/p>\n<p style=\"text-align: justify;\">Es un problema que \u201cenerva\u201d a los vecinos de la zona y que tiene, argumentan, muy f\u00e1cil soluci\u00f3n. \u201cA estas alturas del a\u00f1o, ya en primavera, lo \u00fanico que queda es un poco de nieve en el alto El Palo (La Cubilla). Tambi\u00e9n hay algunas piedras y argayos que tienen que ser reparados, pero son obras menores que tendr\u00edan que empezar a abordarse ya\u201d, destac\u00f3 Villar. Y a\u00f1adi\u00f3: \u201cQuieren que nos vendamos como un para\u00edso natural, pero luego todo son trabas para los que estamos aqu\u00ed y para los que vienen a visitarnos\u201d.<\/p>\n<p style=\"text-align: justify;\">Y no es balad\u00ed esta \u00faltima parte. Porque los turistas se han incrementado exponencialmente durante la crisis sanitaria del covid-19: \u201cNo hay muchas alternativas de ocio, y una salida al monte puede ser el mejor plan. Muchos llegan andando, pero otros quieren acercarse en el coche y se encuentran con el puerto cerrado&#8230; es una desatenci\u00f3n absoluta hacia este parque natural, que tiene recursos naturales y paisaj\u00edsticos para ser un referente en toda Espa\u00f1a\u201d, se\u00f1alan los vecinos.<\/p>\n<p style=\"text-align: justify;\">No es la \u00fanica queja que hacen llegar al Principado. En repetidas ocasiones, han reclamado una mejora en la se\u00f1alizaci\u00f3n, tanto en los pueblos como en el monte, para reforzar la red de senderos. Hace unos d\u00edas, el Principado anunci\u00f3 la publicaci\u00f3n de unos d\u00edpticos con rutas por el parque natural: por Lena, Quir\u00f3s y Teverga. Una gu\u00eda para no perderse -o s\u00ed, pero a prop\u00f3sito- por Las Ubi\u00f1as.<\/p>\n","protected":false},"excerpt":{"rendered":"<p>Cuatro meses con un aviso: \u201cPuerto cerrado\u201d. El tramo de la carretera del parque natural de las Ubi\u00f1as-La Mesa (N-18), entre Tuiza de Arriba y el alto de La Cubilla, est\u00e1 cerrado desde el pasado 4 de diciembre. Vecinos y ganaderos montan en c\u00f3lera: \u201cPor no pasar una pala diez minutos, impiden el tr\u00e1nsito de [&hellip;]<\/p>\n","protected":false},"author":1,"featured_media":2315,"comment_status":"open","ping_status":"open","sticky":false,"template":"","format":"standard","meta":{"footnotes":""},"categories":[7,6],"tags":[],"class_list":["post-2314","post","type-post","status-publish","format-standard","has-post-thumbnail","hentry","category-caudal","category-noticias"],"yoast_head":"<!-- This site is optimized with the Yoast SEO plugin v27.4 - https:\/\/yoast.com\/product\/yoast-seo-wordpress\/ -->\n<title>El puerto asturiano que est\u00e1 cerrado desde diciembre: &quot;Es pura desidia&quot;, claman los vecinos - cm news<\/title>\n<meta name=\"description\" content=\"La Cubilla a\u00fan tiene restos de las nevadas: &quot;Son diez minutos de pala&quot;, dicen los ganaderos\" \/>\n<meta name=\"robots\" content=\"index, follow, max-snippet:-1, max-image-preview:large, max-video-preview:-1\" \/>\n<link rel=\"canonical\" href=\"https:\/\/www.cuencasmineras.com\/index.php\/2021\/04\/02\/el-puerto-asturiano-que-esta-cerrado-desde-diciembre-es-pura-desidia-claman-los-vecinos\/\" \/>\n<meta property=\"og:locale\" content=\"es_ES\" \/>\n<meta property=\"og:type\" content=\"article\" \/>\n<meta property=\"og:title\" content=\"El puerto asturiano que est\u00e1 cerrado desde diciembre: &quot;Es pura desidia&quot;, claman los vecinos - cm news\" \/>\n<meta property=\"og:description\" content=\"La Cubilla a\u00fan tiene restos de las nevadas: &quot;Son diez minutos de pala&quot;, dicen los ganaderos\" \/>\n<meta property=\"og:url\" content=\"https:\/\/www.cuencasmineras.com\/index.php\/2021\/04\/02\/el-puerto-asturiano-que-esta-cerrado-desde-diciembre-es-pura-desidia-claman-los-vecinos\/\" \/>\n<meta property=\"article:published_time\" content=\"2021-04-02T13:03:52+00:00\" \/>\n<meta property=\"og:image\" content=\"https:\/\/www.cuencasmineras.com\/wp-content\/uploads\/2021\/04\/unnamed.jpg\" \/>\n\t<meta property=\"og:image:width\" content=\"500\" \/>\n\t<meta property=\"og:image:height\" content=\"375\" \/>\n\t<meta property=\"og:image:type\" content=\"image\/jpeg\" \/>\n<meta name=\"author\" content=\"admin\" \/>\n<meta name=\"twitter:card\" content=\"summary_large_image\" \/>\n<meta name=\"twitter:label1\" content=\"Escrito por\" \/>\n\t<meta name=\"twitter:data1\" content=\"admin\" \/>\n\t<meta name=\"twitter:label2\" content=\"Tiempo de lectura\" \/>\n\t<meta name=\"twitter:data2\" content=\"3 minutos\" \/>\n<script type=\"application\/ld+json\" class=\"yoast-schema-graph\">{\"@context\":\"https:\\\/\\\/schema.org\",\"@graph\":[{\"@type\":\"Article\",\"@id\":\"https:\\\/\\\/www.cuencasmineras.com\\\/index.php\\\/2021\\\/04\\\/02\\\/el-puerto-asturiano-que-esta-cerrado-desde-diciembre-es-pura-desidia-claman-los-vecinos\\\/#article\",\"isPartOf\":{\"@id\":\"https:\\\/\\\/www.cuencasmineras.com\\\/index.php\\\/2021\\\/04\\\/02\\\/el-puerto-asturiano-que-esta-cerrado-desde-diciembre-es-pura-desidia-claman-los-vecinos\\\/\"},\"author\":{\"name\":\"admin\",\"@id\":\"https:\\\/\\\/www.cuencasmineras.com\\\/#\\\/schema\\\/person\\\/be0691310e8496ec555f679dd688420c\"},\"headline\":\"El puerto asturiano que est\u00e1 cerrado desde diciembre: \u00abEs pura desidia\u00bb, claman los vecinos\",\"datePublished\":\"2021-04-02T13:03:52+00:00\",\"mainEntityOfPage\":{\"@id\":\"https:\\\/\\\/www.cuencasmineras.com\\\/index.php\\\/2021\\\/04\\\/02\\\/el-puerto-asturiano-que-esta-cerrado-desde-diciembre-es-pura-desidia-claman-los-vecinos\\\/\"},\"wordCount\":547,\"commentCount\":0,\"image\":{\"@id\":\"https:\\\/\\\/www.cuencasmineras.com\\\/index.php\\\/2021\\\/04\\\/02\\\/el-puerto-asturiano-que-esta-cerrado-desde-diciembre-es-pura-desidia-claman-los-vecinos\\\/#primaryimage\"},\"thumbnailUrl\":\"https:\\\/\\\/www.cuencasmineras.com\\\/wp-content\\\/uploads\\\/2021\\\/04\\\/unnamed.jpg\",\"articleSection\":[\"Caudal\",\"CM NEWS\"],\"inLanguage\":\"es\",\"potentialAction\":[{\"@type\":\"CommentAction\",\"name\":\"Comment\",\"target\":[\"https:\\\/\\\/www.cuencasmineras.com\\\/index.php\\\/2021\\\/04\\\/02\\\/el-puerto-asturiano-que-esta-cerrado-desde-diciembre-es-pura-desidia-claman-los-vecinos\\\/#respond\"]}]},{\"@type\":\"WebPage\",\"@id\":\"https:\\\/\\\/www.cuencasmineras.com\\\/index.php\\\/2021\\\/04\\\/02\\\/el-puerto-asturiano-que-esta-cerrado-desde-diciembre-es-pura-desidia-claman-los-vecinos\\\/\",\"url\":\"https:\\\/\\\/www.cuencasmineras.com\\\/index.php\\\/2021\\\/04\\\/02\\\/el-puerto-asturiano-que-esta-cerrado-desde-diciembre-es-pura-desidia-claman-los-vecinos\\\/\",\"name\":\"El puerto asturiano que est\u00e1 cerrado desde diciembre: \\\"Es pura desidia\\\", claman los vecinos - cm news\",\"isPartOf\":{\"@id\":\"https:\\\/\\\/www.cuencasmineras.com\\\/#website\"},\"primaryImageOfPage\":{\"@id\":\"https:\\\/\\\/www.cuencasmineras.com\\\/index.php\\\/2021\\\/04\\\/02\\\/el-puerto-asturiano-que-esta-cerrado-desde-diciembre-es-pura-desidia-claman-los-vecinos\\\/#primaryimage\"},\"image\":{\"@id\":\"https:\\\/\\\/www.cuencasmineras.com\\\/index.php\\\/2021\\\/04\\\/02\\\/el-puerto-asturiano-que-esta-cerrado-desde-diciembre-es-pura-desidia-claman-los-vecinos\\\/#primaryimage\"},\"thumbnailUrl\":\"https:\\\/\\\/www.cuencasmineras.com\\\/wp-content\\\/uploads\\\/2021\\\/04\\\/unnamed.jpg\",\"datePublished\":\"2021-04-02T13:03:52+00:00\",\"author\":{\"@id\":\"https:\\\/\\\/www.cuencasmineras.com\\\/#\\\/schema\\\/person\\\/be0691310e8496ec555f679dd688420c\"},\"description\":\"La Cubilla a\u00fan tiene restos de las nevadas: \\\"Son diez minutos de pala\\\", dicen los ganaderos\",\"breadcrumb\":{\"@id\":\"https:\\\/\\\/www.cuencasmineras.com\\\/index.php\\\/2021\\\/04\\\/02\\\/el-puerto-asturiano-que-esta-cerrado-desde-diciembre-es-pura-desidia-claman-los-vecinos\\\/#breadcrumb\"},\"inLanguage\":\"es\",\"potentialAction\":[{\"@type\":\"ReadAction\",\"target\":[\"https:\\\/\\\/www.cuencasmineras.com\\\/index.php\\\/2021\\\/04\\\/02\\\/el-puerto-asturiano-que-esta-cerrado-desde-diciembre-es-pura-desidia-claman-los-vecinos\\\/\"]}]},{\"@type\":\"ImageObject\",\"inLanguage\":\"es\",\"@id\":\"https:\\\/\\\/www.cuencasmineras.com\\\/index.php\\\/2021\\\/04\\\/02\\\/el-puerto-asturiano-que-esta-cerrado-desde-diciembre-es-pura-desidia-claman-los-vecinos\\\/#primaryimage\",\"url\":\"https:\\\/\\\/www.cuencasmineras.com\\\/wp-content\\\/uploads\\\/2021\\\/04\\\/unnamed.jpg\",\"contentUrl\":\"https:\\\/\\\/www.cuencasmineras.com\\\/wp-content\\\/uploads\\\/2021\\\/04\\\/unnamed.jpg\",\"width\":500,\"height\":375},{\"@type\":\"BreadcrumbList\",\"@id\":\"https:\\\/\\\/www.cuencasmineras.com\\\/index.php\\\/2021\\\/04\\\/02\\\/el-puerto-asturiano-que-esta-cerrado-desde-diciembre-es-pura-desidia-claman-los-vecinos\\\/#breadcrumb\",\"itemListElement\":[{\"@type\":\"ListItem\",\"position\":1,\"name\":\"Portada\",\"item\":\"https:\\\/\\\/www.cuencasmineras.com\\\/\"},{\"@type\":\"ListItem\",\"position\":2,\"name\":\"El puerto asturiano que est\u00e1 cerrado desde diciembre: \u00abEs pura desidia\u00bb, claman los vecinos\"}]},{\"@type\":\"WebSite\",\"@id\":\"https:\\\/\\\/www.cuencasmineras.com\\\/#website\",\"url\":\"https:\\\/\\\/www.cuencasmineras.com\\\/\",\"name\":\"\",\"description\":\"\",\"potentialAction\":[{\"@type\":\"SearchAction\",\"target\":{\"@type\":\"EntryPoint\",\"urlTemplate\":\"https:\\\/\\\/www.cuencasmineras.com\\\/?s={search_term_string}\"},\"query-input\":{\"@type\":\"PropertyValueSpecification\",\"valueRequired\":true,\"valueName\":\"search_term_string\"}}],\"inLanguage\":\"es\"},{\"@type\":\"Person\",\"@id\":\"https:\\\/\\\/www.cuencasmineras.com\\\/#\\\/schema\\\/person\\\/be0691310e8496ec555f679dd688420c\",\"name\":\"admin\",\"image\":{\"@type\":\"ImageObject\",\"inLanguage\":\"es\",\"@id\":\"https:\\\/\\\/secure.gravatar.com\\\/avatar\\\/4afd2eed3b2fbbf36dd6707b5bd8a5b50ac648f033e36fbf85aeace2f0f859db?s=96&d=mm&r=g\",\"url\":\"https:\\\/\\\/secure.gravatar.com\\\/avatar\\\/4afd2eed3b2fbbf36dd6707b5bd8a5b50ac648f033e36fbf85aeace2f0f859db?s=96&d=mm&r=g\",\"contentUrl\":\"https:\\\/\\\/secure.gravatar.com\\\/avatar\\\/4afd2eed3b2fbbf36dd6707b5bd8a5b50ac648f033e36fbf85aeace2f0f859db?s=96&d=mm&r=g\",\"caption\":\"admin\"},\"sameAs\":[\"https:\\\/\\\/www.cuencasmineras.com\"],\"url\":\"https:\\\/\\\/www.cuencasmineras.com\\\/index.php\\\/author\\\/admin\\\/\"}]}<\/script>\n<!-- \/ Yoast SEO plugin. -->","yoast_head_json":{"title":"El puerto asturiano que est\u00e1 cerrado desde diciembre: \"Es pura desidia\", claman los vecinos - cm news","description":"La Cubilla a\u00fan tiene restos de las nevadas: \"Son diez minutos de pala\", dicen los ganaderos","robots":{"index":"index","follow":"follow","max-snippet":"max-snippet:-1","max-image-preview":"max-image-preview:large","max-video-preview":"max-video-preview:-1"},"canonical":"https:\/\/www.cuencasmineras.com\/index.php\/2021\/04\/02\/el-puerto-asturiano-que-esta-cerrado-desde-diciembre-es-pura-desidia-claman-los-vecinos\/","og_locale":"es_ES","og_type":"article","og_title":"El puerto asturiano que est\u00e1 cerrado desde diciembre: \"Es pura desidia\", claman los vecinos - cm news","og_description":"La Cubilla a\u00fan tiene restos de las nevadas: \"Son diez minutos de pala\", dicen los ganaderos","og_url":"https:\/\/www.cuencasmineras.com\/index.php\/2021\/04\/02\/el-puerto-asturiano-que-esta-cerrado-desde-diciembre-es-pura-desidia-claman-los-vecinos\/","article_published_time":"2021-04-02T13:03:52+00:00","og_image":[{"width":500,"height":375,"url":"https:\/\/www.cuencasmineras.com\/wp-content\/uploads\/2021\/04\/unnamed.jpg","type":"image\/jpeg"}],"author":"admin","twitter_card":"summary_large_image","twitter_misc":{"Escrito por":"admin","Tiempo de lectura":"3 minutos"},"schema":{"@context":"https:\/\/schema.org","@graph":[{"@type":"Article","@id":"https:\/\/www.cuencasmineras.com\/index.php\/2021\/04\/02\/el-puerto-asturiano-que-esta-cerrado-desde-diciembre-es-pura-desidia-claman-los-vecinos\/#article","isPartOf":{"@id":"https:\/\/www.cuencasmineras.com\/index.php\/2021\/04\/02\/el-puerto-asturiano-que-esta-cerrado-desde-diciembre-es-pura-desidia-claman-los-vecinos\/"},"author":{"name":"admin","@id":"https:\/\/www.cuencasmineras.com\/#\/schema\/person\/be0691310e8496ec555f679dd688420c"},"headline":"El puerto asturiano que est\u00e1 cerrado desde diciembre: \u00abEs pura desidia\u00bb, claman los vecinos","datePublished":"2021-04-02T13:03:52+00:00","mainEntityOfPage":{"@id":"https:\/\/www.cuencasmineras.com\/index.php\/2021\/04\/02\/el-puerto-asturiano-que-esta-cerrado-desde-diciembre-es-pura-desidia-claman-los-vecinos\/"},"wordCount":547,"commentCount":0,"image":{"@id":"https:\/\/www.cuencasmineras.com\/index.php\/2021\/04\/02\/el-puerto-asturiano-que-esta-cerrado-desde-diciembre-es-pura-desidia-claman-los-vecinos\/#primaryimage"},"thumbnailUrl":"https:\/\/www.cuencasmineras.com\/wp-content\/uploads\/2021\/04\/unnamed.jpg","articleSection":["Caudal","CM NEWS"],"inLanguage":"es","potentialAction":[{"@type":"CommentAction","name":"Comment","target":["https:\/\/www.cuencasmineras.com\/index.php\/2021\/04\/02\/el-puerto-asturiano-que-esta-cerrado-desde-diciembre-es-pura-desidia-claman-los-vecinos\/#respond"]}]},{"@type":"WebPage","@id":"https:\/\/www.cuencasmineras.com\/index.php\/2021\/04\/02\/el-puerto-asturiano-que-esta-cerrado-desde-diciembre-es-pura-desidia-claman-los-vecinos\/","url":"https:\/\/www.cuencasmineras.com\/index.php\/2021\/04\/02\/el-puerto-asturiano-que-esta-cerrado-desde-diciembre-es-pura-desidia-claman-los-vecinos\/","name":"El puerto asturiano que est\u00e1 cerrado desde diciembre: \"Es pura desidia\", claman los vecinos - cm news","isPartOf":{"@id":"https:\/\/www.cuencasmineras.com\/#website"},"primaryImageOfPage":{"@id":"https:\/\/www.cuencasmineras.com\/index.php\/2021\/04\/02\/el-puerto-asturiano-que-esta-cerrado-desde-diciembre-es-pura-desidia-claman-los-vecinos\/#primaryimage"},"image":{"@id":"https:\/\/www.cuencasmineras.com\/index.php\/2021\/04\/02\/el-puerto-asturiano-que-esta-cerrado-desde-diciembre-es-pura-desidia-claman-los-vecinos\/#primaryimage"},"thumbnailUrl":"https:\/\/www.cuencasmineras.com\/wp-content\/uploads\/2021\/04\/unnamed.jpg","datePublished":"2021-04-02T13:03:52+00:00","author":{"@id":"https:\/\/www.cuencasmineras.com\/#\/schema\/person\/be0691310e8496ec555f679dd688420c"},"description":"La Cubilla a\u00fan tiene restos de las nevadas: \"Son diez minutos de pala\", dicen los ganaderos","breadcrumb":{"@id":"https:\/\/www.cuencasmineras.com\/index.php\/2021\/04\/02\/el-puerto-asturiano-que-esta-cerrado-desde-diciembre-es-pura-desidia-claman-los-vecinos\/#breadcrumb"},"inLanguage":"es","potentialAction":[{"@type":"ReadAction","target":["https:\/\/www.cuencasmineras.com\/index.php\/2021\/04\/02\/el-puerto-asturiano-que-esta-cerrado-desde-diciembre-es-pura-desidia-claman-los-vecinos\/"]}]},{"@type":"ImageObject","inLanguage":"es","@id":"https:\/\/www.cuencasmineras.com\/index.php\/2021\/04\/02\/el-puerto-asturiano-que-esta-cerrado-desde-diciembre-es-pura-desidia-claman-los-vecinos\/#primaryimage","url":"https:\/\/www.cuencasmineras.com\/wp-content\/uploads\/2021\/04\/unnamed.jpg","contentUrl":"https:\/\/www.cuencasmineras.com\/wp-content\/uploads\/2021\/04\/unnamed.jpg","width":500,"height":375},{"@type":"BreadcrumbList","@id":"https:\/\/www.cuencasmineras.com\/index.php\/2021\/04\/02\/el-puerto-asturiano-que-esta-cerrado-desde-diciembre-es-pura-desidia-claman-los-vecinos\/#breadcrumb","itemListElement":[{"@type":"ListItem","position":1,"name":"Portada","item":"https:\/\/www.cuencasmineras.com\/"},{"@type":"ListItem","position":2,"name":"El puerto asturiano que est\u00e1 cerrado desde diciembre: \u00abEs pura desidia\u00bb, claman los vecinos"}]},{"@type":"WebSite","@id":"https:\/\/www.cuencasmineras.com\/#website","url":"https:\/\/www.cuencasmineras.com\/","name":"","description":"","potentialAction":[{"@type":"SearchAction","target":{"@type":"EntryPoint","urlTemplate":"https:\/\/www.cuencasmineras.com\/?s={search_term_string}"},"query-input":{"@type":"PropertyValueSpecification","valueRequired":true,"valueName":"search_term_string"}}],"inLanguage":"es"},{"@type":"Person","@id":"https:\/\/www.cuencasmineras.com\/#\/schema\/person\/be0691310e8496ec555f679dd688420c","name":"admin","image":{"@type":"ImageObject","inLanguage":"es","@id":"https:\/\/secure.gravatar.com\/avatar\/4afd2eed3b2fbbf36dd6707b5bd8a5b50ac648f033e36fbf85aeace2f0f859db?s=96&d=mm&r=g","url":"https:\/\/secure.gravatar.com\/avatar\/4afd2eed3b2fbbf36dd6707b5bd8a5b50ac648f033e36fbf85aeace2f0f859db?s=96&d=mm&r=g","contentUrl":"https:\/\/secure.gravatar.com\/avatar\/4afd2eed3b2fbbf36dd6707b5bd8a5b50ac648f033e36fbf85aeace2f0f859db?s=96&d=mm&r=g","caption":"admin"},"sameAs":["https:\/\/www.cuencasmineras.com"],"url":"https:\/\/www.cuencasmineras.com\/index.php\/author\/admin\/"}]}},"_links":{"self":[{"href":"https:\/\/www.cuencasmineras.com\/index.php\/wp-json\/wp\/v2\/posts\/2314","targetHints":{"allow":["GET"]}}],"collection":[{"href":"https:\/\/www.cuencasmineras.com\/index.php\/wp-json\/wp\/v2\/posts"}],"about":[{"href":"https:\/\/www.cuencasmineras.com\/index.php\/wp-json\/wp\/v2\/types\/post"}],"author":[{"embeddable":true,"href":"https:\/\/www.cuencasmineras.com\/index.php\/wp-json\/wp\/v2\/users\/1"}],"replies":[{"embeddable":true,"href":"https:\/\/www.cuencasmineras.com\/index.php\/wp-json\/wp\/v2\/comments?post=2314"}],"version-history":[{"count":1,"href":"https:\/\/www.cuencasmineras.com\/index.php\/wp-json\/wp\/v2\/posts\/2314\/revisions"}],"predecessor-version":[{"id":2316,"href":"https:\/\/www.cuencasmineras.com\/index.php\/wp-json\/wp\/v2\/posts\/2314\/revisions\/2316"}],"wp:featuredmedia":[{"embeddable":true,"href":"https:\/\/www.cuencasmineras.com\/index.php\/wp-json\/wp\/v2\/media\/2315"}],"wp:attachment":[{"href":"https:\/\/www.cuencasmineras.com\/index.php\/wp-json\/wp\/v2\/media?parent=2314"}],"wp:term":[{"taxonomy":"category","embeddable":true,"href":"https:\/\/www.cuencasmineras.com\/index.php\/wp-json\/wp\/v2\/categories?post=2314"},{"taxonomy":"post_tag","embeddable":true,"href":"https:\/\/www.cuencasmineras.com\/index.php\/wp-json\/wp\/v2\/tags?post=2314"}],"curies":[{"name":"wp","href":"https:\/\/api.w.org\/{rel}","templated":true}]}}