{"id":2363,"date":"2021-04-07T06:45:37","date_gmt":"2021-04-07T06:45:37","guid":{"rendered":"https:\/\/www.cuencasmineras.com\/?p=2363"},"modified":"2021-04-07T06:45:37","modified_gmt":"2021-04-07T06:45:37","slug":"reunen-3000-firmas-para-que-iberdrola-permita-la-practica-deportiva-en-las-aguas-del-rio-nalon","status":"publish","type":"post","link":"https:\/\/www.cuencasmineras.com\/index.php\/2021\/04\/07\/reunen-3000-firmas-para-que-iberdrola-permita-la-practica-deportiva-en-las-aguas-del-rio-nalon\/","title":{"rendered":"Reunen 3000 firmas para que Iberdrola permita la pr\u00e1ctica deportiva en las aguas del R\u00edo Nal\u00f3n"},"content":{"rendered":"<p><strong><u>COMUNICADO DE PRENSA<\/u><\/strong><\/p>\n<p style=\"text-align: justify;\">La Asociaci\u00f3n Delfos Amigos del Deporte y la Secci\u00f3n de Pirag\u00fcismo del Club Nataci\u00f3n Langreo, est\u00e1 recibiendo el apoyo incondicional \u00a0de particulares, asociaciones, entidades, fundaciones y federaciones deportivas, tanto a nivel auton\u00f3mico como nacional.<\/p>\n<p style=\"text-align: justify;\">A trav\u00e9s de la campa\u00f1a de recogida de firmas en la plataforma \u201con line\u201d y presencial, hemos recibido m\u00e1s de 3.000 adhesiones a nuestras peticiones para que la empresa Iberdrola acceda a desbloquear la situaci\u00f3n planteada y que impide la pr\u00e1ctica deportiva y los entrenamientos de los pirag\u00fcistas en las aguas del r\u00edo Nal\u00f3n a su altura por el Barrio de El Pilar en Lada, como motivo de la apertura continua de las compuertas de la presa de la Central T\u00e9rmica.<\/p>\n<p style=\"text-align: justify;\">Hemos recibido escritos de pr\u00e1cticamente todos los clubs de pirag\u00fcismo de Espa\u00f1a: Andaluc\u00eda, Valencia, Galicia, Madrid, Catalu\u00f1a, etc., y de nuestra propia comunidad aut\u00f3noma; de la misma manera, de todos los grupos de la Junta General del Principado de Asturias, sindicatos de clase, mineros, entidades culturales del Valle del Nal\u00f3n, deportistas de \u00e9lite y ol\u00edmpicos, premios Delfos del Deporte, e incluso de la propia Federaci\u00f3n Espa\u00f1ola de Pirag\u00fcismo, presionando al grupo empresarial Iberdrola, que sigue mostrando su rechazo a buscar soluciones a corto o medio plazo, sin argumentos s\u00f3lidos, o que, como m\u00ednimo, \u00a0nos muestran una voluntad de di\u00e1logo, condenando, y ya son casi 6 meses, a la secci\u00f3n de pirag\u00fcismo del club de nataci\u00f3n Langreo a desplazarse a otros municipios para continuar ejerciendo la actividad deportiva de sus federados.<\/p>\n<p style=\"text-align: justify;\">Continuamos con las negociaciones al m\u00e1s alto nivel pol\u00edtico, incluida la propia Direcci\u00f3n General de Deportes y resto de organismos de la administraci\u00f3n p\u00fablica implicados directa e indirectamente, sin descartar nuevas acciones, m\u00e1s contundentes, en un futuro cercano para revertir la vergonzosa posici\u00f3n empresarial del Grupo Iberdrola, supuesto \u201cabanderado\u201d y patrocinador del deporte femenino en este pa\u00eds.<\/p>\n<p style=\"text-align: justify;\">Agradecemos la difusi\u00f3n de esta informaci\u00f3n a trav\u00e9s de su medio de comunicaci\u00f3n.<\/p>\n<p style=\"text-align: justify;\">Atentamente,<\/p>\n<p style=\"text-align: justify;\">El Presidente de la Asociaci\u00f3n Delfos Amigos del Deporte.<\/p>\n<p style=\"text-align: justify;\">Fdo. Jorge Cuesta.<\/p>\n<p style=\"text-align: justify;\">El Presidente de la Secci\u00f3n de Pirag\u00fcismo del Club Nataci\u00f3n Langreo.<\/p>\n<p style=\"text-align: justify;\">Fdo. Jos\u00e9 Manuel Garc\u00eda.<\/p>\n<p style=\"text-align: justify;\">\n","protected":false},"excerpt":{"rendered":"<p>COMUNICADO DE PRENSA La Asociaci\u00f3n Delfos Amigos del Deporte y la Secci\u00f3n de Pirag\u00fcismo del Club Nataci\u00f3n Langreo, est\u00e1 recibiendo el apoyo incondicional \u00a0de particulares, asociaciones, entidades, fundaciones y federaciones deportivas, tanto a nivel auton\u00f3mico como nacional. A trav\u00e9s de la campa\u00f1a de recogida de firmas en la plataforma \u201con line\u201d y presencial, hemos recibido [&hellip;]<\/p>\n","protected":false},"author":1,"featured_media":2364,"comment_status":"open","ping_status":"open","sticky":false,"template":"","format":"standard","meta":{"footnotes":""},"categories":[6,8],"tags":[52,148,147],"class_list":["post-2363","post","type-post","status-publish","format-standard","has-post-thumbnail","hentry","category-noticias","category-nalon","tag-deporte","tag-iberdrola","tag-piragua"],"yoast_head":"<!-- This site is optimized with the Yoast SEO plugin v27.4 - https:\/\/yoast.com\/product\/yoast-seo-wordpress\/ -->\n<title>Reunen 3000 firmas para que Iberdrola permita la pr\u00e1ctica deportiva en las aguas del R\u00edo Nal\u00f3n -<\/title>\n<meta name=\"robots\" content=\"index, follow, max-snippet:-1, max-image-preview:large, max-video-preview:-1\" \/>\n<link rel=\"canonical\" href=\"https:\/\/www.cuencasmineras.com\/index.php\/2021\/04\/07\/reunen-3000-firmas-para-que-iberdrola-permita-la-practica-deportiva-en-las-aguas-del-rio-nalon\/\" \/>\n<meta property=\"og:locale\" content=\"es_ES\" \/>\n<meta property=\"og:type\" content=\"article\" \/>\n<meta property=\"og:title\" content=\"Reunen 3000 firmas para que Iberdrola permita la pr\u00e1ctica deportiva en las aguas del R\u00edo Nal\u00f3n -\" \/>\n<meta property=\"og:description\" content=\"COMUNICADO DE PRENSA La Asociaci\u00f3n Delfos Amigos del Deporte y la Secci\u00f3n de Pirag\u00fcismo del Club Nataci\u00f3n Langreo, est\u00e1 recibiendo el apoyo incondicional \u00a0de particulares, asociaciones, entidades, fundaciones y federaciones deportivas, tanto a nivel auton\u00f3mico como nacional. A trav\u00e9s de la campa\u00f1a de recogida de firmas en la plataforma \u201con line\u201d y presencial, hemos recibido [&hellip;]\" \/>\n<meta property=\"og:url\" content=\"https:\/\/www.cuencasmineras.com\/index.php\/2021\/04\/07\/reunen-3000-firmas-para-que-iberdrola-permita-la-practica-deportiva-en-las-aguas-del-rio-nalon\/\" \/>\n<meta property=\"article:published_time\" content=\"2021-04-07T06:45:37+00:00\" \/>\n<meta property=\"og:image\" content=\"https:\/\/www.cuencasmineras.com\/wp-content\/uploads\/2021\/04\/25ced8fc-bd11-483b-87d0-af3fd6b26208_16-9-aspect-ratio_default_0.jpg\" \/>\n\t<meta property=\"og:image:width\" content=\"880\" \/>\n\t<meta property=\"og:image:height\" content=\"495\" \/>\n\t<meta property=\"og:image:type\" content=\"image\/jpeg\" \/>\n<meta name=\"author\" content=\"admin\" \/>\n<meta name=\"twitter:card\" content=\"summary_large_image\" \/>\n<meta name=\"twitter:label1\" content=\"Escrito por\" \/>\n\t<meta name=\"twitter:data1\" content=\"admin\" \/>\n\t<meta name=\"twitter:label2\" content=\"Tiempo de lectura\" \/>\n\t<meta name=\"twitter:data2\" content=\"2 minutos\" \/>\n<script type=\"application\/ld+json\" class=\"yoast-schema-graph\">{\"@context\":\"https:\\\/\\\/schema.org\",\"@graph\":[{\"@type\":\"Article\",\"@id\":\"https:\\\/\\\/www.cuencasmineras.com\\\/index.php\\\/2021\\\/04\\\/07\\\/reunen-3000-firmas-para-que-iberdrola-permita-la-practica-deportiva-en-las-aguas-del-rio-nalon\\\/#article\",\"isPartOf\":{\"@id\":\"https:\\\/\\\/www.cuencasmineras.com\\\/index.php\\\/2021\\\/04\\\/07\\\/reunen-3000-firmas-para-que-iberdrola-permita-la-practica-deportiva-en-las-aguas-del-rio-nalon\\\/\"},\"author\":{\"name\":\"admin\",\"@id\":\"https:\\\/\\\/www.cuencasmineras.com\\\/#\\\/schema\\\/person\\\/be0691310e8496ec555f679dd688420c\"},\"headline\":\"Reunen 3000 firmas para que Iberdrola permita la pr\u00e1ctica deportiva en las aguas del R\u00edo Nal\u00f3n\",\"datePublished\":\"2021-04-07T06:45:37+00:00\",\"mainEntityOfPage\":{\"@id\":\"https:\\\/\\\/www.cuencasmineras.com\\\/index.php\\\/2021\\\/04\\\/07\\\/reunen-3000-firmas-para-que-iberdrola-permita-la-practica-deportiva-en-las-aguas-del-rio-nalon\\\/\"},\"wordCount\":410,\"commentCount\":0,\"image\":{\"@id\":\"https:\\\/\\\/www.cuencasmineras.com\\\/index.php\\\/2021\\\/04\\\/07\\\/reunen-3000-firmas-para-que-iberdrola-permita-la-practica-deportiva-en-las-aguas-del-rio-nalon\\\/#primaryimage\"},\"thumbnailUrl\":\"https:\\\/\\\/www.cuencasmineras.com\\\/wp-content\\\/uploads\\\/2021\\\/04\\\/25ced8fc-bd11-483b-87d0-af3fd6b26208_16-9-aspect-ratio_default_0.jpg\",\"keywords\":[\"deporte\",\"iberdrola\",\"piragua\"],\"articleSection\":[\"CM NEWS\",\"Nal\u00f3n\"],\"inLanguage\":\"es\",\"potentialAction\":[{\"@type\":\"CommentAction\",\"name\":\"Comment\",\"target\":[\"https:\\\/\\\/www.cuencasmineras.com\\\/index.php\\\/2021\\\/04\\\/07\\\/reunen-3000-firmas-para-que-iberdrola-permita-la-practica-deportiva-en-las-aguas-del-rio-nalon\\\/#respond\"]}]},{\"@type\":\"WebPage\",\"@id\":\"https:\\\/\\\/www.cuencasmineras.com\\\/index.php\\\/2021\\\/04\\\/07\\\/reunen-3000-firmas-para-que-iberdrola-permita-la-practica-deportiva-en-las-aguas-del-rio-nalon\\\/\",\"url\":\"https:\\\/\\\/www.cuencasmineras.com\\\/index.php\\\/2021\\\/04\\\/07\\\/reunen-3000-firmas-para-que-iberdrola-permita-la-practica-deportiva-en-las-aguas-del-rio-nalon\\\/\",\"name\":\"Reunen 3000 firmas para que Iberdrola permita la pr\u00e1ctica deportiva en las aguas del R\u00edo Nal\u00f3n -\",\"isPartOf\":{\"@id\":\"https:\\\/\\\/www.cuencasmineras.com\\\/#website\"},\"primaryImageOfPage\":{\"@id\":\"https:\\\/\\\/www.cuencasmineras.com\\\/index.php\\\/2021\\\/04\\\/07\\\/reunen-3000-firmas-para-que-iberdrola-permita-la-practica-deportiva-en-las-aguas-del-rio-nalon\\\/#primaryimage\"},\"image\":{\"@id\":\"https:\\\/\\\/www.cuencasmineras.com\\\/index.php\\\/2021\\\/04\\\/07\\\/reunen-3000-firmas-para-que-iberdrola-permita-la-practica-deportiva-en-las-aguas-del-rio-nalon\\\/#primaryimage\"},\"thumbnailUrl\":\"https:\\\/\\\/www.cuencasmineras.com\\\/wp-content\\\/uploads\\\/2021\\\/04\\\/25ced8fc-bd11-483b-87d0-af3fd6b26208_16-9-aspect-ratio_default_0.jpg\",\"datePublished\":\"2021-04-07T06:45:37+00:00\",\"author\":{\"@id\":\"https:\\\/\\\/www.cuencasmineras.com\\\/#\\\/schema\\\/person\\\/be0691310e8496ec555f679dd688420c\"},\"breadcrumb\":{\"@id\":\"https:\\\/\\\/www.cuencasmineras.com\\\/index.php\\\/2021\\\/04\\\/07\\\/reunen-3000-firmas-para-que-iberdrola-permita-la-practica-deportiva-en-las-aguas-del-rio-nalon\\\/#breadcrumb\"},\"inLanguage\":\"es\",\"potentialAction\":[{\"@type\":\"ReadAction\",\"target\":[\"https:\\\/\\\/www.cuencasmineras.com\\\/index.php\\\/2021\\\/04\\\/07\\\/reunen-3000-firmas-para-que-iberdrola-permita-la-practica-deportiva-en-las-aguas-del-rio-nalon\\\/\"]}]},{\"@type\":\"ImageObject\",\"inLanguage\":\"es\",\"@id\":\"https:\\\/\\\/www.cuencasmineras.com\\\/index.php\\\/2021\\\/04\\\/07\\\/reunen-3000-firmas-para-que-iberdrola-permita-la-practica-deportiva-en-las-aguas-del-rio-nalon\\\/#primaryimage\",\"url\":\"https:\\\/\\\/www.cuencasmineras.com\\\/wp-content\\\/uploads\\\/2021\\\/04\\\/25ced8fc-bd11-483b-87d0-af3fd6b26208_16-9-aspect-ratio_default_0.jpg\",\"contentUrl\":\"https:\\\/\\\/www.cuencasmineras.com\\\/wp-content\\\/uploads\\\/2021\\\/04\\\/25ced8fc-bd11-483b-87d0-af3fd6b26208_16-9-aspect-ratio_default_0.jpg\",\"width\":880,\"height\":495},{\"@type\":\"BreadcrumbList\",\"@id\":\"https:\\\/\\\/www.cuencasmineras.com\\\/index.php\\\/2021\\\/04\\\/07\\\/reunen-3000-firmas-para-que-iberdrola-permita-la-practica-deportiva-en-las-aguas-del-rio-nalon\\\/#breadcrumb\",\"itemListElement\":[{\"@type\":\"ListItem\",\"position\":1,\"name\":\"Portada\",\"item\":\"https:\\\/\\\/www.cuencasmineras.com\\\/\"},{\"@type\":\"ListItem\",\"position\":2,\"name\":\"Reunen 3000 firmas para que Iberdrola permita la pr\u00e1ctica deportiva en las aguas del R\u00edo Nal\u00f3n\"}]},{\"@type\":\"WebSite\",\"@id\":\"https:\\\/\\\/www.cuencasmineras.com\\\/#website\",\"url\":\"https:\\\/\\\/www.cuencasmineras.com\\\/\",\"name\":\"\",\"description\":\"\",\"potentialAction\":[{\"@type\":\"SearchAction\",\"target\":{\"@type\":\"EntryPoint\",\"urlTemplate\":\"https:\\\/\\\/www.cuencasmineras.com\\\/?s={search_term_string}\"},\"query-input\":{\"@type\":\"PropertyValueSpecification\",\"valueRequired\":true,\"valueName\":\"search_term_string\"}}],\"inLanguage\":\"es\"},{\"@type\":\"Person\",\"@id\":\"https:\\\/\\\/www.cuencasmineras.com\\\/#\\\/schema\\\/person\\\/be0691310e8496ec555f679dd688420c\",\"name\":\"admin\",\"image\":{\"@type\":\"ImageObject\",\"inLanguage\":\"es\",\"@id\":\"https:\\\/\\\/secure.gravatar.com\\\/avatar\\\/4afd2eed3b2fbbf36dd6707b5bd8a5b50ac648f033e36fbf85aeace2f0f859db?s=96&d=mm&r=g\",\"url\":\"https:\\\/\\\/secure.gravatar.com\\\/avatar\\\/4afd2eed3b2fbbf36dd6707b5bd8a5b50ac648f033e36fbf85aeace2f0f859db?s=96&d=mm&r=g\",\"contentUrl\":\"https:\\\/\\\/secure.gravatar.com\\\/avatar\\\/4afd2eed3b2fbbf36dd6707b5bd8a5b50ac648f033e36fbf85aeace2f0f859db?s=96&d=mm&r=g\",\"caption\":\"admin\"},\"sameAs\":[\"https:\\\/\\\/www.cuencasmineras.com\"],\"url\":\"https:\\\/\\\/www.cuencasmineras.com\\\/index.php\\\/author\\\/admin\\\/\"}]}<\/script>\n<!-- \/ Yoast SEO plugin. -->","yoast_head_json":{"title":"Reunen 3000 firmas para que Iberdrola permita la pr\u00e1ctica deportiva en las aguas del R\u00edo Nal\u00f3n -","robots":{"index":"index","follow":"follow","max-snippet":"max-snippet:-1","max-image-preview":"max-image-preview:large","max-video-preview":"max-video-preview:-1"},"canonical":"https:\/\/www.cuencasmineras.com\/index.php\/2021\/04\/07\/reunen-3000-firmas-para-que-iberdrola-permita-la-practica-deportiva-en-las-aguas-del-rio-nalon\/","og_locale":"es_ES","og_type":"article","og_title":"Reunen 3000 firmas para que Iberdrola permita la pr\u00e1ctica deportiva en las aguas del R\u00edo Nal\u00f3n -","og_description":"COMUNICADO DE PRENSA La Asociaci\u00f3n Delfos Amigos del Deporte y la Secci\u00f3n de Pirag\u00fcismo del Club Nataci\u00f3n Langreo, est\u00e1 recibiendo el apoyo incondicional \u00a0de particulares, asociaciones, entidades, fundaciones y federaciones deportivas, tanto a nivel auton\u00f3mico como nacional. A trav\u00e9s de la campa\u00f1a de recogida de firmas en la plataforma \u201con line\u201d y presencial, hemos recibido [&hellip;]","og_url":"https:\/\/www.cuencasmineras.com\/index.php\/2021\/04\/07\/reunen-3000-firmas-para-que-iberdrola-permita-la-practica-deportiva-en-las-aguas-del-rio-nalon\/","article_published_time":"2021-04-07T06:45:37+00:00","og_image":[{"width":880,"height":495,"url":"https:\/\/www.cuencasmineras.com\/wp-content\/uploads\/2021\/04\/25ced8fc-bd11-483b-87d0-af3fd6b26208_16-9-aspect-ratio_default_0.jpg","type":"image\/jpeg"}],"author":"admin","twitter_card":"summary_large_image","twitter_misc":{"Escrito por":"admin","Tiempo de lectura":"2 minutos"},"schema":{"@context":"https:\/\/schema.org","@graph":[{"@type":"Article","@id":"https:\/\/www.cuencasmineras.com\/index.php\/2021\/04\/07\/reunen-3000-firmas-para-que-iberdrola-permita-la-practica-deportiva-en-las-aguas-del-rio-nalon\/#article","isPartOf":{"@id":"https:\/\/www.cuencasmineras.com\/index.php\/2021\/04\/07\/reunen-3000-firmas-para-que-iberdrola-permita-la-practica-deportiva-en-las-aguas-del-rio-nalon\/"},"author":{"name":"admin","@id":"https:\/\/www.cuencasmineras.com\/#\/schema\/person\/be0691310e8496ec555f679dd688420c"},"headline":"Reunen 3000 firmas para que Iberdrola permita la pr\u00e1ctica deportiva en las aguas del R\u00edo Nal\u00f3n","datePublished":"2021-04-07T06:45:37+00:00","mainEntityOfPage":{"@id":"https:\/\/www.cuencasmineras.com\/index.php\/2021\/04\/07\/reunen-3000-firmas-para-que-iberdrola-permita-la-practica-deportiva-en-las-aguas-del-rio-nalon\/"},"wordCount":410,"commentCount":0,"image":{"@id":"https:\/\/www.cuencasmineras.com\/index.php\/2021\/04\/07\/reunen-3000-firmas-para-que-iberdrola-permita-la-practica-deportiva-en-las-aguas-del-rio-nalon\/#primaryimage"},"thumbnailUrl":"https:\/\/www.cuencasmineras.com\/wp-content\/uploads\/2021\/04\/25ced8fc-bd11-483b-87d0-af3fd6b26208_16-9-aspect-ratio_default_0.jpg","keywords":["deporte","iberdrola","piragua"],"articleSection":["CM NEWS","Nal\u00f3n"],"inLanguage":"es","potentialAction":[{"@type":"CommentAction","name":"Comment","target":["https:\/\/www.cuencasmineras.com\/index.php\/2021\/04\/07\/reunen-3000-firmas-para-que-iberdrola-permita-la-practica-deportiva-en-las-aguas-del-rio-nalon\/#respond"]}]},{"@type":"WebPage","@id":"https:\/\/www.cuencasmineras.com\/index.php\/2021\/04\/07\/reunen-3000-firmas-para-que-iberdrola-permita-la-practica-deportiva-en-las-aguas-del-rio-nalon\/","url":"https:\/\/www.cuencasmineras.com\/index.php\/2021\/04\/07\/reunen-3000-firmas-para-que-iberdrola-permita-la-practica-deportiva-en-las-aguas-del-rio-nalon\/","name":"Reunen 3000 firmas para que Iberdrola permita la pr\u00e1ctica deportiva en las aguas del R\u00edo Nal\u00f3n -","isPartOf":{"@id":"https:\/\/www.cuencasmineras.com\/#website"},"primaryImageOfPage":{"@id":"https:\/\/www.cuencasmineras.com\/index.php\/2021\/04\/07\/reunen-3000-firmas-para-que-iberdrola-permita-la-practica-deportiva-en-las-aguas-del-rio-nalon\/#primaryimage"},"image":{"@id":"https:\/\/www.cuencasmineras.com\/index.php\/2021\/04\/07\/reunen-3000-firmas-para-que-iberdrola-permita-la-practica-deportiva-en-las-aguas-del-rio-nalon\/#primaryimage"},"thumbnailUrl":"https:\/\/www.cuencasmineras.com\/wp-content\/uploads\/2021\/04\/25ced8fc-bd11-483b-87d0-af3fd6b26208_16-9-aspect-ratio_default_0.jpg","datePublished":"2021-04-07T06:45:37+00:00","author":{"@id":"https:\/\/www.cuencasmineras.com\/#\/schema\/person\/be0691310e8496ec555f679dd688420c"},"breadcrumb":{"@id":"https:\/\/www.cuencasmineras.com\/index.php\/2021\/04\/07\/reunen-3000-firmas-para-que-iberdrola-permita-la-practica-deportiva-en-las-aguas-del-rio-nalon\/#breadcrumb"},"inLanguage":"es","potentialAction":[{"@type":"ReadAction","target":["https:\/\/www.cuencasmineras.com\/index.php\/2021\/04\/07\/reunen-3000-firmas-para-que-iberdrola-permita-la-practica-deportiva-en-las-aguas-del-rio-nalon\/"]}]},{"@type":"ImageObject","inLanguage":"es","@id":"https:\/\/www.cuencasmineras.com\/index.php\/2021\/04\/07\/reunen-3000-firmas-para-que-iberdrola-permita-la-practica-deportiva-en-las-aguas-del-rio-nalon\/#primaryimage","url":"https:\/\/www.cuencasmineras.com\/wp-content\/uploads\/2021\/04\/25ced8fc-bd11-483b-87d0-af3fd6b26208_16-9-aspect-ratio_default_0.jpg","contentUrl":"https:\/\/www.cuencasmineras.com\/wp-content\/uploads\/2021\/04\/25ced8fc-bd11-483b-87d0-af3fd6b26208_16-9-aspect-ratio_default_0.jpg","width":880,"height":495},{"@type":"BreadcrumbList","@id":"https:\/\/www.cuencasmineras.com\/index.php\/2021\/04\/07\/reunen-3000-firmas-para-que-iberdrola-permita-la-practica-deportiva-en-las-aguas-del-rio-nalon\/#breadcrumb","itemListElement":[{"@type":"ListItem","position":1,"name":"Portada","item":"https:\/\/www.cuencasmineras.com\/"},{"@type":"ListItem","position":2,"name":"Reunen 3000 firmas para que Iberdrola permita la pr\u00e1ctica deportiva en las aguas del R\u00edo Nal\u00f3n"}]},{"@type":"WebSite","@id":"https:\/\/www.cuencasmineras.com\/#website","url":"https:\/\/www.cuencasmineras.com\/","name":"","description":"","potentialAction":[{"@type":"SearchAction","target":{"@type":"EntryPoint","urlTemplate":"https:\/\/www.cuencasmineras.com\/?s={search_term_string}"},"query-input":{"@type":"PropertyValueSpecification","valueRequired":true,"valueName":"search_term_string"}}],"inLanguage":"es"},{"@type":"Person","@id":"https:\/\/www.cuencasmineras.com\/#\/schema\/person\/be0691310e8496ec555f679dd688420c","name":"admin","image":{"@type":"ImageObject","inLanguage":"es","@id":"https:\/\/secure.gravatar.com\/avatar\/4afd2eed3b2fbbf36dd6707b5bd8a5b50ac648f033e36fbf85aeace2f0f859db?s=96&d=mm&r=g","url":"https:\/\/secure.gravatar.com\/avatar\/4afd2eed3b2fbbf36dd6707b5bd8a5b50ac648f033e36fbf85aeace2f0f859db?s=96&d=mm&r=g","contentUrl":"https:\/\/secure.gravatar.com\/avatar\/4afd2eed3b2fbbf36dd6707b5bd8a5b50ac648f033e36fbf85aeace2f0f859db?s=96&d=mm&r=g","caption":"admin"},"sameAs":["https:\/\/www.cuencasmineras.com"],"url":"https:\/\/www.cuencasmineras.com\/index.php\/author\/admin\/"}]}},"_links":{"self":[{"href":"https:\/\/www.cuencasmineras.com\/index.php\/wp-json\/wp\/v2\/posts\/2363","targetHints":{"allow":["GET"]}}],"collection":[{"href":"https:\/\/www.cuencasmineras.com\/index.php\/wp-json\/wp\/v2\/posts"}],"about":[{"href":"https:\/\/www.cuencasmineras.com\/index.php\/wp-json\/wp\/v2\/types\/post"}],"author":[{"embeddable":true,"href":"https:\/\/www.cuencasmineras.com\/index.php\/wp-json\/wp\/v2\/users\/1"}],"replies":[{"embeddable":true,"href":"https:\/\/www.cuencasmineras.com\/index.php\/wp-json\/wp\/v2\/comments?post=2363"}],"version-history":[{"count":1,"href":"https:\/\/www.cuencasmineras.com\/index.php\/wp-json\/wp\/v2\/posts\/2363\/revisions"}],"predecessor-version":[{"id":2365,"href":"https:\/\/www.cuencasmineras.com\/index.php\/wp-json\/wp\/v2\/posts\/2363\/revisions\/2365"}],"wp:featuredmedia":[{"embeddable":true,"href":"https:\/\/www.cuencasmineras.com\/index.php\/wp-json\/wp\/v2\/media\/2364"}],"wp:attachment":[{"href":"https:\/\/www.cuencasmineras.com\/index.php\/wp-json\/wp\/v2\/media?parent=2363"}],"wp:term":[{"taxonomy":"category","embeddable":true,"href":"https:\/\/www.cuencasmineras.com\/index.php\/wp-json\/wp\/v2\/categories?post=2363"},{"taxonomy":"post_tag","embeddable":true,"href":"https:\/\/www.cuencasmineras.com\/index.php\/wp-json\/wp\/v2\/tags?post=2363"}],"curies":[{"name":"wp","href":"https:\/\/api.w.org\/{rel}","templated":true}]}}