{"id":2375,"date":"2021-04-08T14:01:49","date_gmt":"2021-04-08T14:01:49","guid":{"rendered":"https:\/\/www.cuencasmineras.com\/?p=2375"},"modified":"2021-04-08T14:01:49","modified_gmt":"2021-04-08T14:01:49","slug":"comienza-el-asfaltado-de-la-calle-pedro-duro-que-obliga-a-reordenar-el-trafico","status":"publish","type":"post","link":"https:\/\/www.cuencasmineras.com\/index.php\/2021\/04\/08\/comienza-el-asfaltado-de-la-calle-pedro-duro-que-obliga-a-reordenar-el-trafico\/","title":{"rendered":"Comienza el asfaltado de la calle Pedro Duro, que obliga a reordenar el tr\u00e1fico"},"content":{"rendered":"<p style=\"text-align: justify;\">La reordenaci\u00f3n temporal del tr\u00e1fico en La Felguera \u2013por las obras de asfaltado que se est\u00e1n acometiendo en la calle Pedro Duro\u2013 ya est\u00e1 en marcha. Actualmente, se ha cortado el primer tramo de la citada calle. Tambi\u00e9n se incluye un corte parcial entre las calles Jes\u00fas Fern\u00e1ndez Duro y Melqu\u00edades \u00c1lvarez. Esta reordenaci\u00f3n tambi\u00e9n ha conllevado cambios en el autob\u00fas urbano: se habilitar\u00e1 una parada en el cruce de Pedro Duro con Melqu\u00edades \u00c1lvarez.<\/p>\n<p><img loading=\"lazy\" decoding=\"async\" class=\"aligncenter size-large wp-image-2376\" src=\"https:\/\/www.cuencasmineras.com\/wp-content\/uploads\/2021\/04\/575a445d-f9b2-425d-bbaa-587d66087f9e_16-9-discover-aspect-ratio_default_0-1024x576.jpg\" alt=\"\" width=\"640\" height=\"360\" srcset=\"https:\/\/www.cuencasmineras.com\/wp-content\/uploads\/2021\/04\/575a445d-f9b2-425d-bbaa-587d66087f9e_16-9-discover-aspect-ratio_default_0-1024x576.jpg 1024w, https:\/\/www.cuencasmineras.com\/wp-content\/uploads\/2021\/04\/575a445d-f9b2-425d-bbaa-587d66087f9e_16-9-discover-aspect-ratio_default_0-300x169.jpg 300w, https:\/\/www.cuencasmineras.com\/wp-content\/uploads\/2021\/04\/575a445d-f9b2-425d-bbaa-587d66087f9e_16-9-discover-aspect-ratio_default_0-768x432.jpg 768w, https:\/\/www.cuencasmineras.com\/wp-content\/uploads\/2021\/04\/575a445d-f9b2-425d-bbaa-587d66087f9e_16-9-discover-aspect-ratio_default_0.jpg 1200w\" sizes=\"auto, (max-width: 640px) 100vw, 640px\" \/><\/p>\n<p style=\"text-align: justify;\">La obra implica el corte total del tramo de la calle comprendido entre Juli\u00e1n Fern\u00e1ndez Duro y Jes\u00fas Fern\u00e1ndez Duro. \u201cEs por eso que se recomienda utilizar v\u00edas alternativas por la calle Inventor La Cierva y la calle Pepita F. Duro\u201d, explicaron los responsables municipales.<\/p>\n<p style=\"text-align: justify;\">Los veh\u00edculos que accedan estos d\u00edas al primer tramo de la calle Pedro Duro y se encuentren con la calle cortada, tienen salida por la calle Mat\u00edas F. Bayo, a la que se le ha cambiado el sentido de circulaci\u00f3n en direcci\u00f3n a la calle Francisco Ferrer.<\/p>\n<p style=\"text-align: justify;\">Del mismo modo, los veh\u00edculos que salen de los parkings ubicados en la calle Mat\u00edas F. Bayo, y de la calle Antonio Vel\u00e1zquez, tienen que salir en direcci\u00f3n a la calle Francisco Ferrer. Para acceder al segundo tramo de la calle Pedro Duro (cocheras), y a la calle Jes\u00fas F. Duro, tienen que hacerlo por la calle Melqu\u00edades Alvarez con direcci\u00f3n a la calle Francisco Ferrer, donde tambi\u00e9n se ha cambiado el sentido de circulaci\u00f3n.<\/p>\n<p style=\"text-align: justify;\">La mejora de la calle Pedro Duro est\u00e1 incluida en un proyecto de asfaltados que ha supuesto una inversi\u00f3n total de 150.000 euros. En el casco urbano, tambi\u00e9n se asfaltar\u00e1 la calle Garc\u00eda Regueral. Adem\u00e1s de varios n\u00facleos rurales del municipio.<\/p>\n","protected":false},"excerpt":{"rendered":"<p>La reordenaci\u00f3n temporal del tr\u00e1fico en La Felguera \u2013por las obras de asfaltado que se est\u00e1n acometiendo en la calle Pedro Duro\u2013 ya est\u00e1 en marcha. Actualmente, se ha cortado el primer tramo de la citada calle. Tambi\u00e9n se incluye un corte parcial entre las calles Jes\u00fas Fern\u00e1ndez Duro y Melqu\u00edades \u00c1lvarez. Esta reordenaci\u00f3n tambi\u00e9n [&hellip;]<\/p>\n","protected":false},"author":1,"featured_media":2376,"comment_status":"open","ping_status":"open","sticky":false,"template":"","format":"standard","meta":{"footnotes":""},"categories":[6,8],"tags":[],"class_list":["post-2375","post","type-post","status-publish","format-standard","has-post-thumbnail","hentry","category-noticias","category-nalon"],"yoast_head":"<!-- This site is optimized with the Yoast SEO plugin v27.4 - https:\/\/yoast.com\/product\/yoast-seo-wordpress\/ -->\n<title>Comienza el asfaltado de la calle Pedro Duro, que obliga a reordenar el tr\u00e1fico - cm news<\/title>\n<meta name=\"description\" content=\"Las obras est\u00e1n incluidas en un plan de mejoras de viales que cuenta con 150.000 euros\" \/>\n<meta name=\"robots\" content=\"index, follow, max-snippet:-1, max-image-preview:large, max-video-preview:-1\" \/>\n<link rel=\"canonical\" href=\"https:\/\/www.cuencasmineras.com\/index.php\/2021\/04\/08\/comienza-el-asfaltado-de-la-calle-pedro-duro-que-obliga-a-reordenar-el-trafico\/\" \/>\n<meta property=\"og:locale\" content=\"es_ES\" \/>\n<meta property=\"og:type\" content=\"article\" \/>\n<meta property=\"og:title\" content=\"Comienza el asfaltado de la calle Pedro Duro, que obliga a reordenar el tr\u00e1fico - cm news\" \/>\n<meta property=\"og:description\" content=\"Las obras est\u00e1n incluidas en un plan de mejoras de viales que cuenta con 150.000 euros\" \/>\n<meta property=\"og:url\" content=\"https:\/\/www.cuencasmineras.com\/index.php\/2021\/04\/08\/comienza-el-asfaltado-de-la-calle-pedro-duro-que-obliga-a-reordenar-el-trafico\/\" \/>\n<meta property=\"article:published_time\" content=\"2021-04-08T14:01:49+00:00\" \/>\n<meta property=\"og:image\" content=\"https:\/\/www.cuencasmineras.com\/wp-content\/uploads\/2021\/04\/575a445d-f9b2-425d-bbaa-587d66087f9e_16-9-discover-aspect-ratio_default_0.jpg\" \/>\n\t<meta property=\"og:image:width\" content=\"1200\" \/>\n\t<meta property=\"og:image:height\" content=\"675\" \/>\n\t<meta property=\"og:image:type\" content=\"image\/jpeg\" \/>\n<meta name=\"author\" content=\"admin\" \/>\n<meta name=\"twitter:card\" content=\"summary_large_image\" \/>\n<meta name=\"twitter:label1\" content=\"Escrito por\" \/>\n\t<meta name=\"twitter:data1\" content=\"admin\" \/>\n\t<meta name=\"twitter:label2\" content=\"Tiempo de lectura\" \/>\n\t<meta name=\"twitter:data2\" content=\"2 minutos\" \/>\n<script type=\"application\/ld+json\" class=\"yoast-schema-graph\">{\"@context\":\"https:\\\/\\\/schema.org\",\"@graph\":[{\"@type\":\"Article\",\"@id\":\"https:\\\/\\\/www.cuencasmineras.com\\\/index.php\\\/2021\\\/04\\\/08\\\/comienza-el-asfaltado-de-la-calle-pedro-duro-que-obliga-a-reordenar-el-trafico\\\/#article\",\"isPartOf\":{\"@id\":\"https:\\\/\\\/www.cuencasmineras.com\\\/index.php\\\/2021\\\/04\\\/08\\\/comienza-el-asfaltado-de-la-calle-pedro-duro-que-obliga-a-reordenar-el-trafico\\\/\"},\"author\":{\"name\":\"admin\",\"@id\":\"https:\\\/\\\/www.cuencasmineras.com\\\/#\\\/schema\\\/person\\\/be0691310e8496ec555f679dd688420c\"},\"headline\":\"Comienza el asfaltado de la calle Pedro Duro, que obliga a reordenar el tr\u00e1fico\",\"datePublished\":\"2021-04-08T14:01:49+00:00\",\"mainEntityOfPage\":{\"@id\":\"https:\\\/\\\/www.cuencasmineras.com\\\/index.php\\\/2021\\\/04\\\/08\\\/comienza-el-asfaltado-de-la-calle-pedro-duro-que-obliga-a-reordenar-el-trafico\\\/\"},\"wordCount\":332,\"commentCount\":0,\"image\":{\"@id\":\"https:\\\/\\\/www.cuencasmineras.com\\\/index.php\\\/2021\\\/04\\\/08\\\/comienza-el-asfaltado-de-la-calle-pedro-duro-que-obliga-a-reordenar-el-trafico\\\/#primaryimage\"},\"thumbnailUrl\":\"https:\\\/\\\/www.cuencasmineras.com\\\/wp-content\\\/uploads\\\/2021\\\/04\\\/575a445d-f9b2-425d-bbaa-587d66087f9e_16-9-discover-aspect-ratio_default_0.jpg\",\"articleSection\":[\"CM NEWS\",\"Nal\u00f3n\"],\"inLanguage\":\"es\",\"potentialAction\":[{\"@type\":\"CommentAction\",\"name\":\"Comment\",\"target\":[\"https:\\\/\\\/www.cuencasmineras.com\\\/index.php\\\/2021\\\/04\\\/08\\\/comienza-el-asfaltado-de-la-calle-pedro-duro-que-obliga-a-reordenar-el-trafico\\\/#respond\"]}]},{\"@type\":\"WebPage\",\"@id\":\"https:\\\/\\\/www.cuencasmineras.com\\\/index.php\\\/2021\\\/04\\\/08\\\/comienza-el-asfaltado-de-la-calle-pedro-duro-que-obliga-a-reordenar-el-trafico\\\/\",\"url\":\"https:\\\/\\\/www.cuencasmineras.com\\\/index.php\\\/2021\\\/04\\\/08\\\/comienza-el-asfaltado-de-la-calle-pedro-duro-que-obliga-a-reordenar-el-trafico\\\/\",\"name\":\"Comienza el asfaltado de la calle Pedro Duro, que obliga a reordenar el tr\u00e1fico - cm news\",\"isPartOf\":{\"@id\":\"https:\\\/\\\/www.cuencasmineras.com\\\/#website\"},\"primaryImageOfPage\":{\"@id\":\"https:\\\/\\\/www.cuencasmineras.com\\\/index.php\\\/2021\\\/04\\\/08\\\/comienza-el-asfaltado-de-la-calle-pedro-duro-que-obliga-a-reordenar-el-trafico\\\/#primaryimage\"},\"image\":{\"@id\":\"https:\\\/\\\/www.cuencasmineras.com\\\/index.php\\\/2021\\\/04\\\/08\\\/comienza-el-asfaltado-de-la-calle-pedro-duro-que-obliga-a-reordenar-el-trafico\\\/#primaryimage\"},\"thumbnailUrl\":\"https:\\\/\\\/www.cuencasmineras.com\\\/wp-content\\\/uploads\\\/2021\\\/04\\\/575a445d-f9b2-425d-bbaa-587d66087f9e_16-9-discover-aspect-ratio_default_0.jpg\",\"datePublished\":\"2021-04-08T14:01:49+00:00\",\"author\":{\"@id\":\"https:\\\/\\\/www.cuencasmineras.com\\\/#\\\/schema\\\/person\\\/be0691310e8496ec555f679dd688420c\"},\"description\":\"Las obras est\u00e1n incluidas en un plan de mejoras de viales que cuenta con 150.000 euros\",\"breadcrumb\":{\"@id\":\"https:\\\/\\\/www.cuencasmineras.com\\\/index.php\\\/2021\\\/04\\\/08\\\/comienza-el-asfaltado-de-la-calle-pedro-duro-que-obliga-a-reordenar-el-trafico\\\/#breadcrumb\"},\"inLanguage\":\"es\",\"potentialAction\":[{\"@type\":\"ReadAction\",\"target\":[\"https:\\\/\\\/www.cuencasmineras.com\\\/index.php\\\/2021\\\/04\\\/08\\\/comienza-el-asfaltado-de-la-calle-pedro-duro-que-obliga-a-reordenar-el-trafico\\\/\"]}]},{\"@type\":\"ImageObject\",\"inLanguage\":\"es\",\"@id\":\"https:\\\/\\\/www.cuencasmineras.com\\\/index.php\\\/2021\\\/04\\\/08\\\/comienza-el-asfaltado-de-la-calle-pedro-duro-que-obliga-a-reordenar-el-trafico\\\/#primaryimage\",\"url\":\"https:\\\/\\\/www.cuencasmineras.com\\\/wp-content\\\/uploads\\\/2021\\\/04\\\/575a445d-f9b2-425d-bbaa-587d66087f9e_16-9-discover-aspect-ratio_default_0.jpg\",\"contentUrl\":\"https:\\\/\\\/www.cuencasmineras.com\\\/wp-content\\\/uploads\\\/2021\\\/04\\\/575a445d-f9b2-425d-bbaa-587d66087f9e_16-9-discover-aspect-ratio_default_0.jpg\",\"width\":1200,\"height\":675},{\"@type\":\"BreadcrumbList\",\"@id\":\"https:\\\/\\\/www.cuencasmineras.com\\\/index.php\\\/2021\\\/04\\\/08\\\/comienza-el-asfaltado-de-la-calle-pedro-duro-que-obliga-a-reordenar-el-trafico\\\/#breadcrumb\",\"itemListElement\":[{\"@type\":\"ListItem\",\"position\":1,\"name\":\"Portada\",\"item\":\"https:\\\/\\\/www.cuencasmineras.com\\\/\"},{\"@type\":\"ListItem\",\"position\":2,\"name\":\"Comienza el asfaltado de la calle Pedro Duro, que obliga a reordenar el tr\u00e1fico\"}]},{\"@type\":\"WebSite\",\"@id\":\"https:\\\/\\\/www.cuencasmineras.com\\\/#website\",\"url\":\"https:\\\/\\\/www.cuencasmineras.com\\\/\",\"name\":\"\",\"description\":\"\",\"potentialAction\":[{\"@type\":\"SearchAction\",\"target\":{\"@type\":\"EntryPoint\",\"urlTemplate\":\"https:\\\/\\\/www.cuencasmineras.com\\\/?s={search_term_string}\"},\"query-input\":{\"@type\":\"PropertyValueSpecification\",\"valueRequired\":true,\"valueName\":\"search_term_string\"}}],\"inLanguage\":\"es\"},{\"@type\":\"Person\",\"@id\":\"https:\\\/\\\/www.cuencasmineras.com\\\/#\\\/schema\\\/person\\\/be0691310e8496ec555f679dd688420c\",\"name\":\"admin\",\"image\":{\"@type\":\"ImageObject\",\"inLanguage\":\"es\",\"@id\":\"https:\\\/\\\/secure.gravatar.com\\\/avatar\\\/4afd2eed3b2fbbf36dd6707b5bd8a5b50ac648f033e36fbf85aeace2f0f859db?s=96&d=mm&r=g\",\"url\":\"https:\\\/\\\/secure.gravatar.com\\\/avatar\\\/4afd2eed3b2fbbf36dd6707b5bd8a5b50ac648f033e36fbf85aeace2f0f859db?s=96&d=mm&r=g\",\"contentUrl\":\"https:\\\/\\\/secure.gravatar.com\\\/avatar\\\/4afd2eed3b2fbbf36dd6707b5bd8a5b50ac648f033e36fbf85aeace2f0f859db?s=96&d=mm&r=g\",\"caption\":\"admin\"},\"sameAs\":[\"https:\\\/\\\/www.cuencasmineras.com\"],\"url\":\"https:\\\/\\\/www.cuencasmineras.com\\\/index.php\\\/author\\\/admin\\\/\"}]}<\/script>\n<!-- \/ Yoast SEO plugin. -->","yoast_head_json":{"title":"Comienza el asfaltado de la calle Pedro Duro, que obliga a reordenar el tr\u00e1fico - cm news","description":"Las obras est\u00e1n incluidas en un plan de mejoras de viales que cuenta con 150.000 euros","robots":{"index":"index","follow":"follow","max-snippet":"max-snippet:-1","max-image-preview":"max-image-preview:large","max-video-preview":"max-video-preview:-1"},"canonical":"https:\/\/www.cuencasmineras.com\/index.php\/2021\/04\/08\/comienza-el-asfaltado-de-la-calle-pedro-duro-que-obliga-a-reordenar-el-trafico\/","og_locale":"es_ES","og_type":"article","og_title":"Comienza el asfaltado de la calle Pedro Duro, que obliga a reordenar el tr\u00e1fico - cm news","og_description":"Las obras est\u00e1n incluidas en un plan de mejoras de viales que cuenta con 150.000 euros","og_url":"https:\/\/www.cuencasmineras.com\/index.php\/2021\/04\/08\/comienza-el-asfaltado-de-la-calle-pedro-duro-que-obliga-a-reordenar-el-trafico\/","article_published_time":"2021-04-08T14:01:49+00:00","og_image":[{"width":1200,"height":675,"url":"https:\/\/www.cuencasmineras.com\/wp-content\/uploads\/2021\/04\/575a445d-f9b2-425d-bbaa-587d66087f9e_16-9-discover-aspect-ratio_default_0.jpg","type":"image\/jpeg"}],"author":"admin","twitter_card":"summary_large_image","twitter_misc":{"Escrito por":"admin","Tiempo de lectura":"2 minutos"},"schema":{"@context":"https:\/\/schema.org","@graph":[{"@type":"Article","@id":"https:\/\/www.cuencasmineras.com\/index.php\/2021\/04\/08\/comienza-el-asfaltado-de-la-calle-pedro-duro-que-obliga-a-reordenar-el-trafico\/#article","isPartOf":{"@id":"https:\/\/www.cuencasmineras.com\/index.php\/2021\/04\/08\/comienza-el-asfaltado-de-la-calle-pedro-duro-que-obliga-a-reordenar-el-trafico\/"},"author":{"name":"admin","@id":"https:\/\/www.cuencasmineras.com\/#\/schema\/person\/be0691310e8496ec555f679dd688420c"},"headline":"Comienza el asfaltado de la calle Pedro Duro, que obliga a reordenar el tr\u00e1fico","datePublished":"2021-04-08T14:01:49+00:00","mainEntityOfPage":{"@id":"https:\/\/www.cuencasmineras.com\/index.php\/2021\/04\/08\/comienza-el-asfaltado-de-la-calle-pedro-duro-que-obliga-a-reordenar-el-trafico\/"},"wordCount":332,"commentCount":0,"image":{"@id":"https:\/\/www.cuencasmineras.com\/index.php\/2021\/04\/08\/comienza-el-asfaltado-de-la-calle-pedro-duro-que-obliga-a-reordenar-el-trafico\/#primaryimage"},"thumbnailUrl":"https:\/\/www.cuencasmineras.com\/wp-content\/uploads\/2021\/04\/575a445d-f9b2-425d-bbaa-587d66087f9e_16-9-discover-aspect-ratio_default_0.jpg","articleSection":["CM NEWS","Nal\u00f3n"],"inLanguage":"es","potentialAction":[{"@type":"CommentAction","name":"Comment","target":["https:\/\/www.cuencasmineras.com\/index.php\/2021\/04\/08\/comienza-el-asfaltado-de-la-calle-pedro-duro-que-obliga-a-reordenar-el-trafico\/#respond"]}]},{"@type":"WebPage","@id":"https:\/\/www.cuencasmineras.com\/index.php\/2021\/04\/08\/comienza-el-asfaltado-de-la-calle-pedro-duro-que-obliga-a-reordenar-el-trafico\/","url":"https:\/\/www.cuencasmineras.com\/index.php\/2021\/04\/08\/comienza-el-asfaltado-de-la-calle-pedro-duro-que-obliga-a-reordenar-el-trafico\/","name":"Comienza el asfaltado de la calle Pedro Duro, que obliga a reordenar el tr\u00e1fico - cm news","isPartOf":{"@id":"https:\/\/www.cuencasmineras.com\/#website"},"primaryImageOfPage":{"@id":"https:\/\/www.cuencasmineras.com\/index.php\/2021\/04\/08\/comienza-el-asfaltado-de-la-calle-pedro-duro-que-obliga-a-reordenar-el-trafico\/#primaryimage"},"image":{"@id":"https:\/\/www.cuencasmineras.com\/index.php\/2021\/04\/08\/comienza-el-asfaltado-de-la-calle-pedro-duro-que-obliga-a-reordenar-el-trafico\/#primaryimage"},"thumbnailUrl":"https:\/\/www.cuencasmineras.com\/wp-content\/uploads\/2021\/04\/575a445d-f9b2-425d-bbaa-587d66087f9e_16-9-discover-aspect-ratio_default_0.jpg","datePublished":"2021-04-08T14:01:49+00:00","author":{"@id":"https:\/\/www.cuencasmineras.com\/#\/schema\/person\/be0691310e8496ec555f679dd688420c"},"description":"Las obras est\u00e1n incluidas en un plan de mejoras de viales que cuenta con 150.000 euros","breadcrumb":{"@id":"https:\/\/www.cuencasmineras.com\/index.php\/2021\/04\/08\/comienza-el-asfaltado-de-la-calle-pedro-duro-que-obliga-a-reordenar-el-trafico\/#breadcrumb"},"inLanguage":"es","potentialAction":[{"@type":"ReadAction","target":["https:\/\/www.cuencasmineras.com\/index.php\/2021\/04\/08\/comienza-el-asfaltado-de-la-calle-pedro-duro-que-obliga-a-reordenar-el-trafico\/"]}]},{"@type":"ImageObject","inLanguage":"es","@id":"https:\/\/www.cuencasmineras.com\/index.php\/2021\/04\/08\/comienza-el-asfaltado-de-la-calle-pedro-duro-que-obliga-a-reordenar-el-trafico\/#primaryimage","url":"https:\/\/www.cuencasmineras.com\/wp-content\/uploads\/2021\/04\/575a445d-f9b2-425d-bbaa-587d66087f9e_16-9-discover-aspect-ratio_default_0.jpg","contentUrl":"https:\/\/www.cuencasmineras.com\/wp-content\/uploads\/2021\/04\/575a445d-f9b2-425d-bbaa-587d66087f9e_16-9-discover-aspect-ratio_default_0.jpg","width":1200,"height":675},{"@type":"BreadcrumbList","@id":"https:\/\/www.cuencasmineras.com\/index.php\/2021\/04\/08\/comienza-el-asfaltado-de-la-calle-pedro-duro-que-obliga-a-reordenar-el-trafico\/#breadcrumb","itemListElement":[{"@type":"ListItem","position":1,"name":"Portada","item":"https:\/\/www.cuencasmineras.com\/"},{"@type":"ListItem","position":2,"name":"Comienza el asfaltado de la calle Pedro Duro, que obliga a reordenar el tr\u00e1fico"}]},{"@type":"WebSite","@id":"https:\/\/www.cuencasmineras.com\/#website","url":"https:\/\/www.cuencasmineras.com\/","name":"","description":"","potentialAction":[{"@type":"SearchAction","target":{"@type":"EntryPoint","urlTemplate":"https:\/\/www.cuencasmineras.com\/?s={search_term_string}"},"query-input":{"@type":"PropertyValueSpecification","valueRequired":true,"valueName":"search_term_string"}}],"inLanguage":"es"},{"@type":"Person","@id":"https:\/\/www.cuencasmineras.com\/#\/schema\/person\/be0691310e8496ec555f679dd688420c","name":"admin","image":{"@type":"ImageObject","inLanguage":"es","@id":"https:\/\/secure.gravatar.com\/avatar\/4afd2eed3b2fbbf36dd6707b5bd8a5b50ac648f033e36fbf85aeace2f0f859db?s=96&d=mm&r=g","url":"https:\/\/secure.gravatar.com\/avatar\/4afd2eed3b2fbbf36dd6707b5bd8a5b50ac648f033e36fbf85aeace2f0f859db?s=96&d=mm&r=g","contentUrl":"https:\/\/secure.gravatar.com\/avatar\/4afd2eed3b2fbbf36dd6707b5bd8a5b50ac648f033e36fbf85aeace2f0f859db?s=96&d=mm&r=g","caption":"admin"},"sameAs":["https:\/\/www.cuencasmineras.com"],"url":"https:\/\/www.cuencasmineras.com\/index.php\/author\/admin\/"}]}},"_links":{"self":[{"href":"https:\/\/www.cuencasmineras.com\/index.php\/wp-json\/wp\/v2\/posts\/2375","targetHints":{"allow":["GET"]}}],"collection":[{"href":"https:\/\/www.cuencasmineras.com\/index.php\/wp-json\/wp\/v2\/posts"}],"about":[{"href":"https:\/\/www.cuencasmineras.com\/index.php\/wp-json\/wp\/v2\/types\/post"}],"author":[{"embeddable":true,"href":"https:\/\/www.cuencasmineras.com\/index.php\/wp-json\/wp\/v2\/users\/1"}],"replies":[{"embeddable":true,"href":"https:\/\/www.cuencasmineras.com\/index.php\/wp-json\/wp\/v2\/comments?post=2375"}],"version-history":[{"count":1,"href":"https:\/\/www.cuencasmineras.com\/index.php\/wp-json\/wp\/v2\/posts\/2375\/revisions"}],"predecessor-version":[{"id":2377,"href":"https:\/\/www.cuencasmineras.com\/index.php\/wp-json\/wp\/v2\/posts\/2375\/revisions\/2377"}],"wp:featuredmedia":[{"embeddable":true,"href":"https:\/\/www.cuencasmineras.com\/index.php\/wp-json\/wp\/v2\/media\/2376"}],"wp:attachment":[{"href":"https:\/\/www.cuencasmineras.com\/index.php\/wp-json\/wp\/v2\/media?parent=2375"}],"wp:term":[{"taxonomy":"category","embeddable":true,"href":"https:\/\/www.cuencasmineras.com\/index.php\/wp-json\/wp\/v2\/categories?post=2375"},{"taxonomy":"post_tag","embeddable":true,"href":"https:\/\/www.cuencasmineras.com\/index.php\/wp-json\/wp\/v2\/tags?post=2375"}],"curies":[{"name":"wp","href":"https:\/\/api.w.org\/{rel}","templated":true}]}}