{"id":2378,"date":"2021-04-08T14:04:40","date_gmt":"2021-04-08T14:04:40","guid":{"rendered":"https:\/\/www.cuencasmineras.com\/?p=2378"},"modified":"2021-04-08T14:04:40","modified_gmt":"2021-04-08T14:04:40","slug":"detenidos-dos-lenenses-que-se-dieron-a-la-fuga-y-arrojaron-medio-kilo-de-cocaina-por-la-ventanilla","status":"publish","type":"post","link":"https:\/\/www.cuencasmineras.com\/index.php\/2021\/04\/08\/detenidos-dos-lenenses-que-se-dieron-a-la-fuga-y-arrojaron-medio-kilo-de-cocaina-por-la-ventanilla\/","title":{"rendered":"Detenidos dos lenenses que se dieron a la fuga y arrojaron medio kilo de coca\u00edna por la ventanilla"},"content":{"rendered":"<p style=\"text-align: justify;\">La Guardia Civil de la Comandancia de Oviedo instruye diligencias tras la detenci\u00f3n en Mieres de dos hombres, vecinos de Pola de Lena, por un delito contra la salud p\u00fablica -tr\u00e1fico de drogas, seg\u00fan inform\u00f3 la Benem\u00e9rita.<\/p>\n<p><img loading=\"lazy\" decoding=\"async\" class=\"aligncenter size-full wp-image-2379\" src=\"https:\/\/www.cuencasmineras.com\/wp-content\/uploads\/2021\/04\/6fe18ddb-aabd-497d-9973-0bbee26b2aee_16-9-aspect-ratio_default_0.jpg\" alt=\"\" width=\"880\" height=\"495\" srcset=\"https:\/\/www.cuencasmineras.com\/wp-content\/uploads\/2021\/04\/6fe18ddb-aabd-497d-9973-0bbee26b2aee_16-9-aspect-ratio_default_0.jpg 880w, https:\/\/www.cuencasmineras.com\/wp-content\/uploads\/2021\/04\/6fe18ddb-aabd-497d-9973-0bbee26b2aee_16-9-aspect-ratio_default_0-300x169.jpg 300w, https:\/\/www.cuencasmineras.com\/wp-content\/uploads\/2021\/04\/6fe18ddb-aabd-497d-9973-0bbee26b2aee_16-9-aspect-ratio_default_0-768x432.jpg 768w\" sizes=\"auto, (max-width: 880px) 100vw, 880px\" \/><\/p>\n<p style=\"text-align: justify;\">Los hechos sucedieron sobre las 13 horas de ayer, cuando varias patrullas del Destacamento de Tr\u00e1fico de la Guardia Civil de Mieres realizaban un servicio de vigilancia y seguridad del tr\u00e1fico en la A-66, en sentido a Mieres, observaron a la salida del t\u00fanel del Padr\u00fan un veh\u00edculo Peugeot 307, ocupado por dos hombres y donde el copiloto no hac\u00eda uso del cintur\u00f3n de seguridad, por lo que procedieron a darle el alto.<\/p>\n<p style=\"text-align: justify;\">El veh\u00edculo, tras detenerse moment\u00e1neamente en el arc\u00e9n, inici\u00f3 nuevamente la marcha incorpor\u00e1ndose a la autov\u00eda, por lo que la patrulla de la Agrupaci\u00f3n de Tr\u00e1fico comenz\u00f3 su seguimiento. Tres kil\u00f3metros despu\u00e9s, un ocupante del veh\u00edculo, arroja una bolsa blanca por la ventanilla y a unos cien metros aproximadamente el veh\u00edculo en el arc\u00e9n.<\/p>\n<p style=\"text-align: justify;\">Los Guardias Civiles lograron recuperar la bolsa de la que los detenidos trataron de deshacerse arroj\u00e1ndola por la ventanilla del veh\u00edculo. En su interior se localiz\u00f3 un paquete de unos 500 gramos de peso, con una sustancia de color blanco y textura compacta que hac\u00eda sospechar a los agentes que pudiera tratarse coca\u00edna, por lo que procedieron a la detenci\u00f3n de los dos ocupantes del veh\u00edculo como supuestos autores de un delito contra la salud p\u00fablica siendo trasladados al Acuartelamiento de Mieres.<\/p>\n<p style=\"text-align: justify;\">Posteriormente, tras personarse en el Puesto de la Guardia Civil de Mieres, componentes del EDOA (Equipo de Delincuencia Organizada y Antidroga) de la Unidad Org\u00e1nica de Polic\u00eda Judicial de la Comandancia de la Guardia Civil de Oviedo realizan la prueba de reacci\u00f3n con el contenido del paquete recuperado, dando positivo en COCA\u00cdNA y arrojando un peso de 421 gramos, por lo que imputan a los detenidos un delito de tr\u00e1fico de drogas.<\/p>\n<p style=\"text-align: justify;\">Los dos detenidos, vecinos de Pola de Lena, son trasladados a dependencias de la Comandancia de la Guardia Civil en Oviedo al igual que el veh\u00edculo incautado, que es registrado por componentes del Servicio Cinol\u00f3gico (Perro y Gu\u00edas Caninos), hallando en el interior del turismo, adem\u00e1s, dos trozos de hachis. El EDOA de la Guardia Civil instruye diligencias que ser\u00e1n trasladadas al Juzgado de Instrucci\u00f3n en funciones de guardia de Mieres.<\/p>\n<p>&nbsp;<\/p>\n<p>&nbsp;<\/p>\n<p>Fuente &#8211; LNE<\/p>\n","protected":false},"excerpt":{"rendered":"<p>La Guardia Civil de la Comandancia de Oviedo instruye diligencias tras la detenci\u00f3n en Mieres de dos hombres, vecinos de Pola de Lena, por un delito contra la salud p\u00fablica -tr\u00e1fico de drogas, seg\u00fan inform\u00f3 la Benem\u00e9rita. Los hechos sucedieron sobre las 13 horas de ayer, cuando varias patrullas del Destacamento de Tr\u00e1fico de la [&hellip;]<\/p>\n","protected":false},"author":1,"featured_media":2379,"comment_status":"open","ping_status":"open","sticky":false,"template":"","format":"standard","meta":{"footnotes":""},"categories":[7,6],"tags":[],"class_list":["post-2378","post","type-post","status-publish","format-standard","has-post-thumbnail","hentry","category-caudal","category-noticias"],"yoast_head":"<!-- This site is optimized with the Yoast SEO plugin v27.4 - https:\/\/yoast.com\/product\/yoast-seo-wordpress\/ -->\n<title>Detenidos dos lenenses que se dieron a la fuga y arrojaron medio kilo de coca\u00edna por la ventanilla - cm news<\/title>\n<meta name=\"description\" content=\"Los agentes les hab\u00edan dado el alto porque el copiloto no llevaba puesto el cintur\u00f3n de seguridad\" \/>\n<meta name=\"robots\" content=\"index, follow, max-snippet:-1, max-image-preview:large, max-video-preview:-1\" \/>\n<link rel=\"canonical\" href=\"https:\/\/www.cuencasmineras.com\/index.php\/2021\/04\/08\/detenidos-dos-lenenses-que-se-dieron-a-la-fuga-y-arrojaron-medio-kilo-de-cocaina-por-la-ventanilla\/\" \/>\n<meta property=\"og:locale\" content=\"es_ES\" \/>\n<meta property=\"og:type\" content=\"article\" \/>\n<meta property=\"og:title\" content=\"Detenidos dos lenenses que se dieron a la fuga y arrojaron medio kilo de coca\u00edna por la ventanilla - cm news\" \/>\n<meta property=\"og:description\" content=\"Los agentes les hab\u00edan dado el alto porque el copiloto no llevaba puesto el cintur\u00f3n de seguridad\" \/>\n<meta property=\"og:url\" content=\"https:\/\/www.cuencasmineras.com\/index.php\/2021\/04\/08\/detenidos-dos-lenenses-que-se-dieron-a-la-fuga-y-arrojaron-medio-kilo-de-cocaina-por-la-ventanilla\/\" \/>\n<meta property=\"article:published_time\" content=\"2021-04-08T14:04:40+00:00\" \/>\n<meta property=\"og:image\" content=\"https:\/\/www.cuencasmineras.com\/wp-content\/uploads\/2021\/04\/6fe18ddb-aabd-497d-9973-0bbee26b2aee_16-9-aspect-ratio_default_0.jpg\" \/>\n\t<meta property=\"og:image:width\" content=\"880\" \/>\n\t<meta property=\"og:image:height\" content=\"495\" \/>\n\t<meta property=\"og:image:type\" content=\"image\/jpeg\" \/>\n<meta name=\"author\" content=\"admin\" \/>\n<meta name=\"twitter:card\" content=\"summary_large_image\" \/>\n<meta name=\"twitter:label1\" content=\"Escrito por\" \/>\n\t<meta name=\"twitter:data1\" content=\"admin\" \/>\n\t<meta name=\"twitter:label2\" content=\"Tiempo de lectura\" \/>\n\t<meta name=\"twitter:data2\" content=\"2 minutos\" \/>\n<script type=\"application\/ld+json\" class=\"yoast-schema-graph\">{\"@context\":\"https:\\\/\\\/schema.org\",\"@graph\":[{\"@type\":\"Article\",\"@id\":\"https:\\\/\\\/www.cuencasmineras.com\\\/index.php\\\/2021\\\/04\\\/08\\\/detenidos-dos-lenenses-que-se-dieron-a-la-fuga-y-arrojaron-medio-kilo-de-cocaina-por-la-ventanilla\\\/#article\",\"isPartOf\":{\"@id\":\"https:\\\/\\\/www.cuencasmineras.com\\\/index.php\\\/2021\\\/04\\\/08\\\/detenidos-dos-lenenses-que-se-dieron-a-la-fuga-y-arrojaron-medio-kilo-de-cocaina-por-la-ventanilla\\\/\"},\"author\":{\"name\":\"admin\",\"@id\":\"https:\\\/\\\/www.cuencasmineras.com\\\/#\\\/schema\\\/person\\\/be0691310e8496ec555f679dd688420c\"},\"headline\":\"Detenidos dos lenenses que se dieron a la fuga y arrojaron medio kilo de coca\u00edna por la ventanilla\",\"datePublished\":\"2021-04-08T14:04:40+00:00\",\"mainEntityOfPage\":{\"@id\":\"https:\\\/\\\/www.cuencasmineras.com\\\/index.php\\\/2021\\\/04\\\/08\\\/detenidos-dos-lenenses-que-se-dieron-a-la-fuga-y-arrojaron-medio-kilo-de-cocaina-por-la-ventanilla\\\/\"},\"wordCount\":451,\"commentCount\":0,\"image\":{\"@id\":\"https:\\\/\\\/www.cuencasmineras.com\\\/index.php\\\/2021\\\/04\\\/08\\\/detenidos-dos-lenenses-que-se-dieron-a-la-fuga-y-arrojaron-medio-kilo-de-cocaina-por-la-ventanilla\\\/#primaryimage\"},\"thumbnailUrl\":\"https:\\\/\\\/www.cuencasmineras.com\\\/wp-content\\\/uploads\\\/2021\\\/04\\\/6fe18ddb-aabd-497d-9973-0bbee26b2aee_16-9-aspect-ratio_default_0.jpg\",\"articleSection\":[\"Caudal\",\"CM NEWS\"],\"inLanguage\":\"es\",\"potentialAction\":[{\"@type\":\"CommentAction\",\"name\":\"Comment\",\"target\":[\"https:\\\/\\\/www.cuencasmineras.com\\\/index.php\\\/2021\\\/04\\\/08\\\/detenidos-dos-lenenses-que-se-dieron-a-la-fuga-y-arrojaron-medio-kilo-de-cocaina-por-la-ventanilla\\\/#respond\"]}]},{\"@type\":\"WebPage\",\"@id\":\"https:\\\/\\\/www.cuencasmineras.com\\\/index.php\\\/2021\\\/04\\\/08\\\/detenidos-dos-lenenses-que-se-dieron-a-la-fuga-y-arrojaron-medio-kilo-de-cocaina-por-la-ventanilla\\\/\",\"url\":\"https:\\\/\\\/www.cuencasmineras.com\\\/index.php\\\/2021\\\/04\\\/08\\\/detenidos-dos-lenenses-que-se-dieron-a-la-fuga-y-arrojaron-medio-kilo-de-cocaina-por-la-ventanilla\\\/\",\"name\":\"Detenidos dos lenenses que se dieron a la fuga y arrojaron medio kilo de coca\u00edna por la ventanilla - cm news\",\"isPartOf\":{\"@id\":\"https:\\\/\\\/www.cuencasmineras.com\\\/#website\"},\"primaryImageOfPage\":{\"@id\":\"https:\\\/\\\/www.cuencasmineras.com\\\/index.php\\\/2021\\\/04\\\/08\\\/detenidos-dos-lenenses-que-se-dieron-a-la-fuga-y-arrojaron-medio-kilo-de-cocaina-por-la-ventanilla\\\/#primaryimage\"},\"image\":{\"@id\":\"https:\\\/\\\/www.cuencasmineras.com\\\/index.php\\\/2021\\\/04\\\/08\\\/detenidos-dos-lenenses-que-se-dieron-a-la-fuga-y-arrojaron-medio-kilo-de-cocaina-por-la-ventanilla\\\/#primaryimage\"},\"thumbnailUrl\":\"https:\\\/\\\/www.cuencasmineras.com\\\/wp-content\\\/uploads\\\/2021\\\/04\\\/6fe18ddb-aabd-497d-9973-0bbee26b2aee_16-9-aspect-ratio_default_0.jpg\",\"datePublished\":\"2021-04-08T14:04:40+00:00\",\"author\":{\"@id\":\"https:\\\/\\\/www.cuencasmineras.com\\\/#\\\/schema\\\/person\\\/be0691310e8496ec555f679dd688420c\"},\"description\":\"Los agentes les hab\u00edan dado el alto porque el copiloto no llevaba puesto el cintur\u00f3n de seguridad\",\"breadcrumb\":{\"@id\":\"https:\\\/\\\/www.cuencasmineras.com\\\/index.php\\\/2021\\\/04\\\/08\\\/detenidos-dos-lenenses-que-se-dieron-a-la-fuga-y-arrojaron-medio-kilo-de-cocaina-por-la-ventanilla\\\/#breadcrumb\"},\"inLanguage\":\"es\",\"potentialAction\":[{\"@type\":\"ReadAction\",\"target\":[\"https:\\\/\\\/www.cuencasmineras.com\\\/index.php\\\/2021\\\/04\\\/08\\\/detenidos-dos-lenenses-que-se-dieron-a-la-fuga-y-arrojaron-medio-kilo-de-cocaina-por-la-ventanilla\\\/\"]}]},{\"@type\":\"ImageObject\",\"inLanguage\":\"es\",\"@id\":\"https:\\\/\\\/www.cuencasmineras.com\\\/index.php\\\/2021\\\/04\\\/08\\\/detenidos-dos-lenenses-que-se-dieron-a-la-fuga-y-arrojaron-medio-kilo-de-cocaina-por-la-ventanilla\\\/#primaryimage\",\"url\":\"https:\\\/\\\/www.cuencasmineras.com\\\/wp-content\\\/uploads\\\/2021\\\/04\\\/6fe18ddb-aabd-497d-9973-0bbee26b2aee_16-9-aspect-ratio_default_0.jpg\",\"contentUrl\":\"https:\\\/\\\/www.cuencasmineras.com\\\/wp-content\\\/uploads\\\/2021\\\/04\\\/6fe18ddb-aabd-497d-9973-0bbee26b2aee_16-9-aspect-ratio_default_0.jpg\",\"width\":880,\"height\":495},{\"@type\":\"BreadcrumbList\",\"@id\":\"https:\\\/\\\/www.cuencasmineras.com\\\/index.php\\\/2021\\\/04\\\/08\\\/detenidos-dos-lenenses-que-se-dieron-a-la-fuga-y-arrojaron-medio-kilo-de-cocaina-por-la-ventanilla\\\/#breadcrumb\",\"itemListElement\":[{\"@type\":\"ListItem\",\"position\":1,\"name\":\"Portada\",\"item\":\"https:\\\/\\\/www.cuencasmineras.com\\\/\"},{\"@type\":\"ListItem\",\"position\":2,\"name\":\"Detenidos dos lenenses que se dieron a la fuga y arrojaron medio kilo de coca\u00edna por la ventanilla\"}]},{\"@type\":\"WebSite\",\"@id\":\"https:\\\/\\\/www.cuencasmineras.com\\\/#website\",\"url\":\"https:\\\/\\\/www.cuencasmineras.com\\\/\",\"name\":\"\",\"description\":\"\",\"potentialAction\":[{\"@type\":\"SearchAction\",\"target\":{\"@type\":\"EntryPoint\",\"urlTemplate\":\"https:\\\/\\\/www.cuencasmineras.com\\\/?s={search_term_string}\"},\"query-input\":{\"@type\":\"PropertyValueSpecification\",\"valueRequired\":true,\"valueName\":\"search_term_string\"}}],\"inLanguage\":\"es\"},{\"@type\":\"Person\",\"@id\":\"https:\\\/\\\/www.cuencasmineras.com\\\/#\\\/schema\\\/person\\\/be0691310e8496ec555f679dd688420c\",\"name\":\"admin\",\"image\":{\"@type\":\"ImageObject\",\"inLanguage\":\"es\",\"@id\":\"https:\\\/\\\/secure.gravatar.com\\\/avatar\\\/4afd2eed3b2fbbf36dd6707b5bd8a5b50ac648f033e36fbf85aeace2f0f859db?s=96&d=mm&r=g\",\"url\":\"https:\\\/\\\/secure.gravatar.com\\\/avatar\\\/4afd2eed3b2fbbf36dd6707b5bd8a5b50ac648f033e36fbf85aeace2f0f859db?s=96&d=mm&r=g\",\"contentUrl\":\"https:\\\/\\\/secure.gravatar.com\\\/avatar\\\/4afd2eed3b2fbbf36dd6707b5bd8a5b50ac648f033e36fbf85aeace2f0f859db?s=96&d=mm&r=g\",\"caption\":\"admin\"},\"sameAs\":[\"https:\\\/\\\/www.cuencasmineras.com\"],\"url\":\"https:\\\/\\\/www.cuencasmineras.com\\\/index.php\\\/author\\\/admin\\\/\"}]}<\/script>\n<!-- \/ Yoast SEO plugin. -->","yoast_head_json":{"title":"Detenidos dos lenenses que se dieron a la fuga y arrojaron medio kilo de coca\u00edna por la ventanilla - cm news","description":"Los agentes les hab\u00edan dado el alto porque el copiloto no llevaba puesto el cintur\u00f3n de seguridad","robots":{"index":"index","follow":"follow","max-snippet":"max-snippet:-1","max-image-preview":"max-image-preview:large","max-video-preview":"max-video-preview:-1"},"canonical":"https:\/\/www.cuencasmineras.com\/index.php\/2021\/04\/08\/detenidos-dos-lenenses-que-se-dieron-a-la-fuga-y-arrojaron-medio-kilo-de-cocaina-por-la-ventanilla\/","og_locale":"es_ES","og_type":"article","og_title":"Detenidos dos lenenses que se dieron a la fuga y arrojaron medio kilo de coca\u00edna por la ventanilla - cm news","og_description":"Los agentes les hab\u00edan dado el alto porque el copiloto no llevaba puesto el cintur\u00f3n de seguridad","og_url":"https:\/\/www.cuencasmineras.com\/index.php\/2021\/04\/08\/detenidos-dos-lenenses-que-se-dieron-a-la-fuga-y-arrojaron-medio-kilo-de-cocaina-por-la-ventanilla\/","article_published_time":"2021-04-08T14:04:40+00:00","og_image":[{"width":880,"height":495,"url":"https:\/\/www.cuencasmineras.com\/wp-content\/uploads\/2021\/04\/6fe18ddb-aabd-497d-9973-0bbee26b2aee_16-9-aspect-ratio_default_0.jpg","type":"image\/jpeg"}],"author":"admin","twitter_card":"summary_large_image","twitter_misc":{"Escrito por":"admin","Tiempo de lectura":"2 minutos"},"schema":{"@context":"https:\/\/schema.org","@graph":[{"@type":"Article","@id":"https:\/\/www.cuencasmineras.com\/index.php\/2021\/04\/08\/detenidos-dos-lenenses-que-se-dieron-a-la-fuga-y-arrojaron-medio-kilo-de-cocaina-por-la-ventanilla\/#article","isPartOf":{"@id":"https:\/\/www.cuencasmineras.com\/index.php\/2021\/04\/08\/detenidos-dos-lenenses-que-se-dieron-a-la-fuga-y-arrojaron-medio-kilo-de-cocaina-por-la-ventanilla\/"},"author":{"name":"admin","@id":"https:\/\/www.cuencasmineras.com\/#\/schema\/person\/be0691310e8496ec555f679dd688420c"},"headline":"Detenidos dos lenenses que se dieron a la fuga y arrojaron medio kilo de coca\u00edna por la ventanilla","datePublished":"2021-04-08T14:04:40+00:00","mainEntityOfPage":{"@id":"https:\/\/www.cuencasmineras.com\/index.php\/2021\/04\/08\/detenidos-dos-lenenses-que-se-dieron-a-la-fuga-y-arrojaron-medio-kilo-de-cocaina-por-la-ventanilla\/"},"wordCount":451,"commentCount":0,"image":{"@id":"https:\/\/www.cuencasmineras.com\/index.php\/2021\/04\/08\/detenidos-dos-lenenses-que-se-dieron-a-la-fuga-y-arrojaron-medio-kilo-de-cocaina-por-la-ventanilla\/#primaryimage"},"thumbnailUrl":"https:\/\/www.cuencasmineras.com\/wp-content\/uploads\/2021\/04\/6fe18ddb-aabd-497d-9973-0bbee26b2aee_16-9-aspect-ratio_default_0.jpg","articleSection":["Caudal","CM NEWS"],"inLanguage":"es","potentialAction":[{"@type":"CommentAction","name":"Comment","target":["https:\/\/www.cuencasmineras.com\/index.php\/2021\/04\/08\/detenidos-dos-lenenses-que-se-dieron-a-la-fuga-y-arrojaron-medio-kilo-de-cocaina-por-la-ventanilla\/#respond"]}]},{"@type":"WebPage","@id":"https:\/\/www.cuencasmineras.com\/index.php\/2021\/04\/08\/detenidos-dos-lenenses-que-se-dieron-a-la-fuga-y-arrojaron-medio-kilo-de-cocaina-por-la-ventanilla\/","url":"https:\/\/www.cuencasmineras.com\/index.php\/2021\/04\/08\/detenidos-dos-lenenses-que-se-dieron-a-la-fuga-y-arrojaron-medio-kilo-de-cocaina-por-la-ventanilla\/","name":"Detenidos dos lenenses que se dieron a la fuga y arrojaron medio kilo de coca\u00edna por la ventanilla - cm news","isPartOf":{"@id":"https:\/\/www.cuencasmineras.com\/#website"},"primaryImageOfPage":{"@id":"https:\/\/www.cuencasmineras.com\/index.php\/2021\/04\/08\/detenidos-dos-lenenses-que-se-dieron-a-la-fuga-y-arrojaron-medio-kilo-de-cocaina-por-la-ventanilla\/#primaryimage"},"image":{"@id":"https:\/\/www.cuencasmineras.com\/index.php\/2021\/04\/08\/detenidos-dos-lenenses-que-se-dieron-a-la-fuga-y-arrojaron-medio-kilo-de-cocaina-por-la-ventanilla\/#primaryimage"},"thumbnailUrl":"https:\/\/www.cuencasmineras.com\/wp-content\/uploads\/2021\/04\/6fe18ddb-aabd-497d-9973-0bbee26b2aee_16-9-aspect-ratio_default_0.jpg","datePublished":"2021-04-08T14:04:40+00:00","author":{"@id":"https:\/\/www.cuencasmineras.com\/#\/schema\/person\/be0691310e8496ec555f679dd688420c"},"description":"Los agentes les hab\u00edan dado el alto porque el copiloto no llevaba puesto el cintur\u00f3n de seguridad","breadcrumb":{"@id":"https:\/\/www.cuencasmineras.com\/index.php\/2021\/04\/08\/detenidos-dos-lenenses-que-se-dieron-a-la-fuga-y-arrojaron-medio-kilo-de-cocaina-por-la-ventanilla\/#breadcrumb"},"inLanguage":"es","potentialAction":[{"@type":"ReadAction","target":["https:\/\/www.cuencasmineras.com\/index.php\/2021\/04\/08\/detenidos-dos-lenenses-que-se-dieron-a-la-fuga-y-arrojaron-medio-kilo-de-cocaina-por-la-ventanilla\/"]}]},{"@type":"ImageObject","inLanguage":"es","@id":"https:\/\/www.cuencasmineras.com\/index.php\/2021\/04\/08\/detenidos-dos-lenenses-que-se-dieron-a-la-fuga-y-arrojaron-medio-kilo-de-cocaina-por-la-ventanilla\/#primaryimage","url":"https:\/\/www.cuencasmineras.com\/wp-content\/uploads\/2021\/04\/6fe18ddb-aabd-497d-9973-0bbee26b2aee_16-9-aspect-ratio_default_0.jpg","contentUrl":"https:\/\/www.cuencasmineras.com\/wp-content\/uploads\/2021\/04\/6fe18ddb-aabd-497d-9973-0bbee26b2aee_16-9-aspect-ratio_default_0.jpg","width":880,"height":495},{"@type":"BreadcrumbList","@id":"https:\/\/www.cuencasmineras.com\/index.php\/2021\/04\/08\/detenidos-dos-lenenses-que-se-dieron-a-la-fuga-y-arrojaron-medio-kilo-de-cocaina-por-la-ventanilla\/#breadcrumb","itemListElement":[{"@type":"ListItem","position":1,"name":"Portada","item":"https:\/\/www.cuencasmineras.com\/"},{"@type":"ListItem","position":2,"name":"Detenidos dos lenenses que se dieron a la fuga y arrojaron medio kilo de coca\u00edna por la ventanilla"}]},{"@type":"WebSite","@id":"https:\/\/www.cuencasmineras.com\/#website","url":"https:\/\/www.cuencasmineras.com\/","name":"","description":"","potentialAction":[{"@type":"SearchAction","target":{"@type":"EntryPoint","urlTemplate":"https:\/\/www.cuencasmineras.com\/?s={search_term_string}"},"query-input":{"@type":"PropertyValueSpecification","valueRequired":true,"valueName":"search_term_string"}}],"inLanguage":"es"},{"@type":"Person","@id":"https:\/\/www.cuencasmineras.com\/#\/schema\/person\/be0691310e8496ec555f679dd688420c","name":"admin","image":{"@type":"ImageObject","inLanguage":"es","@id":"https:\/\/secure.gravatar.com\/avatar\/4afd2eed3b2fbbf36dd6707b5bd8a5b50ac648f033e36fbf85aeace2f0f859db?s=96&d=mm&r=g","url":"https:\/\/secure.gravatar.com\/avatar\/4afd2eed3b2fbbf36dd6707b5bd8a5b50ac648f033e36fbf85aeace2f0f859db?s=96&d=mm&r=g","contentUrl":"https:\/\/secure.gravatar.com\/avatar\/4afd2eed3b2fbbf36dd6707b5bd8a5b50ac648f033e36fbf85aeace2f0f859db?s=96&d=mm&r=g","caption":"admin"},"sameAs":["https:\/\/www.cuencasmineras.com"],"url":"https:\/\/www.cuencasmineras.com\/index.php\/author\/admin\/"}]}},"_links":{"self":[{"href":"https:\/\/www.cuencasmineras.com\/index.php\/wp-json\/wp\/v2\/posts\/2378","targetHints":{"allow":["GET"]}}],"collection":[{"href":"https:\/\/www.cuencasmineras.com\/index.php\/wp-json\/wp\/v2\/posts"}],"about":[{"href":"https:\/\/www.cuencasmineras.com\/index.php\/wp-json\/wp\/v2\/types\/post"}],"author":[{"embeddable":true,"href":"https:\/\/www.cuencasmineras.com\/index.php\/wp-json\/wp\/v2\/users\/1"}],"replies":[{"embeddable":true,"href":"https:\/\/www.cuencasmineras.com\/index.php\/wp-json\/wp\/v2\/comments?post=2378"}],"version-history":[{"count":1,"href":"https:\/\/www.cuencasmineras.com\/index.php\/wp-json\/wp\/v2\/posts\/2378\/revisions"}],"predecessor-version":[{"id":2380,"href":"https:\/\/www.cuencasmineras.com\/index.php\/wp-json\/wp\/v2\/posts\/2378\/revisions\/2380"}],"wp:featuredmedia":[{"embeddable":true,"href":"https:\/\/www.cuencasmineras.com\/index.php\/wp-json\/wp\/v2\/media\/2379"}],"wp:attachment":[{"href":"https:\/\/www.cuencasmineras.com\/index.php\/wp-json\/wp\/v2\/media?parent=2378"}],"wp:term":[{"taxonomy":"category","embeddable":true,"href":"https:\/\/www.cuencasmineras.com\/index.php\/wp-json\/wp\/v2\/categories?post=2378"},{"taxonomy":"post_tag","embeddable":true,"href":"https:\/\/www.cuencasmineras.com\/index.php\/wp-json\/wp\/v2\/tags?post=2378"}],"curies":[{"name":"wp","href":"https:\/\/api.w.org\/{rel}","templated":true}]}}