{"id":2381,"date":"2021-04-08T14:09:11","date_gmt":"2021-04-08T14:09:11","guid":{"rendered":"https:\/\/www.cuencasmineras.com\/?p=2381"},"modified":"2021-04-08T14:09:11","modified_gmt":"2021-04-08T14:09:11","slug":"el-plan-de-asturias-con-la-vacuna-de-astrazeneca-seguir-con-la-poblacion-de-65-a-63-anos-y-dudas-en-la-segunda-dosis","status":"publish","type":"post","link":"https:\/\/www.cuencasmineras.com\/index.php\/2021\/04\/08\/el-plan-de-asturias-con-la-vacuna-de-astrazeneca-seguir-con-la-poblacion-de-65-a-63-anos-y-dudas-en-la-segunda-dosis\/","title":{"rendered":"El plan de Asturias con la vacuna de AstraZeneca: seguir con la poblaci\u00f3n de 65 a 63 a\u00f1os y dudas en la segunda dosis"},"content":{"rendered":"<p style=\"text-align: justify;\">Los puntos de vacunaci\u00f3n lo ven\u00edan constatando en los \u00faltimos d\u00edas y ayer la tendencia solo hizo que incrementarse. El rechazo a la vacuna de AstraZeneca, entre los citados para vacunarse en Asturias, est\u00e1 sufriendo de los mismos recelos que en muchos otros puntos de Europa y ello gener\u00f3 que ayer \u00abayer hubo muchas citas previstas, entre la poblaci\u00f3n citada de 65 a 64 a\u00f1os, que no acudieron\u00bb, seg\u00fan dijo la directora gerente del Servicio de Salud del Principado (Sespa), Concepci\u00f3n Saavedra. \u00abPensamos que est\u00e1 relacionado con esta situaci\u00f3n. Lo que se hizo en algunos puntos fue llamar a otras personas de esos listados de edad para avanzar en la vacuna. Hay que dar tranquilidad. Los estudios demuestran que, realmente, en ese grupo de poblaci\u00f3n de 60 a 65 a\u00f1os los riesgos son casi inexistentes y queremos dar tranquilidad y seguridad, pidiendo a las personas citadas que acudan a los puntos de vacunaci\u00f3n\u00bb, ahond\u00f3 Saavedra.<\/p>\n<p style=\"text-align: justify;\"><img loading=\"lazy\" decoding=\"async\" class=\"aligncenter size-full wp-image-2382\" src=\"https:\/\/www.cuencasmineras.com\/wp-content\/uploads\/2021\/04\/Captura.png\" alt=\"\" width=\"872\" height=\"870\" srcset=\"https:\/\/www.cuencasmineras.com\/wp-content\/uploads\/2021\/04\/Captura.png 872w, https:\/\/www.cuencasmineras.com\/wp-content\/uploads\/2021\/04\/Captura-300x300.png 300w, https:\/\/www.cuencasmineras.com\/wp-content\/uploads\/2021\/04\/Captura-150x150.png 150w, https:\/\/www.cuencasmineras.com\/wp-content\/uploads\/2021\/04\/Captura-768x766.png 768w\" sizes=\"auto, (max-width: 872px) 100vw, 872px\" \/><\/p>\n<p style=\"text-align: justify;\">De hecho el plan del Principado respecto a la vacunaci\u00f3n con AstraZeneca es el siguiente:<\/p>\n<p style=\"text-align: justify;\">\u00abPara esta semana se acabar\u00e1 con la cohorte de 65 a\u00f1os y se va a vacunar tambi\u00e9n esta semana a los de 64 a\u00f1os. Y la idea es seguir llamando a los de 63 a\u00f1os. De ah\u00ed para abajo (hasta los 60 a\u00f1os, que es el nuevo tope que se le ha puesto a la vacuna de AstraZeneca, dependemos de cu\u00e1ndo se reciban m\u00e1s dosis y no sabemos cuando llegar\u00e1\u00bb, coment\u00f3 Saavedra.<\/p>\n<p style=\"text-align: justify;\">Tambi\u00e9n en ese punto insisti\u00f3 Rafael Cofi\u00f1o, director general de Salud P\u00fablica: \u00abEl factor fundamental del riesgo es la edad, por eso hay que vacunar cuanto antes a las personas de m\u00e1s edad. Y debemos recordarle a la poblaci\u00f3n que el grupo de 65 a 63 a\u00f1os supone ahora un factor de riesgo de ingreo en las UCIs. Es fundamental seguir vacunando con las vacunas disponibles y con los criterios de priorizaci\u00f3n establecidos\u00bb.<\/p>\n<p style=\"text-align: justify;\">Respecto a las segundas dosis de AstraZeneca a quienes ya tienen inoculada una parte de la vacuna, en Asturias no hay una postura decidida y se quiere esperar a lo que se decida esta tarde en el grupo de trabajo de expertos.<\/p>\n<p style=\"text-align: justify;\">\u00bfPor qu\u00e9 este nuevo giro alrededor de la estrategia de vacunaci\u00f3n con AstraZeneca? Todo se precipit\u00f3 tras un primer comunicado emitido por la Agencia Europea del Medicamento (EMA), que reconoci\u00f3 que existe \u201cun posible v\u00ednculo\u201d entre las personas vacunadas con AstraZeneca y los casos muy raros de trombosis venosas cerebrales registrados en varios pa\u00edses. Este avance del dictamen de la instituci\u00f3n de expertos de la UE oblig\u00f3 a mover ficha en Espa\u00f1a. Y las dudas respecto a la vacuna se establecen ahora en capas m\u00e1s bajas de edad, no en las m\u00e1s altas, como al principio. \u00bfEl motivo? Que la mayor parte de los casos de trombos vinculados al f\u00e1rmaco se dan en mujeres menores de 60 a\u00f1os, tal y como confirm\u00f3 ayer la directora ejecutiva de la EMA, Emer Cooke. A\u00fan as\u00ed, aclar\u00f3 que \u201cno se han confirmado factores de riesgo espec\u00edficos\u201d debidos al g\u00e9nero, edad o condiciones m\u00e9dicas previas.<\/p>\n<p style=\"text-align: justify;\">Esa falta de constataci\u00f3n cient\u00edfica de una relaci\u00f3n de este \u201cefecto secundario muy raro\u201d \u2013as\u00ed lo ha catalogado la EMA\u2013 con una edad o sexo concretos ha servido para que Europa no se \u201cmoje\u201d marcando una directriz para la estrategia de vacunaci\u00f3n de los diferentes pa\u00edses. Simplemente, confirma la vinculaci\u00f3n de raros casos de trombosis con la vacuna y recalca que el beneficio de la misma sigue siendo mucho mayor que los riesgos. De ah\u00ed que la UE seguir\u00e1 siendo un crisol de criterios dispares respecto al uso de la inmunizaci\u00f3n de AstraZeneca.<\/p>\n","protected":false},"excerpt":{"rendered":"<p>Los puntos de vacunaci\u00f3n lo ven\u00edan constatando en los \u00faltimos d\u00edas y ayer la tendencia solo hizo que incrementarse. El rechazo a la vacuna de AstraZeneca, entre los citados para vacunarse en Asturias, est\u00e1 sufriendo de los mismos recelos que en muchos otros puntos de Europa y ello gener\u00f3 que ayer \u00abayer hubo muchas citas [&hellip;]<\/p>\n","protected":false},"author":1,"featured_media":2382,"comment_status":"open","ping_status":"open","sticky":false,"template":"","format":"standard","meta":{"footnotes":""},"categories":[7,6,8],"tags":[],"class_list":["post-2381","post","type-post","status-publish","format-standard","has-post-thumbnail","hentry","category-caudal","category-noticias","category-nalon"],"yoast_head":"<!-- This site is optimized with the Yoast SEO plugin v27.4 - https:\/\/yoast.com\/product\/yoast-seo-wordpress\/ -->\n<title>El plan de Asturias con la vacuna de AstraZeneca: seguir con la poblaci\u00f3n de 65 a 63 a\u00f1os y dudas en la segunda dosis - cm news<\/title>\n<meta name=\"description\" content=\"&quot;En el grupo de 60 a 65 a\u00f1os los riesgos son casi inexistentes&quot; insisti\u00f3 la gerente del Sespa.\" \/>\n<meta name=\"robots\" content=\"index, follow, max-snippet:-1, max-image-preview:large, max-video-preview:-1\" \/>\n<link rel=\"canonical\" href=\"https:\/\/www.cuencasmineras.com\/index.php\/2021\/04\/08\/el-plan-de-asturias-con-la-vacuna-de-astrazeneca-seguir-con-la-poblacion-de-65-a-63-anos-y-dudas-en-la-segunda-dosis\/\" \/>\n<meta property=\"og:locale\" content=\"es_ES\" \/>\n<meta property=\"og:type\" content=\"article\" \/>\n<meta property=\"og:title\" content=\"El plan de Asturias con la vacuna de AstraZeneca: seguir con la poblaci\u00f3n de 65 a 63 a\u00f1os y dudas en la segunda dosis - cm news\" \/>\n<meta property=\"og:description\" content=\"&quot;En el grupo de 60 a 65 a\u00f1os los riesgos son casi inexistentes&quot; insisti\u00f3 la gerente del Sespa.\" \/>\n<meta property=\"og:url\" content=\"https:\/\/www.cuencasmineras.com\/index.php\/2021\/04\/08\/el-plan-de-asturias-con-la-vacuna-de-astrazeneca-seguir-con-la-poblacion-de-65-a-63-anos-y-dudas-en-la-segunda-dosis\/\" \/>\n<meta property=\"article:published_time\" content=\"2021-04-08T14:09:11+00:00\" \/>\n<meta property=\"og:image\" content=\"https:\/\/www.cuencasmineras.com\/wp-content\/uploads\/2021\/04\/Captura.png\" \/>\n\t<meta property=\"og:image:width\" content=\"872\" \/>\n\t<meta property=\"og:image:height\" content=\"870\" \/>\n\t<meta property=\"og:image:type\" content=\"image\/png\" \/>\n<meta name=\"author\" content=\"admin\" \/>\n<meta name=\"twitter:card\" content=\"summary_large_image\" \/>\n<meta name=\"twitter:label1\" content=\"Escrito por\" \/>\n\t<meta name=\"twitter:data1\" content=\"admin\" \/>\n\t<meta name=\"twitter:label2\" content=\"Tiempo de lectura\" \/>\n\t<meta name=\"twitter:data2\" content=\"3 minutos\" \/>\n<script type=\"application\/ld+json\" class=\"yoast-schema-graph\">{\"@context\":\"https:\\\/\\\/schema.org\",\"@graph\":[{\"@type\":\"Article\",\"@id\":\"https:\\\/\\\/www.cuencasmineras.com\\\/index.php\\\/2021\\\/04\\\/08\\\/el-plan-de-asturias-con-la-vacuna-de-astrazeneca-seguir-con-la-poblacion-de-65-a-63-anos-y-dudas-en-la-segunda-dosis\\\/#article\",\"isPartOf\":{\"@id\":\"https:\\\/\\\/www.cuencasmineras.com\\\/index.php\\\/2021\\\/04\\\/08\\\/el-plan-de-asturias-con-la-vacuna-de-astrazeneca-seguir-con-la-poblacion-de-65-a-63-anos-y-dudas-en-la-segunda-dosis\\\/\"},\"author\":{\"name\":\"admin\",\"@id\":\"https:\\\/\\\/www.cuencasmineras.com\\\/#\\\/schema\\\/person\\\/be0691310e8496ec555f679dd688420c\"},\"headline\":\"El plan de Asturias con la vacuna de AstraZeneca: seguir con la poblaci\u00f3n de 65 a 63 a\u00f1os y dudas en la segunda dosis\",\"datePublished\":\"2021-04-08T14:09:11+00:00\",\"mainEntityOfPage\":{\"@id\":\"https:\\\/\\\/www.cuencasmineras.com\\\/index.php\\\/2021\\\/04\\\/08\\\/el-plan-de-asturias-con-la-vacuna-de-astrazeneca-seguir-con-la-poblacion-de-65-a-63-anos-y-dudas-en-la-segunda-dosis\\\/\"},\"wordCount\":660,\"commentCount\":0,\"image\":{\"@id\":\"https:\\\/\\\/www.cuencasmineras.com\\\/index.php\\\/2021\\\/04\\\/08\\\/el-plan-de-asturias-con-la-vacuna-de-astrazeneca-seguir-con-la-poblacion-de-65-a-63-anos-y-dudas-en-la-segunda-dosis\\\/#primaryimage\"},\"thumbnailUrl\":\"https:\\\/\\\/www.cuencasmineras.com\\\/wp-content\\\/uploads\\\/2021\\\/04\\\/Captura.png\",\"articleSection\":[\"Caudal\",\"CM NEWS\",\"Nal\u00f3n\"],\"inLanguage\":\"es\",\"potentialAction\":[{\"@type\":\"CommentAction\",\"name\":\"Comment\",\"target\":[\"https:\\\/\\\/www.cuencasmineras.com\\\/index.php\\\/2021\\\/04\\\/08\\\/el-plan-de-asturias-con-la-vacuna-de-astrazeneca-seguir-con-la-poblacion-de-65-a-63-anos-y-dudas-en-la-segunda-dosis\\\/#respond\"]}]},{\"@type\":\"WebPage\",\"@id\":\"https:\\\/\\\/www.cuencasmineras.com\\\/index.php\\\/2021\\\/04\\\/08\\\/el-plan-de-asturias-con-la-vacuna-de-astrazeneca-seguir-con-la-poblacion-de-65-a-63-anos-y-dudas-en-la-segunda-dosis\\\/\",\"url\":\"https:\\\/\\\/www.cuencasmineras.com\\\/index.php\\\/2021\\\/04\\\/08\\\/el-plan-de-asturias-con-la-vacuna-de-astrazeneca-seguir-con-la-poblacion-de-65-a-63-anos-y-dudas-en-la-segunda-dosis\\\/\",\"name\":\"El plan de Asturias con la vacuna de AstraZeneca: seguir con la poblaci\u00f3n de 65 a 63 a\u00f1os y dudas en la segunda dosis - cm news\",\"isPartOf\":{\"@id\":\"https:\\\/\\\/www.cuencasmineras.com\\\/#website\"},\"primaryImageOfPage\":{\"@id\":\"https:\\\/\\\/www.cuencasmineras.com\\\/index.php\\\/2021\\\/04\\\/08\\\/el-plan-de-asturias-con-la-vacuna-de-astrazeneca-seguir-con-la-poblacion-de-65-a-63-anos-y-dudas-en-la-segunda-dosis\\\/#primaryimage\"},\"image\":{\"@id\":\"https:\\\/\\\/www.cuencasmineras.com\\\/index.php\\\/2021\\\/04\\\/08\\\/el-plan-de-asturias-con-la-vacuna-de-astrazeneca-seguir-con-la-poblacion-de-65-a-63-anos-y-dudas-en-la-segunda-dosis\\\/#primaryimage\"},\"thumbnailUrl\":\"https:\\\/\\\/www.cuencasmineras.com\\\/wp-content\\\/uploads\\\/2021\\\/04\\\/Captura.png\",\"datePublished\":\"2021-04-08T14:09:11+00:00\",\"author\":{\"@id\":\"https:\\\/\\\/www.cuencasmineras.com\\\/#\\\/schema\\\/person\\\/be0691310e8496ec555f679dd688420c\"},\"description\":\"\\\"En el grupo de 60 a 65 a\u00f1os los riesgos son casi inexistentes\\\" insisti\u00f3 la gerente del Sespa.\",\"breadcrumb\":{\"@id\":\"https:\\\/\\\/www.cuencasmineras.com\\\/index.php\\\/2021\\\/04\\\/08\\\/el-plan-de-asturias-con-la-vacuna-de-astrazeneca-seguir-con-la-poblacion-de-65-a-63-anos-y-dudas-en-la-segunda-dosis\\\/#breadcrumb\"},\"inLanguage\":\"es\",\"potentialAction\":[{\"@type\":\"ReadAction\",\"target\":[\"https:\\\/\\\/www.cuencasmineras.com\\\/index.php\\\/2021\\\/04\\\/08\\\/el-plan-de-asturias-con-la-vacuna-de-astrazeneca-seguir-con-la-poblacion-de-65-a-63-anos-y-dudas-en-la-segunda-dosis\\\/\"]}]},{\"@type\":\"ImageObject\",\"inLanguage\":\"es\",\"@id\":\"https:\\\/\\\/www.cuencasmineras.com\\\/index.php\\\/2021\\\/04\\\/08\\\/el-plan-de-asturias-con-la-vacuna-de-astrazeneca-seguir-con-la-poblacion-de-65-a-63-anos-y-dudas-en-la-segunda-dosis\\\/#primaryimage\",\"url\":\"https:\\\/\\\/www.cuencasmineras.com\\\/wp-content\\\/uploads\\\/2021\\\/04\\\/Captura.png\",\"contentUrl\":\"https:\\\/\\\/www.cuencasmineras.com\\\/wp-content\\\/uploads\\\/2021\\\/04\\\/Captura.png\",\"width\":872,\"height\":870},{\"@type\":\"BreadcrumbList\",\"@id\":\"https:\\\/\\\/www.cuencasmineras.com\\\/index.php\\\/2021\\\/04\\\/08\\\/el-plan-de-asturias-con-la-vacuna-de-astrazeneca-seguir-con-la-poblacion-de-65-a-63-anos-y-dudas-en-la-segunda-dosis\\\/#breadcrumb\",\"itemListElement\":[{\"@type\":\"ListItem\",\"position\":1,\"name\":\"Portada\",\"item\":\"https:\\\/\\\/www.cuencasmineras.com\\\/\"},{\"@type\":\"ListItem\",\"position\":2,\"name\":\"El plan de Asturias con la vacuna de AstraZeneca: seguir con la poblaci\u00f3n de 65 a 63 a\u00f1os y dudas en la segunda dosis\"}]},{\"@type\":\"WebSite\",\"@id\":\"https:\\\/\\\/www.cuencasmineras.com\\\/#website\",\"url\":\"https:\\\/\\\/www.cuencasmineras.com\\\/\",\"name\":\"\",\"description\":\"\",\"potentialAction\":[{\"@type\":\"SearchAction\",\"target\":{\"@type\":\"EntryPoint\",\"urlTemplate\":\"https:\\\/\\\/www.cuencasmineras.com\\\/?s={search_term_string}\"},\"query-input\":{\"@type\":\"PropertyValueSpecification\",\"valueRequired\":true,\"valueName\":\"search_term_string\"}}],\"inLanguage\":\"es\"},{\"@type\":\"Person\",\"@id\":\"https:\\\/\\\/www.cuencasmineras.com\\\/#\\\/schema\\\/person\\\/be0691310e8496ec555f679dd688420c\",\"name\":\"admin\",\"image\":{\"@type\":\"ImageObject\",\"inLanguage\":\"es\",\"@id\":\"https:\\\/\\\/secure.gravatar.com\\\/avatar\\\/4afd2eed3b2fbbf36dd6707b5bd8a5b50ac648f033e36fbf85aeace2f0f859db?s=96&d=mm&r=g\",\"url\":\"https:\\\/\\\/secure.gravatar.com\\\/avatar\\\/4afd2eed3b2fbbf36dd6707b5bd8a5b50ac648f033e36fbf85aeace2f0f859db?s=96&d=mm&r=g\",\"contentUrl\":\"https:\\\/\\\/secure.gravatar.com\\\/avatar\\\/4afd2eed3b2fbbf36dd6707b5bd8a5b50ac648f033e36fbf85aeace2f0f859db?s=96&d=mm&r=g\",\"caption\":\"admin\"},\"sameAs\":[\"https:\\\/\\\/www.cuencasmineras.com\"],\"url\":\"https:\\\/\\\/www.cuencasmineras.com\\\/index.php\\\/author\\\/admin\\\/\"}]}<\/script>\n<!-- \/ Yoast SEO plugin. -->","yoast_head_json":{"title":"El plan de Asturias con la vacuna de AstraZeneca: seguir con la poblaci\u00f3n de 65 a 63 a\u00f1os y dudas en la segunda dosis - cm news","description":"\"En el grupo de 60 a 65 a\u00f1os los riesgos son casi inexistentes\" insisti\u00f3 la gerente del Sespa.","robots":{"index":"index","follow":"follow","max-snippet":"max-snippet:-1","max-image-preview":"max-image-preview:large","max-video-preview":"max-video-preview:-1"},"canonical":"https:\/\/www.cuencasmineras.com\/index.php\/2021\/04\/08\/el-plan-de-asturias-con-la-vacuna-de-astrazeneca-seguir-con-la-poblacion-de-65-a-63-anos-y-dudas-en-la-segunda-dosis\/","og_locale":"es_ES","og_type":"article","og_title":"El plan de Asturias con la vacuna de AstraZeneca: seguir con la poblaci\u00f3n de 65 a 63 a\u00f1os y dudas en la segunda dosis - cm news","og_description":"\"En el grupo de 60 a 65 a\u00f1os los riesgos son casi inexistentes\" insisti\u00f3 la gerente del Sespa.","og_url":"https:\/\/www.cuencasmineras.com\/index.php\/2021\/04\/08\/el-plan-de-asturias-con-la-vacuna-de-astrazeneca-seguir-con-la-poblacion-de-65-a-63-anos-y-dudas-en-la-segunda-dosis\/","article_published_time":"2021-04-08T14:09:11+00:00","og_image":[{"width":872,"height":870,"url":"https:\/\/www.cuencasmineras.com\/wp-content\/uploads\/2021\/04\/Captura.png","type":"image\/png"}],"author":"admin","twitter_card":"summary_large_image","twitter_misc":{"Escrito por":"admin","Tiempo de lectura":"3 minutos"},"schema":{"@context":"https:\/\/schema.org","@graph":[{"@type":"Article","@id":"https:\/\/www.cuencasmineras.com\/index.php\/2021\/04\/08\/el-plan-de-asturias-con-la-vacuna-de-astrazeneca-seguir-con-la-poblacion-de-65-a-63-anos-y-dudas-en-la-segunda-dosis\/#article","isPartOf":{"@id":"https:\/\/www.cuencasmineras.com\/index.php\/2021\/04\/08\/el-plan-de-asturias-con-la-vacuna-de-astrazeneca-seguir-con-la-poblacion-de-65-a-63-anos-y-dudas-en-la-segunda-dosis\/"},"author":{"name":"admin","@id":"https:\/\/www.cuencasmineras.com\/#\/schema\/person\/be0691310e8496ec555f679dd688420c"},"headline":"El plan de Asturias con la vacuna de AstraZeneca: seguir con la poblaci\u00f3n de 65 a 63 a\u00f1os y dudas en la segunda dosis","datePublished":"2021-04-08T14:09:11+00:00","mainEntityOfPage":{"@id":"https:\/\/www.cuencasmineras.com\/index.php\/2021\/04\/08\/el-plan-de-asturias-con-la-vacuna-de-astrazeneca-seguir-con-la-poblacion-de-65-a-63-anos-y-dudas-en-la-segunda-dosis\/"},"wordCount":660,"commentCount":0,"image":{"@id":"https:\/\/www.cuencasmineras.com\/index.php\/2021\/04\/08\/el-plan-de-asturias-con-la-vacuna-de-astrazeneca-seguir-con-la-poblacion-de-65-a-63-anos-y-dudas-en-la-segunda-dosis\/#primaryimage"},"thumbnailUrl":"https:\/\/www.cuencasmineras.com\/wp-content\/uploads\/2021\/04\/Captura.png","articleSection":["Caudal","CM NEWS","Nal\u00f3n"],"inLanguage":"es","potentialAction":[{"@type":"CommentAction","name":"Comment","target":["https:\/\/www.cuencasmineras.com\/index.php\/2021\/04\/08\/el-plan-de-asturias-con-la-vacuna-de-astrazeneca-seguir-con-la-poblacion-de-65-a-63-anos-y-dudas-en-la-segunda-dosis\/#respond"]}]},{"@type":"WebPage","@id":"https:\/\/www.cuencasmineras.com\/index.php\/2021\/04\/08\/el-plan-de-asturias-con-la-vacuna-de-astrazeneca-seguir-con-la-poblacion-de-65-a-63-anos-y-dudas-en-la-segunda-dosis\/","url":"https:\/\/www.cuencasmineras.com\/index.php\/2021\/04\/08\/el-plan-de-asturias-con-la-vacuna-de-astrazeneca-seguir-con-la-poblacion-de-65-a-63-anos-y-dudas-en-la-segunda-dosis\/","name":"El plan de Asturias con la vacuna de AstraZeneca: seguir con la poblaci\u00f3n de 65 a 63 a\u00f1os y dudas en la segunda dosis - cm news","isPartOf":{"@id":"https:\/\/www.cuencasmineras.com\/#website"},"primaryImageOfPage":{"@id":"https:\/\/www.cuencasmineras.com\/index.php\/2021\/04\/08\/el-plan-de-asturias-con-la-vacuna-de-astrazeneca-seguir-con-la-poblacion-de-65-a-63-anos-y-dudas-en-la-segunda-dosis\/#primaryimage"},"image":{"@id":"https:\/\/www.cuencasmineras.com\/index.php\/2021\/04\/08\/el-plan-de-asturias-con-la-vacuna-de-astrazeneca-seguir-con-la-poblacion-de-65-a-63-anos-y-dudas-en-la-segunda-dosis\/#primaryimage"},"thumbnailUrl":"https:\/\/www.cuencasmineras.com\/wp-content\/uploads\/2021\/04\/Captura.png","datePublished":"2021-04-08T14:09:11+00:00","author":{"@id":"https:\/\/www.cuencasmineras.com\/#\/schema\/person\/be0691310e8496ec555f679dd688420c"},"description":"\"En el grupo de 60 a 65 a\u00f1os los riesgos son casi inexistentes\" insisti\u00f3 la gerente del Sespa.","breadcrumb":{"@id":"https:\/\/www.cuencasmineras.com\/index.php\/2021\/04\/08\/el-plan-de-asturias-con-la-vacuna-de-astrazeneca-seguir-con-la-poblacion-de-65-a-63-anos-y-dudas-en-la-segunda-dosis\/#breadcrumb"},"inLanguage":"es","potentialAction":[{"@type":"ReadAction","target":["https:\/\/www.cuencasmineras.com\/index.php\/2021\/04\/08\/el-plan-de-asturias-con-la-vacuna-de-astrazeneca-seguir-con-la-poblacion-de-65-a-63-anos-y-dudas-en-la-segunda-dosis\/"]}]},{"@type":"ImageObject","inLanguage":"es","@id":"https:\/\/www.cuencasmineras.com\/index.php\/2021\/04\/08\/el-plan-de-asturias-con-la-vacuna-de-astrazeneca-seguir-con-la-poblacion-de-65-a-63-anos-y-dudas-en-la-segunda-dosis\/#primaryimage","url":"https:\/\/www.cuencasmineras.com\/wp-content\/uploads\/2021\/04\/Captura.png","contentUrl":"https:\/\/www.cuencasmineras.com\/wp-content\/uploads\/2021\/04\/Captura.png","width":872,"height":870},{"@type":"BreadcrumbList","@id":"https:\/\/www.cuencasmineras.com\/index.php\/2021\/04\/08\/el-plan-de-asturias-con-la-vacuna-de-astrazeneca-seguir-con-la-poblacion-de-65-a-63-anos-y-dudas-en-la-segunda-dosis\/#breadcrumb","itemListElement":[{"@type":"ListItem","position":1,"name":"Portada","item":"https:\/\/www.cuencasmineras.com\/"},{"@type":"ListItem","position":2,"name":"El plan de Asturias con la vacuna de AstraZeneca: seguir con la poblaci\u00f3n de 65 a 63 a\u00f1os y dudas en la segunda dosis"}]},{"@type":"WebSite","@id":"https:\/\/www.cuencasmineras.com\/#website","url":"https:\/\/www.cuencasmineras.com\/","name":"","description":"","potentialAction":[{"@type":"SearchAction","target":{"@type":"EntryPoint","urlTemplate":"https:\/\/www.cuencasmineras.com\/?s={search_term_string}"},"query-input":{"@type":"PropertyValueSpecification","valueRequired":true,"valueName":"search_term_string"}}],"inLanguage":"es"},{"@type":"Person","@id":"https:\/\/www.cuencasmineras.com\/#\/schema\/person\/be0691310e8496ec555f679dd688420c","name":"admin","image":{"@type":"ImageObject","inLanguage":"es","@id":"https:\/\/secure.gravatar.com\/avatar\/4afd2eed3b2fbbf36dd6707b5bd8a5b50ac648f033e36fbf85aeace2f0f859db?s=96&d=mm&r=g","url":"https:\/\/secure.gravatar.com\/avatar\/4afd2eed3b2fbbf36dd6707b5bd8a5b50ac648f033e36fbf85aeace2f0f859db?s=96&d=mm&r=g","contentUrl":"https:\/\/secure.gravatar.com\/avatar\/4afd2eed3b2fbbf36dd6707b5bd8a5b50ac648f033e36fbf85aeace2f0f859db?s=96&d=mm&r=g","caption":"admin"},"sameAs":["https:\/\/www.cuencasmineras.com"],"url":"https:\/\/www.cuencasmineras.com\/index.php\/author\/admin\/"}]}},"_links":{"self":[{"href":"https:\/\/www.cuencasmineras.com\/index.php\/wp-json\/wp\/v2\/posts\/2381","targetHints":{"allow":["GET"]}}],"collection":[{"href":"https:\/\/www.cuencasmineras.com\/index.php\/wp-json\/wp\/v2\/posts"}],"about":[{"href":"https:\/\/www.cuencasmineras.com\/index.php\/wp-json\/wp\/v2\/types\/post"}],"author":[{"embeddable":true,"href":"https:\/\/www.cuencasmineras.com\/index.php\/wp-json\/wp\/v2\/users\/1"}],"replies":[{"embeddable":true,"href":"https:\/\/www.cuencasmineras.com\/index.php\/wp-json\/wp\/v2\/comments?post=2381"}],"version-history":[{"count":2,"href":"https:\/\/www.cuencasmineras.com\/index.php\/wp-json\/wp\/v2\/posts\/2381\/revisions"}],"predecessor-version":[{"id":2384,"href":"https:\/\/www.cuencasmineras.com\/index.php\/wp-json\/wp\/v2\/posts\/2381\/revisions\/2384"}],"wp:featuredmedia":[{"embeddable":true,"href":"https:\/\/www.cuencasmineras.com\/index.php\/wp-json\/wp\/v2\/media\/2382"}],"wp:attachment":[{"href":"https:\/\/www.cuencasmineras.com\/index.php\/wp-json\/wp\/v2\/media?parent=2381"}],"wp:term":[{"taxonomy":"category","embeddable":true,"href":"https:\/\/www.cuencasmineras.com\/index.php\/wp-json\/wp\/v2\/categories?post=2381"},{"taxonomy":"post_tag","embeddable":true,"href":"https:\/\/www.cuencasmineras.com\/index.php\/wp-json\/wp\/v2\/tags?post=2381"}],"curies":[{"name":"wp","href":"https:\/\/api.w.org\/{rel}","templated":true}]}}