{"id":2396,"date":"2021-04-09T19:07:43","date_gmt":"2021-04-09T19:07:43","guid":{"rendered":"https:\/\/www.cuencasmineras.com\/?p=2396"},"modified":"2021-04-09T19:07:43","modified_gmt":"2021-04-09T19:07:43","slug":"una-celebracion-familiar-posible-origen-del-brote-que-lleva-a-mieres-al-cierre","status":"publish","type":"post","link":"https:\/\/www.cuencasmineras.com\/index.php\/2021\/04\/09\/una-celebracion-familiar-posible-origen-del-brote-que-lleva-a-mieres-al-cierre\/","title":{"rendered":"Una celebraci\u00f3n familiar, posible origen del brote que lleva a Mieres al cierre"},"content":{"rendered":"<p style=\"text-align: justify;\">El concejo de Mieres vuelve a partir partir de las 00:00 horas del domingo, 11 de abril cierre perimetral en un momento en el que Asturias relaja algo m\u00e1s sus medidas para contener la pandemia y este anuncio no ha sentado nada bien a la poblaci\u00f3n, haciendo que sea la hosteler\u00eda la m\u00e1s damnificada, un sector que agoniza ante lo que le viene.<\/p>\n<p style=\"text-align: justify;\">El aumento de los casos en Mieres responde en buena parte a un importante brote localizado en el barrio de Nuevo Santullano, justo al lado del hospital comarcal \u00c1lvarez Buylla. Seg\u00fan pudo ayer confirmar este diario, todo indica que el origen de los contagios est\u00e1 en la celebraci\u00f3n de una fiesta de car\u00e1cter familiar. En Nuevo Santullano residen actualmente unos 800 vecinos. El barrio se encuentra en la periferia del casco urbano, separado del mismo por el pol\u00edgono industrial de Vega de Arriba. Esta circunstancia hace que las autoridades sanitarias conf\u00eden en poder mantener controlado el brote, con un te\u00f3rico riesgo de propagaci\u00f3n menor que si se localizase en un barrio m\u00e1s integrado en la ciudad.<\/p>\n<p><img loading=\"lazy\" decoding=\"async\" class=\"aligncenter size-large wp-image-2397\" src=\"https:\/\/www.cuencasmineras.com\/wp-content\/uploads\/2021\/04\/6ab03c15-156d-42ae-b28e-8a33027a21c2_21-9-aspect-ratio_default_0-1024x438.jpg\" alt=\"\" width=\"640\" height=\"274\" srcset=\"https:\/\/www.cuencasmineras.com\/wp-content\/uploads\/2021\/04\/6ab03c15-156d-42ae-b28e-8a33027a21c2_21-9-aspect-ratio_default_0-1024x438.jpg 1024w, https:\/\/www.cuencasmineras.com\/wp-content\/uploads\/2021\/04\/6ab03c15-156d-42ae-b28e-8a33027a21c2_21-9-aspect-ratio_default_0-300x128.jpg 300w, https:\/\/www.cuencasmineras.com\/wp-content\/uploads\/2021\/04\/6ab03c15-156d-42ae-b28e-8a33027a21c2_21-9-aspect-ratio_default_0-768x329.jpg 768w, https:\/\/www.cuencasmineras.com\/wp-content\/uploads\/2021\/04\/6ab03c15-156d-42ae-b28e-8a33027a21c2_21-9-aspect-ratio_default_0.jpg 1280w\" sizes=\"auto, (max-width: 640px) 100vw, 640px\" \/><\/p>\n<p style=\"text-align: justify;\">Francisco Mortera, propietario del Barolaya, asegura que \u201clo que no se entiende son las formas y el castigo a la hosteler\u00eda, nos obligan a reiventarnos cada d\u00eda\u201d.<\/p>\n<p style=\"text-align: justify;\">Y es que las restricciones afectan, sobre todo, \u201ca la hora de contar con el personal o con el material, tenemos que estar a la expectativa de todo, la verdad es que nos gustar\u00eda que hubiera una mayor previsi\u00f3n para trabajar m\u00e1s tranquilos\u201d.<\/p>\n<p style=\"text-align: justify;\">Una opini\u00f3n que tambi\u00e9n comparte Sandra Garc\u00eda, de Las Novedades, quien considera, adem\u00e1s, \u201cque los cierres perimetrales no tienen sentido, no funcionan, porque hay muy pocos controles exhaustivos para las entradas y salidas\u201d.<\/p>\n<p style=\"text-align: justify;\">Por otro lado, esta situaci\u00f3n tambi\u00e9n puede afectar a una de las fiestas por excelencia de Mieres, la Folixa na Primavera, que est\u00e1 programada del 16 al 18 de abril, dentro de una semana.<\/p>\n<p style=\"text-align: justify;\">\u201cYa perdimos alguna fiesta, como la asturgalaica, as\u00ed que a ver qu\u00e9 pasa ahora con la Folixa, porque para nosotros es importante que se celebre\u201d, destac\u00f3 Mortera. Por su parte, Garc\u00eda considera que este cierre anunciado \u201cigual tiene que ver justo porque se acerca la Folixa, ya veremos, pero nos afecta mucho porque al no tener una previsi\u00f3n concreta, podemos perder la mercanc\u00eda\u201d.<\/p>\n<p style=\"text-align: justify;\">Tampoco sab\u00eda ayer esta hostelera si las medidas de alivio que entran en vigor hoy tambi\u00e9n se aplicar\u00e1n en Mieres, a pesar del cierre perimetral.<\/p>\n<p style=\"text-align: justify;\">La respuesta a esta pregunta la comunicaron al poco desde el Ayuntamiento de Mieres, que mantuvieron un encuentro con responsables de la Consejer\u00eda de Sanidad en relaci\u00f3n a la entrada del concejo en la fase 4+.<\/p>\n<p style=\"text-align: justify;\">En este sentido, y respecto a las medidas de alivio, en Mieres tambi\u00e9n se cumplir\u00e1n. Es decir, los establecimientos hosteleros podr\u00e1n abrir hasta las once de la noche que es la hora marcada para el cierre por el Principado y que coincide con el toque de queda. Eso s\u00ed, como est\u00e1n en fase 4+, la hosteler\u00eda no puede servir en el interior de los establecimientos, con lo que tendr\u00e1 que limitarse a las terrazas. Y aquellos que no tengan terraza tendr\u00e1n que cerrar a no ser que dispongan de un servicio de comida a domicilio y para recoger.<\/p>\n<p style=\"text-align: justify;\">El alcalde de Mieres, An\u00edbal V\u00e1zquez, valor\u00f3: \u201cLlevamos un a\u00f1o muy complicado y en cada paso hemos estado a la altura de las circunstancias, por eso estoy seguro de que vamos a seguir est\u00e1ndolo\u201d.<\/p>\n","protected":false},"excerpt":{"rendered":"<p>El concejo de Mieres vuelve a partir partir de las 00:00 horas del domingo, 11 de abril cierre perimetral en un momento en el que Asturias relaja algo m\u00e1s sus medidas para contener la pandemia y este anuncio no ha sentado nada bien a la poblaci\u00f3n, haciendo que sea la hosteler\u00eda la m\u00e1s damnificada, un [&hellip;]<\/p>\n","protected":false},"author":1,"featured_media":2397,"comment_status":"open","ping_status":"open","sticky":false,"template":"","format":"standard","meta":{"footnotes":""},"categories":[7,6],"tags":[],"class_list":["post-2396","post","type-post","status-publish","format-standard","has-post-thumbnail","hentry","category-caudal","category-noticias"],"yoast_head":"<!-- This site is optimized with the Yoast SEO plugin v27.4 - https:\/\/yoast.com\/product\/yoast-seo-wordpress\/ -->\n<title>Una celebraci\u00f3n familiar, posible origen del brote que lleva a Mieres al cierre - cm news<\/title>\n<meta name=\"description\" content=\"La hosteler\u00eda local critica la falta de previsi\u00f3n para decidir confinar el concejo: \u201cEs un castigo\u201d\" \/>\n<meta name=\"robots\" content=\"index, follow, max-snippet:-1, max-image-preview:large, max-video-preview:-1\" \/>\n<link rel=\"canonical\" href=\"https:\/\/www.cuencasmineras.com\/index.php\/2021\/04\/09\/una-celebracion-familiar-posible-origen-del-brote-que-lleva-a-mieres-al-cierre\/\" \/>\n<meta property=\"og:locale\" content=\"es_ES\" \/>\n<meta property=\"og:type\" content=\"article\" \/>\n<meta property=\"og:title\" content=\"Una celebraci\u00f3n familiar, posible origen del brote que lleva a Mieres al cierre - cm news\" \/>\n<meta property=\"og:description\" content=\"La hosteler\u00eda local critica la falta de previsi\u00f3n para decidir confinar el concejo: \u201cEs un castigo\u201d\" \/>\n<meta property=\"og:url\" content=\"https:\/\/www.cuencasmineras.com\/index.php\/2021\/04\/09\/una-celebracion-familiar-posible-origen-del-brote-que-lleva-a-mieres-al-cierre\/\" \/>\n<meta property=\"article:published_time\" content=\"2021-04-09T19:07:43+00:00\" \/>\n<meta property=\"og:image\" content=\"https:\/\/www.cuencasmineras.com\/wp-content\/uploads\/2021\/04\/6ab03c15-156d-42ae-b28e-8a33027a21c2_21-9-aspect-ratio_default_0.jpg\" \/>\n\t<meta property=\"og:image:width\" content=\"1280\" \/>\n\t<meta property=\"og:image:height\" content=\"548\" \/>\n\t<meta property=\"og:image:type\" content=\"image\/jpeg\" \/>\n<meta name=\"author\" content=\"admin\" \/>\n<meta name=\"twitter:card\" content=\"summary_large_image\" \/>\n<meta name=\"twitter:label1\" content=\"Escrito por\" \/>\n\t<meta name=\"twitter:data1\" content=\"admin\" \/>\n\t<meta name=\"twitter:label2\" content=\"Tiempo de lectura\" \/>\n\t<meta name=\"twitter:data2\" content=\"3 minutos\" \/>\n<script type=\"application\/ld+json\" class=\"yoast-schema-graph\">{\"@context\":\"https:\\\/\\\/schema.org\",\"@graph\":[{\"@type\":\"Article\",\"@id\":\"https:\\\/\\\/www.cuencasmineras.com\\\/index.php\\\/2021\\\/04\\\/09\\\/una-celebracion-familiar-posible-origen-del-brote-que-lleva-a-mieres-al-cierre\\\/#article\",\"isPartOf\":{\"@id\":\"https:\\\/\\\/www.cuencasmineras.com\\\/index.php\\\/2021\\\/04\\\/09\\\/una-celebracion-familiar-posible-origen-del-brote-que-lleva-a-mieres-al-cierre\\\/\"},\"author\":{\"name\":\"admin\",\"@id\":\"https:\\\/\\\/www.cuencasmineras.com\\\/#\\\/schema\\\/person\\\/be0691310e8496ec555f679dd688420c\"},\"headline\":\"Una celebraci\u00f3n familiar, posible origen del brote que lleva a Mieres al cierre\",\"datePublished\":\"2021-04-09T19:07:43+00:00\",\"mainEntityOfPage\":{\"@id\":\"https:\\\/\\\/www.cuencasmineras.com\\\/index.php\\\/2021\\\/04\\\/09\\\/una-celebracion-familiar-posible-origen-del-brote-que-lleva-a-mieres-al-cierre\\\/\"},\"wordCount\":620,\"commentCount\":0,\"image\":{\"@id\":\"https:\\\/\\\/www.cuencasmineras.com\\\/index.php\\\/2021\\\/04\\\/09\\\/una-celebracion-familiar-posible-origen-del-brote-que-lleva-a-mieres-al-cierre\\\/#primaryimage\"},\"thumbnailUrl\":\"https:\\\/\\\/www.cuencasmineras.com\\\/wp-content\\\/uploads\\\/2021\\\/04\\\/6ab03c15-156d-42ae-b28e-8a33027a21c2_21-9-aspect-ratio_default_0.jpg\",\"articleSection\":[\"Caudal\",\"CM NEWS\"],\"inLanguage\":\"es\",\"potentialAction\":[{\"@type\":\"CommentAction\",\"name\":\"Comment\",\"target\":[\"https:\\\/\\\/www.cuencasmineras.com\\\/index.php\\\/2021\\\/04\\\/09\\\/una-celebracion-familiar-posible-origen-del-brote-que-lleva-a-mieres-al-cierre\\\/#respond\"]}]},{\"@type\":\"WebPage\",\"@id\":\"https:\\\/\\\/www.cuencasmineras.com\\\/index.php\\\/2021\\\/04\\\/09\\\/una-celebracion-familiar-posible-origen-del-brote-que-lleva-a-mieres-al-cierre\\\/\",\"url\":\"https:\\\/\\\/www.cuencasmineras.com\\\/index.php\\\/2021\\\/04\\\/09\\\/una-celebracion-familiar-posible-origen-del-brote-que-lleva-a-mieres-al-cierre\\\/\",\"name\":\"Una celebraci\u00f3n familiar, posible origen del brote que lleva a Mieres al cierre - cm news\",\"isPartOf\":{\"@id\":\"https:\\\/\\\/www.cuencasmineras.com\\\/#website\"},\"primaryImageOfPage\":{\"@id\":\"https:\\\/\\\/www.cuencasmineras.com\\\/index.php\\\/2021\\\/04\\\/09\\\/una-celebracion-familiar-posible-origen-del-brote-que-lleva-a-mieres-al-cierre\\\/#primaryimage\"},\"image\":{\"@id\":\"https:\\\/\\\/www.cuencasmineras.com\\\/index.php\\\/2021\\\/04\\\/09\\\/una-celebracion-familiar-posible-origen-del-brote-que-lleva-a-mieres-al-cierre\\\/#primaryimage\"},\"thumbnailUrl\":\"https:\\\/\\\/www.cuencasmineras.com\\\/wp-content\\\/uploads\\\/2021\\\/04\\\/6ab03c15-156d-42ae-b28e-8a33027a21c2_21-9-aspect-ratio_default_0.jpg\",\"datePublished\":\"2021-04-09T19:07:43+00:00\",\"author\":{\"@id\":\"https:\\\/\\\/www.cuencasmineras.com\\\/#\\\/schema\\\/person\\\/be0691310e8496ec555f679dd688420c\"},\"description\":\"La hosteler\u00eda local critica la falta de previsi\u00f3n para decidir confinar el concejo: \u201cEs un castigo\u201d\",\"breadcrumb\":{\"@id\":\"https:\\\/\\\/www.cuencasmineras.com\\\/index.php\\\/2021\\\/04\\\/09\\\/una-celebracion-familiar-posible-origen-del-brote-que-lleva-a-mieres-al-cierre\\\/#breadcrumb\"},\"inLanguage\":\"es\",\"potentialAction\":[{\"@type\":\"ReadAction\",\"target\":[\"https:\\\/\\\/www.cuencasmineras.com\\\/index.php\\\/2021\\\/04\\\/09\\\/una-celebracion-familiar-posible-origen-del-brote-que-lleva-a-mieres-al-cierre\\\/\"]}]},{\"@type\":\"ImageObject\",\"inLanguage\":\"es\",\"@id\":\"https:\\\/\\\/www.cuencasmineras.com\\\/index.php\\\/2021\\\/04\\\/09\\\/una-celebracion-familiar-posible-origen-del-brote-que-lleva-a-mieres-al-cierre\\\/#primaryimage\",\"url\":\"https:\\\/\\\/www.cuencasmineras.com\\\/wp-content\\\/uploads\\\/2021\\\/04\\\/6ab03c15-156d-42ae-b28e-8a33027a21c2_21-9-aspect-ratio_default_0.jpg\",\"contentUrl\":\"https:\\\/\\\/www.cuencasmineras.com\\\/wp-content\\\/uploads\\\/2021\\\/04\\\/6ab03c15-156d-42ae-b28e-8a33027a21c2_21-9-aspect-ratio_default_0.jpg\",\"width\":1280,\"height\":548},{\"@type\":\"BreadcrumbList\",\"@id\":\"https:\\\/\\\/www.cuencasmineras.com\\\/index.php\\\/2021\\\/04\\\/09\\\/una-celebracion-familiar-posible-origen-del-brote-que-lleva-a-mieres-al-cierre\\\/#breadcrumb\",\"itemListElement\":[{\"@type\":\"ListItem\",\"position\":1,\"name\":\"Portada\",\"item\":\"https:\\\/\\\/www.cuencasmineras.com\\\/\"},{\"@type\":\"ListItem\",\"position\":2,\"name\":\"Una celebraci\u00f3n familiar, posible origen del brote que lleva a Mieres al cierre\"}]},{\"@type\":\"WebSite\",\"@id\":\"https:\\\/\\\/www.cuencasmineras.com\\\/#website\",\"url\":\"https:\\\/\\\/www.cuencasmineras.com\\\/\",\"name\":\"\",\"description\":\"\",\"potentialAction\":[{\"@type\":\"SearchAction\",\"target\":{\"@type\":\"EntryPoint\",\"urlTemplate\":\"https:\\\/\\\/www.cuencasmineras.com\\\/?s={search_term_string}\"},\"query-input\":{\"@type\":\"PropertyValueSpecification\",\"valueRequired\":true,\"valueName\":\"search_term_string\"}}],\"inLanguage\":\"es\"},{\"@type\":\"Person\",\"@id\":\"https:\\\/\\\/www.cuencasmineras.com\\\/#\\\/schema\\\/person\\\/be0691310e8496ec555f679dd688420c\",\"name\":\"admin\",\"image\":{\"@type\":\"ImageObject\",\"inLanguage\":\"es\",\"@id\":\"https:\\\/\\\/secure.gravatar.com\\\/avatar\\\/4afd2eed3b2fbbf36dd6707b5bd8a5b50ac648f033e36fbf85aeace2f0f859db?s=96&d=mm&r=g\",\"url\":\"https:\\\/\\\/secure.gravatar.com\\\/avatar\\\/4afd2eed3b2fbbf36dd6707b5bd8a5b50ac648f033e36fbf85aeace2f0f859db?s=96&d=mm&r=g\",\"contentUrl\":\"https:\\\/\\\/secure.gravatar.com\\\/avatar\\\/4afd2eed3b2fbbf36dd6707b5bd8a5b50ac648f033e36fbf85aeace2f0f859db?s=96&d=mm&r=g\",\"caption\":\"admin\"},\"sameAs\":[\"https:\\\/\\\/www.cuencasmineras.com\"],\"url\":\"https:\\\/\\\/www.cuencasmineras.com\\\/index.php\\\/author\\\/admin\\\/\"}]}<\/script>\n<!-- \/ Yoast SEO plugin. -->","yoast_head_json":{"title":"Una celebraci\u00f3n familiar, posible origen del brote que lleva a Mieres al cierre - cm news","description":"La hosteler\u00eda local critica la falta de previsi\u00f3n para decidir confinar el concejo: \u201cEs un castigo\u201d","robots":{"index":"index","follow":"follow","max-snippet":"max-snippet:-1","max-image-preview":"max-image-preview:large","max-video-preview":"max-video-preview:-1"},"canonical":"https:\/\/www.cuencasmineras.com\/index.php\/2021\/04\/09\/una-celebracion-familiar-posible-origen-del-brote-que-lleva-a-mieres-al-cierre\/","og_locale":"es_ES","og_type":"article","og_title":"Una celebraci\u00f3n familiar, posible origen del brote que lleva a Mieres al cierre - cm news","og_description":"La hosteler\u00eda local critica la falta de previsi\u00f3n para decidir confinar el concejo: \u201cEs un castigo\u201d","og_url":"https:\/\/www.cuencasmineras.com\/index.php\/2021\/04\/09\/una-celebracion-familiar-posible-origen-del-brote-que-lleva-a-mieres-al-cierre\/","article_published_time":"2021-04-09T19:07:43+00:00","og_image":[{"width":1280,"height":548,"url":"https:\/\/www.cuencasmineras.com\/wp-content\/uploads\/2021\/04\/6ab03c15-156d-42ae-b28e-8a33027a21c2_21-9-aspect-ratio_default_0.jpg","type":"image\/jpeg"}],"author":"admin","twitter_card":"summary_large_image","twitter_misc":{"Escrito por":"admin","Tiempo de lectura":"3 minutos"},"schema":{"@context":"https:\/\/schema.org","@graph":[{"@type":"Article","@id":"https:\/\/www.cuencasmineras.com\/index.php\/2021\/04\/09\/una-celebracion-familiar-posible-origen-del-brote-que-lleva-a-mieres-al-cierre\/#article","isPartOf":{"@id":"https:\/\/www.cuencasmineras.com\/index.php\/2021\/04\/09\/una-celebracion-familiar-posible-origen-del-brote-que-lleva-a-mieres-al-cierre\/"},"author":{"name":"admin","@id":"https:\/\/www.cuencasmineras.com\/#\/schema\/person\/be0691310e8496ec555f679dd688420c"},"headline":"Una celebraci\u00f3n familiar, posible origen del brote que lleva a Mieres al cierre","datePublished":"2021-04-09T19:07:43+00:00","mainEntityOfPage":{"@id":"https:\/\/www.cuencasmineras.com\/index.php\/2021\/04\/09\/una-celebracion-familiar-posible-origen-del-brote-que-lleva-a-mieres-al-cierre\/"},"wordCount":620,"commentCount":0,"image":{"@id":"https:\/\/www.cuencasmineras.com\/index.php\/2021\/04\/09\/una-celebracion-familiar-posible-origen-del-brote-que-lleva-a-mieres-al-cierre\/#primaryimage"},"thumbnailUrl":"https:\/\/www.cuencasmineras.com\/wp-content\/uploads\/2021\/04\/6ab03c15-156d-42ae-b28e-8a33027a21c2_21-9-aspect-ratio_default_0.jpg","articleSection":["Caudal","CM NEWS"],"inLanguage":"es","potentialAction":[{"@type":"CommentAction","name":"Comment","target":["https:\/\/www.cuencasmineras.com\/index.php\/2021\/04\/09\/una-celebracion-familiar-posible-origen-del-brote-que-lleva-a-mieres-al-cierre\/#respond"]}]},{"@type":"WebPage","@id":"https:\/\/www.cuencasmineras.com\/index.php\/2021\/04\/09\/una-celebracion-familiar-posible-origen-del-brote-que-lleva-a-mieres-al-cierre\/","url":"https:\/\/www.cuencasmineras.com\/index.php\/2021\/04\/09\/una-celebracion-familiar-posible-origen-del-brote-que-lleva-a-mieres-al-cierre\/","name":"Una celebraci\u00f3n familiar, posible origen del brote que lleva a Mieres al cierre - cm news","isPartOf":{"@id":"https:\/\/www.cuencasmineras.com\/#website"},"primaryImageOfPage":{"@id":"https:\/\/www.cuencasmineras.com\/index.php\/2021\/04\/09\/una-celebracion-familiar-posible-origen-del-brote-que-lleva-a-mieres-al-cierre\/#primaryimage"},"image":{"@id":"https:\/\/www.cuencasmineras.com\/index.php\/2021\/04\/09\/una-celebracion-familiar-posible-origen-del-brote-que-lleva-a-mieres-al-cierre\/#primaryimage"},"thumbnailUrl":"https:\/\/www.cuencasmineras.com\/wp-content\/uploads\/2021\/04\/6ab03c15-156d-42ae-b28e-8a33027a21c2_21-9-aspect-ratio_default_0.jpg","datePublished":"2021-04-09T19:07:43+00:00","author":{"@id":"https:\/\/www.cuencasmineras.com\/#\/schema\/person\/be0691310e8496ec555f679dd688420c"},"description":"La hosteler\u00eda local critica la falta de previsi\u00f3n para decidir confinar el concejo: \u201cEs un castigo\u201d","breadcrumb":{"@id":"https:\/\/www.cuencasmineras.com\/index.php\/2021\/04\/09\/una-celebracion-familiar-posible-origen-del-brote-que-lleva-a-mieres-al-cierre\/#breadcrumb"},"inLanguage":"es","potentialAction":[{"@type":"ReadAction","target":["https:\/\/www.cuencasmineras.com\/index.php\/2021\/04\/09\/una-celebracion-familiar-posible-origen-del-brote-que-lleva-a-mieres-al-cierre\/"]}]},{"@type":"ImageObject","inLanguage":"es","@id":"https:\/\/www.cuencasmineras.com\/index.php\/2021\/04\/09\/una-celebracion-familiar-posible-origen-del-brote-que-lleva-a-mieres-al-cierre\/#primaryimage","url":"https:\/\/www.cuencasmineras.com\/wp-content\/uploads\/2021\/04\/6ab03c15-156d-42ae-b28e-8a33027a21c2_21-9-aspect-ratio_default_0.jpg","contentUrl":"https:\/\/www.cuencasmineras.com\/wp-content\/uploads\/2021\/04\/6ab03c15-156d-42ae-b28e-8a33027a21c2_21-9-aspect-ratio_default_0.jpg","width":1280,"height":548},{"@type":"BreadcrumbList","@id":"https:\/\/www.cuencasmineras.com\/index.php\/2021\/04\/09\/una-celebracion-familiar-posible-origen-del-brote-que-lleva-a-mieres-al-cierre\/#breadcrumb","itemListElement":[{"@type":"ListItem","position":1,"name":"Portada","item":"https:\/\/www.cuencasmineras.com\/"},{"@type":"ListItem","position":2,"name":"Una celebraci\u00f3n familiar, posible origen del brote que lleva a Mieres al cierre"}]},{"@type":"WebSite","@id":"https:\/\/www.cuencasmineras.com\/#website","url":"https:\/\/www.cuencasmineras.com\/","name":"","description":"","potentialAction":[{"@type":"SearchAction","target":{"@type":"EntryPoint","urlTemplate":"https:\/\/www.cuencasmineras.com\/?s={search_term_string}"},"query-input":{"@type":"PropertyValueSpecification","valueRequired":true,"valueName":"search_term_string"}}],"inLanguage":"es"},{"@type":"Person","@id":"https:\/\/www.cuencasmineras.com\/#\/schema\/person\/be0691310e8496ec555f679dd688420c","name":"admin","image":{"@type":"ImageObject","inLanguage":"es","@id":"https:\/\/secure.gravatar.com\/avatar\/4afd2eed3b2fbbf36dd6707b5bd8a5b50ac648f033e36fbf85aeace2f0f859db?s=96&d=mm&r=g","url":"https:\/\/secure.gravatar.com\/avatar\/4afd2eed3b2fbbf36dd6707b5bd8a5b50ac648f033e36fbf85aeace2f0f859db?s=96&d=mm&r=g","contentUrl":"https:\/\/secure.gravatar.com\/avatar\/4afd2eed3b2fbbf36dd6707b5bd8a5b50ac648f033e36fbf85aeace2f0f859db?s=96&d=mm&r=g","caption":"admin"},"sameAs":["https:\/\/www.cuencasmineras.com"],"url":"https:\/\/www.cuencasmineras.com\/index.php\/author\/admin\/"}]}},"_links":{"self":[{"href":"https:\/\/www.cuencasmineras.com\/index.php\/wp-json\/wp\/v2\/posts\/2396","targetHints":{"allow":["GET"]}}],"collection":[{"href":"https:\/\/www.cuencasmineras.com\/index.php\/wp-json\/wp\/v2\/posts"}],"about":[{"href":"https:\/\/www.cuencasmineras.com\/index.php\/wp-json\/wp\/v2\/types\/post"}],"author":[{"embeddable":true,"href":"https:\/\/www.cuencasmineras.com\/index.php\/wp-json\/wp\/v2\/users\/1"}],"replies":[{"embeddable":true,"href":"https:\/\/www.cuencasmineras.com\/index.php\/wp-json\/wp\/v2\/comments?post=2396"}],"version-history":[{"count":1,"href":"https:\/\/www.cuencasmineras.com\/index.php\/wp-json\/wp\/v2\/posts\/2396\/revisions"}],"predecessor-version":[{"id":2398,"href":"https:\/\/www.cuencasmineras.com\/index.php\/wp-json\/wp\/v2\/posts\/2396\/revisions\/2398"}],"wp:featuredmedia":[{"embeddable":true,"href":"https:\/\/www.cuencasmineras.com\/index.php\/wp-json\/wp\/v2\/media\/2397"}],"wp:attachment":[{"href":"https:\/\/www.cuencasmineras.com\/index.php\/wp-json\/wp\/v2\/media?parent=2396"}],"wp:term":[{"taxonomy":"category","embeddable":true,"href":"https:\/\/www.cuencasmineras.com\/index.php\/wp-json\/wp\/v2\/categories?post=2396"},{"taxonomy":"post_tag","embeddable":true,"href":"https:\/\/www.cuencasmineras.com\/index.php\/wp-json\/wp\/v2\/tags?post=2396"}],"curies":[{"name":"wp","href":"https:\/\/api.w.org\/{rel}","templated":true}]}}