{"id":2399,"date":"2021-04-09T19:10:07","date_gmt":"2021-04-09T19:10:07","guid":{"rendered":"https:\/\/www.cuencasmineras.com\/?p=2399"},"modified":"2021-04-09T19:10:07","modified_gmt":"2021-04-09T19:10:07","slug":"pola-de-lena-ya-tiene-sus-letronas","status":"publish","type":"post","link":"https:\/\/www.cuencasmineras.com\/index.php\/2021\/04\/09\/pola-de-lena-ya-tiene-sus-letronas\/","title":{"rendered":"Pola de Lena ya tiene sus \u00abletronas\u00bb"},"content":{"rendered":"<p style=\"text-align: justify;\">Primero fue Gij\u00f3n, despu\u00e9s Oviedo y ahora Lena. El casco urbano de La Pola estren\u00f3 ayer sus \u201cletronas\u201d, un nuevo espacio que incluye el nombre del concejo con grandes letras en madera. Y a diferencia de sus antecesores, estas \u201cletronas\u201d son las m\u00e1s grandes de todas, ya que miden doce metros de largo y llegan en alg\u00fan punto hasta los cuatro metros de alto, con una anchura metro y medio. Adem\u00e1s, la instalaci\u00f3n de completa con catorce macetas de naranjos amargos y un muro de piedra que rodea todo el conjunto.<\/p>\n<p style=\"text-align: justify;\"><img loading=\"lazy\" decoding=\"async\" class=\"aligncenter size-large wp-image-2400\" src=\"https:\/\/www.cuencasmineras.com\/wp-content\/uploads\/2021\/04\/66043f74-4139-43ca-a2d3-ac0c0949f4c2_16-9-discover-aspect-ratio_default_0-1024x576.jpg\" alt=\"\" width=\"640\" height=\"360\" srcset=\"https:\/\/www.cuencasmineras.com\/wp-content\/uploads\/2021\/04\/66043f74-4139-43ca-a2d3-ac0c0949f4c2_16-9-discover-aspect-ratio_default_0-1024x576.jpg 1024w, https:\/\/www.cuencasmineras.com\/wp-content\/uploads\/2021\/04\/66043f74-4139-43ca-a2d3-ac0c0949f4c2_16-9-discover-aspect-ratio_default_0-300x169.jpg 300w, https:\/\/www.cuencasmineras.com\/wp-content\/uploads\/2021\/04\/66043f74-4139-43ca-a2d3-ac0c0949f4c2_16-9-discover-aspect-ratio_default_0-768x432.jpg 768w, https:\/\/www.cuencasmineras.com\/wp-content\/uploads\/2021\/04\/66043f74-4139-43ca-a2d3-ac0c0949f4c2_16-9-discover-aspect-ratio_default_0.jpg 1200w\" sizes=\"auto, (max-width: 640px) 100vw, 640px\" \/><\/p>\n<p style=\"text-align: justify;\">El trabajo, eso s\u00ed, se hizo desde casa, ya que fueron trabajadores municipales los que realizaron esta obra mediante un bastidor de perfiles de acero rodeado de tablas de madera de casta\u00f1o procedente de los bosques del concejo. En total se utilizaron 1.500 tablas de madera de casta\u00f1o para esta instalaci\u00f3n, que tambi\u00e9n dispone de luz led, con lo que tambi\u00e9n podr\u00e1 admirarse por la noche.<\/p>\n<p style=\"text-align: justify;\">La alcaldesa de Lena, Gema \u00c1lvarez, asegur\u00f3 que estas grandes letras \u201cno forman solamente un decorado, sino que son un elemento de participaci\u00f3n, algo accesible donde la gente puede interactuar\u201d. Y es que el conjunto reci\u00e9n estrenado tambi\u00e9n estar\u00e1 dotado en los pr\u00f3ximos d\u00edas con una c\u00e1mara que permitir\u00e1 a los vecinos y visitantes la realizaci\u00f3n de fotograf\u00edas panor\u00e1micas que se pueden enviar a los m\u00f3viles de los usuarios mediante un c\u00f3digo QR.<\/p>\n<p style=\"text-align: justify;\">El \u00e1rea de Urbanismo de Lena fue el encargado de dise\u00f1ar este espacio urbano. La primera \u201cL\u201d se dise\u00f1\u00f3 con la \u201cche vaqueira\u201d, que es \u201ct\u00edpica del top\u00f3nimo de L.lena\u201d. Fue realizada con un tubo macizo de acero que llega hasta los cuatro metros de altura y que simula un cu\u00e9lebre entrelazado con la segunda \u201cl\u201d. Los dos puntos entre las eles \u201cson bolas realizadas con arcos meridianos que simulan el movimiento del mundo\u201d. La segunda \u201cl\u201d ya es de madera de 3,5 metros de alta, la \u201cn\u201d es una especie de arco de entrada al parque que hay detr\u00e1s y donde se encuentran los naranjos. La \u201ca\u201d lleva incorporado en su interior un columpio.<\/p>\n<p style=\"text-align: justify;\">La primera edil, que estuvo acompa\u00f1ada por otros concejales, se\u00f1al\u00f3 que se trata de una \u201crenovaci\u00f3n urbana con la que se busca devolver la ilusi\u00f3n a los vecinos\u201d.<\/p>\n","protected":false},"excerpt":{"rendered":"<p>Primero fue Gij\u00f3n, despu\u00e9s Oviedo y ahora Lena. El casco urbano de La Pola estren\u00f3 ayer sus \u201cletronas\u201d, un nuevo espacio que incluye el nombre del concejo con grandes letras en madera. Y a diferencia de sus antecesores, estas \u201cletronas\u201d son las m\u00e1s grandes de todas, ya que miden doce metros de largo y llegan [&hellip;]<\/p>\n","protected":false},"author":1,"featured_media":2400,"comment_status":"open","ping_status":"open","sticky":false,"template":"","format":"standard","meta":{"footnotes":""},"categories":[7,6],"tags":[],"class_list":["post-2399","post","type-post","status-publish","format-standard","has-post-thumbnail","hentry","category-caudal","category-noticias"],"yoast_head":"<!-- This site is optimized with the Yoast SEO plugin v27.4 - https:\/\/yoast.com\/product\/yoast-seo-wordpress\/ -->\n<title>Pola de Lena ya tiene sus &quot;letronas&quot; -<\/title>\n<meta name=\"description\" content=\"La localidad estrena un conjunto de doce metros de largo por cuatro de alto con el que los vecinos podr\u00e1n \u201cinteractuar\u201d\" \/>\n<meta name=\"robots\" content=\"index, follow, max-snippet:-1, max-image-preview:large, max-video-preview:-1\" \/>\n<link rel=\"canonical\" href=\"https:\/\/www.cuencasmineras.com\/index.php\/2021\/04\/09\/pola-de-lena-ya-tiene-sus-letronas\/\" \/>\n<meta property=\"og:locale\" content=\"es_ES\" \/>\n<meta property=\"og:type\" content=\"article\" \/>\n<meta property=\"og:title\" content=\"Pola de Lena ya tiene sus &quot;letronas&quot; -\" \/>\n<meta property=\"og:description\" content=\"La localidad estrena un conjunto de doce metros de largo por cuatro de alto con el que los vecinos podr\u00e1n \u201cinteractuar\u201d\" \/>\n<meta property=\"og:url\" content=\"https:\/\/www.cuencasmineras.com\/index.php\/2021\/04\/09\/pola-de-lena-ya-tiene-sus-letronas\/\" \/>\n<meta property=\"article:published_time\" content=\"2021-04-09T19:10:07+00:00\" \/>\n<meta property=\"og:image\" content=\"https:\/\/www.cuencasmineras.com\/wp-content\/uploads\/2021\/04\/66043f74-4139-43ca-a2d3-ac0c0949f4c2_16-9-discover-aspect-ratio_default_0.jpg\" \/>\n\t<meta property=\"og:image:width\" content=\"1200\" \/>\n\t<meta property=\"og:image:height\" content=\"675\" \/>\n\t<meta property=\"og:image:type\" content=\"image\/jpeg\" \/>\n<meta name=\"author\" content=\"admin\" \/>\n<meta name=\"twitter:card\" content=\"summary_large_image\" \/>\n<meta name=\"twitter:label1\" content=\"Escrito por\" \/>\n\t<meta name=\"twitter:data1\" content=\"admin\" \/>\n\t<meta name=\"twitter:label2\" content=\"Tiempo de lectura\" \/>\n\t<meta name=\"twitter:data2\" content=\"2 minutos\" \/>\n<script type=\"application\/ld+json\" class=\"yoast-schema-graph\">{\"@context\":\"https:\\\/\\\/schema.org\",\"@graph\":[{\"@type\":\"Article\",\"@id\":\"https:\\\/\\\/www.cuencasmineras.com\\\/index.php\\\/2021\\\/04\\\/09\\\/pola-de-lena-ya-tiene-sus-letronas\\\/#article\",\"isPartOf\":{\"@id\":\"https:\\\/\\\/www.cuencasmineras.com\\\/index.php\\\/2021\\\/04\\\/09\\\/pola-de-lena-ya-tiene-sus-letronas\\\/\"},\"author\":{\"name\":\"admin\",\"@id\":\"https:\\\/\\\/www.cuencasmineras.com\\\/#\\\/schema\\\/person\\\/be0691310e8496ec555f679dd688420c\"},\"headline\":\"Pola de Lena ya tiene sus \u00abletronas\u00bb\",\"datePublished\":\"2021-04-09T19:10:07+00:00\",\"mainEntityOfPage\":{\"@id\":\"https:\\\/\\\/www.cuencasmineras.com\\\/index.php\\\/2021\\\/04\\\/09\\\/pola-de-lena-ya-tiene-sus-letronas\\\/\"},\"wordCount\":410,\"commentCount\":0,\"image\":{\"@id\":\"https:\\\/\\\/www.cuencasmineras.com\\\/index.php\\\/2021\\\/04\\\/09\\\/pola-de-lena-ya-tiene-sus-letronas\\\/#primaryimage\"},\"thumbnailUrl\":\"https:\\\/\\\/www.cuencasmineras.com\\\/wp-content\\\/uploads\\\/2021\\\/04\\\/66043f74-4139-43ca-a2d3-ac0c0949f4c2_16-9-discover-aspect-ratio_default_0.jpg\",\"articleSection\":[\"Caudal\",\"CM NEWS\"],\"inLanguage\":\"es\",\"potentialAction\":[{\"@type\":\"CommentAction\",\"name\":\"Comment\",\"target\":[\"https:\\\/\\\/www.cuencasmineras.com\\\/index.php\\\/2021\\\/04\\\/09\\\/pola-de-lena-ya-tiene-sus-letronas\\\/#respond\"]}]},{\"@type\":\"WebPage\",\"@id\":\"https:\\\/\\\/www.cuencasmineras.com\\\/index.php\\\/2021\\\/04\\\/09\\\/pola-de-lena-ya-tiene-sus-letronas\\\/\",\"url\":\"https:\\\/\\\/www.cuencasmineras.com\\\/index.php\\\/2021\\\/04\\\/09\\\/pola-de-lena-ya-tiene-sus-letronas\\\/\",\"name\":\"Pola de Lena ya tiene sus \\\"letronas\\\" -\",\"isPartOf\":{\"@id\":\"https:\\\/\\\/www.cuencasmineras.com\\\/#website\"},\"primaryImageOfPage\":{\"@id\":\"https:\\\/\\\/www.cuencasmineras.com\\\/index.php\\\/2021\\\/04\\\/09\\\/pola-de-lena-ya-tiene-sus-letronas\\\/#primaryimage\"},\"image\":{\"@id\":\"https:\\\/\\\/www.cuencasmineras.com\\\/index.php\\\/2021\\\/04\\\/09\\\/pola-de-lena-ya-tiene-sus-letronas\\\/#primaryimage\"},\"thumbnailUrl\":\"https:\\\/\\\/www.cuencasmineras.com\\\/wp-content\\\/uploads\\\/2021\\\/04\\\/66043f74-4139-43ca-a2d3-ac0c0949f4c2_16-9-discover-aspect-ratio_default_0.jpg\",\"datePublished\":\"2021-04-09T19:10:07+00:00\",\"author\":{\"@id\":\"https:\\\/\\\/www.cuencasmineras.com\\\/#\\\/schema\\\/person\\\/be0691310e8496ec555f679dd688420c\"},\"description\":\"La localidad estrena un conjunto de doce metros de largo por cuatro de alto con el que los vecinos podr\u00e1n \u201cinteractuar\u201d\",\"breadcrumb\":{\"@id\":\"https:\\\/\\\/www.cuencasmineras.com\\\/index.php\\\/2021\\\/04\\\/09\\\/pola-de-lena-ya-tiene-sus-letronas\\\/#breadcrumb\"},\"inLanguage\":\"es\",\"potentialAction\":[{\"@type\":\"ReadAction\",\"target\":[\"https:\\\/\\\/www.cuencasmineras.com\\\/index.php\\\/2021\\\/04\\\/09\\\/pola-de-lena-ya-tiene-sus-letronas\\\/\"]}]},{\"@type\":\"ImageObject\",\"inLanguage\":\"es\",\"@id\":\"https:\\\/\\\/www.cuencasmineras.com\\\/index.php\\\/2021\\\/04\\\/09\\\/pola-de-lena-ya-tiene-sus-letronas\\\/#primaryimage\",\"url\":\"https:\\\/\\\/www.cuencasmineras.com\\\/wp-content\\\/uploads\\\/2021\\\/04\\\/66043f74-4139-43ca-a2d3-ac0c0949f4c2_16-9-discover-aspect-ratio_default_0.jpg\",\"contentUrl\":\"https:\\\/\\\/www.cuencasmineras.com\\\/wp-content\\\/uploads\\\/2021\\\/04\\\/66043f74-4139-43ca-a2d3-ac0c0949f4c2_16-9-discover-aspect-ratio_default_0.jpg\",\"width\":1200,\"height\":675},{\"@type\":\"BreadcrumbList\",\"@id\":\"https:\\\/\\\/www.cuencasmineras.com\\\/index.php\\\/2021\\\/04\\\/09\\\/pola-de-lena-ya-tiene-sus-letronas\\\/#breadcrumb\",\"itemListElement\":[{\"@type\":\"ListItem\",\"position\":1,\"name\":\"Portada\",\"item\":\"https:\\\/\\\/www.cuencasmineras.com\\\/\"},{\"@type\":\"ListItem\",\"position\":2,\"name\":\"Pola de Lena ya tiene sus \u00abletronas\u00bb\"}]},{\"@type\":\"WebSite\",\"@id\":\"https:\\\/\\\/www.cuencasmineras.com\\\/#website\",\"url\":\"https:\\\/\\\/www.cuencasmineras.com\\\/\",\"name\":\"\",\"description\":\"\",\"potentialAction\":[{\"@type\":\"SearchAction\",\"target\":{\"@type\":\"EntryPoint\",\"urlTemplate\":\"https:\\\/\\\/www.cuencasmineras.com\\\/?s={search_term_string}\"},\"query-input\":{\"@type\":\"PropertyValueSpecification\",\"valueRequired\":true,\"valueName\":\"search_term_string\"}}],\"inLanguage\":\"es\"},{\"@type\":\"Person\",\"@id\":\"https:\\\/\\\/www.cuencasmineras.com\\\/#\\\/schema\\\/person\\\/be0691310e8496ec555f679dd688420c\",\"name\":\"admin\",\"image\":{\"@type\":\"ImageObject\",\"inLanguage\":\"es\",\"@id\":\"https:\\\/\\\/secure.gravatar.com\\\/avatar\\\/4afd2eed3b2fbbf36dd6707b5bd8a5b50ac648f033e36fbf85aeace2f0f859db?s=96&d=mm&r=g\",\"url\":\"https:\\\/\\\/secure.gravatar.com\\\/avatar\\\/4afd2eed3b2fbbf36dd6707b5bd8a5b50ac648f033e36fbf85aeace2f0f859db?s=96&d=mm&r=g\",\"contentUrl\":\"https:\\\/\\\/secure.gravatar.com\\\/avatar\\\/4afd2eed3b2fbbf36dd6707b5bd8a5b50ac648f033e36fbf85aeace2f0f859db?s=96&d=mm&r=g\",\"caption\":\"admin\"},\"sameAs\":[\"https:\\\/\\\/www.cuencasmineras.com\"],\"url\":\"https:\\\/\\\/www.cuencasmineras.com\\\/index.php\\\/author\\\/admin\\\/\"}]}<\/script>\n<!-- \/ Yoast SEO plugin. -->","yoast_head_json":{"title":"Pola de Lena ya tiene sus \"letronas\" -","description":"La localidad estrena un conjunto de doce metros de largo por cuatro de alto con el que los vecinos podr\u00e1n \u201cinteractuar\u201d","robots":{"index":"index","follow":"follow","max-snippet":"max-snippet:-1","max-image-preview":"max-image-preview:large","max-video-preview":"max-video-preview:-1"},"canonical":"https:\/\/www.cuencasmineras.com\/index.php\/2021\/04\/09\/pola-de-lena-ya-tiene-sus-letronas\/","og_locale":"es_ES","og_type":"article","og_title":"Pola de Lena ya tiene sus \"letronas\" -","og_description":"La localidad estrena un conjunto de doce metros de largo por cuatro de alto con el que los vecinos podr\u00e1n \u201cinteractuar\u201d","og_url":"https:\/\/www.cuencasmineras.com\/index.php\/2021\/04\/09\/pola-de-lena-ya-tiene-sus-letronas\/","article_published_time":"2021-04-09T19:10:07+00:00","og_image":[{"width":1200,"height":675,"url":"https:\/\/www.cuencasmineras.com\/wp-content\/uploads\/2021\/04\/66043f74-4139-43ca-a2d3-ac0c0949f4c2_16-9-discover-aspect-ratio_default_0.jpg","type":"image\/jpeg"}],"author":"admin","twitter_card":"summary_large_image","twitter_misc":{"Escrito por":"admin","Tiempo de lectura":"2 minutos"},"schema":{"@context":"https:\/\/schema.org","@graph":[{"@type":"Article","@id":"https:\/\/www.cuencasmineras.com\/index.php\/2021\/04\/09\/pola-de-lena-ya-tiene-sus-letronas\/#article","isPartOf":{"@id":"https:\/\/www.cuencasmineras.com\/index.php\/2021\/04\/09\/pola-de-lena-ya-tiene-sus-letronas\/"},"author":{"name":"admin","@id":"https:\/\/www.cuencasmineras.com\/#\/schema\/person\/be0691310e8496ec555f679dd688420c"},"headline":"Pola de Lena ya tiene sus \u00abletronas\u00bb","datePublished":"2021-04-09T19:10:07+00:00","mainEntityOfPage":{"@id":"https:\/\/www.cuencasmineras.com\/index.php\/2021\/04\/09\/pola-de-lena-ya-tiene-sus-letronas\/"},"wordCount":410,"commentCount":0,"image":{"@id":"https:\/\/www.cuencasmineras.com\/index.php\/2021\/04\/09\/pola-de-lena-ya-tiene-sus-letronas\/#primaryimage"},"thumbnailUrl":"https:\/\/www.cuencasmineras.com\/wp-content\/uploads\/2021\/04\/66043f74-4139-43ca-a2d3-ac0c0949f4c2_16-9-discover-aspect-ratio_default_0.jpg","articleSection":["Caudal","CM NEWS"],"inLanguage":"es","potentialAction":[{"@type":"CommentAction","name":"Comment","target":["https:\/\/www.cuencasmineras.com\/index.php\/2021\/04\/09\/pola-de-lena-ya-tiene-sus-letronas\/#respond"]}]},{"@type":"WebPage","@id":"https:\/\/www.cuencasmineras.com\/index.php\/2021\/04\/09\/pola-de-lena-ya-tiene-sus-letronas\/","url":"https:\/\/www.cuencasmineras.com\/index.php\/2021\/04\/09\/pola-de-lena-ya-tiene-sus-letronas\/","name":"Pola de Lena ya tiene sus \"letronas\" -","isPartOf":{"@id":"https:\/\/www.cuencasmineras.com\/#website"},"primaryImageOfPage":{"@id":"https:\/\/www.cuencasmineras.com\/index.php\/2021\/04\/09\/pola-de-lena-ya-tiene-sus-letronas\/#primaryimage"},"image":{"@id":"https:\/\/www.cuencasmineras.com\/index.php\/2021\/04\/09\/pola-de-lena-ya-tiene-sus-letronas\/#primaryimage"},"thumbnailUrl":"https:\/\/www.cuencasmineras.com\/wp-content\/uploads\/2021\/04\/66043f74-4139-43ca-a2d3-ac0c0949f4c2_16-9-discover-aspect-ratio_default_0.jpg","datePublished":"2021-04-09T19:10:07+00:00","author":{"@id":"https:\/\/www.cuencasmineras.com\/#\/schema\/person\/be0691310e8496ec555f679dd688420c"},"description":"La localidad estrena un conjunto de doce metros de largo por cuatro de alto con el que los vecinos podr\u00e1n \u201cinteractuar\u201d","breadcrumb":{"@id":"https:\/\/www.cuencasmineras.com\/index.php\/2021\/04\/09\/pola-de-lena-ya-tiene-sus-letronas\/#breadcrumb"},"inLanguage":"es","potentialAction":[{"@type":"ReadAction","target":["https:\/\/www.cuencasmineras.com\/index.php\/2021\/04\/09\/pola-de-lena-ya-tiene-sus-letronas\/"]}]},{"@type":"ImageObject","inLanguage":"es","@id":"https:\/\/www.cuencasmineras.com\/index.php\/2021\/04\/09\/pola-de-lena-ya-tiene-sus-letronas\/#primaryimage","url":"https:\/\/www.cuencasmineras.com\/wp-content\/uploads\/2021\/04\/66043f74-4139-43ca-a2d3-ac0c0949f4c2_16-9-discover-aspect-ratio_default_0.jpg","contentUrl":"https:\/\/www.cuencasmineras.com\/wp-content\/uploads\/2021\/04\/66043f74-4139-43ca-a2d3-ac0c0949f4c2_16-9-discover-aspect-ratio_default_0.jpg","width":1200,"height":675},{"@type":"BreadcrumbList","@id":"https:\/\/www.cuencasmineras.com\/index.php\/2021\/04\/09\/pola-de-lena-ya-tiene-sus-letronas\/#breadcrumb","itemListElement":[{"@type":"ListItem","position":1,"name":"Portada","item":"https:\/\/www.cuencasmineras.com\/"},{"@type":"ListItem","position":2,"name":"Pola de Lena ya tiene sus \u00abletronas\u00bb"}]},{"@type":"WebSite","@id":"https:\/\/www.cuencasmineras.com\/#website","url":"https:\/\/www.cuencasmineras.com\/","name":"","description":"","potentialAction":[{"@type":"SearchAction","target":{"@type":"EntryPoint","urlTemplate":"https:\/\/www.cuencasmineras.com\/?s={search_term_string}"},"query-input":{"@type":"PropertyValueSpecification","valueRequired":true,"valueName":"search_term_string"}}],"inLanguage":"es"},{"@type":"Person","@id":"https:\/\/www.cuencasmineras.com\/#\/schema\/person\/be0691310e8496ec555f679dd688420c","name":"admin","image":{"@type":"ImageObject","inLanguage":"es","@id":"https:\/\/secure.gravatar.com\/avatar\/4afd2eed3b2fbbf36dd6707b5bd8a5b50ac648f033e36fbf85aeace2f0f859db?s=96&d=mm&r=g","url":"https:\/\/secure.gravatar.com\/avatar\/4afd2eed3b2fbbf36dd6707b5bd8a5b50ac648f033e36fbf85aeace2f0f859db?s=96&d=mm&r=g","contentUrl":"https:\/\/secure.gravatar.com\/avatar\/4afd2eed3b2fbbf36dd6707b5bd8a5b50ac648f033e36fbf85aeace2f0f859db?s=96&d=mm&r=g","caption":"admin"},"sameAs":["https:\/\/www.cuencasmineras.com"],"url":"https:\/\/www.cuencasmineras.com\/index.php\/author\/admin\/"}]}},"_links":{"self":[{"href":"https:\/\/www.cuencasmineras.com\/index.php\/wp-json\/wp\/v2\/posts\/2399","targetHints":{"allow":["GET"]}}],"collection":[{"href":"https:\/\/www.cuencasmineras.com\/index.php\/wp-json\/wp\/v2\/posts"}],"about":[{"href":"https:\/\/www.cuencasmineras.com\/index.php\/wp-json\/wp\/v2\/types\/post"}],"author":[{"embeddable":true,"href":"https:\/\/www.cuencasmineras.com\/index.php\/wp-json\/wp\/v2\/users\/1"}],"replies":[{"embeddable":true,"href":"https:\/\/www.cuencasmineras.com\/index.php\/wp-json\/wp\/v2\/comments?post=2399"}],"version-history":[{"count":1,"href":"https:\/\/www.cuencasmineras.com\/index.php\/wp-json\/wp\/v2\/posts\/2399\/revisions"}],"predecessor-version":[{"id":2401,"href":"https:\/\/www.cuencasmineras.com\/index.php\/wp-json\/wp\/v2\/posts\/2399\/revisions\/2401"}],"wp:featuredmedia":[{"embeddable":true,"href":"https:\/\/www.cuencasmineras.com\/index.php\/wp-json\/wp\/v2\/media\/2400"}],"wp:attachment":[{"href":"https:\/\/www.cuencasmineras.com\/index.php\/wp-json\/wp\/v2\/media?parent=2399"}],"wp:term":[{"taxonomy":"category","embeddable":true,"href":"https:\/\/www.cuencasmineras.com\/index.php\/wp-json\/wp\/v2\/categories?post=2399"},{"taxonomy":"post_tag","embeddable":true,"href":"https:\/\/www.cuencasmineras.com\/index.php\/wp-json\/wp\/v2\/tags?post=2399"}],"curies":[{"name":"wp","href":"https:\/\/api.w.org\/{rel}","templated":true}]}}