{"id":2405,"date":"2021-04-09T19:16:51","date_gmt":"2021-04-09T19:16:51","guid":{"rendered":"https:\/\/www.cuencasmineras.com\/?p=2405"},"modified":"2021-04-09T19:16:51","modified_gmt":"2021-04-09T19:16:51","slug":"el-principado-repara-un-hundimiento-en-la-via-que-une-penamiel-y-la-pola","status":"publish","type":"post","link":"https:\/\/www.cuencasmineras.com\/index.php\/2021\/04\/09\/el-principado-repara-un-hundimiento-en-la-via-que-une-penamiel-y-la-pola\/","title":{"rendered":"El Principado repara un hundimiento en la v\u00eda que une Pe\u00f1amiel y la Pola"},"content":{"rendered":"<p style=\"text-align: justify;\">La Consejer\u00eda de Medio Rural y Cohesi\u00f3n Territorial ha iniciado los trabajos de reparaci\u00f3n de un hundimiento en el kil\u00f3metro 9.9 de la carretera AS-231, que une las localidades de Pe\u00f1amiel y Pola de Lena, a su paso por el concejo de Riosa. La empresa Ramadal ejecutar\u00e1 la obra, presupuestada en 144.234 euros, en un plazo inferior a dos meses. El Principado tambi\u00e9n licitar\u00e1 antes del verano un proyecto para mejorar la plataforma de esta misma v\u00eda en varios puntos comprendidos entre los kil\u00f3metros 6.8 y 19, en los municipios de Riosa y Lena. La directora general de Infraestructuras Viarias y Portuarias, Esther D\u00edaz, visit\u00f3 ayer la actuaci\u00f3n, que permitir\u00e1 sostener la carretera mediante la construcci\u00f3n de un muro de hormig\u00f3n armado y cimentado con carriles de 36 metros de longitud y 2,5 de altura, previa limpieza y saneo de la zona. Para reponer el camino municipal tambi\u00e9n se ejecutar\u00e1 un muro de ocho metros de longitud y 1,50 de altura.<\/p>\n<p><img loading=\"lazy\" decoding=\"async\" class=\"aligncenter size-full wp-image-2406\" src=\"https:\/\/www.cuencasmineras.com\/wp-content\/uploads\/2021\/04\/dd499ea8-02cd-48c6-a14f-b5b493458855_16-9-aspect-ratio_default_0_x208y266.jpg\" alt=\"\" width=\"880\" height=\"495\" srcset=\"https:\/\/www.cuencasmineras.com\/wp-content\/uploads\/2021\/04\/dd499ea8-02cd-48c6-a14f-b5b493458855_16-9-aspect-ratio_default_0_x208y266.jpg 880w, https:\/\/www.cuencasmineras.com\/wp-content\/uploads\/2021\/04\/dd499ea8-02cd-48c6-a14f-b5b493458855_16-9-aspect-ratio_default_0_x208y266-300x169.jpg 300w, https:\/\/www.cuencasmineras.com\/wp-content\/uploads\/2021\/04\/dd499ea8-02cd-48c6-a14f-b5b493458855_16-9-aspect-ratio_default_0_x208y266-768x432.jpg 768w\" sizes=\"auto, (max-width: 880px) 100vw, 880px\" \/><\/p>\n<p style=\"text-align: justify;\">Tras el grueso de la obra se repondr\u00e1 el firme y los dos caminos vecinales afectados. La Viceconsejer\u00eda de Infraestructuras ya tiene aprobado otro proyecto que supondr\u00e1 una inversi\u00f3n de 233.205 euros en el concejo para reparar cinco hundimientos en tres carreteras: dos en la RI-1 (La Ar\u00e1-La Zoreda y Villameri), dos en la RI-2 (La Vega-Grandiella) y uno m\u00e1s en la RI-3, la carretera de Do\u00f1ajuandi. Tambi\u00e9n est\u00e1n redactando el proyecto que mejorar\u00e1 de manera integral la RI-6 entre La Vega y Llamo.<\/p>\n","protected":false},"excerpt":{"rendered":"<p>La Consejer\u00eda de Medio Rural y Cohesi\u00f3n Territorial ha iniciado los trabajos de reparaci\u00f3n de un hundimiento en el kil\u00f3metro 9.9 de la carretera AS-231, que une las localidades de Pe\u00f1amiel y Pola de Lena, a su paso por el concejo de Riosa. La empresa Ramadal ejecutar\u00e1 la obra, presupuestada en 144.234 euros, en un [&hellip;]<\/p>\n","protected":false},"author":1,"featured_media":2406,"comment_status":"open","ping_status":"open","sticky":false,"template":"","format":"standard","meta":{"footnotes":""},"categories":[7,6],"tags":[],"class_list":["post-2405","post","type-post","status-publish","format-standard","has-post-thumbnail","hentry","category-caudal","category-noticias"],"yoast_head":"<!-- This site is optimized with the Yoast SEO plugin v27.4 - https:\/\/yoast.com\/product\/yoast-seo-wordpress\/ -->\n<title>El Principado repara un hundimiento en la v\u00eda que une Pe\u00f1amiel y la Pola - cm news<\/title>\n<meta name=\"description\" content=\"Los trabajos, que discurren por el concejo de Riosa, cuentan con un presupuesto de 144.234 euros y terminar\u00e1n en dos meses.\" \/>\n<meta name=\"robots\" content=\"index, follow, max-snippet:-1, max-image-preview:large, max-video-preview:-1\" \/>\n<link rel=\"canonical\" href=\"https:\/\/www.cuencasmineras.com\/index.php\/2021\/04\/09\/el-principado-repara-un-hundimiento-en-la-via-que-une-penamiel-y-la-pola\/\" \/>\n<meta property=\"og:locale\" content=\"es_ES\" \/>\n<meta property=\"og:type\" content=\"article\" \/>\n<meta property=\"og:title\" content=\"El Principado repara un hundimiento en la v\u00eda que une Pe\u00f1amiel y la Pola - cm news\" \/>\n<meta property=\"og:description\" content=\"Los trabajos, que discurren por el concejo de Riosa, cuentan con un presupuesto de 144.234 euros y terminar\u00e1n en dos meses.\" \/>\n<meta property=\"og:url\" content=\"https:\/\/www.cuencasmineras.com\/index.php\/2021\/04\/09\/el-principado-repara-un-hundimiento-en-la-via-que-une-penamiel-y-la-pola\/\" \/>\n<meta property=\"article:published_time\" content=\"2021-04-09T19:16:51+00:00\" \/>\n<meta property=\"og:image\" content=\"https:\/\/www.cuencasmineras.com\/wp-content\/uploads\/2021\/04\/dd499ea8-02cd-48c6-a14f-b5b493458855_16-9-aspect-ratio_default_0_x208y266.jpg\" \/>\n\t<meta property=\"og:image:width\" content=\"880\" \/>\n\t<meta property=\"og:image:height\" content=\"495\" \/>\n\t<meta property=\"og:image:type\" content=\"image\/jpeg\" \/>\n<meta name=\"author\" content=\"admin\" \/>\n<meta name=\"twitter:card\" content=\"summary_large_image\" \/>\n<meta name=\"twitter:label1\" content=\"Escrito por\" \/>\n\t<meta name=\"twitter:data1\" content=\"admin\" \/>\n\t<meta name=\"twitter:label2\" content=\"Tiempo de lectura\" \/>\n\t<meta name=\"twitter:data2\" content=\"2 minutos\" \/>\n<script type=\"application\/ld+json\" class=\"yoast-schema-graph\">{\"@context\":\"https:\\\/\\\/schema.org\",\"@graph\":[{\"@type\":\"Article\",\"@id\":\"https:\\\/\\\/www.cuencasmineras.com\\\/index.php\\\/2021\\\/04\\\/09\\\/el-principado-repara-un-hundimiento-en-la-via-que-une-penamiel-y-la-pola\\\/#article\",\"isPartOf\":{\"@id\":\"https:\\\/\\\/www.cuencasmineras.com\\\/index.php\\\/2021\\\/04\\\/09\\\/el-principado-repara-un-hundimiento-en-la-via-que-une-penamiel-y-la-pola\\\/\"},\"author\":{\"name\":\"admin\",\"@id\":\"https:\\\/\\\/www.cuencasmineras.com\\\/#\\\/schema\\\/person\\\/be0691310e8496ec555f679dd688420c\"},\"headline\":\"El Principado repara un hundimiento en la v\u00eda que une Pe\u00f1amiel y la Pola\",\"datePublished\":\"2021-04-09T19:16:51+00:00\",\"mainEntityOfPage\":{\"@id\":\"https:\\\/\\\/www.cuencasmineras.com\\\/index.php\\\/2021\\\/04\\\/09\\\/el-principado-repara-un-hundimiento-en-la-via-que-une-penamiel-y-la-pola\\\/\"},\"wordCount\":273,\"commentCount\":0,\"image\":{\"@id\":\"https:\\\/\\\/www.cuencasmineras.com\\\/index.php\\\/2021\\\/04\\\/09\\\/el-principado-repara-un-hundimiento-en-la-via-que-une-penamiel-y-la-pola\\\/#primaryimage\"},\"thumbnailUrl\":\"https:\\\/\\\/www.cuencasmineras.com\\\/wp-content\\\/uploads\\\/2021\\\/04\\\/dd499ea8-02cd-48c6-a14f-b5b493458855_16-9-aspect-ratio_default_0_x208y266.jpg\",\"articleSection\":[\"Caudal\",\"CM NEWS\"],\"inLanguage\":\"es\",\"potentialAction\":[{\"@type\":\"CommentAction\",\"name\":\"Comment\",\"target\":[\"https:\\\/\\\/www.cuencasmineras.com\\\/index.php\\\/2021\\\/04\\\/09\\\/el-principado-repara-un-hundimiento-en-la-via-que-une-penamiel-y-la-pola\\\/#respond\"]}]},{\"@type\":\"WebPage\",\"@id\":\"https:\\\/\\\/www.cuencasmineras.com\\\/index.php\\\/2021\\\/04\\\/09\\\/el-principado-repara-un-hundimiento-en-la-via-que-une-penamiel-y-la-pola\\\/\",\"url\":\"https:\\\/\\\/www.cuencasmineras.com\\\/index.php\\\/2021\\\/04\\\/09\\\/el-principado-repara-un-hundimiento-en-la-via-que-une-penamiel-y-la-pola\\\/\",\"name\":\"El Principado repara un hundimiento en la v\u00eda que une Pe\u00f1amiel y la Pola - cm news\",\"isPartOf\":{\"@id\":\"https:\\\/\\\/www.cuencasmineras.com\\\/#website\"},\"primaryImageOfPage\":{\"@id\":\"https:\\\/\\\/www.cuencasmineras.com\\\/index.php\\\/2021\\\/04\\\/09\\\/el-principado-repara-un-hundimiento-en-la-via-que-une-penamiel-y-la-pola\\\/#primaryimage\"},\"image\":{\"@id\":\"https:\\\/\\\/www.cuencasmineras.com\\\/index.php\\\/2021\\\/04\\\/09\\\/el-principado-repara-un-hundimiento-en-la-via-que-une-penamiel-y-la-pola\\\/#primaryimage\"},\"thumbnailUrl\":\"https:\\\/\\\/www.cuencasmineras.com\\\/wp-content\\\/uploads\\\/2021\\\/04\\\/dd499ea8-02cd-48c6-a14f-b5b493458855_16-9-aspect-ratio_default_0_x208y266.jpg\",\"datePublished\":\"2021-04-09T19:16:51+00:00\",\"author\":{\"@id\":\"https:\\\/\\\/www.cuencasmineras.com\\\/#\\\/schema\\\/person\\\/be0691310e8496ec555f679dd688420c\"},\"description\":\"Los trabajos, que discurren por el concejo de Riosa, cuentan con un presupuesto de 144.234 euros y terminar\u00e1n en dos meses.\",\"breadcrumb\":{\"@id\":\"https:\\\/\\\/www.cuencasmineras.com\\\/index.php\\\/2021\\\/04\\\/09\\\/el-principado-repara-un-hundimiento-en-la-via-que-une-penamiel-y-la-pola\\\/#breadcrumb\"},\"inLanguage\":\"es\",\"potentialAction\":[{\"@type\":\"ReadAction\",\"target\":[\"https:\\\/\\\/www.cuencasmineras.com\\\/index.php\\\/2021\\\/04\\\/09\\\/el-principado-repara-un-hundimiento-en-la-via-que-une-penamiel-y-la-pola\\\/\"]}]},{\"@type\":\"ImageObject\",\"inLanguage\":\"es\",\"@id\":\"https:\\\/\\\/www.cuencasmineras.com\\\/index.php\\\/2021\\\/04\\\/09\\\/el-principado-repara-un-hundimiento-en-la-via-que-une-penamiel-y-la-pola\\\/#primaryimage\",\"url\":\"https:\\\/\\\/www.cuencasmineras.com\\\/wp-content\\\/uploads\\\/2021\\\/04\\\/dd499ea8-02cd-48c6-a14f-b5b493458855_16-9-aspect-ratio_default_0_x208y266.jpg\",\"contentUrl\":\"https:\\\/\\\/www.cuencasmineras.com\\\/wp-content\\\/uploads\\\/2021\\\/04\\\/dd499ea8-02cd-48c6-a14f-b5b493458855_16-9-aspect-ratio_default_0_x208y266.jpg\",\"width\":880,\"height\":495},{\"@type\":\"BreadcrumbList\",\"@id\":\"https:\\\/\\\/www.cuencasmineras.com\\\/index.php\\\/2021\\\/04\\\/09\\\/el-principado-repara-un-hundimiento-en-la-via-que-une-penamiel-y-la-pola\\\/#breadcrumb\",\"itemListElement\":[{\"@type\":\"ListItem\",\"position\":1,\"name\":\"Portada\",\"item\":\"https:\\\/\\\/www.cuencasmineras.com\\\/\"},{\"@type\":\"ListItem\",\"position\":2,\"name\":\"El Principado repara un hundimiento en la v\u00eda que une Pe\u00f1amiel y la Pola\"}]},{\"@type\":\"WebSite\",\"@id\":\"https:\\\/\\\/www.cuencasmineras.com\\\/#website\",\"url\":\"https:\\\/\\\/www.cuencasmineras.com\\\/\",\"name\":\"\",\"description\":\"\",\"potentialAction\":[{\"@type\":\"SearchAction\",\"target\":{\"@type\":\"EntryPoint\",\"urlTemplate\":\"https:\\\/\\\/www.cuencasmineras.com\\\/?s={search_term_string}\"},\"query-input\":{\"@type\":\"PropertyValueSpecification\",\"valueRequired\":true,\"valueName\":\"search_term_string\"}}],\"inLanguage\":\"es\"},{\"@type\":\"Person\",\"@id\":\"https:\\\/\\\/www.cuencasmineras.com\\\/#\\\/schema\\\/person\\\/be0691310e8496ec555f679dd688420c\",\"name\":\"admin\",\"image\":{\"@type\":\"ImageObject\",\"inLanguage\":\"es\",\"@id\":\"https:\\\/\\\/secure.gravatar.com\\\/avatar\\\/4afd2eed3b2fbbf36dd6707b5bd8a5b50ac648f033e36fbf85aeace2f0f859db?s=96&d=mm&r=g\",\"url\":\"https:\\\/\\\/secure.gravatar.com\\\/avatar\\\/4afd2eed3b2fbbf36dd6707b5bd8a5b50ac648f033e36fbf85aeace2f0f859db?s=96&d=mm&r=g\",\"contentUrl\":\"https:\\\/\\\/secure.gravatar.com\\\/avatar\\\/4afd2eed3b2fbbf36dd6707b5bd8a5b50ac648f033e36fbf85aeace2f0f859db?s=96&d=mm&r=g\",\"caption\":\"admin\"},\"sameAs\":[\"https:\\\/\\\/www.cuencasmineras.com\"],\"url\":\"https:\\\/\\\/www.cuencasmineras.com\\\/index.php\\\/author\\\/admin\\\/\"}]}<\/script>\n<!-- \/ Yoast SEO plugin. -->","yoast_head_json":{"title":"El Principado repara un hundimiento en la v\u00eda que une Pe\u00f1amiel y la Pola - cm news","description":"Los trabajos, que discurren por el concejo de Riosa, cuentan con un presupuesto de 144.234 euros y terminar\u00e1n en dos meses.","robots":{"index":"index","follow":"follow","max-snippet":"max-snippet:-1","max-image-preview":"max-image-preview:large","max-video-preview":"max-video-preview:-1"},"canonical":"https:\/\/www.cuencasmineras.com\/index.php\/2021\/04\/09\/el-principado-repara-un-hundimiento-en-la-via-que-une-penamiel-y-la-pola\/","og_locale":"es_ES","og_type":"article","og_title":"El Principado repara un hundimiento en la v\u00eda que une Pe\u00f1amiel y la Pola - cm news","og_description":"Los trabajos, que discurren por el concejo de Riosa, cuentan con un presupuesto de 144.234 euros y terminar\u00e1n en dos meses.","og_url":"https:\/\/www.cuencasmineras.com\/index.php\/2021\/04\/09\/el-principado-repara-un-hundimiento-en-la-via-que-une-penamiel-y-la-pola\/","article_published_time":"2021-04-09T19:16:51+00:00","og_image":[{"width":880,"height":495,"url":"https:\/\/www.cuencasmineras.com\/wp-content\/uploads\/2021\/04\/dd499ea8-02cd-48c6-a14f-b5b493458855_16-9-aspect-ratio_default_0_x208y266.jpg","type":"image\/jpeg"}],"author":"admin","twitter_card":"summary_large_image","twitter_misc":{"Escrito por":"admin","Tiempo de lectura":"2 minutos"},"schema":{"@context":"https:\/\/schema.org","@graph":[{"@type":"Article","@id":"https:\/\/www.cuencasmineras.com\/index.php\/2021\/04\/09\/el-principado-repara-un-hundimiento-en-la-via-que-une-penamiel-y-la-pola\/#article","isPartOf":{"@id":"https:\/\/www.cuencasmineras.com\/index.php\/2021\/04\/09\/el-principado-repara-un-hundimiento-en-la-via-que-une-penamiel-y-la-pola\/"},"author":{"name":"admin","@id":"https:\/\/www.cuencasmineras.com\/#\/schema\/person\/be0691310e8496ec555f679dd688420c"},"headline":"El Principado repara un hundimiento en la v\u00eda que une Pe\u00f1amiel y la Pola","datePublished":"2021-04-09T19:16:51+00:00","mainEntityOfPage":{"@id":"https:\/\/www.cuencasmineras.com\/index.php\/2021\/04\/09\/el-principado-repara-un-hundimiento-en-la-via-que-une-penamiel-y-la-pola\/"},"wordCount":273,"commentCount":0,"image":{"@id":"https:\/\/www.cuencasmineras.com\/index.php\/2021\/04\/09\/el-principado-repara-un-hundimiento-en-la-via-que-une-penamiel-y-la-pola\/#primaryimage"},"thumbnailUrl":"https:\/\/www.cuencasmineras.com\/wp-content\/uploads\/2021\/04\/dd499ea8-02cd-48c6-a14f-b5b493458855_16-9-aspect-ratio_default_0_x208y266.jpg","articleSection":["Caudal","CM NEWS"],"inLanguage":"es","potentialAction":[{"@type":"CommentAction","name":"Comment","target":["https:\/\/www.cuencasmineras.com\/index.php\/2021\/04\/09\/el-principado-repara-un-hundimiento-en-la-via-que-une-penamiel-y-la-pola\/#respond"]}]},{"@type":"WebPage","@id":"https:\/\/www.cuencasmineras.com\/index.php\/2021\/04\/09\/el-principado-repara-un-hundimiento-en-la-via-que-une-penamiel-y-la-pola\/","url":"https:\/\/www.cuencasmineras.com\/index.php\/2021\/04\/09\/el-principado-repara-un-hundimiento-en-la-via-que-une-penamiel-y-la-pola\/","name":"El Principado repara un hundimiento en la v\u00eda que une Pe\u00f1amiel y la Pola - cm news","isPartOf":{"@id":"https:\/\/www.cuencasmineras.com\/#website"},"primaryImageOfPage":{"@id":"https:\/\/www.cuencasmineras.com\/index.php\/2021\/04\/09\/el-principado-repara-un-hundimiento-en-la-via-que-une-penamiel-y-la-pola\/#primaryimage"},"image":{"@id":"https:\/\/www.cuencasmineras.com\/index.php\/2021\/04\/09\/el-principado-repara-un-hundimiento-en-la-via-que-une-penamiel-y-la-pola\/#primaryimage"},"thumbnailUrl":"https:\/\/www.cuencasmineras.com\/wp-content\/uploads\/2021\/04\/dd499ea8-02cd-48c6-a14f-b5b493458855_16-9-aspect-ratio_default_0_x208y266.jpg","datePublished":"2021-04-09T19:16:51+00:00","author":{"@id":"https:\/\/www.cuencasmineras.com\/#\/schema\/person\/be0691310e8496ec555f679dd688420c"},"description":"Los trabajos, que discurren por el concejo de Riosa, cuentan con un presupuesto de 144.234 euros y terminar\u00e1n en dos meses.","breadcrumb":{"@id":"https:\/\/www.cuencasmineras.com\/index.php\/2021\/04\/09\/el-principado-repara-un-hundimiento-en-la-via-que-une-penamiel-y-la-pola\/#breadcrumb"},"inLanguage":"es","potentialAction":[{"@type":"ReadAction","target":["https:\/\/www.cuencasmineras.com\/index.php\/2021\/04\/09\/el-principado-repara-un-hundimiento-en-la-via-que-une-penamiel-y-la-pola\/"]}]},{"@type":"ImageObject","inLanguage":"es","@id":"https:\/\/www.cuencasmineras.com\/index.php\/2021\/04\/09\/el-principado-repara-un-hundimiento-en-la-via-que-une-penamiel-y-la-pola\/#primaryimage","url":"https:\/\/www.cuencasmineras.com\/wp-content\/uploads\/2021\/04\/dd499ea8-02cd-48c6-a14f-b5b493458855_16-9-aspect-ratio_default_0_x208y266.jpg","contentUrl":"https:\/\/www.cuencasmineras.com\/wp-content\/uploads\/2021\/04\/dd499ea8-02cd-48c6-a14f-b5b493458855_16-9-aspect-ratio_default_0_x208y266.jpg","width":880,"height":495},{"@type":"BreadcrumbList","@id":"https:\/\/www.cuencasmineras.com\/index.php\/2021\/04\/09\/el-principado-repara-un-hundimiento-en-la-via-que-une-penamiel-y-la-pola\/#breadcrumb","itemListElement":[{"@type":"ListItem","position":1,"name":"Portada","item":"https:\/\/www.cuencasmineras.com\/"},{"@type":"ListItem","position":2,"name":"El Principado repara un hundimiento en la v\u00eda que une Pe\u00f1amiel y la Pola"}]},{"@type":"WebSite","@id":"https:\/\/www.cuencasmineras.com\/#website","url":"https:\/\/www.cuencasmineras.com\/","name":"","description":"","potentialAction":[{"@type":"SearchAction","target":{"@type":"EntryPoint","urlTemplate":"https:\/\/www.cuencasmineras.com\/?s={search_term_string}"},"query-input":{"@type":"PropertyValueSpecification","valueRequired":true,"valueName":"search_term_string"}}],"inLanguage":"es"},{"@type":"Person","@id":"https:\/\/www.cuencasmineras.com\/#\/schema\/person\/be0691310e8496ec555f679dd688420c","name":"admin","image":{"@type":"ImageObject","inLanguage":"es","@id":"https:\/\/secure.gravatar.com\/avatar\/4afd2eed3b2fbbf36dd6707b5bd8a5b50ac648f033e36fbf85aeace2f0f859db?s=96&d=mm&r=g","url":"https:\/\/secure.gravatar.com\/avatar\/4afd2eed3b2fbbf36dd6707b5bd8a5b50ac648f033e36fbf85aeace2f0f859db?s=96&d=mm&r=g","contentUrl":"https:\/\/secure.gravatar.com\/avatar\/4afd2eed3b2fbbf36dd6707b5bd8a5b50ac648f033e36fbf85aeace2f0f859db?s=96&d=mm&r=g","caption":"admin"},"sameAs":["https:\/\/www.cuencasmineras.com"],"url":"https:\/\/www.cuencasmineras.com\/index.php\/author\/admin\/"}]}},"_links":{"self":[{"href":"https:\/\/www.cuencasmineras.com\/index.php\/wp-json\/wp\/v2\/posts\/2405","targetHints":{"allow":["GET"]}}],"collection":[{"href":"https:\/\/www.cuencasmineras.com\/index.php\/wp-json\/wp\/v2\/posts"}],"about":[{"href":"https:\/\/www.cuencasmineras.com\/index.php\/wp-json\/wp\/v2\/types\/post"}],"author":[{"embeddable":true,"href":"https:\/\/www.cuencasmineras.com\/index.php\/wp-json\/wp\/v2\/users\/1"}],"replies":[{"embeddable":true,"href":"https:\/\/www.cuencasmineras.com\/index.php\/wp-json\/wp\/v2\/comments?post=2405"}],"version-history":[{"count":1,"href":"https:\/\/www.cuencasmineras.com\/index.php\/wp-json\/wp\/v2\/posts\/2405\/revisions"}],"predecessor-version":[{"id":2407,"href":"https:\/\/www.cuencasmineras.com\/index.php\/wp-json\/wp\/v2\/posts\/2405\/revisions\/2407"}],"wp:featuredmedia":[{"embeddable":true,"href":"https:\/\/www.cuencasmineras.com\/index.php\/wp-json\/wp\/v2\/media\/2406"}],"wp:attachment":[{"href":"https:\/\/www.cuencasmineras.com\/index.php\/wp-json\/wp\/v2\/media?parent=2405"}],"wp:term":[{"taxonomy":"category","embeddable":true,"href":"https:\/\/www.cuencasmineras.com\/index.php\/wp-json\/wp\/v2\/categories?post=2405"},{"taxonomy":"post_tag","embeddable":true,"href":"https:\/\/www.cuencasmineras.com\/index.php\/wp-json\/wp\/v2\/tags?post=2405"}],"curies":[{"name":"wp","href":"https:\/\/api.w.org\/{rel}","templated":true}]}}