{"id":2410,"date":"2021-04-09T19:23:55","date_gmt":"2021-04-09T19:23:55","guid":{"rendered":"https:\/\/www.cuencasmineras.com\/?p=2410"},"modified":"2021-04-09T19:23:55","modified_gmt":"2021-04-09T19:23:55","slug":"laviana-estrenara-este-verano-una-nueva-zona-joven-para-realizar-talleres-al-aire-libre","status":"publish","type":"post","link":"https:\/\/www.cuencasmineras.com\/index.php\/2021\/04\/09\/laviana-estrenara-este-verano-una-nueva-zona-joven-para-realizar-talleres-al-aire-libre\/","title":{"rendered":"Laviana estrenar\u00e1 este verano una nueva zona joven para realizar talleres al aire libre"},"content":{"rendered":"<p style=\"text-align: justify;\">El alcalde de Laviana, Julio Garc\u00eda, dio a conocer ayer los detalles del nuevo espacio joven techado que se ubicar\u00e1 este verano en la zona de la entrada principal del Centro de Innovaci\u00f3n y Desarrollo del Alto Nal\u00f3n (Cidan) en La Pola. La presentaci\u00f3n tuvo lugar durante una reuni\u00f3n en el Cidan con una docena de representantes del Consejo Municipal de la Infancia y la Adolescencia de Laviana, a la que tambi\u00e9n acudi\u00f3 la concejala de Servicios Sociales, Cristina Remesal; y la t\u00e9cnica de Servicios Sociales, Charo Montes.<\/p>\n<p><img loading=\"lazy\" decoding=\"async\" class=\"aligncenter size-large wp-image-2411\" src=\"https:\/\/www.cuencasmineras.com\/wp-content\/uploads\/2021\/04\/7ea9ea90-5ef4-4ffe-b43f-28a8deb54230_21-9-aspect-ratio_default_0-1024x438.jpg\" alt=\"\" width=\"640\" height=\"274\" srcset=\"https:\/\/www.cuencasmineras.com\/wp-content\/uploads\/2021\/04\/7ea9ea90-5ef4-4ffe-b43f-28a8deb54230_21-9-aspect-ratio_default_0-1024x438.jpg 1024w, https:\/\/www.cuencasmineras.com\/wp-content\/uploads\/2021\/04\/7ea9ea90-5ef4-4ffe-b43f-28a8deb54230_21-9-aspect-ratio_default_0-300x128.jpg 300w, https:\/\/www.cuencasmineras.com\/wp-content\/uploads\/2021\/04\/7ea9ea90-5ef4-4ffe-b43f-28a8deb54230_21-9-aspect-ratio_default_0-768x329.jpg 768w, https:\/\/www.cuencasmineras.com\/wp-content\/uploads\/2021\/04\/7ea9ea90-5ef4-4ffe-b43f-28a8deb54230_21-9-aspect-ratio_default_0.jpg 1280w\" sizes=\"auto, (max-width: 640px) 100vw, 640px\" \/><\/p>\n<p style=\"text-align: justify;\">Tras agradecer a los j\u00f3venes lavianeses su gran participaci\u00f3n e inter\u00e9s en mejorar la calidad de vida del concejo, el alcalde procedi\u00f3 a detallarles las mejoras y cambios del nuevo e innovador espacio, que contar\u00e1 con acceso a internet por wifi, zona de esparcimiento, mobiliario, juegos y cargadores para dispositivos telef\u00f3nicos o tablets, entre otros elementos.<\/p>\n<p style=\"text-align: justify;\">La instalaci\u00f3n dispondr\u00e1 tanto de un espacio bajo techo como otro al aire libre con c\u00e9sped en el que destacar\u00e1 \u201cun moderno e un integrador dise\u00f1o verde y sostenible con el entorno. Esto es porque en las calles aleda\u00f1as, es decir, Joaqu\u00edn Iglesias, Juan XXIII y Leopoldo Alas Clar\u00edn, se eliminar\u00e1 el tr\u00e1nsito de veh\u00edculos con la implantaci\u00f3n del plan Arcadia 2030\u201d. Adem\u00e1s, habr\u00e1 un amplio bulevar gracias a la ampliaci\u00f3n de La Avenida hasta la Iglesia.<\/p>\n<p style=\"text-align: justify;\">El espacio joven ser\u00e1 \u00fanico en el valle del Nal\u00f3n y podr\u00e1 disfrutarse desde este verano con la organizaci\u00f3n de actividades, juegos y talleres. El Ayuntamiento invertir\u00e1 50.000 euros en esta instalaci\u00f3n.<\/p>\n<p style=\"text-align: justify;\">Por otro lado, los representantes del Consejo Municipal de la Infancia y la Adolescencia trasladaron al alcalde su \u201cbuena\u201d valoraci\u00f3n sobre la recuperaci\u00f3n de la zona fluvial en torno al r\u00edo Nal\u00f3n. Garc\u00eda, por su parte, dio cuenta de la importancia de dinamizar este corredor verde que surgi\u00f3 gracias a los trabajos de limpieza y desbroce a la vera del r\u00edo, que han conseguido generar una enorme zona verde de esparcimiento, ocio y disfrute. Los j\u00f3venes tambi\u00e9n demandaron al regidor lavian\u00e9s la implantaci\u00f3n en el concejo de un circuito de \u201cparkour\u201d y otro de calistenia. El Alcalde se comprometi\u00f3 a la creaci\u00f3n de ambos espacios, as\u00ed como a recorrer junto a los representantes del Consejo Municipal de la Infancia y Adolescencia, tanto el parque de los Pr\u00edncipes como la recuperada zona de la ribera fluvial del r\u00edo Nal\u00f3n, para elegir juntos la mejor ubicaci\u00f3n para estos espacios que mejorar\u00e1n \u201cla motricidad, y que incitan a la realizaci\u00f3n de deporte al aire libre\u201d. Tambi\u00e9n se estudiar\u00e1n las posibilidades para revitalizar este corredor verde.<\/p>\n","protected":false},"excerpt":{"rendered":"<p>El alcalde de Laviana, Julio Garc\u00eda, dio a conocer ayer los detalles del nuevo espacio joven techado que se ubicar\u00e1 este verano en la zona de la entrada principal del Centro de Innovaci\u00f3n y Desarrollo del Alto Nal\u00f3n (Cidan) en La Pola. La presentaci\u00f3n tuvo lugar durante una reuni\u00f3n en el Cidan con una docena [&hellip;]<\/p>\n","protected":false},"author":1,"featured_media":2411,"comment_status":"open","ping_status":"open","sticky":false,"template":"","format":"standard","meta":{"footnotes":""},"categories":[6,8],"tags":[],"class_list":["post-2410","post","type-post","status-publish","format-standard","has-post-thumbnail","hentry","category-noticias","category-nalon"],"yoast_head":"<!-- This site is optimized with the Yoast SEO plugin v27.4 - https:\/\/yoast.com\/product\/yoast-seo-wordpress\/ -->\n<title>Laviana estrenar\u00e1 este verano una nueva zona joven para realizar talleres al aire libre - cmnews<\/title>\n<meta name=\"description\" content=\"El espacio, que se ubicar\u00e1 en la entrada del Cidan, tendr\u00e1 acceso a internet por wifi, juegos y cargadores para dispositivos m\u00f3viles.\" \/>\n<meta name=\"robots\" content=\"index, follow, max-snippet:-1, max-image-preview:large, max-video-preview:-1\" \/>\n<link rel=\"canonical\" href=\"https:\/\/www.cuencasmineras.com\/index.php\/2021\/04\/09\/laviana-estrenara-este-verano-una-nueva-zona-joven-para-realizar-talleres-al-aire-libre\/\" \/>\n<meta property=\"og:locale\" content=\"es_ES\" \/>\n<meta property=\"og:type\" content=\"article\" \/>\n<meta property=\"og:title\" content=\"Laviana estrenar\u00e1 este verano una nueva zona joven para realizar talleres al aire libre - cmnews\" \/>\n<meta property=\"og:description\" content=\"El espacio, que se ubicar\u00e1 en la entrada del Cidan, tendr\u00e1 acceso a internet por wifi, juegos y cargadores para dispositivos m\u00f3viles.\" \/>\n<meta property=\"og:url\" content=\"https:\/\/www.cuencasmineras.com\/index.php\/2021\/04\/09\/laviana-estrenara-este-verano-una-nueva-zona-joven-para-realizar-talleres-al-aire-libre\/\" \/>\n<meta property=\"article:published_time\" content=\"2021-04-09T19:23:55+00:00\" \/>\n<meta property=\"og:image\" content=\"https:\/\/www.cuencasmineras.com\/wp-content\/uploads\/2021\/04\/7ea9ea90-5ef4-4ffe-b43f-28a8deb54230_21-9-aspect-ratio_default_0.jpg\" \/>\n\t<meta property=\"og:image:width\" content=\"1280\" \/>\n\t<meta property=\"og:image:height\" content=\"548\" \/>\n\t<meta property=\"og:image:type\" content=\"image\/jpeg\" \/>\n<meta name=\"author\" content=\"admin\" \/>\n<meta name=\"twitter:card\" content=\"summary_large_image\" \/>\n<meta name=\"twitter:label1\" content=\"Escrito por\" \/>\n\t<meta name=\"twitter:data1\" content=\"admin\" \/>\n\t<meta name=\"twitter:label2\" content=\"Tiempo de lectura\" \/>\n\t<meta name=\"twitter:data2\" content=\"3 minutos\" \/>\n<script type=\"application\/ld+json\" class=\"yoast-schema-graph\">{\"@context\":\"https:\\\/\\\/schema.org\",\"@graph\":[{\"@type\":\"Article\",\"@id\":\"https:\\\/\\\/www.cuencasmineras.com\\\/index.php\\\/2021\\\/04\\\/09\\\/laviana-estrenara-este-verano-una-nueva-zona-joven-para-realizar-talleres-al-aire-libre\\\/#article\",\"isPartOf\":{\"@id\":\"https:\\\/\\\/www.cuencasmineras.com\\\/index.php\\\/2021\\\/04\\\/09\\\/laviana-estrenara-este-verano-una-nueva-zona-joven-para-realizar-talleres-al-aire-libre\\\/\"},\"author\":{\"name\":\"admin\",\"@id\":\"https:\\\/\\\/www.cuencasmineras.com\\\/#\\\/schema\\\/person\\\/be0691310e8496ec555f679dd688420c\"},\"headline\":\"Laviana estrenar\u00e1 este verano una nueva zona joven para realizar talleres al aire libre\",\"datePublished\":\"2021-04-09T19:23:55+00:00\",\"mainEntityOfPage\":{\"@id\":\"https:\\\/\\\/www.cuencasmineras.com\\\/index.php\\\/2021\\\/04\\\/09\\\/laviana-estrenara-este-verano-una-nueva-zona-joven-para-realizar-talleres-al-aire-libre\\\/\"},\"wordCount\":481,\"commentCount\":0,\"image\":{\"@id\":\"https:\\\/\\\/www.cuencasmineras.com\\\/index.php\\\/2021\\\/04\\\/09\\\/laviana-estrenara-este-verano-una-nueva-zona-joven-para-realizar-talleres-al-aire-libre\\\/#primaryimage\"},\"thumbnailUrl\":\"https:\\\/\\\/www.cuencasmineras.com\\\/wp-content\\\/uploads\\\/2021\\\/04\\\/7ea9ea90-5ef4-4ffe-b43f-28a8deb54230_21-9-aspect-ratio_default_0.jpg\",\"articleSection\":[\"CM NEWS\",\"Nal\u00f3n\"],\"inLanguage\":\"es\",\"potentialAction\":[{\"@type\":\"CommentAction\",\"name\":\"Comment\",\"target\":[\"https:\\\/\\\/www.cuencasmineras.com\\\/index.php\\\/2021\\\/04\\\/09\\\/laviana-estrenara-este-verano-una-nueva-zona-joven-para-realizar-talleres-al-aire-libre\\\/#respond\"]}]},{\"@type\":\"WebPage\",\"@id\":\"https:\\\/\\\/www.cuencasmineras.com\\\/index.php\\\/2021\\\/04\\\/09\\\/laviana-estrenara-este-verano-una-nueva-zona-joven-para-realizar-talleres-al-aire-libre\\\/\",\"url\":\"https:\\\/\\\/www.cuencasmineras.com\\\/index.php\\\/2021\\\/04\\\/09\\\/laviana-estrenara-este-verano-una-nueva-zona-joven-para-realizar-talleres-al-aire-libre\\\/\",\"name\":\"Laviana estrenar\u00e1 este verano una nueva zona joven para realizar talleres al aire libre - cmnews\",\"isPartOf\":{\"@id\":\"https:\\\/\\\/www.cuencasmineras.com\\\/#website\"},\"primaryImageOfPage\":{\"@id\":\"https:\\\/\\\/www.cuencasmineras.com\\\/index.php\\\/2021\\\/04\\\/09\\\/laviana-estrenara-este-verano-una-nueva-zona-joven-para-realizar-talleres-al-aire-libre\\\/#primaryimage\"},\"image\":{\"@id\":\"https:\\\/\\\/www.cuencasmineras.com\\\/index.php\\\/2021\\\/04\\\/09\\\/laviana-estrenara-este-verano-una-nueva-zona-joven-para-realizar-talleres-al-aire-libre\\\/#primaryimage\"},\"thumbnailUrl\":\"https:\\\/\\\/www.cuencasmineras.com\\\/wp-content\\\/uploads\\\/2021\\\/04\\\/7ea9ea90-5ef4-4ffe-b43f-28a8deb54230_21-9-aspect-ratio_default_0.jpg\",\"datePublished\":\"2021-04-09T19:23:55+00:00\",\"author\":{\"@id\":\"https:\\\/\\\/www.cuencasmineras.com\\\/#\\\/schema\\\/person\\\/be0691310e8496ec555f679dd688420c\"},\"description\":\"El espacio, que se ubicar\u00e1 en la entrada del Cidan, tendr\u00e1 acceso a internet por wifi, juegos y cargadores para dispositivos m\u00f3viles.\",\"breadcrumb\":{\"@id\":\"https:\\\/\\\/www.cuencasmineras.com\\\/index.php\\\/2021\\\/04\\\/09\\\/laviana-estrenara-este-verano-una-nueva-zona-joven-para-realizar-talleres-al-aire-libre\\\/#breadcrumb\"},\"inLanguage\":\"es\",\"potentialAction\":[{\"@type\":\"ReadAction\",\"target\":[\"https:\\\/\\\/www.cuencasmineras.com\\\/index.php\\\/2021\\\/04\\\/09\\\/laviana-estrenara-este-verano-una-nueva-zona-joven-para-realizar-talleres-al-aire-libre\\\/\"]}]},{\"@type\":\"ImageObject\",\"inLanguage\":\"es\",\"@id\":\"https:\\\/\\\/www.cuencasmineras.com\\\/index.php\\\/2021\\\/04\\\/09\\\/laviana-estrenara-este-verano-una-nueva-zona-joven-para-realizar-talleres-al-aire-libre\\\/#primaryimage\",\"url\":\"https:\\\/\\\/www.cuencasmineras.com\\\/wp-content\\\/uploads\\\/2021\\\/04\\\/7ea9ea90-5ef4-4ffe-b43f-28a8deb54230_21-9-aspect-ratio_default_0.jpg\",\"contentUrl\":\"https:\\\/\\\/www.cuencasmineras.com\\\/wp-content\\\/uploads\\\/2021\\\/04\\\/7ea9ea90-5ef4-4ffe-b43f-28a8deb54230_21-9-aspect-ratio_default_0.jpg\",\"width\":1280,\"height\":548},{\"@type\":\"BreadcrumbList\",\"@id\":\"https:\\\/\\\/www.cuencasmineras.com\\\/index.php\\\/2021\\\/04\\\/09\\\/laviana-estrenara-este-verano-una-nueva-zona-joven-para-realizar-talleres-al-aire-libre\\\/#breadcrumb\",\"itemListElement\":[{\"@type\":\"ListItem\",\"position\":1,\"name\":\"Portada\",\"item\":\"https:\\\/\\\/www.cuencasmineras.com\\\/\"},{\"@type\":\"ListItem\",\"position\":2,\"name\":\"Laviana estrenar\u00e1 este verano una nueva zona joven para realizar talleres al aire libre\"}]},{\"@type\":\"WebSite\",\"@id\":\"https:\\\/\\\/www.cuencasmineras.com\\\/#website\",\"url\":\"https:\\\/\\\/www.cuencasmineras.com\\\/\",\"name\":\"\",\"description\":\"\",\"potentialAction\":[{\"@type\":\"SearchAction\",\"target\":{\"@type\":\"EntryPoint\",\"urlTemplate\":\"https:\\\/\\\/www.cuencasmineras.com\\\/?s={search_term_string}\"},\"query-input\":{\"@type\":\"PropertyValueSpecification\",\"valueRequired\":true,\"valueName\":\"search_term_string\"}}],\"inLanguage\":\"es\"},{\"@type\":\"Person\",\"@id\":\"https:\\\/\\\/www.cuencasmineras.com\\\/#\\\/schema\\\/person\\\/be0691310e8496ec555f679dd688420c\",\"name\":\"admin\",\"image\":{\"@type\":\"ImageObject\",\"inLanguage\":\"es\",\"@id\":\"https:\\\/\\\/secure.gravatar.com\\\/avatar\\\/4afd2eed3b2fbbf36dd6707b5bd8a5b50ac648f033e36fbf85aeace2f0f859db?s=96&d=mm&r=g\",\"url\":\"https:\\\/\\\/secure.gravatar.com\\\/avatar\\\/4afd2eed3b2fbbf36dd6707b5bd8a5b50ac648f033e36fbf85aeace2f0f859db?s=96&d=mm&r=g\",\"contentUrl\":\"https:\\\/\\\/secure.gravatar.com\\\/avatar\\\/4afd2eed3b2fbbf36dd6707b5bd8a5b50ac648f033e36fbf85aeace2f0f859db?s=96&d=mm&r=g\",\"caption\":\"admin\"},\"sameAs\":[\"https:\\\/\\\/www.cuencasmineras.com\"],\"url\":\"https:\\\/\\\/www.cuencasmineras.com\\\/index.php\\\/author\\\/admin\\\/\"}]}<\/script>\n<!-- \/ Yoast SEO plugin. -->","yoast_head_json":{"title":"Laviana estrenar\u00e1 este verano una nueva zona joven para realizar talleres al aire libre - cmnews","description":"El espacio, que se ubicar\u00e1 en la entrada del Cidan, tendr\u00e1 acceso a internet por wifi, juegos y cargadores para dispositivos m\u00f3viles.","robots":{"index":"index","follow":"follow","max-snippet":"max-snippet:-1","max-image-preview":"max-image-preview:large","max-video-preview":"max-video-preview:-1"},"canonical":"https:\/\/www.cuencasmineras.com\/index.php\/2021\/04\/09\/laviana-estrenara-este-verano-una-nueva-zona-joven-para-realizar-talleres-al-aire-libre\/","og_locale":"es_ES","og_type":"article","og_title":"Laviana estrenar\u00e1 este verano una nueva zona joven para realizar talleres al aire libre - cmnews","og_description":"El espacio, que se ubicar\u00e1 en la entrada del Cidan, tendr\u00e1 acceso a internet por wifi, juegos y cargadores para dispositivos m\u00f3viles.","og_url":"https:\/\/www.cuencasmineras.com\/index.php\/2021\/04\/09\/laviana-estrenara-este-verano-una-nueva-zona-joven-para-realizar-talleres-al-aire-libre\/","article_published_time":"2021-04-09T19:23:55+00:00","og_image":[{"width":1280,"height":548,"url":"https:\/\/www.cuencasmineras.com\/wp-content\/uploads\/2021\/04\/7ea9ea90-5ef4-4ffe-b43f-28a8deb54230_21-9-aspect-ratio_default_0.jpg","type":"image\/jpeg"}],"author":"admin","twitter_card":"summary_large_image","twitter_misc":{"Escrito por":"admin","Tiempo de lectura":"3 minutos"},"schema":{"@context":"https:\/\/schema.org","@graph":[{"@type":"Article","@id":"https:\/\/www.cuencasmineras.com\/index.php\/2021\/04\/09\/laviana-estrenara-este-verano-una-nueva-zona-joven-para-realizar-talleres-al-aire-libre\/#article","isPartOf":{"@id":"https:\/\/www.cuencasmineras.com\/index.php\/2021\/04\/09\/laviana-estrenara-este-verano-una-nueva-zona-joven-para-realizar-talleres-al-aire-libre\/"},"author":{"name":"admin","@id":"https:\/\/www.cuencasmineras.com\/#\/schema\/person\/be0691310e8496ec555f679dd688420c"},"headline":"Laviana estrenar\u00e1 este verano una nueva zona joven para realizar talleres al aire libre","datePublished":"2021-04-09T19:23:55+00:00","mainEntityOfPage":{"@id":"https:\/\/www.cuencasmineras.com\/index.php\/2021\/04\/09\/laviana-estrenara-este-verano-una-nueva-zona-joven-para-realizar-talleres-al-aire-libre\/"},"wordCount":481,"commentCount":0,"image":{"@id":"https:\/\/www.cuencasmineras.com\/index.php\/2021\/04\/09\/laviana-estrenara-este-verano-una-nueva-zona-joven-para-realizar-talleres-al-aire-libre\/#primaryimage"},"thumbnailUrl":"https:\/\/www.cuencasmineras.com\/wp-content\/uploads\/2021\/04\/7ea9ea90-5ef4-4ffe-b43f-28a8deb54230_21-9-aspect-ratio_default_0.jpg","articleSection":["CM NEWS","Nal\u00f3n"],"inLanguage":"es","potentialAction":[{"@type":"CommentAction","name":"Comment","target":["https:\/\/www.cuencasmineras.com\/index.php\/2021\/04\/09\/laviana-estrenara-este-verano-una-nueva-zona-joven-para-realizar-talleres-al-aire-libre\/#respond"]}]},{"@type":"WebPage","@id":"https:\/\/www.cuencasmineras.com\/index.php\/2021\/04\/09\/laviana-estrenara-este-verano-una-nueva-zona-joven-para-realizar-talleres-al-aire-libre\/","url":"https:\/\/www.cuencasmineras.com\/index.php\/2021\/04\/09\/laviana-estrenara-este-verano-una-nueva-zona-joven-para-realizar-talleres-al-aire-libre\/","name":"Laviana estrenar\u00e1 este verano una nueva zona joven para realizar talleres al aire libre - cmnews","isPartOf":{"@id":"https:\/\/www.cuencasmineras.com\/#website"},"primaryImageOfPage":{"@id":"https:\/\/www.cuencasmineras.com\/index.php\/2021\/04\/09\/laviana-estrenara-este-verano-una-nueva-zona-joven-para-realizar-talleres-al-aire-libre\/#primaryimage"},"image":{"@id":"https:\/\/www.cuencasmineras.com\/index.php\/2021\/04\/09\/laviana-estrenara-este-verano-una-nueva-zona-joven-para-realizar-talleres-al-aire-libre\/#primaryimage"},"thumbnailUrl":"https:\/\/www.cuencasmineras.com\/wp-content\/uploads\/2021\/04\/7ea9ea90-5ef4-4ffe-b43f-28a8deb54230_21-9-aspect-ratio_default_0.jpg","datePublished":"2021-04-09T19:23:55+00:00","author":{"@id":"https:\/\/www.cuencasmineras.com\/#\/schema\/person\/be0691310e8496ec555f679dd688420c"},"description":"El espacio, que se ubicar\u00e1 en la entrada del Cidan, tendr\u00e1 acceso a internet por wifi, juegos y cargadores para dispositivos m\u00f3viles.","breadcrumb":{"@id":"https:\/\/www.cuencasmineras.com\/index.php\/2021\/04\/09\/laviana-estrenara-este-verano-una-nueva-zona-joven-para-realizar-talleres-al-aire-libre\/#breadcrumb"},"inLanguage":"es","potentialAction":[{"@type":"ReadAction","target":["https:\/\/www.cuencasmineras.com\/index.php\/2021\/04\/09\/laviana-estrenara-este-verano-una-nueva-zona-joven-para-realizar-talleres-al-aire-libre\/"]}]},{"@type":"ImageObject","inLanguage":"es","@id":"https:\/\/www.cuencasmineras.com\/index.php\/2021\/04\/09\/laviana-estrenara-este-verano-una-nueva-zona-joven-para-realizar-talleres-al-aire-libre\/#primaryimage","url":"https:\/\/www.cuencasmineras.com\/wp-content\/uploads\/2021\/04\/7ea9ea90-5ef4-4ffe-b43f-28a8deb54230_21-9-aspect-ratio_default_0.jpg","contentUrl":"https:\/\/www.cuencasmineras.com\/wp-content\/uploads\/2021\/04\/7ea9ea90-5ef4-4ffe-b43f-28a8deb54230_21-9-aspect-ratio_default_0.jpg","width":1280,"height":548},{"@type":"BreadcrumbList","@id":"https:\/\/www.cuencasmineras.com\/index.php\/2021\/04\/09\/laviana-estrenara-este-verano-una-nueva-zona-joven-para-realizar-talleres-al-aire-libre\/#breadcrumb","itemListElement":[{"@type":"ListItem","position":1,"name":"Portada","item":"https:\/\/www.cuencasmineras.com\/"},{"@type":"ListItem","position":2,"name":"Laviana estrenar\u00e1 este verano una nueva zona joven para realizar talleres al aire libre"}]},{"@type":"WebSite","@id":"https:\/\/www.cuencasmineras.com\/#website","url":"https:\/\/www.cuencasmineras.com\/","name":"","description":"","potentialAction":[{"@type":"SearchAction","target":{"@type":"EntryPoint","urlTemplate":"https:\/\/www.cuencasmineras.com\/?s={search_term_string}"},"query-input":{"@type":"PropertyValueSpecification","valueRequired":true,"valueName":"search_term_string"}}],"inLanguage":"es"},{"@type":"Person","@id":"https:\/\/www.cuencasmineras.com\/#\/schema\/person\/be0691310e8496ec555f679dd688420c","name":"admin","image":{"@type":"ImageObject","inLanguage":"es","@id":"https:\/\/secure.gravatar.com\/avatar\/4afd2eed3b2fbbf36dd6707b5bd8a5b50ac648f033e36fbf85aeace2f0f859db?s=96&d=mm&r=g","url":"https:\/\/secure.gravatar.com\/avatar\/4afd2eed3b2fbbf36dd6707b5bd8a5b50ac648f033e36fbf85aeace2f0f859db?s=96&d=mm&r=g","contentUrl":"https:\/\/secure.gravatar.com\/avatar\/4afd2eed3b2fbbf36dd6707b5bd8a5b50ac648f033e36fbf85aeace2f0f859db?s=96&d=mm&r=g","caption":"admin"},"sameAs":["https:\/\/www.cuencasmineras.com"],"url":"https:\/\/www.cuencasmineras.com\/index.php\/author\/admin\/"}]}},"_links":{"self":[{"href":"https:\/\/www.cuencasmineras.com\/index.php\/wp-json\/wp\/v2\/posts\/2410","targetHints":{"allow":["GET"]}}],"collection":[{"href":"https:\/\/www.cuencasmineras.com\/index.php\/wp-json\/wp\/v2\/posts"}],"about":[{"href":"https:\/\/www.cuencasmineras.com\/index.php\/wp-json\/wp\/v2\/types\/post"}],"author":[{"embeddable":true,"href":"https:\/\/www.cuencasmineras.com\/index.php\/wp-json\/wp\/v2\/users\/1"}],"replies":[{"embeddable":true,"href":"https:\/\/www.cuencasmineras.com\/index.php\/wp-json\/wp\/v2\/comments?post=2410"}],"version-history":[{"count":1,"href":"https:\/\/www.cuencasmineras.com\/index.php\/wp-json\/wp\/v2\/posts\/2410\/revisions"}],"predecessor-version":[{"id":2412,"href":"https:\/\/www.cuencasmineras.com\/index.php\/wp-json\/wp\/v2\/posts\/2410\/revisions\/2412"}],"wp:featuredmedia":[{"embeddable":true,"href":"https:\/\/www.cuencasmineras.com\/index.php\/wp-json\/wp\/v2\/media\/2411"}],"wp:attachment":[{"href":"https:\/\/www.cuencasmineras.com\/index.php\/wp-json\/wp\/v2\/media?parent=2410"}],"wp:term":[{"taxonomy":"category","embeddable":true,"href":"https:\/\/www.cuencasmineras.com\/index.php\/wp-json\/wp\/v2\/categories?post=2410"},{"taxonomy":"post_tag","embeddable":true,"href":"https:\/\/www.cuencasmineras.com\/index.php\/wp-json\/wp\/v2\/tags?post=2410"}],"curies":[{"name":"wp","href":"https:\/\/api.w.org\/{rel}","templated":true}]}}