{"id":2440,"date":"2021-04-12T12:38:46","date_gmt":"2021-04-12T12:38:46","guid":{"rendered":"https:\/\/www.cuencasmineras.com\/?p=2440"},"modified":"2021-04-12T12:38:46","modified_gmt":"2021-04-12T12:38:46","slug":"el-campus-de-mieres-al-10-por-ciento-de-capacidad","status":"publish","type":"post","link":"https:\/\/www.cuencasmineras.com\/index.php\/2021\/04\/12\/el-campus-de-mieres-al-10-por-ciento-de-capacidad\/","title":{"rendered":"El Campus de Mieres al 10 por ciento de capacidad"},"content":{"rendered":"<p style=\"text-align: justify;\">n campus universitario sin alumnos no tienen ning\u00fan sentido\u201d. La sociedad civil mierense contempla con desencanto el esquel\u00e9tico contorno acad\u00e9mico de Barredo, donde este a\u00f1o cursan estudios 507 alumnos, por los 1.500 que ten\u00eda la vieja Escuela de Minas antes de que se invirtieran 130 millones en la expansi\u00f3n universitaria local.<\/p>\n<p style=\"text-align: justify;\"><img loading=\"lazy\" decoding=\"async\" class=\"aligncenter size-large wp-image-2441\" src=\"https:\/\/www.cuencasmineras.com\/wp-content\/uploads\/2021\/04\/fdb70152-22b2-420d-b3fd-beb4be5624c1_21-9-aspect-ratio_default_0-1024x438.jpg\" alt=\"\" width=\"640\" height=\"274\" srcset=\"https:\/\/www.cuencasmineras.com\/wp-content\/uploads\/2021\/04\/fdb70152-22b2-420d-b3fd-beb4be5624c1_21-9-aspect-ratio_default_0-1024x438.jpg 1024w, https:\/\/www.cuencasmineras.com\/wp-content\/uploads\/2021\/04\/fdb70152-22b2-420d-b3fd-beb4be5624c1_21-9-aspect-ratio_default_0-300x128.jpg 300w, https:\/\/www.cuencasmineras.com\/wp-content\/uploads\/2021\/04\/fdb70152-22b2-420d-b3fd-beb4be5624c1_21-9-aspect-ratio_default_0-768x329.jpg 768w, https:\/\/www.cuencasmineras.com\/wp-content\/uploads\/2021\/04\/fdb70152-22b2-420d-b3fd-beb4be5624c1_21-9-aspect-ratio_default_0.jpg 1280w\" sizes=\"auto, (max-width: 640px) 100vw, 640px\" \/><br \/>\n\u201cSi das un paseo por el entorno del campus no hay ning\u00fan tipo de ambiente universitario. Como mucho, te puedes cruzar alguna vez con un grupito de estudiantes que parece que sale de un centro de clases particulares\u201d, apunta la profesora y escritora Montse Garnacho. \u201cEl problema de este campus es que nadie ha apostado de verdad por \u00e9l y, adem\u00e1s, ha sufrido por la fuerte competencia ejercida desde Gij\u00f3n\u201d, remarca Jos\u00e9 Fern\u00e1ndez, exdirector del instituto Bernaldo de Quir\u00f3s y uno de los m\u00e1s activos impulsores en su momento del proyecto universitario que sirvi\u00f3 que embri\u00f3n para el posterior desarrollo del campus mierense.<\/p>\n<p style=\"text-align: justify;\">La inversi\u00f3n de 130 millones ligadas a la expansi\u00f3n universitaria solo ha servido, en lo acad\u00e9mico, para que dos de cada tres pupitres hayan quedado vac\u00edos. Los 507 estudiantes matriculados este curso en Barredo est\u00e1n muy lejos de los 6.000 alumnos de capacidad establecida inicialmente. Si bien actualmente se pone en duda que esa previsi\u00f3n fuera realista, lo cierto es que fue la que se vincul\u00f3 inicialmente al proyecto universitario mierense para justificar la millonaria inversi\u00f3n.<\/p>\n<p style=\"text-align: justify;\">El campus de Mieres cubre una extensi\u00f3n total de 132.000 metros cuadrados, con una superficie construida de 103.000, de los que 72.000 son \u00fatiles. El esfuerzo inversor realizado en el complejo, inaugurado en 2002, tiene actualmente en la pr\u00e1ctica la funci\u00f3n de dar cobertura a a poco m\u00e1s de medio millar de estudiantes, menos del 10 por ciento del objetivo fijado en su origen. Obviando la actualmente poco voluminosa actividad investigadora que se realiza en Barredo, cada alumno dispondr\u00eda para \u00e9l, en caso de un supuesto reparto de espacio por estudiante, de 260 metros cuadrados, de los que 140 ser\u00edan zonas de clase, despachos o laboratorios,<\/p>\n<p style=\"text-align: justify;\">Jos\u00e9 Fern\u00e1ndez, colaborador de la muy activa en origen Plataforma Pro Campus de Mieres, sostiene que Barredo ha tenido que hacer frente a un doble problema, uno externo y otro interno: \u201cEl campus no ha tenido ning\u00fan apoyo y las autoridades universitaria y regional se han limitado a dotarlo de ret\u00f3rica\u201d. Adem\u00e1s, lamenta que el Ayuntamiento tampoco haya sido capaz de articular iniciativas que ayudasen al desarrollo universitario: \u201cNo han podido y tampoco han sabido abordar proyectos, como becas o convenios que facilitasen la llegada de alumnos\u201d.<\/p>\n<p style=\"text-align: justify;\">Las infrautilizadas instalaciones deportivas y, sobre todo, la deshabitada residencia de estudiantes son carencias que el Ayuntamiento podr\u00eda haber mitigado: \u201cEl problema es que nuestros gestores ni tan siquiera son capaces de ver el aut\u00e9ntico potencial de un campus como el de Barredo\u201d, lamenta Fern\u00e1ndez. Subraya, no obstante, que es la falta de compromiso de los responsables universitarios el principal freno que lastra al campus. La consecuencia directa es la falta de alumnos derivada de la escasa oferta de titulaciones. \u201cToda la sociedad mierense ten\u00eda grandes esperanzas hace veinte a\u00f1os y fue ilusionante ver surgir los edificios, pero hoy genera tristeza contemplarlos\u201d, indica Montse Garnacho. \u201cHay pocos alumnos y los que hay parece que se diluyen. Llegan en coche y se van. Es el mal de las facultades autistas actuales, que en nada se parecen a las que nos toc\u00f3 vivir a nuestra generaci\u00f3n, cuyos pasillos estaban llenos de vida\u201d.<\/p>\n<p style=\"text-align: justify;\">El nuevo rector de la Universidad de Oviedo, Ignacio Villaverde, ha trasladado al Ayuntamiento su intenci\u00f3n de potenciar la investigaci\u00f3n \u2013en campos como la inteligencia artificial, la transici\u00f3n energ\u00e9tica y el patrimonio industrial\u2013 . Al tiempo, pretende \u201casentar y consolidar una oferta formativa de calidad, emp\u00e1tica con el entorno productivo, sin olvidar los valores human\u00edsticos y ciudadanos\u201d. Pero ha dejado claro que no hay en el horizonte una ampliaci\u00f3n de la oferta de grados.<\/p>\n","protected":false},"excerpt":{"rendered":"<p>n campus universitario sin alumnos no tienen ning\u00fan sentido\u201d. La sociedad civil mierense contempla con desencanto el esquel\u00e9tico contorno acad\u00e9mico de Barredo, donde este a\u00f1o cursan estudios 507 alumnos, por los 1.500 que ten\u00eda la vieja Escuela de Minas antes de que se invirtieran 130 millones en la expansi\u00f3n universitaria local. \u201cSi das un paseo [&hellip;]<\/p>\n","protected":false},"author":1,"featured_media":2441,"comment_status":"open","ping_status":"open","sticky":false,"template":"","format":"standard","meta":{"footnotes":""},"categories":[7,6],"tags":[],"class_list":["post-2440","post","type-post","status-publish","format-standard","has-post-thumbnail","hentry","category-caudal","category-noticias"],"yoast_head":"<!-- This site is optimized with the Yoast SEO plugin v27.4 - https:\/\/yoast.com\/product\/yoast-seo-wordpress\/ -->\n<title>El Campus de Mieres al 10 por ciento de capacidad - cm news<\/title>\n<meta name=\"description\" content=\"El complejo de Barredo cost\u00f3 130 millones y cuenta ahora con 507 usuarios: \u201cSin vida universitaria, parece un centro de clases particulares\u201d\" \/>\n<meta name=\"robots\" content=\"index, follow, max-snippet:-1, max-image-preview:large, max-video-preview:-1\" \/>\n<link rel=\"canonical\" href=\"https:\/\/www.cuencasmineras.com\/index.php\/2021\/04\/12\/el-campus-de-mieres-al-10-por-ciento-de-capacidad\/\" \/>\n<meta property=\"og:locale\" content=\"es_ES\" \/>\n<meta property=\"og:type\" content=\"article\" \/>\n<meta property=\"og:title\" content=\"El Campus de Mieres al 10 por ciento de capacidad - cm news\" \/>\n<meta property=\"og:description\" content=\"El complejo de Barredo cost\u00f3 130 millones y cuenta ahora con 507 usuarios: \u201cSin vida universitaria, parece un centro de clases particulares\u201d\" \/>\n<meta property=\"og:url\" content=\"https:\/\/www.cuencasmineras.com\/index.php\/2021\/04\/12\/el-campus-de-mieres-al-10-por-ciento-de-capacidad\/\" \/>\n<meta property=\"article:published_time\" content=\"2021-04-12T12:38:46+00:00\" \/>\n<meta property=\"og:image\" content=\"https:\/\/www.cuencasmineras.com\/wp-content\/uploads\/2021\/04\/fdb70152-22b2-420d-b3fd-beb4be5624c1_21-9-aspect-ratio_default_0.jpg\" \/>\n\t<meta property=\"og:image:width\" content=\"1280\" \/>\n\t<meta property=\"og:image:height\" content=\"548\" \/>\n\t<meta property=\"og:image:type\" content=\"image\/jpeg\" \/>\n<meta name=\"author\" content=\"admin\" \/>\n<meta name=\"twitter:card\" content=\"summary_large_image\" \/>\n<meta name=\"twitter:label1\" content=\"Escrito por\" \/>\n\t<meta name=\"twitter:data1\" content=\"admin\" \/>\n\t<meta name=\"twitter:label2\" content=\"Tiempo de lectura\" \/>\n\t<meta name=\"twitter:data2\" content=\"4 minutos\" \/>\n<script type=\"application\/ld+json\" class=\"yoast-schema-graph\">{\"@context\":\"https:\\\/\\\/schema.org\",\"@graph\":[{\"@type\":\"Article\",\"@id\":\"https:\\\/\\\/www.cuencasmineras.com\\\/index.php\\\/2021\\\/04\\\/12\\\/el-campus-de-mieres-al-10-por-ciento-de-capacidad\\\/#article\",\"isPartOf\":{\"@id\":\"https:\\\/\\\/www.cuencasmineras.com\\\/index.php\\\/2021\\\/04\\\/12\\\/el-campus-de-mieres-al-10-por-ciento-de-capacidad\\\/\"},\"author\":{\"name\":\"admin\",\"@id\":\"https:\\\/\\\/www.cuencasmineras.com\\\/#\\\/schema\\\/person\\\/be0691310e8496ec555f679dd688420c\"},\"headline\":\"El Campus de Mieres al 10 por ciento de capacidad\",\"datePublished\":\"2021-04-12T12:38:46+00:00\",\"mainEntityOfPage\":{\"@id\":\"https:\\\/\\\/www.cuencasmineras.com\\\/index.php\\\/2021\\\/04\\\/12\\\/el-campus-de-mieres-al-10-por-ciento-de-capacidad\\\/\"},\"wordCount\":685,\"commentCount\":0,\"image\":{\"@id\":\"https:\\\/\\\/www.cuencasmineras.com\\\/index.php\\\/2021\\\/04\\\/12\\\/el-campus-de-mieres-al-10-por-ciento-de-capacidad\\\/#primaryimage\"},\"thumbnailUrl\":\"https:\\\/\\\/www.cuencasmineras.com\\\/wp-content\\\/uploads\\\/2021\\\/04\\\/fdb70152-22b2-420d-b3fd-beb4be5624c1_21-9-aspect-ratio_default_0.jpg\",\"articleSection\":[\"Caudal\",\"CM NEWS\"],\"inLanguage\":\"es\",\"potentialAction\":[{\"@type\":\"CommentAction\",\"name\":\"Comment\",\"target\":[\"https:\\\/\\\/www.cuencasmineras.com\\\/index.php\\\/2021\\\/04\\\/12\\\/el-campus-de-mieres-al-10-por-ciento-de-capacidad\\\/#respond\"]}]},{\"@type\":\"WebPage\",\"@id\":\"https:\\\/\\\/www.cuencasmineras.com\\\/index.php\\\/2021\\\/04\\\/12\\\/el-campus-de-mieres-al-10-por-ciento-de-capacidad\\\/\",\"url\":\"https:\\\/\\\/www.cuencasmineras.com\\\/index.php\\\/2021\\\/04\\\/12\\\/el-campus-de-mieres-al-10-por-ciento-de-capacidad\\\/\",\"name\":\"El Campus de Mieres al 10 por ciento de capacidad - cm news\",\"isPartOf\":{\"@id\":\"https:\\\/\\\/www.cuencasmineras.com\\\/#website\"},\"primaryImageOfPage\":{\"@id\":\"https:\\\/\\\/www.cuencasmineras.com\\\/index.php\\\/2021\\\/04\\\/12\\\/el-campus-de-mieres-al-10-por-ciento-de-capacidad\\\/#primaryimage\"},\"image\":{\"@id\":\"https:\\\/\\\/www.cuencasmineras.com\\\/index.php\\\/2021\\\/04\\\/12\\\/el-campus-de-mieres-al-10-por-ciento-de-capacidad\\\/#primaryimage\"},\"thumbnailUrl\":\"https:\\\/\\\/www.cuencasmineras.com\\\/wp-content\\\/uploads\\\/2021\\\/04\\\/fdb70152-22b2-420d-b3fd-beb4be5624c1_21-9-aspect-ratio_default_0.jpg\",\"datePublished\":\"2021-04-12T12:38:46+00:00\",\"author\":{\"@id\":\"https:\\\/\\\/www.cuencasmineras.com\\\/#\\\/schema\\\/person\\\/be0691310e8496ec555f679dd688420c\"},\"description\":\"El complejo de Barredo cost\u00f3 130 millones y cuenta ahora con 507 usuarios: \u201cSin vida universitaria, parece un centro de clases particulares\u201d\",\"breadcrumb\":{\"@id\":\"https:\\\/\\\/www.cuencasmineras.com\\\/index.php\\\/2021\\\/04\\\/12\\\/el-campus-de-mieres-al-10-por-ciento-de-capacidad\\\/#breadcrumb\"},\"inLanguage\":\"es\",\"potentialAction\":[{\"@type\":\"ReadAction\",\"target\":[\"https:\\\/\\\/www.cuencasmineras.com\\\/index.php\\\/2021\\\/04\\\/12\\\/el-campus-de-mieres-al-10-por-ciento-de-capacidad\\\/\"]}]},{\"@type\":\"ImageObject\",\"inLanguage\":\"es\",\"@id\":\"https:\\\/\\\/www.cuencasmineras.com\\\/index.php\\\/2021\\\/04\\\/12\\\/el-campus-de-mieres-al-10-por-ciento-de-capacidad\\\/#primaryimage\",\"url\":\"https:\\\/\\\/www.cuencasmineras.com\\\/wp-content\\\/uploads\\\/2021\\\/04\\\/fdb70152-22b2-420d-b3fd-beb4be5624c1_21-9-aspect-ratio_default_0.jpg\",\"contentUrl\":\"https:\\\/\\\/www.cuencasmineras.com\\\/wp-content\\\/uploads\\\/2021\\\/04\\\/fdb70152-22b2-420d-b3fd-beb4be5624c1_21-9-aspect-ratio_default_0.jpg\",\"width\":1280,\"height\":548},{\"@type\":\"BreadcrumbList\",\"@id\":\"https:\\\/\\\/www.cuencasmineras.com\\\/index.php\\\/2021\\\/04\\\/12\\\/el-campus-de-mieres-al-10-por-ciento-de-capacidad\\\/#breadcrumb\",\"itemListElement\":[{\"@type\":\"ListItem\",\"position\":1,\"name\":\"Portada\",\"item\":\"https:\\\/\\\/www.cuencasmineras.com\\\/\"},{\"@type\":\"ListItem\",\"position\":2,\"name\":\"El Campus de Mieres al 10 por ciento de capacidad\"}]},{\"@type\":\"WebSite\",\"@id\":\"https:\\\/\\\/www.cuencasmineras.com\\\/#website\",\"url\":\"https:\\\/\\\/www.cuencasmineras.com\\\/\",\"name\":\"\",\"description\":\"\",\"potentialAction\":[{\"@type\":\"SearchAction\",\"target\":{\"@type\":\"EntryPoint\",\"urlTemplate\":\"https:\\\/\\\/www.cuencasmineras.com\\\/?s={search_term_string}\"},\"query-input\":{\"@type\":\"PropertyValueSpecification\",\"valueRequired\":true,\"valueName\":\"search_term_string\"}}],\"inLanguage\":\"es\"},{\"@type\":\"Person\",\"@id\":\"https:\\\/\\\/www.cuencasmineras.com\\\/#\\\/schema\\\/person\\\/be0691310e8496ec555f679dd688420c\",\"name\":\"admin\",\"image\":{\"@type\":\"ImageObject\",\"inLanguage\":\"es\",\"@id\":\"https:\\\/\\\/secure.gravatar.com\\\/avatar\\\/4afd2eed3b2fbbf36dd6707b5bd8a5b50ac648f033e36fbf85aeace2f0f859db?s=96&d=mm&r=g\",\"url\":\"https:\\\/\\\/secure.gravatar.com\\\/avatar\\\/4afd2eed3b2fbbf36dd6707b5bd8a5b50ac648f033e36fbf85aeace2f0f859db?s=96&d=mm&r=g\",\"contentUrl\":\"https:\\\/\\\/secure.gravatar.com\\\/avatar\\\/4afd2eed3b2fbbf36dd6707b5bd8a5b50ac648f033e36fbf85aeace2f0f859db?s=96&d=mm&r=g\",\"caption\":\"admin\"},\"sameAs\":[\"https:\\\/\\\/www.cuencasmineras.com\"],\"url\":\"https:\\\/\\\/www.cuencasmineras.com\\\/index.php\\\/author\\\/admin\\\/\"}]}<\/script>\n<!-- \/ Yoast SEO plugin. -->","yoast_head_json":{"title":"El Campus de Mieres al 10 por ciento de capacidad - cm news","description":"El complejo de Barredo cost\u00f3 130 millones y cuenta ahora con 507 usuarios: \u201cSin vida universitaria, parece un centro de clases particulares\u201d","robots":{"index":"index","follow":"follow","max-snippet":"max-snippet:-1","max-image-preview":"max-image-preview:large","max-video-preview":"max-video-preview:-1"},"canonical":"https:\/\/www.cuencasmineras.com\/index.php\/2021\/04\/12\/el-campus-de-mieres-al-10-por-ciento-de-capacidad\/","og_locale":"es_ES","og_type":"article","og_title":"El Campus de Mieres al 10 por ciento de capacidad - cm news","og_description":"El complejo de Barredo cost\u00f3 130 millones y cuenta ahora con 507 usuarios: \u201cSin vida universitaria, parece un centro de clases particulares\u201d","og_url":"https:\/\/www.cuencasmineras.com\/index.php\/2021\/04\/12\/el-campus-de-mieres-al-10-por-ciento-de-capacidad\/","article_published_time":"2021-04-12T12:38:46+00:00","og_image":[{"width":1280,"height":548,"url":"https:\/\/www.cuencasmineras.com\/wp-content\/uploads\/2021\/04\/fdb70152-22b2-420d-b3fd-beb4be5624c1_21-9-aspect-ratio_default_0.jpg","type":"image\/jpeg"}],"author":"admin","twitter_card":"summary_large_image","twitter_misc":{"Escrito por":"admin","Tiempo de lectura":"4 minutos"},"schema":{"@context":"https:\/\/schema.org","@graph":[{"@type":"Article","@id":"https:\/\/www.cuencasmineras.com\/index.php\/2021\/04\/12\/el-campus-de-mieres-al-10-por-ciento-de-capacidad\/#article","isPartOf":{"@id":"https:\/\/www.cuencasmineras.com\/index.php\/2021\/04\/12\/el-campus-de-mieres-al-10-por-ciento-de-capacidad\/"},"author":{"name":"admin","@id":"https:\/\/www.cuencasmineras.com\/#\/schema\/person\/be0691310e8496ec555f679dd688420c"},"headline":"El Campus de Mieres al 10 por ciento de capacidad","datePublished":"2021-04-12T12:38:46+00:00","mainEntityOfPage":{"@id":"https:\/\/www.cuencasmineras.com\/index.php\/2021\/04\/12\/el-campus-de-mieres-al-10-por-ciento-de-capacidad\/"},"wordCount":685,"commentCount":0,"image":{"@id":"https:\/\/www.cuencasmineras.com\/index.php\/2021\/04\/12\/el-campus-de-mieres-al-10-por-ciento-de-capacidad\/#primaryimage"},"thumbnailUrl":"https:\/\/www.cuencasmineras.com\/wp-content\/uploads\/2021\/04\/fdb70152-22b2-420d-b3fd-beb4be5624c1_21-9-aspect-ratio_default_0.jpg","articleSection":["Caudal","CM NEWS"],"inLanguage":"es","potentialAction":[{"@type":"CommentAction","name":"Comment","target":["https:\/\/www.cuencasmineras.com\/index.php\/2021\/04\/12\/el-campus-de-mieres-al-10-por-ciento-de-capacidad\/#respond"]}]},{"@type":"WebPage","@id":"https:\/\/www.cuencasmineras.com\/index.php\/2021\/04\/12\/el-campus-de-mieres-al-10-por-ciento-de-capacidad\/","url":"https:\/\/www.cuencasmineras.com\/index.php\/2021\/04\/12\/el-campus-de-mieres-al-10-por-ciento-de-capacidad\/","name":"El Campus de Mieres al 10 por ciento de capacidad - cm news","isPartOf":{"@id":"https:\/\/www.cuencasmineras.com\/#website"},"primaryImageOfPage":{"@id":"https:\/\/www.cuencasmineras.com\/index.php\/2021\/04\/12\/el-campus-de-mieres-al-10-por-ciento-de-capacidad\/#primaryimage"},"image":{"@id":"https:\/\/www.cuencasmineras.com\/index.php\/2021\/04\/12\/el-campus-de-mieres-al-10-por-ciento-de-capacidad\/#primaryimage"},"thumbnailUrl":"https:\/\/www.cuencasmineras.com\/wp-content\/uploads\/2021\/04\/fdb70152-22b2-420d-b3fd-beb4be5624c1_21-9-aspect-ratio_default_0.jpg","datePublished":"2021-04-12T12:38:46+00:00","author":{"@id":"https:\/\/www.cuencasmineras.com\/#\/schema\/person\/be0691310e8496ec555f679dd688420c"},"description":"El complejo de Barredo cost\u00f3 130 millones y cuenta ahora con 507 usuarios: \u201cSin vida universitaria, parece un centro de clases particulares\u201d","breadcrumb":{"@id":"https:\/\/www.cuencasmineras.com\/index.php\/2021\/04\/12\/el-campus-de-mieres-al-10-por-ciento-de-capacidad\/#breadcrumb"},"inLanguage":"es","potentialAction":[{"@type":"ReadAction","target":["https:\/\/www.cuencasmineras.com\/index.php\/2021\/04\/12\/el-campus-de-mieres-al-10-por-ciento-de-capacidad\/"]}]},{"@type":"ImageObject","inLanguage":"es","@id":"https:\/\/www.cuencasmineras.com\/index.php\/2021\/04\/12\/el-campus-de-mieres-al-10-por-ciento-de-capacidad\/#primaryimage","url":"https:\/\/www.cuencasmineras.com\/wp-content\/uploads\/2021\/04\/fdb70152-22b2-420d-b3fd-beb4be5624c1_21-9-aspect-ratio_default_0.jpg","contentUrl":"https:\/\/www.cuencasmineras.com\/wp-content\/uploads\/2021\/04\/fdb70152-22b2-420d-b3fd-beb4be5624c1_21-9-aspect-ratio_default_0.jpg","width":1280,"height":548},{"@type":"BreadcrumbList","@id":"https:\/\/www.cuencasmineras.com\/index.php\/2021\/04\/12\/el-campus-de-mieres-al-10-por-ciento-de-capacidad\/#breadcrumb","itemListElement":[{"@type":"ListItem","position":1,"name":"Portada","item":"https:\/\/www.cuencasmineras.com\/"},{"@type":"ListItem","position":2,"name":"El Campus de Mieres al 10 por ciento de capacidad"}]},{"@type":"WebSite","@id":"https:\/\/www.cuencasmineras.com\/#website","url":"https:\/\/www.cuencasmineras.com\/","name":"","description":"","potentialAction":[{"@type":"SearchAction","target":{"@type":"EntryPoint","urlTemplate":"https:\/\/www.cuencasmineras.com\/?s={search_term_string}"},"query-input":{"@type":"PropertyValueSpecification","valueRequired":true,"valueName":"search_term_string"}}],"inLanguage":"es"},{"@type":"Person","@id":"https:\/\/www.cuencasmineras.com\/#\/schema\/person\/be0691310e8496ec555f679dd688420c","name":"admin","image":{"@type":"ImageObject","inLanguage":"es","@id":"https:\/\/secure.gravatar.com\/avatar\/4afd2eed3b2fbbf36dd6707b5bd8a5b50ac648f033e36fbf85aeace2f0f859db?s=96&d=mm&r=g","url":"https:\/\/secure.gravatar.com\/avatar\/4afd2eed3b2fbbf36dd6707b5bd8a5b50ac648f033e36fbf85aeace2f0f859db?s=96&d=mm&r=g","contentUrl":"https:\/\/secure.gravatar.com\/avatar\/4afd2eed3b2fbbf36dd6707b5bd8a5b50ac648f033e36fbf85aeace2f0f859db?s=96&d=mm&r=g","caption":"admin"},"sameAs":["https:\/\/www.cuencasmineras.com"],"url":"https:\/\/www.cuencasmineras.com\/index.php\/author\/admin\/"}]}},"_links":{"self":[{"href":"https:\/\/www.cuencasmineras.com\/index.php\/wp-json\/wp\/v2\/posts\/2440","targetHints":{"allow":["GET"]}}],"collection":[{"href":"https:\/\/www.cuencasmineras.com\/index.php\/wp-json\/wp\/v2\/posts"}],"about":[{"href":"https:\/\/www.cuencasmineras.com\/index.php\/wp-json\/wp\/v2\/types\/post"}],"author":[{"embeddable":true,"href":"https:\/\/www.cuencasmineras.com\/index.php\/wp-json\/wp\/v2\/users\/1"}],"replies":[{"embeddable":true,"href":"https:\/\/www.cuencasmineras.com\/index.php\/wp-json\/wp\/v2\/comments?post=2440"}],"version-history":[{"count":1,"href":"https:\/\/www.cuencasmineras.com\/index.php\/wp-json\/wp\/v2\/posts\/2440\/revisions"}],"predecessor-version":[{"id":2442,"href":"https:\/\/www.cuencasmineras.com\/index.php\/wp-json\/wp\/v2\/posts\/2440\/revisions\/2442"}],"wp:featuredmedia":[{"embeddable":true,"href":"https:\/\/www.cuencasmineras.com\/index.php\/wp-json\/wp\/v2\/media\/2441"}],"wp:attachment":[{"href":"https:\/\/www.cuencasmineras.com\/index.php\/wp-json\/wp\/v2\/media?parent=2440"}],"wp:term":[{"taxonomy":"category","embeddable":true,"href":"https:\/\/www.cuencasmineras.com\/index.php\/wp-json\/wp\/v2\/categories?post=2440"},{"taxonomy":"post_tag","embeddable":true,"href":"https:\/\/www.cuencasmineras.com\/index.php\/wp-json\/wp\/v2\/tags?post=2440"}],"curies":[{"name":"wp","href":"https:\/\/api.w.org\/{rel}","templated":true}]}}