{"id":2443,"date":"2021-04-12T12:43:05","date_gmt":"2021-04-12T12:43:05","guid":{"rendered":"https:\/\/www.cuencasmineras.com\/?p=2443"},"modified":"2021-04-12T12:43:05","modified_gmt":"2021-04-12T12:43:05","slug":"langreo-arreglara-la-pista-finlandesa-de-los-llerones-despues-de-dos-anos","status":"publish","type":"post","link":"https:\/\/www.cuencasmineras.com\/index.php\/2021\/04\/12\/langreo-arreglara-la-pista-finlandesa-de-los-llerones-despues-de-dos-anos\/","title":{"rendered":"Langreo arreglar\u00e1 la pista finlandesa de Los Llerones despu\u00e9s de dos a\u00f1os"},"content":{"rendered":"<p style=\"text-align: justify;\">La pista finlandesa de Sama ser\u00e1 reparada m\u00e1s de dos a\u00f1os despu\u00e9s del temporal que la aneg\u00f3. Su acondicionamiento, junto al de las instalaciones de Ria\u00f1o, estaba programado para la semana en la que se produjo la riada, en enero de 2019, pero finalmente no pudo iniciarse. El presupuesto municipal incluye una partida de 17.000 euros para abordar esta obra, que se pondr\u00e1 en marcha cuando las cuentas municipales se aprueben de forma definitiva, asegur\u00f3 el gobierno langreano.<\/p>\n<p><img loading=\"lazy\" decoding=\"async\" class=\"aligncenter size-large wp-image-2444\" src=\"https:\/\/www.cuencasmineras.com\/wp-content\/uploads\/2021\/04\/2736bddb-a7dd-4231-827c-d7aeb75e872b_21-9-aspect-ratio_default_0-1024x438.jpg\" alt=\"\" width=\"640\" height=\"274\" srcset=\"https:\/\/www.cuencasmineras.com\/wp-content\/uploads\/2021\/04\/2736bddb-a7dd-4231-827c-d7aeb75e872b_21-9-aspect-ratio_default_0-1024x438.jpg 1024w, https:\/\/www.cuencasmineras.com\/wp-content\/uploads\/2021\/04\/2736bddb-a7dd-4231-827c-d7aeb75e872b_21-9-aspect-ratio_default_0-300x128.jpg 300w, https:\/\/www.cuencasmineras.com\/wp-content\/uploads\/2021\/04\/2736bddb-a7dd-4231-827c-d7aeb75e872b_21-9-aspect-ratio_default_0-768x329.jpg 768w, https:\/\/www.cuencasmineras.com\/wp-content\/uploads\/2021\/04\/2736bddb-a7dd-4231-827c-d7aeb75e872b_21-9-aspect-ratio_default_0.jpg 1280w\" sizes=\"auto, (max-width: 640px) 100vw, 640px\" \/><\/p>\n<p>Los corredores reclamaron en varias ocasiones que se ejecutase la obra en una zona que permaneci\u00f3, durante semanas, despu\u00e9s de la inundaci\u00f3n, con los \u00e1rboles y maleza que hab\u00eda arrastrado el r\u00edo Nal\u00f3n. Los trabajos para limpiar las riberas fueron acometidos por la Confederaci\u00f3n Hidrogr\u00e1fica a mediados de marzo de 2019.<\/p>\n<p>El presupuesto inicial de la reparaci\u00f3n de la pista finlandesa de Sama se ha incrementado respecto a la inversi\u00f3n prevista inicialmente, que era de 14.000 euros para esta instalaci\u00f3n y la de Ria\u00f1o. El proyecto elaborado por los t\u00e9cnicos municipales sit\u00faa el coste en 17.000 euros. El Ayuntamiento destina fondos propios a esta actuaci\u00f3n tras valorar si solicitar ayuda a otras administraciones.<\/p>\n","protected":false},"excerpt":{"rendered":"<p>La pista finlandesa de Sama ser\u00e1 reparada m\u00e1s de dos a\u00f1os despu\u00e9s del temporal que la aneg\u00f3. Su acondicionamiento, junto al de las instalaciones de Ria\u00f1o, estaba programado para la semana en la que se produjo la riada, en enero de 2019, pero finalmente no pudo iniciarse. El presupuesto municipal incluye una partida de 17.000 [&hellip;]<\/p>\n","protected":false},"author":1,"featured_media":2444,"comment_status":"open","ping_status":"open","sticky":false,"template":"","format":"standard","meta":{"footnotes":""},"categories":[6,8],"tags":[],"class_list":["post-2443","post","type-post","status-publish","format-standard","has-post-thumbnail","hentry","category-noticias","category-nalon"],"yoast_head":"<!-- This site is optimized with the Yoast SEO plugin v27.4 - https:\/\/yoast.com\/product\/yoast-seo-wordpress\/ -->\n<title>Langreo arreglar\u00e1 la pista finlandesa de Los Llerones despu\u00e9s de dos a\u00f1os - cm news<\/title>\n<meta name=\"description\" content=\"La instalaci\u00f3n, que era muy utilizada, qued\u00f3 destrozada tras las lluvias de enero de 2019 y lleg\u00f3 a barajarse un cambio de ubicaci\u00f3n\" \/>\n<meta name=\"robots\" content=\"index, follow, max-snippet:-1, max-image-preview:large, max-video-preview:-1\" \/>\n<link rel=\"canonical\" href=\"https:\/\/www.cuencasmineras.com\/index.php\/2021\/04\/12\/langreo-arreglara-la-pista-finlandesa-de-los-llerones-despues-de-dos-anos\/\" \/>\n<meta property=\"og:locale\" content=\"es_ES\" \/>\n<meta property=\"og:type\" content=\"article\" \/>\n<meta property=\"og:title\" content=\"Langreo arreglar\u00e1 la pista finlandesa de Los Llerones despu\u00e9s de dos a\u00f1os - cm news\" \/>\n<meta property=\"og:description\" content=\"La instalaci\u00f3n, que era muy utilizada, qued\u00f3 destrozada tras las lluvias de enero de 2019 y lleg\u00f3 a barajarse un cambio de ubicaci\u00f3n\" \/>\n<meta property=\"og:url\" content=\"https:\/\/www.cuencasmineras.com\/index.php\/2021\/04\/12\/langreo-arreglara-la-pista-finlandesa-de-los-llerones-despues-de-dos-anos\/\" \/>\n<meta property=\"article:published_time\" content=\"2021-04-12T12:43:05+00:00\" \/>\n<meta property=\"og:image\" content=\"https:\/\/www.cuencasmineras.com\/wp-content\/uploads\/2021\/04\/2736bddb-a7dd-4231-827c-d7aeb75e872b_21-9-aspect-ratio_default_0.jpg\" \/>\n\t<meta property=\"og:image:width\" content=\"1280\" \/>\n\t<meta property=\"og:image:height\" content=\"548\" \/>\n\t<meta property=\"og:image:type\" content=\"image\/jpeg\" \/>\n<meta name=\"author\" content=\"admin\" \/>\n<meta name=\"twitter:card\" content=\"summary_large_image\" \/>\n<meta name=\"twitter:label1\" content=\"Escrito por\" \/>\n\t<meta name=\"twitter:data1\" content=\"admin\" \/>\n\t<meta name=\"twitter:label2\" content=\"Tiempo de lectura\" \/>\n\t<meta name=\"twitter:data2\" content=\"2 minutos\" \/>\n<script type=\"application\/ld+json\" class=\"yoast-schema-graph\">{\"@context\":\"https:\\\/\\\/schema.org\",\"@graph\":[{\"@type\":\"Article\",\"@id\":\"https:\\\/\\\/www.cuencasmineras.com\\\/index.php\\\/2021\\\/04\\\/12\\\/langreo-arreglara-la-pista-finlandesa-de-los-llerones-despues-de-dos-anos\\\/#article\",\"isPartOf\":{\"@id\":\"https:\\\/\\\/www.cuencasmineras.com\\\/index.php\\\/2021\\\/04\\\/12\\\/langreo-arreglara-la-pista-finlandesa-de-los-llerones-despues-de-dos-anos\\\/\"},\"author\":{\"name\":\"admin\",\"@id\":\"https:\\\/\\\/www.cuencasmineras.com\\\/#\\\/schema\\\/person\\\/be0691310e8496ec555f679dd688420c\"},\"headline\":\"Langreo arreglar\u00e1 la pista finlandesa de Los Llerones despu\u00e9s de dos a\u00f1os\",\"datePublished\":\"2021-04-12T12:43:05+00:00\",\"mainEntityOfPage\":{\"@id\":\"https:\\\/\\\/www.cuencasmineras.com\\\/index.php\\\/2021\\\/04\\\/12\\\/langreo-arreglara-la-pista-finlandesa-de-los-llerones-despues-de-dos-anos\\\/\"},\"wordCount\":218,\"commentCount\":0,\"image\":{\"@id\":\"https:\\\/\\\/www.cuencasmineras.com\\\/index.php\\\/2021\\\/04\\\/12\\\/langreo-arreglara-la-pista-finlandesa-de-los-llerones-despues-de-dos-anos\\\/#primaryimage\"},\"thumbnailUrl\":\"https:\\\/\\\/www.cuencasmineras.com\\\/wp-content\\\/uploads\\\/2021\\\/04\\\/2736bddb-a7dd-4231-827c-d7aeb75e872b_21-9-aspect-ratio_default_0.jpg\",\"articleSection\":[\"CM NEWS\",\"Nal\u00f3n\"],\"inLanguage\":\"es\",\"potentialAction\":[{\"@type\":\"CommentAction\",\"name\":\"Comment\",\"target\":[\"https:\\\/\\\/www.cuencasmineras.com\\\/index.php\\\/2021\\\/04\\\/12\\\/langreo-arreglara-la-pista-finlandesa-de-los-llerones-despues-de-dos-anos\\\/#respond\"]}]},{\"@type\":\"WebPage\",\"@id\":\"https:\\\/\\\/www.cuencasmineras.com\\\/index.php\\\/2021\\\/04\\\/12\\\/langreo-arreglara-la-pista-finlandesa-de-los-llerones-despues-de-dos-anos\\\/\",\"url\":\"https:\\\/\\\/www.cuencasmineras.com\\\/index.php\\\/2021\\\/04\\\/12\\\/langreo-arreglara-la-pista-finlandesa-de-los-llerones-despues-de-dos-anos\\\/\",\"name\":\"Langreo arreglar\u00e1 la pista finlandesa de Los Llerones despu\u00e9s de dos a\u00f1os - cm news\",\"isPartOf\":{\"@id\":\"https:\\\/\\\/www.cuencasmineras.com\\\/#website\"},\"primaryImageOfPage\":{\"@id\":\"https:\\\/\\\/www.cuencasmineras.com\\\/index.php\\\/2021\\\/04\\\/12\\\/langreo-arreglara-la-pista-finlandesa-de-los-llerones-despues-de-dos-anos\\\/#primaryimage\"},\"image\":{\"@id\":\"https:\\\/\\\/www.cuencasmineras.com\\\/index.php\\\/2021\\\/04\\\/12\\\/langreo-arreglara-la-pista-finlandesa-de-los-llerones-despues-de-dos-anos\\\/#primaryimage\"},\"thumbnailUrl\":\"https:\\\/\\\/www.cuencasmineras.com\\\/wp-content\\\/uploads\\\/2021\\\/04\\\/2736bddb-a7dd-4231-827c-d7aeb75e872b_21-9-aspect-ratio_default_0.jpg\",\"datePublished\":\"2021-04-12T12:43:05+00:00\",\"author\":{\"@id\":\"https:\\\/\\\/www.cuencasmineras.com\\\/#\\\/schema\\\/person\\\/be0691310e8496ec555f679dd688420c\"},\"description\":\"La instalaci\u00f3n, que era muy utilizada, qued\u00f3 destrozada tras las lluvias de enero de 2019 y lleg\u00f3 a barajarse un cambio de ubicaci\u00f3n\",\"breadcrumb\":{\"@id\":\"https:\\\/\\\/www.cuencasmineras.com\\\/index.php\\\/2021\\\/04\\\/12\\\/langreo-arreglara-la-pista-finlandesa-de-los-llerones-despues-de-dos-anos\\\/#breadcrumb\"},\"inLanguage\":\"es\",\"potentialAction\":[{\"@type\":\"ReadAction\",\"target\":[\"https:\\\/\\\/www.cuencasmineras.com\\\/index.php\\\/2021\\\/04\\\/12\\\/langreo-arreglara-la-pista-finlandesa-de-los-llerones-despues-de-dos-anos\\\/\"]}]},{\"@type\":\"ImageObject\",\"inLanguage\":\"es\",\"@id\":\"https:\\\/\\\/www.cuencasmineras.com\\\/index.php\\\/2021\\\/04\\\/12\\\/langreo-arreglara-la-pista-finlandesa-de-los-llerones-despues-de-dos-anos\\\/#primaryimage\",\"url\":\"https:\\\/\\\/www.cuencasmineras.com\\\/wp-content\\\/uploads\\\/2021\\\/04\\\/2736bddb-a7dd-4231-827c-d7aeb75e872b_21-9-aspect-ratio_default_0.jpg\",\"contentUrl\":\"https:\\\/\\\/www.cuencasmineras.com\\\/wp-content\\\/uploads\\\/2021\\\/04\\\/2736bddb-a7dd-4231-827c-d7aeb75e872b_21-9-aspect-ratio_default_0.jpg\",\"width\":1280,\"height\":548},{\"@type\":\"BreadcrumbList\",\"@id\":\"https:\\\/\\\/www.cuencasmineras.com\\\/index.php\\\/2021\\\/04\\\/12\\\/langreo-arreglara-la-pista-finlandesa-de-los-llerones-despues-de-dos-anos\\\/#breadcrumb\",\"itemListElement\":[{\"@type\":\"ListItem\",\"position\":1,\"name\":\"Portada\",\"item\":\"https:\\\/\\\/www.cuencasmineras.com\\\/\"},{\"@type\":\"ListItem\",\"position\":2,\"name\":\"Langreo arreglar\u00e1 la pista finlandesa de Los Llerones despu\u00e9s de dos a\u00f1os\"}]},{\"@type\":\"WebSite\",\"@id\":\"https:\\\/\\\/www.cuencasmineras.com\\\/#website\",\"url\":\"https:\\\/\\\/www.cuencasmineras.com\\\/\",\"name\":\"\",\"description\":\"\",\"potentialAction\":[{\"@type\":\"SearchAction\",\"target\":{\"@type\":\"EntryPoint\",\"urlTemplate\":\"https:\\\/\\\/www.cuencasmineras.com\\\/?s={search_term_string}\"},\"query-input\":{\"@type\":\"PropertyValueSpecification\",\"valueRequired\":true,\"valueName\":\"search_term_string\"}}],\"inLanguage\":\"es\"},{\"@type\":\"Person\",\"@id\":\"https:\\\/\\\/www.cuencasmineras.com\\\/#\\\/schema\\\/person\\\/be0691310e8496ec555f679dd688420c\",\"name\":\"admin\",\"image\":{\"@type\":\"ImageObject\",\"inLanguage\":\"es\",\"@id\":\"https:\\\/\\\/secure.gravatar.com\\\/avatar\\\/4afd2eed3b2fbbf36dd6707b5bd8a5b50ac648f033e36fbf85aeace2f0f859db?s=96&d=mm&r=g\",\"url\":\"https:\\\/\\\/secure.gravatar.com\\\/avatar\\\/4afd2eed3b2fbbf36dd6707b5bd8a5b50ac648f033e36fbf85aeace2f0f859db?s=96&d=mm&r=g\",\"contentUrl\":\"https:\\\/\\\/secure.gravatar.com\\\/avatar\\\/4afd2eed3b2fbbf36dd6707b5bd8a5b50ac648f033e36fbf85aeace2f0f859db?s=96&d=mm&r=g\",\"caption\":\"admin\"},\"sameAs\":[\"https:\\\/\\\/www.cuencasmineras.com\"],\"url\":\"https:\\\/\\\/www.cuencasmineras.com\\\/index.php\\\/author\\\/admin\\\/\"}]}<\/script>\n<!-- \/ Yoast SEO plugin. -->","yoast_head_json":{"title":"Langreo arreglar\u00e1 la pista finlandesa de Los Llerones despu\u00e9s de dos a\u00f1os - cm news","description":"La instalaci\u00f3n, que era muy utilizada, qued\u00f3 destrozada tras las lluvias de enero de 2019 y lleg\u00f3 a barajarse un cambio de ubicaci\u00f3n","robots":{"index":"index","follow":"follow","max-snippet":"max-snippet:-1","max-image-preview":"max-image-preview:large","max-video-preview":"max-video-preview:-1"},"canonical":"https:\/\/www.cuencasmineras.com\/index.php\/2021\/04\/12\/langreo-arreglara-la-pista-finlandesa-de-los-llerones-despues-de-dos-anos\/","og_locale":"es_ES","og_type":"article","og_title":"Langreo arreglar\u00e1 la pista finlandesa de Los Llerones despu\u00e9s de dos a\u00f1os - cm news","og_description":"La instalaci\u00f3n, que era muy utilizada, qued\u00f3 destrozada tras las lluvias de enero de 2019 y lleg\u00f3 a barajarse un cambio de ubicaci\u00f3n","og_url":"https:\/\/www.cuencasmineras.com\/index.php\/2021\/04\/12\/langreo-arreglara-la-pista-finlandesa-de-los-llerones-despues-de-dos-anos\/","article_published_time":"2021-04-12T12:43:05+00:00","og_image":[{"width":1280,"height":548,"url":"https:\/\/www.cuencasmineras.com\/wp-content\/uploads\/2021\/04\/2736bddb-a7dd-4231-827c-d7aeb75e872b_21-9-aspect-ratio_default_0.jpg","type":"image\/jpeg"}],"author":"admin","twitter_card":"summary_large_image","twitter_misc":{"Escrito por":"admin","Tiempo de lectura":"2 minutos"},"schema":{"@context":"https:\/\/schema.org","@graph":[{"@type":"Article","@id":"https:\/\/www.cuencasmineras.com\/index.php\/2021\/04\/12\/langreo-arreglara-la-pista-finlandesa-de-los-llerones-despues-de-dos-anos\/#article","isPartOf":{"@id":"https:\/\/www.cuencasmineras.com\/index.php\/2021\/04\/12\/langreo-arreglara-la-pista-finlandesa-de-los-llerones-despues-de-dos-anos\/"},"author":{"name":"admin","@id":"https:\/\/www.cuencasmineras.com\/#\/schema\/person\/be0691310e8496ec555f679dd688420c"},"headline":"Langreo arreglar\u00e1 la pista finlandesa de Los Llerones despu\u00e9s de dos a\u00f1os","datePublished":"2021-04-12T12:43:05+00:00","mainEntityOfPage":{"@id":"https:\/\/www.cuencasmineras.com\/index.php\/2021\/04\/12\/langreo-arreglara-la-pista-finlandesa-de-los-llerones-despues-de-dos-anos\/"},"wordCount":218,"commentCount":0,"image":{"@id":"https:\/\/www.cuencasmineras.com\/index.php\/2021\/04\/12\/langreo-arreglara-la-pista-finlandesa-de-los-llerones-despues-de-dos-anos\/#primaryimage"},"thumbnailUrl":"https:\/\/www.cuencasmineras.com\/wp-content\/uploads\/2021\/04\/2736bddb-a7dd-4231-827c-d7aeb75e872b_21-9-aspect-ratio_default_0.jpg","articleSection":["CM NEWS","Nal\u00f3n"],"inLanguage":"es","potentialAction":[{"@type":"CommentAction","name":"Comment","target":["https:\/\/www.cuencasmineras.com\/index.php\/2021\/04\/12\/langreo-arreglara-la-pista-finlandesa-de-los-llerones-despues-de-dos-anos\/#respond"]}]},{"@type":"WebPage","@id":"https:\/\/www.cuencasmineras.com\/index.php\/2021\/04\/12\/langreo-arreglara-la-pista-finlandesa-de-los-llerones-despues-de-dos-anos\/","url":"https:\/\/www.cuencasmineras.com\/index.php\/2021\/04\/12\/langreo-arreglara-la-pista-finlandesa-de-los-llerones-despues-de-dos-anos\/","name":"Langreo arreglar\u00e1 la pista finlandesa de Los Llerones despu\u00e9s de dos a\u00f1os - cm news","isPartOf":{"@id":"https:\/\/www.cuencasmineras.com\/#website"},"primaryImageOfPage":{"@id":"https:\/\/www.cuencasmineras.com\/index.php\/2021\/04\/12\/langreo-arreglara-la-pista-finlandesa-de-los-llerones-despues-de-dos-anos\/#primaryimage"},"image":{"@id":"https:\/\/www.cuencasmineras.com\/index.php\/2021\/04\/12\/langreo-arreglara-la-pista-finlandesa-de-los-llerones-despues-de-dos-anos\/#primaryimage"},"thumbnailUrl":"https:\/\/www.cuencasmineras.com\/wp-content\/uploads\/2021\/04\/2736bddb-a7dd-4231-827c-d7aeb75e872b_21-9-aspect-ratio_default_0.jpg","datePublished":"2021-04-12T12:43:05+00:00","author":{"@id":"https:\/\/www.cuencasmineras.com\/#\/schema\/person\/be0691310e8496ec555f679dd688420c"},"description":"La instalaci\u00f3n, que era muy utilizada, qued\u00f3 destrozada tras las lluvias de enero de 2019 y lleg\u00f3 a barajarse un cambio de ubicaci\u00f3n","breadcrumb":{"@id":"https:\/\/www.cuencasmineras.com\/index.php\/2021\/04\/12\/langreo-arreglara-la-pista-finlandesa-de-los-llerones-despues-de-dos-anos\/#breadcrumb"},"inLanguage":"es","potentialAction":[{"@type":"ReadAction","target":["https:\/\/www.cuencasmineras.com\/index.php\/2021\/04\/12\/langreo-arreglara-la-pista-finlandesa-de-los-llerones-despues-de-dos-anos\/"]}]},{"@type":"ImageObject","inLanguage":"es","@id":"https:\/\/www.cuencasmineras.com\/index.php\/2021\/04\/12\/langreo-arreglara-la-pista-finlandesa-de-los-llerones-despues-de-dos-anos\/#primaryimage","url":"https:\/\/www.cuencasmineras.com\/wp-content\/uploads\/2021\/04\/2736bddb-a7dd-4231-827c-d7aeb75e872b_21-9-aspect-ratio_default_0.jpg","contentUrl":"https:\/\/www.cuencasmineras.com\/wp-content\/uploads\/2021\/04\/2736bddb-a7dd-4231-827c-d7aeb75e872b_21-9-aspect-ratio_default_0.jpg","width":1280,"height":548},{"@type":"BreadcrumbList","@id":"https:\/\/www.cuencasmineras.com\/index.php\/2021\/04\/12\/langreo-arreglara-la-pista-finlandesa-de-los-llerones-despues-de-dos-anos\/#breadcrumb","itemListElement":[{"@type":"ListItem","position":1,"name":"Portada","item":"https:\/\/www.cuencasmineras.com\/"},{"@type":"ListItem","position":2,"name":"Langreo arreglar\u00e1 la pista finlandesa de Los Llerones despu\u00e9s de dos a\u00f1os"}]},{"@type":"WebSite","@id":"https:\/\/www.cuencasmineras.com\/#website","url":"https:\/\/www.cuencasmineras.com\/","name":"","description":"","potentialAction":[{"@type":"SearchAction","target":{"@type":"EntryPoint","urlTemplate":"https:\/\/www.cuencasmineras.com\/?s={search_term_string}"},"query-input":{"@type":"PropertyValueSpecification","valueRequired":true,"valueName":"search_term_string"}}],"inLanguage":"es"},{"@type":"Person","@id":"https:\/\/www.cuencasmineras.com\/#\/schema\/person\/be0691310e8496ec555f679dd688420c","name":"admin","image":{"@type":"ImageObject","inLanguage":"es","@id":"https:\/\/secure.gravatar.com\/avatar\/4afd2eed3b2fbbf36dd6707b5bd8a5b50ac648f033e36fbf85aeace2f0f859db?s=96&d=mm&r=g","url":"https:\/\/secure.gravatar.com\/avatar\/4afd2eed3b2fbbf36dd6707b5bd8a5b50ac648f033e36fbf85aeace2f0f859db?s=96&d=mm&r=g","contentUrl":"https:\/\/secure.gravatar.com\/avatar\/4afd2eed3b2fbbf36dd6707b5bd8a5b50ac648f033e36fbf85aeace2f0f859db?s=96&d=mm&r=g","caption":"admin"},"sameAs":["https:\/\/www.cuencasmineras.com"],"url":"https:\/\/www.cuencasmineras.com\/index.php\/author\/admin\/"}]}},"_links":{"self":[{"href":"https:\/\/www.cuencasmineras.com\/index.php\/wp-json\/wp\/v2\/posts\/2443","targetHints":{"allow":["GET"]}}],"collection":[{"href":"https:\/\/www.cuencasmineras.com\/index.php\/wp-json\/wp\/v2\/posts"}],"about":[{"href":"https:\/\/www.cuencasmineras.com\/index.php\/wp-json\/wp\/v2\/types\/post"}],"author":[{"embeddable":true,"href":"https:\/\/www.cuencasmineras.com\/index.php\/wp-json\/wp\/v2\/users\/1"}],"replies":[{"embeddable":true,"href":"https:\/\/www.cuencasmineras.com\/index.php\/wp-json\/wp\/v2\/comments?post=2443"}],"version-history":[{"count":1,"href":"https:\/\/www.cuencasmineras.com\/index.php\/wp-json\/wp\/v2\/posts\/2443\/revisions"}],"predecessor-version":[{"id":2445,"href":"https:\/\/www.cuencasmineras.com\/index.php\/wp-json\/wp\/v2\/posts\/2443\/revisions\/2445"}],"wp:featuredmedia":[{"embeddable":true,"href":"https:\/\/www.cuencasmineras.com\/index.php\/wp-json\/wp\/v2\/media\/2444"}],"wp:attachment":[{"href":"https:\/\/www.cuencasmineras.com\/index.php\/wp-json\/wp\/v2\/media?parent=2443"}],"wp:term":[{"taxonomy":"category","embeddable":true,"href":"https:\/\/www.cuencasmineras.com\/index.php\/wp-json\/wp\/v2\/categories?post=2443"},{"taxonomy":"post_tag","embeddable":true,"href":"https:\/\/www.cuencasmineras.com\/index.php\/wp-json\/wp\/v2\/tags?post=2443"}],"curies":[{"name":"wp","href":"https:\/\/api.w.org\/{rel}","templated":true}]}}