{"id":2466,"date":"2021-04-14T13:36:22","date_gmt":"2021-04-14T13:36:22","guid":{"rendered":"https:\/\/www.cuencasmineras.com\/?p=2466"},"modified":"2021-04-14T13:36:22","modified_gmt":"2021-04-14T13:36:22","slug":"la-burocracia-del-principado-retrasa-un-ano-las-licencias-y-permisos-en-pueblos-protegidos-de-caso","status":"publish","type":"post","link":"https:\/\/www.cuencasmineras.com\/index.php\/2021\/04\/14\/la-burocracia-del-principado-retrasa-un-ano-las-licencias-y-permisos-en-pueblos-protegidos-de-caso\/","title":{"rendered":"La burocracia del Principado retrasa un a\u00f1o las licencias y permisos en pueblos protegidos de Caso."},"content":{"rendered":"<p style=\"text-align: justify;\">El alcalde de Caso, Miguel Fern\u00e1ndez, reclama que se agilicen las licencias para las obras que se realicen en los n\u00facleos que tienen protecci\u00f3n patrimonial y que se reduzcan las exigencias. \u201cEn la soluci\u00f3n a este problema tienen que trabajar la Federaci\u00f3n Asturiana de Concejos (FACC) y la Consejer\u00eda de Cultura porque esta es una situaci\u00f3n que afecta a todos los municipios\u201d, resalt\u00f3 el regidor.<\/p>\n<p><img loading=\"lazy\" decoding=\"async\" class=\"aligncenter size-large wp-image-2467\" src=\"https:\/\/www.cuencasmineras.com\/wp-content\/uploads\/2021\/04\/bf9f128b-ddb7-4325-9d9e-4a79034aaa24_21-9-aspect-ratio_default_0-1024x438.jpg\" alt=\"\" width=\"640\" height=\"274\" srcset=\"https:\/\/www.cuencasmineras.com\/wp-content\/uploads\/2021\/04\/bf9f128b-ddb7-4325-9d9e-4a79034aaa24_21-9-aspect-ratio_default_0-1024x438.jpg 1024w, https:\/\/www.cuencasmineras.com\/wp-content\/uploads\/2021\/04\/bf9f128b-ddb7-4325-9d9e-4a79034aaa24_21-9-aspect-ratio_default_0-300x128.jpg 300w, https:\/\/www.cuencasmineras.com\/wp-content\/uploads\/2021\/04\/bf9f128b-ddb7-4325-9d9e-4a79034aaa24_21-9-aspect-ratio_default_0-768x329.jpg 768w, https:\/\/www.cuencasmineras.com\/wp-content\/uploads\/2021\/04\/bf9f128b-ddb7-4325-9d9e-4a79034aaa24_21-9-aspect-ratio_default_0.jpg 1280w\" sizes=\"auto, (max-width: 640px) 100vw, 640px\" \/><\/p>\n<p style=\"text-align: justify;\">En el municipio del alto Nal\u00f3n Caleao tiene la catalogaci\u00f3n de Bien de Inter\u00e9s Cultural (BIC). Otros dos n\u00facleos, Orl\u00e9 y Soto de Caso, tienen el segundo grado de protecci\u00f3n al estar incluidos en el Inventario del Patrimonio Cultural de Asturias. \u201cPara arreglar el tejado de una cuadra y evitar que se venga a abajo hay que esperar mucho tiempo. Y esto al final supone que se juega con la econom\u00eda de muchos pueblos\u201d, manifest\u00f3.<\/p>\n<p style=\"text-align: justify;\">En Caleao, la protecci\u00f3n aplicada a la iglesia de Santa Cruz la Real, declarada Bien de Inter\u00e9s Cultural (BIC), se extiende a todo el n\u00facleo. La resoluci\u00f3n de la Consejer\u00eda de Cultura reflej\u00f3 que \u201cdada la importancia de la iglesia y su posici\u00f3n dominante entre el caser\u00edo del pueblo\u201d tiene que abarcar un espacio m\u00e1s amplio que el del propio templo. Se ci\u00f1e, por tanto, a la delimitaci\u00f3n del n\u00facleo de Caleao tal y como aparece recogida en las normas subsidiarias del concejo de 1997. Las intervenciones en el \u00e1rea deben contar con el informe previo de la Consejer\u00eda, que es la competente en materia de Patrimonio Cultural. La protecci\u00f3n patrimonial en Orl\u00e9 y Soto de Caso se extiende tambi\u00e9n a todo el n\u00facleo.<\/p>\n<p style=\"text-align: justify;\">Hace un a\u00f1o la Consejer\u00eda de Cultura, Pol\u00edtica Lling\u00fc\u00edstica y Turismo aprob\u00f3 una resoluci\u00f3n que marcaba el inicio de los tr\u00e1mites de modificaci\u00f3n del decreto que protege el Camino de Santiago en Asturias, de forma que hubiese menos trabas para ejecutar obras junto a la ruta jacobea. Calculaba el departamento regional que se evitar\u00eda as\u00ed que cada a\u00f1o tengan que pasar a informe de Patrimonio una media de 200 expedientes.<\/p>\n","protected":false},"excerpt":{"rendered":"<p>El alcalde de Caso, Miguel Fern\u00e1ndez, reclama que se agilicen las licencias para las obras que se realicen en los n\u00facleos que tienen protecci\u00f3n patrimonial y que se reduzcan las exigencias. \u201cEn la soluci\u00f3n a este problema tienen que trabajar la Federaci\u00f3n Asturiana de Concejos (FACC) y la Consejer\u00eda de Cultura porque esta es una [&hellip;]<\/p>\n","protected":false},"author":1,"featured_media":2467,"comment_status":"open","ping_status":"open","sticky":false,"template":"","format":"standard","meta":{"footnotes":""},"categories":[6,8],"tags":[],"class_list":["post-2466","post","type-post","status-publish","format-standard","has-post-thumbnail","hentry","category-noticias","category-nalon"],"yoast_head":"<!-- This site is optimized with the Yoast SEO plugin v27.4 - https:\/\/yoast.com\/product\/yoast-seo-wordpress\/ -->\n<title>La burocracia del Principado retrasa un a\u00f1o las licencias y permisos en pueblos protegidos de Caso. - cm news<\/title>\n<meta name=\"description\" content=\"El alcalde, Miguel Fern\u00e1ndez, exige al Principado y a la Federaci\u00f3n Asturiana de Concejos &quot;una soluci\u00f3n&quot; a las barreras administrativas.\" \/>\n<meta name=\"robots\" content=\"index, follow, max-snippet:-1, max-image-preview:large, max-video-preview:-1\" \/>\n<link rel=\"canonical\" href=\"https:\/\/www.cuencasmineras.com\/index.php\/2021\/04\/14\/la-burocracia-del-principado-retrasa-un-ano-las-licencias-y-permisos-en-pueblos-protegidos-de-caso\/\" \/>\n<meta property=\"og:locale\" content=\"es_ES\" \/>\n<meta property=\"og:type\" content=\"article\" \/>\n<meta property=\"og:title\" content=\"La burocracia del Principado retrasa un a\u00f1o las licencias y permisos en pueblos protegidos de Caso. - cm news\" \/>\n<meta property=\"og:description\" content=\"El alcalde, Miguel Fern\u00e1ndez, exige al Principado y a la Federaci\u00f3n Asturiana de Concejos &quot;una soluci\u00f3n&quot; a las barreras administrativas.\" \/>\n<meta property=\"og:url\" content=\"https:\/\/www.cuencasmineras.com\/index.php\/2021\/04\/14\/la-burocracia-del-principado-retrasa-un-ano-las-licencias-y-permisos-en-pueblos-protegidos-de-caso\/\" \/>\n<meta property=\"article:published_time\" content=\"2021-04-14T13:36:22+00:00\" \/>\n<meta property=\"og:image\" content=\"https:\/\/www.cuencasmineras.com\/wp-content\/uploads\/2021\/04\/bf9f128b-ddb7-4325-9d9e-4a79034aaa24_21-9-aspect-ratio_default_0.jpg\" \/>\n\t<meta property=\"og:image:width\" content=\"1280\" \/>\n\t<meta property=\"og:image:height\" content=\"548\" \/>\n\t<meta property=\"og:image:type\" content=\"image\/jpeg\" \/>\n<meta name=\"author\" content=\"admin\" \/>\n<meta name=\"twitter:card\" content=\"summary_large_image\" \/>\n<meta name=\"twitter:label1\" content=\"Escrito por\" \/>\n\t<meta name=\"twitter:data1\" content=\"admin\" \/>\n\t<meta name=\"twitter:label2\" content=\"Tiempo de lectura\" \/>\n\t<meta name=\"twitter:data2\" content=\"2 minutos\" \/>\n<script type=\"application\/ld+json\" class=\"yoast-schema-graph\">{\"@context\":\"https:\\\/\\\/schema.org\",\"@graph\":[{\"@type\":\"Article\",\"@id\":\"https:\\\/\\\/www.cuencasmineras.com\\\/index.php\\\/2021\\\/04\\\/14\\\/la-burocracia-del-principado-retrasa-un-ano-las-licencias-y-permisos-en-pueblos-protegidos-de-caso\\\/#article\",\"isPartOf\":{\"@id\":\"https:\\\/\\\/www.cuencasmineras.com\\\/index.php\\\/2021\\\/04\\\/14\\\/la-burocracia-del-principado-retrasa-un-ano-las-licencias-y-permisos-en-pueblos-protegidos-de-caso\\\/\"},\"author\":{\"name\":\"admin\",\"@id\":\"https:\\\/\\\/www.cuencasmineras.com\\\/#\\\/schema\\\/person\\\/be0691310e8496ec555f679dd688420c\"},\"headline\":\"La burocracia del Principado retrasa un a\u00f1o las licencias y permisos en pueblos protegidos de Caso.\",\"datePublished\":\"2021-04-14T13:36:22+00:00\",\"mainEntityOfPage\":{\"@id\":\"https:\\\/\\\/www.cuencasmineras.com\\\/index.php\\\/2021\\\/04\\\/14\\\/la-burocracia-del-principado-retrasa-un-ano-las-licencias-y-permisos-en-pueblos-protegidos-de-caso\\\/\"},\"wordCount\":386,\"commentCount\":0,\"image\":{\"@id\":\"https:\\\/\\\/www.cuencasmineras.com\\\/index.php\\\/2021\\\/04\\\/14\\\/la-burocracia-del-principado-retrasa-un-ano-las-licencias-y-permisos-en-pueblos-protegidos-de-caso\\\/#primaryimage\"},\"thumbnailUrl\":\"https:\\\/\\\/www.cuencasmineras.com\\\/wp-content\\\/uploads\\\/2021\\\/04\\\/bf9f128b-ddb7-4325-9d9e-4a79034aaa24_21-9-aspect-ratio_default_0.jpg\",\"articleSection\":[\"CM NEWS\",\"Nal\u00f3n\"],\"inLanguage\":\"es\",\"potentialAction\":[{\"@type\":\"CommentAction\",\"name\":\"Comment\",\"target\":[\"https:\\\/\\\/www.cuencasmineras.com\\\/index.php\\\/2021\\\/04\\\/14\\\/la-burocracia-del-principado-retrasa-un-ano-las-licencias-y-permisos-en-pueblos-protegidos-de-caso\\\/#respond\"]}]},{\"@type\":\"WebPage\",\"@id\":\"https:\\\/\\\/www.cuencasmineras.com\\\/index.php\\\/2021\\\/04\\\/14\\\/la-burocracia-del-principado-retrasa-un-ano-las-licencias-y-permisos-en-pueblos-protegidos-de-caso\\\/\",\"url\":\"https:\\\/\\\/www.cuencasmineras.com\\\/index.php\\\/2021\\\/04\\\/14\\\/la-burocracia-del-principado-retrasa-un-ano-las-licencias-y-permisos-en-pueblos-protegidos-de-caso\\\/\",\"name\":\"La burocracia del Principado retrasa un a\u00f1o las licencias y permisos en pueblos protegidos de Caso. - cm news\",\"isPartOf\":{\"@id\":\"https:\\\/\\\/www.cuencasmineras.com\\\/#website\"},\"primaryImageOfPage\":{\"@id\":\"https:\\\/\\\/www.cuencasmineras.com\\\/index.php\\\/2021\\\/04\\\/14\\\/la-burocracia-del-principado-retrasa-un-ano-las-licencias-y-permisos-en-pueblos-protegidos-de-caso\\\/#primaryimage\"},\"image\":{\"@id\":\"https:\\\/\\\/www.cuencasmineras.com\\\/index.php\\\/2021\\\/04\\\/14\\\/la-burocracia-del-principado-retrasa-un-ano-las-licencias-y-permisos-en-pueblos-protegidos-de-caso\\\/#primaryimage\"},\"thumbnailUrl\":\"https:\\\/\\\/www.cuencasmineras.com\\\/wp-content\\\/uploads\\\/2021\\\/04\\\/bf9f128b-ddb7-4325-9d9e-4a79034aaa24_21-9-aspect-ratio_default_0.jpg\",\"datePublished\":\"2021-04-14T13:36:22+00:00\",\"author\":{\"@id\":\"https:\\\/\\\/www.cuencasmineras.com\\\/#\\\/schema\\\/person\\\/be0691310e8496ec555f679dd688420c\"},\"description\":\"El alcalde, Miguel Fern\u00e1ndez, exige al Principado y a la Federaci\u00f3n Asturiana de Concejos \\\"una soluci\u00f3n\\\" a las barreras administrativas.\",\"breadcrumb\":{\"@id\":\"https:\\\/\\\/www.cuencasmineras.com\\\/index.php\\\/2021\\\/04\\\/14\\\/la-burocracia-del-principado-retrasa-un-ano-las-licencias-y-permisos-en-pueblos-protegidos-de-caso\\\/#breadcrumb\"},\"inLanguage\":\"es\",\"potentialAction\":[{\"@type\":\"ReadAction\",\"target\":[\"https:\\\/\\\/www.cuencasmineras.com\\\/index.php\\\/2021\\\/04\\\/14\\\/la-burocracia-del-principado-retrasa-un-ano-las-licencias-y-permisos-en-pueblos-protegidos-de-caso\\\/\"]}]},{\"@type\":\"ImageObject\",\"inLanguage\":\"es\",\"@id\":\"https:\\\/\\\/www.cuencasmineras.com\\\/index.php\\\/2021\\\/04\\\/14\\\/la-burocracia-del-principado-retrasa-un-ano-las-licencias-y-permisos-en-pueblos-protegidos-de-caso\\\/#primaryimage\",\"url\":\"https:\\\/\\\/www.cuencasmineras.com\\\/wp-content\\\/uploads\\\/2021\\\/04\\\/bf9f128b-ddb7-4325-9d9e-4a79034aaa24_21-9-aspect-ratio_default_0.jpg\",\"contentUrl\":\"https:\\\/\\\/www.cuencasmineras.com\\\/wp-content\\\/uploads\\\/2021\\\/04\\\/bf9f128b-ddb7-4325-9d9e-4a79034aaa24_21-9-aspect-ratio_default_0.jpg\",\"width\":1280,\"height\":548},{\"@type\":\"BreadcrumbList\",\"@id\":\"https:\\\/\\\/www.cuencasmineras.com\\\/index.php\\\/2021\\\/04\\\/14\\\/la-burocracia-del-principado-retrasa-un-ano-las-licencias-y-permisos-en-pueblos-protegidos-de-caso\\\/#breadcrumb\",\"itemListElement\":[{\"@type\":\"ListItem\",\"position\":1,\"name\":\"Portada\",\"item\":\"https:\\\/\\\/www.cuencasmineras.com\\\/\"},{\"@type\":\"ListItem\",\"position\":2,\"name\":\"La burocracia del Principado retrasa un a\u00f1o las licencias y permisos en pueblos protegidos de Caso.\"}]},{\"@type\":\"WebSite\",\"@id\":\"https:\\\/\\\/www.cuencasmineras.com\\\/#website\",\"url\":\"https:\\\/\\\/www.cuencasmineras.com\\\/\",\"name\":\"\",\"description\":\"\",\"potentialAction\":[{\"@type\":\"SearchAction\",\"target\":{\"@type\":\"EntryPoint\",\"urlTemplate\":\"https:\\\/\\\/www.cuencasmineras.com\\\/?s={search_term_string}\"},\"query-input\":{\"@type\":\"PropertyValueSpecification\",\"valueRequired\":true,\"valueName\":\"search_term_string\"}}],\"inLanguage\":\"es\"},{\"@type\":\"Person\",\"@id\":\"https:\\\/\\\/www.cuencasmineras.com\\\/#\\\/schema\\\/person\\\/be0691310e8496ec555f679dd688420c\",\"name\":\"admin\",\"image\":{\"@type\":\"ImageObject\",\"inLanguage\":\"es\",\"@id\":\"https:\\\/\\\/secure.gravatar.com\\\/avatar\\\/4afd2eed3b2fbbf36dd6707b5bd8a5b50ac648f033e36fbf85aeace2f0f859db?s=96&d=mm&r=g\",\"url\":\"https:\\\/\\\/secure.gravatar.com\\\/avatar\\\/4afd2eed3b2fbbf36dd6707b5bd8a5b50ac648f033e36fbf85aeace2f0f859db?s=96&d=mm&r=g\",\"contentUrl\":\"https:\\\/\\\/secure.gravatar.com\\\/avatar\\\/4afd2eed3b2fbbf36dd6707b5bd8a5b50ac648f033e36fbf85aeace2f0f859db?s=96&d=mm&r=g\",\"caption\":\"admin\"},\"sameAs\":[\"https:\\\/\\\/www.cuencasmineras.com\"],\"url\":\"https:\\\/\\\/www.cuencasmineras.com\\\/index.php\\\/author\\\/admin\\\/\"}]}<\/script>\n<!-- \/ Yoast SEO plugin. -->","yoast_head_json":{"title":"La burocracia del Principado retrasa un a\u00f1o las licencias y permisos en pueblos protegidos de Caso. - cm news","description":"El alcalde, Miguel Fern\u00e1ndez, exige al Principado y a la Federaci\u00f3n Asturiana de Concejos \"una soluci\u00f3n\" a las barreras administrativas.","robots":{"index":"index","follow":"follow","max-snippet":"max-snippet:-1","max-image-preview":"max-image-preview:large","max-video-preview":"max-video-preview:-1"},"canonical":"https:\/\/www.cuencasmineras.com\/index.php\/2021\/04\/14\/la-burocracia-del-principado-retrasa-un-ano-las-licencias-y-permisos-en-pueblos-protegidos-de-caso\/","og_locale":"es_ES","og_type":"article","og_title":"La burocracia del Principado retrasa un a\u00f1o las licencias y permisos en pueblos protegidos de Caso. - cm news","og_description":"El alcalde, Miguel Fern\u00e1ndez, exige al Principado y a la Federaci\u00f3n Asturiana de Concejos \"una soluci\u00f3n\" a las barreras administrativas.","og_url":"https:\/\/www.cuencasmineras.com\/index.php\/2021\/04\/14\/la-burocracia-del-principado-retrasa-un-ano-las-licencias-y-permisos-en-pueblos-protegidos-de-caso\/","article_published_time":"2021-04-14T13:36:22+00:00","og_image":[{"width":1280,"height":548,"url":"https:\/\/www.cuencasmineras.com\/wp-content\/uploads\/2021\/04\/bf9f128b-ddb7-4325-9d9e-4a79034aaa24_21-9-aspect-ratio_default_0.jpg","type":"image\/jpeg"}],"author":"admin","twitter_card":"summary_large_image","twitter_misc":{"Escrito por":"admin","Tiempo de lectura":"2 minutos"},"schema":{"@context":"https:\/\/schema.org","@graph":[{"@type":"Article","@id":"https:\/\/www.cuencasmineras.com\/index.php\/2021\/04\/14\/la-burocracia-del-principado-retrasa-un-ano-las-licencias-y-permisos-en-pueblos-protegidos-de-caso\/#article","isPartOf":{"@id":"https:\/\/www.cuencasmineras.com\/index.php\/2021\/04\/14\/la-burocracia-del-principado-retrasa-un-ano-las-licencias-y-permisos-en-pueblos-protegidos-de-caso\/"},"author":{"name":"admin","@id":"https:\/\/www.cuencasmineras.com\/#\/schema\/person\/be0691310e8496ec555f679dd688420c"},"headline":"La burocracia del Principado retrasa un a\u00f1o las licencias y permisos en pueblos protegidos de Caso.","datePublished":"2021-04-14T13:36:22+00:00","mainEntityOfPage":{"@id":"https:\/\/www.cuencasmineras.com\/index.php\/2021\/04\/14\/la-burocracia-del-principado-retrasa-un-ano-las-licencias-y-permisos-en-pueblos-protegidos-de-caso\/"},"wordCount":386,"commentCount":0,"image":{"@id":"https:\/\/www.cuencasmineras.com\/index.php\/2021\/04\/14\/la-burocracia-del-principado-retrasa-un-ano-las-licencias-y-permisos-en-pueblos-protegidos-de-caso\/#primaryimage"},"thumbnailUrl":"https:\/\/www.cuencasmineras.com\/wp-content\/uploads\/2021\/04\/bf9f128b-ddb7-4325-9d9e-4a79034aaa24_21-9-aspect-ratio_default_0.jpg","articleSection":["CM NEWS","Nal\u00f3n"],"inLanguage":"es","potentialAction":[{"@type":"CommentAction","name":"Comment","target":["https:\/\/www.cuencasmineras.com\/index.php\/2021\/04\/14\/la-burocracia-del-principado-retrasa-un-ano-las-licencias-y-permisos-en-pueblos-protegidos-de-caso\/#respond"]}]},{"@type":"WebPage","@id":"https:\/\/www.cuencasmineras.com\/index.php\/2021\/04\/14\/la-burocracia-del-principado-retrasa-un-ano-las-licencias-y-permisos-en-pueblos-protegidos-de-caso\/","url":"https:\/\/www.cuencasmineras.com\/index.php\/2021\/04\/14\/la-burocracia-del-principado-retrasa-un-ano-las-licencias-y-permisos-en-pueblos-protegidos-de-caso\/","name":"La burocracia del Principado retrasa un a\u00f1o las licencias y permisos en pueblos protegidos de Caso. - cm news","isPartOf":{"@id":"https:\/\/www.cuencasmineras.com\/#website"},"primaryImageOfPage":{"@id":"https:\/\/www.cuencasmineras.com\/index.php\/2021\/04\/14\/la-burocracia-del-principado-retrasa-un-ano-las-licencias-y-permisos-en-pueblos-protegidos-de-caso\/#primaryimage"},"image":{"@id":"https:\/\/www.cuencasmineras.com\/index.php\/2021\/04\/14\/la-burocracia-del-principado-retrasa-un-ano-las-licencias-y-permisos-en-pueblos-protegidos-de-caso\/#primaryimage"},"thumbnailUrl":"https:\/\/www.cuencasmineras.com\/wp-content\/uploads\/2021\/04\/bf9f128b-ddb7-4325-9d9e-4a79034aaa24_21-9-aspect-ratio_default_0.jpg","datePublished":"2021-04-14T13:36:22+00:00","author":{"@id":"https:\/\/www.cuencasmineras.com\/#\/schema\/person\/be0691310e8496ec555f679dd688420c"},"description":"El alcalde, Miguel Fern\u00e1ndez, exige al Principado y a la Federaci\u00f3n Asturiana de Concejos \"una soluci\u00f3n\" a las barreras administrativas.","breadcrumb":{"@id":"https:\/\/www.cuencasmineras.com\/index.php\/2021\/04\/14\/la-burocracia-del-principado-retrasa-un-ano-las-licencias-y-permisos-en-pueblos-protegidos-de-caso\/#breadcrumb"},"inLanguage":"es","potentialAction":[{"@type":"ReadAction","target":["https:\/\/www.cuencasmineras.com\/index.php\/2021\/04\/14\/la-burocracia-del-principado-retrasa-un-ano-las-licencias-y-permisos-en-pueblos-protegidos-de-caso\/"]}]},{"@type":"ImageObject","inLanguage":"es","@id":"https:\/\/www.cuencasmineras.com\/index.php\/2021\/04\/14\/la-burocracia-del-principado-retrasa-un-ano-las-licencias-y-permisos-en-pueblos-protegidos-de-caso\/#primaryimage","url":"https:\/\/www.cuencasmineras.com\/wp-content\/uploads\/2021\/04\/bf9f128b-ddb7-4325-9d9e-4a79034aaa24_21-9-aspect-ratio_default_0.jpg","contentUrl":"https:\/\/www.cuencasmineras.com\/wp-content\/uploads\/2021\/04\/bf9f128b-ddb7-4325-9d9e-4a79034aaa24_21-9-aspect-ratio_default_0.jpg","width":1280,"height":548},{"@type":"BreadcrumbList","@id":"https:\/\/www.cuencasmineras.com\/index.php\/2021\/04\/14\/la-burocracia-del-principado-retrasa-un-ano-las-licencias-y-permisos-en-pueblos-protegidos-de-caso\/#breadcrumb","itemListElement":[{"@type":"ListItem","position":1,"name":"Portada","item":"https:\/\/www.cuencasmineras.com\/"},{"@type":"ListItem","position":2,"name":"La burocracia del Principado retrasa un a\u00f1o las licencias y permisos en pueblos protegidos de Caso."}]},{"@type":"WebSite","@id":"https:\/\/www.cuencasmineras.com\/#website","url":"https:\/\/www.cuencasmineras.com\/","name":"","description":"","potentialAction":[{"@type":"SearchAction","target":{"@type":"EntryPoint","urlTemplate":"https:\/\/www.cuencasmineras.com\/?s={search_term_string}"},"query-input":{"@type":"PropertyValueSpecification","valueRequired":true,"valueName":"search_term_string"}}],"inLanguage":"es"},{"@type":"Person","@id":"https:\/\/www.cuencasmineras.com\/#\/schema\/person\/be0691310e8496ec555f679dd688420c","name":"admin","image":{"@type":"ImageObject","inLanguage":"es","@id":"https:\/\/secure.gravatar.com\/avatar\/4afd2eed3b2fbbf36dd6707b5bd8a5b50ac648f033e36fbf85aeace2f0f859db?s=96&d=mm&r=g","url":"https:\/\/secure.gravatar.com\/avatar\/4afd2eed3b2fbbf36dd6707b5bd8a5b50ac648f033e36fbf85aeace2f0f859db?s=96&d=mm&r=g","contentUrl":"https:\/\/secure.gravatar.com\/avatar\/4afd2eed3b2fbbf36dd6707b5bd8a5b50ac648f033e36fbf85aeace2f0f859db?s=96&d=mm&r=g","caption":"admin"},"sameAs":["https:\/\/www.cuencasmineras.com"],"url":"https:\/\/www.cuencasmineras.com\/index.php\/author\/admin\/"}]}},"_links":{"self":[{"href":"https:\/\/www.cuencasmineras.com\/index.php\/wp-json\/wp\/v2\/posts\/2466","targetHints":{"allow":["GET"]}}],"collection":[{"href":"https:\/\/www.cuencasmineras.com\/index.php\/wp-json\/wp\/v2\/posts"}],"about":[{"href":"https:\/\/www.cuencasmineras.com\/index.php\/wp-json\/wp\/v2\/types\/post"}],"author":[{"embeddable":true,"href":"https:\/\/www.cuencasmineras.com\/index.php\/wp-json\/wp\/v2\/users\/1"}],"replies":[{"embeddable":true,"href":"https:\/\/www.cuencasmineras.com\/index.php\/wp-json\/wp\/v2\/comments?post=2466"}],"version-history":[{"count":1,"href":"https:\/\/www.cuencasmineras.com\/index.php\/wp-json\/wp\/v2\/posts\/2466\/revisions"}],"predecessor-version":[{"id":2468,"href":"https:\/\/www.cuencasmineras.com\/index.php\/wp-json\/wp\/v2\/posts\/2466\/revisions\/2468"}],"wp:featuredmedia":[{"embeddable":true,"href":"https:\/\/www.cuencasmineras.com\/index.php\/wp-json\/wp\/v2\/media\/2467"}],"wp:attachment":[{"href":"https:\/\/www.cuencasmineras.com\/index.php\/wp-json\/wp\/v2\/media?parent=2466"}],"wp:term":[{"taxonomy":"category","embeddable":true,"href":"https:\/\/www.cuencasmineras.com\/index.php\/wp-json\/wp\/v2\/categories?post=2466"},{"taxonomy":"post_tag","embeddable":true,"href":"https:\/\/www.cuencasmineras.com\/index.php\/wp-json\/wp\/v2\/tags?post=2466"}],"curies":[{"name":"wp","href":"https:\/\/api.w.org\/{rel}","templated":true}]}}