{"id":2469,"date":"2021-04-14T13:40:33","date_gmt":"2021-04-14T13:40:33","guid":{"rendered":"https:\/\/www.cuencasmineras.com\/?p=2469"},"modified":"2021-04-14T13:40:33","modified_gmt":"2021-04-14T13:40:33","slug":"la-comunidad-gitana-de-mieres-se-siente-senalada-injustamente-tras-el-cierre-perimetral-del-concejo-derivado-del-aumento-de-los-contagios-por-covid-19","status":"publish","type":"post","link":"https:\/\/www.cuencasmineras.com\/index.php\/2021\/04\/14\/la-comunidad-gitana-de-mieres-se-siente-senalada-injustamente-tras-el-cierre-perimetral-del-concejo-derivado-del-aumento-de-los-contagios-por-covid-19\/","title":{"rendered":"La comunidad gitana de Mieres se siente se\u00f1alada \u201cinjustamente\u201d tras el cierre perimetral del concejo derivado del aumento de los contagios por covid-19"},"content":{"rendered":"<p style=\"text-align: justify;\">El malestar entre este estrato de la poblaci\u00f3n ha ido en aumento en los \u00faltimos d\u00edas de manera acompasada a la propasada proliferaci\u00f3n de comentarios en redes sociales que responsabilizan a la colectividad gitana de los brotes previos al endurecimiento de las restricciones en el marco de las medidas \u201c4Plus\u201d. La rumorolog\u00eda ha propagado diversas versiones sobre la organizaci\u00f3n de una gran fiesta familiar en la que supuestamente hubo decenas de contagios. En el proceso no han faltado insultos y descalificaciones que est\u00e1n causando gran \u201cindignaci\u00f3n\u201d entre la comunidad gitana: \u201cSon miles de comentarios los que se han generado en internet y todo sobre la base de una gran mentira\u201d. Afirman sentirse v\u00edctimas del odio y del racismo.<\/p>\n<p><img loading=\"lazy\" decoding=\"async\" class=\"aligncenter size-full wp-image-2470\" src=\"https:\/\/www.cuencasmineras.com\/wp-content\/uploads\/2021\/04\/Captura-2.png\" alt=\"\" width=\"746\" height=\"463\" srcset=\"https:\/\/www.cuencasmineras.com\/wp-content\/uploads\/2021\/04\/Captura-2.png 746w, https:\/\/www.cuencasmineras.com\/wp-content\/uploads\/2021\/04\/Captura-2-300x186.png 300w\" sizes=\"auto, (max-width: 746px) 100vw, 746px\" \/><\/p>\n<p style=\"text-align: justify;\">Los portavoces de la comunidad, con la Asociaci\u00f3n Progreso Gitano al frente, niegan para empezar de manera rotunda que se hubiera organizado alg\u00fan tipo de fiesta familiar en Santullano: \u201cEs un sinsentido decir que se ha organizado una pedida de mano o se ha celebrado una boda, como se afirma en redes sociales. Estamos siendo tan cuidadosos como el que m\u00e1s, ya que somos un colectivo tremendamente concienciado con esta situaci\u00f3n y nos preocupa enormemente la salud de nuestros mayores\u201d. En Santullano la indignaci\u00f3n roza con la rabia: \u201cHay un brote en el barrio, pero no entendemos que se nos acuse a nosotros. Somos m\u00e1s de veinte familias y hay tres con contagios. Nadie est\u00e1 libre de enfermar, ya que el virus no entiende de etnias ni razas\u201d, apunta Narciso Barrul. \u201cRepresentamos el 25 por ciento del barrio y s\u00f3lo se nos se\u00f1ala a nosotros. Adem\u00e1s, hay brotes a\u00fan mayores en otros barrios y en bares del casco urbano que todos conocemos y nadie dice nada. Pero cuando, por desgracia, se contagia un peque\u00f1o grupo de gitanos, en vez de apoyar y dar \u00e1nimos, la reacci\u00f3n de muchos es insultar y lanzar bulos\u201d.<\/p>\n<p>&nbsp;<\/p>\n<p>Fuente: La Nueva Espa\u00f1a<\/p>\n","protected":false},"excerpt":{"rendered":"<p>El malestar entre este estrato de la poblaci\u00f3n ha ido en aumento en los \u00faltimos d\u00edas de manera acompasada a la propasada proliferaci\u00f3n de comentarios en redes sociales que responsabilizan a la colectividad gitana de los brotes previos al endurecimiento de las restricciones en el marco de las medidas \u201c4Plus\u201d. La rumorolog\u00eda ha propagado diversas [&hellip;]<\/p>\n","protected":false},"author":1,"featured_media":2470,"comment_status":"open","ping_status":"open","sticky":false,"template":"","format":"standard","meta":{"footnotes":""},"categories":[7,6],"tags":[],"class_list":["post-2469","post","type-post","status-publish","format-standard","has-post-thumbnail","hentry","category-caudal","category-noticias"],"yoast_head":"<!-- This site is optimized with the Yoast SEO plugin v27.4 - https:\/\/yoast.com\/product\/yoast-seo-wordpress\/ -->\n<title>La comunidad gitana de Mieres se siente se\u00f1alada \u201cinjustamente\u201d tras el cierre perimetral del concejo derivado del aumento de los contagios por covid-19 - cm news<\/title>\n<meta name=\"description\" content=\"La comunidad gitana se revela \u201cindignada\u201d al sentirse se\u00f1alada \u201cinjustamente\u201d como responsable del cierre perimetral de Mieres\" \/>\n<meta name=\"robots\" content=\"index, follow, max-snippet:-1, max-image-preview:large, max-video-preview:-1\" \/>\n<link rel=\"canonical\" href=\"https:\/\/www.cuencasmineras.com\/index.php\/2021\/04\/14\/la-comunidad-gitana-de-mieres-se-siente-senalada-injustamente-tras-el-cierre-perimetral-del-concejo-derivado-del-aumento-de-los-contagios-por-covid-19\/\" \/>\n<meta property=\"og:locale\" content=\"es_ES\" \/>\n<meta property=\"og:type\" content=\"article\" \/>\n<meta property=\"og:title\" content=\"La comunidad gitana de Mieres se siente se\u00f1alada \u201cinjustamente\u201d tras el cierre perimetral del concejo derivado del aumento de los contagios por covid-19 - cm news\" \/>\n<meta property=\"og:description\" content=\"La comunidad gitana se revela \u201cindignada\u201d al sentirse se\u00f1alada \u201cinjustamente\u201d como responsable del cierre perimetral de Mieres\" \/>\n<meta property=\"og:url\" content=\"https:\/\/www.cuencasmineras.com\/index.php\/2021\/04\/14\/la-comunidad-gitana-de-mieres-se-siente-senalada-injustamente-tras-el-cierre-perimetral-del-concejo-derivado-del-aumento-de-los-contagios-por-covid-19\/\" \/>\n<meta property=\"article:published_time\" content=\"2021-04-14T13:40:33+00:00\" \/>\n<meta property=\"og:image\" content=\"https:\/\/www.cuencasmineras.com\/wp-content\/uploads\/2021\/04\/Captura-2.png\" \/>\n\t<meta property=\"og:image:width\" content=\"746\" \/>\n\t<meta property=\"og:image:height\" content=\"463\" \/>\n\t<meta property=\"og:image:type\" content=\"image\/png\" \/>\n<meta name=\"author\" content=\"admin\" \/>\n<meta name=\"twitter:card\" content=\"summary_large_image\" \/>\n<meta name=\"twitter:label1\" content=\"Escrito por\" \/>\n\t<meta name=\"twitter:data1\" content=\"admin\" \/>\n\t<meta name=\"twitter:label2\" content=\"Tiempo de lectura\" \/>\n\t<meta name=\"twitter:data2\" content=\"2 minutos\" \/>\n<script type=\"application\/ld+json\" class=\"yoast-schema-graph\">{\"@context\":\"https:\\\/\\\/schema.org\",\"@graph\":[{\"@type\":\"Article\",\"@id\":\"https:\\\/\\\/www.cuencasmineras.com\\\/index.php\\\/2021\\\/04\\\/14\\\/la-comunidad-gitana-de-mieres-se-siente-senalada-injustamente-tras-el-cierre-perimetral-del-concejo-derivado-del-aumento-de-los-contagios-por-covid-19\\\/#article\",\"isPartOf\":{\"@id\":\"https:\\\/\\\/www.cuencasmineras.com\\\/index.php\\\/2021\\\/04\\\/14\\\/la-comunidad-gitana-de-mieres-se-siente-senalada-injustamente-tras-el-cierre-perimetral-del-concejo-derivado-del-aumento-de-los-contagios-por-covid-19\\\/\"},\"author\":{\"name\":\"admin\",\"@id\":\"https:\\\/\\\/www.cuencasmineras.com\\\/#\\\/schema\\\/person\\\/be0691310e8496ec555f679dd688420c\"},\"headline\":\"La comunidad gitana de Mieres se siente se\u00f1alada \u201cinjustamente\u201d tras el cierre perimetral del concejo derivado del aumento de los contagios por covid-19\",\"datePublished\":\"2021-04-14T13:40:33+00:00\",\"mainEntityOfPage\":{\"@id\":\"https:\\\/\\\/www.cuencasmineras.com\\\/index.php\\\/2021\\\/04\\\/14\\\/la-comunidad-gitana-de-mieres-se-siente-senalada-injustamente-tras-el-cierre-perimetral-del-concejo-derivado-del-aumento-de-los-contagios-por-covid-19\\\/\"},\"wordCount\":360,\"commentCount\":0,\"image\":{\"@id\":\"https:\\\/\\\/www.cuencasmineras.com\\\/index.php\\\/2021\\\/04\\\/14\\\/la-comunidad-gitana-de-mieres-se-siente-senalada-injustamente-tras-el-cierre-perimetral-del-concejo-derivado-del-aumento-de-los-contagios-por-covid-19\\\/#primaryimage\"},\"thumbnailUrl\":\"https:\\\/\\\/www.cuencasmineras.com\\\/wp-content\\\/uploads\\\/2021\\\/04\\\/Captura-2.png\",\"articleSection\":[\"Caudal\",\"CM NEWS\"],\"inLanguage\":\"es\",\"potentialAction\":[{\"@type\":\"CommentAction\",\"name\":\"Comment\",\"target\":[\"https:\\\/\\\/www.cuencasmineras.com\\\/index.php\\\/2021\\\/04\\\/14\\\/la-comunidad-gitana-de-mieres-se-siente-senalada-injustamente-tras-el-cierre-perimetral-del-concejo-derivado-del-aumento-de-los-contagios-por-covid-19\\\/#respond\"]}]},{\"@type\":\"WebPage\",\"@id\":\"https:\\\/\\\/www.cuencasmineras.com\\\/index.php\\\/2021\\\/04\\\/14\\\/la-comunidad-gitana-de-mieres-se-siente-senalada-injustamente-tras-el-cierre-perimetral-del-concejo-derivado-del-aumento-de-los-contagios-por-covid-19\\\/\",\"url\":\"https:\\\/\\\/www.cuencasmineras.com\\\/index.php\\\/2021\\\/04\\\/14\\\/la-comunidad-gitana-de-mieres-se-siente-senalada-injustamente-tras-el-cierre-perimetral-del-concejo-derivado-del-aumento-de-los-contagios-por-covid-19\\\/\",\"name\":\"La comunidad gitana de Mieres se siente se\u00f1alada \u201cinjustamente\u201d tras el cierre perimetral del concejo derivado del aumento de los contagios por covid-19 - cm news\",\"isPartOf\":{\"@id\":\"https:\\\/\\\/www.cuencasmineras.com\\\/#website\"},\"primaryImageOfPage\":{\"@id\":\"https:\\\/\\\/www.cuencasmineras.com\\\/index.php\\\/2021\\\/04\\\/14\\\/la-comunidad-gitana-de-mieres-se-siente-senalada-injustamente-tras-el-cierre-perimetral-del-concejo-derivado-del-aumento-de-los-contagios-por-covid-19\\\/#primaryimage\"},\"image\":{\"@id\":\"https:\\\/\\\/www.cuencasmineras.com\\\/index.php\\\/2021\\\/04\\\/14\\\/la-comunidad-gitana-de-mieres-se-siente-senalada-injustamente-tras-el-cierre-perimetral-del-concejo-derivado-del-aumento-de-los-contagios-por-covid-19\\\/#primaryimage\"},\"thumbnailUrl\":\"https:\\\/\\\/www.cuencasmineras.com\\\/wp-content\\\/uploads\\\/2021\\\/04\\\/Captura-2.png\",\"datePublished\":\"2021-04-14T13:40:33+00:00\",\"author\":{\"@id\":\"https:\\\/\\\/www.cuencasmineras.com\\\/#\\\/schema\\\/person\\\/be0691310e8496ec555f679dd688420c\"},\"description\":\"La comunidad gitana se revela \u201cindignada\u201d al sentirse se\u00f1alada \u201cinjustamente\u201d como responsable del cierre perimetral de Mieres\",\"breadcrumb\":{\"@id\":\"https:\\\/\\\/www.cuencasmineras.com\\\/index.php\\\/2021\\\/04\\\/14\\\/la-comunidad-gitana-de-mieres-se-siente-senalada-injustamente-tras-el-cierre-perimetral-del-concejo-derivado-del-aumento-de-los-contagios-por-covid-19\\\/#breadcrumb\"},\"inLanguage\":\"es\",\"potentialAction\":[{\"@type\":\"ReadAction\",\"target\":[\"https:\\\/\\\/www.cuencasmineras.com\\\/index.php\\\/2021\\\/04\\\/14\\\/la-comunidad-gitana-de-mieres-se-siente-senalada-injustamente-tras-el-cierre-perimetral-del-concejo-derivado-del-aumento-de-los-contagios-por-covid-19\\\/\"]}]},{\"@type\":\"ImageObject\",\"inLanguage\":\"es\",\"@id\":\"https:\\\/\\\/www.cuencasmineras.com\\\/index.php\\\/2021\\\/04\\\/14\\\/la-comunidad-gitana-de-mieres-se-siente-senalada-injustamente-tras-el-cierre-perimetral-del-concejo-derivado-del-aumento-de-los-contagios-por-covid-19\\\/#primaryimage\",\"url\":\"https:\\\/\\\/www.cuencasmineras.com\\\/wp-content\\\/uploads\\\/2021\\\/04\\\/Captura-2.png\",\"contentUrl\":\"https:\\\/\\\/www.cuencasmineras.com\\\/wp-content\\\/uploads\\\/2021\\\/04\\\/Captura-2.png\",\"width\":746,\"height\":463},{\"@type\":\"BreadcrumbList\",\"@id\":\"https:\\\/\\\/www.cuencasmineras.com\\\/index.php\\\/2021\\\/04\\\/14\\\/la-comunidad-gitana-de-mieres-se-siente-senalada-injustamente-tras-el-cierre-perimetral-del-concejo-derivado-del-aumento-de-los-contagios-por-covid-19\\\/#breadcrumb\",\"itemListElement\":[{\"@type\":\"ListItem\",\"position\":1,\"name\":\"Portada\",\"item\":\"https:\\\/\\\/www.cuencasmineras.com\\\/\"},{\"@type\":\"ListItem\",\"position\":2,\"name\":\"La comunidad gitana de Mieres se siente se\u00f1alada \u201cinjustamente\u201d tras el cierre perimetral del concejo derivado del aumento de los contagios por covid-19\"}]},{\"@type\":\"WebSite\",\"@id\":\"https:\\\/\\\/www.cuencasmineras.com\\\/#website\",\"url\":\"https:\\\/\\\/www.cuencasmineras.com\\\/\",\"name\":\"\",\"description\":\"\",\"potentialAction\":[{\"@type\":\"SearchAction\",\"target\":{\"@type\":\"EntryPoint\",\"urlTemplate\":\"https:\\\/\\\/www.cuencasmineras.com\\\/?s={search_term_string}\"},\"query-input\":{\"@type\":\"PropertyValueSpecification\",\"valueRequired\":true,\"valueName\":\"search_term_string\"}}],\"inLanguage\":\"es\"},{\"@type\":\"Person\",\"@id\":\"https:\\\/\\\/www.cuencasmineras.com\\\/#\\\/schema\\\/person\\\/be0691310e8496ec555f679dd688420c\",\"name\":\"admin\",\"image\":{\"@type\":\"ImageObject\",\"inLanguage\":\"es\",\"@id\":\"https:\\\/\\\/secure.gravatar.com\\\/avatar\\\/4afd2eed3b2fbbf36dd6707b5bd8a5b50ac648f033e36fbf85aeace2f0f859db?s=96&d=mm&r=g\",\"url\":\"https:\\\/\\\/secure.gravatar.com\\\/avatar\\\/4afd2eed3b2fbbf36dd6707b5bd8a5b50ac648f033e36fbf85aeace2f0f859db?s=96&d=mm&r=g\",\"contentUrl\":\"https:\\\/\\\/secure.gravatar.com\\\/avatar\\\/4afd2eed3b2fbbf36dd6707b5bd8a5b50ac648f033e36fbf85aeace2f0f859db?s=96&d=mm&r=g\",\"caption\":\"admin\"},\"sameAs\":[\"https:\\\/\\\/www.cuencasmineras.com\"],\"url\":\"https:\\\/\\\/www.cuencasmineras.com\\\/index.php\\\/author\\\/admin\\\/\"}]}<\/script>\n<!-- \/ Yoast SEO plugin. -->","yoast_head_json":{"title":"La comunidad gitana de Mieres se siente se\u00f1alada \u201cinjustamente\u201d tras el cierre perimetral del concejo derivado del aumento de los contagios por covid-19 - cm news","description":"La comunidad gitana se revela \u201cindignada\u201d al sentirse se\u00f1alada \u201cinjustamente\u201d como responsable del cierre perimetral de Mieres","robots":{"index":"index","follow":"follow","max-snippet":"max-snippet:-1","max-image-preview":"max-image-preview:large","max-video-preview":"max-video-preview:-1"},"canonical":"https:\/\/www.cuencasmineras.com\/index.php\/2021\/04\/14\/la-comunidad-gitana-de-mieres-se-siente-senalada-injustamente-tras-el-cierre-perimetral-del-concejo-derivado-del-aumento-de-los-contagios-por-covid-19\/","og_locale":"es_ES","og_type":"article","og_title":"La comunidad gitana de Mieres se siente se\u00f1alada \u201cinjustamente\u201d tras el cierre perimetral del concejo derivado del aumento de los contagios por covid-19 - cm news","og_description":"La comunidad gitana se revela \u201cindignada\u201d al sentirse se\u00f1alada \u201cinjustamente\u201d como responsable del cierre perimetral de Mieres","og_url":"https:\/\/www.cuencasmineras.com\/index.php\/2021\/04\/14\/la-comunidad-gitana-de-mieres-se-siente-senalada-injustamente-tras-el-cierre-perimetral-del-concejo-derivado-del-aumento-de-los-contagios-por-covid-19\/","article_published_time":"2021-04-14T13:40:33+00:00","og_image":[{"width":746,"height":463,"url":"https:\/\/www.cuencasmineras.com\/wp-content\/uploads\/2021\/04\/Captura-2.png","type":"image\/png"}],"author":"admin","twitter_card":"summary_large_image","twitter_misc":{"Escrito por":"admin","Tiempo de lectura":"2 minutos"},"schema":{"@context":"https:\/\/schema.org","@graph":[{"@type":"Article","@id":"https:\/\/www.cuencasmineras.com\/index.php\/2021\/04\/14\/la-comunidad-gitana-de-mieres-se-siente-senalada-injustamente-tras-el-cierre-perimetral-del-concejo-derivado-del-aumento-de-los-contagios-por-covid-19\/#article","isPartOf":{"@id":"https:\/\/www.cuencasmineras.com\/index.php\/2021\/04\/14\/la-comunidad-gitana-de-mieres-se-siente-senalada-injustamente-tras-el-cierre-perimetral-del-concejo-derivado-del-aumento-de-los-contagios-por-covid-19\/"},"author":{"name":"admin","@id":"https:\/\/www.cuencasmineras.com\/#\/schema\/person\/be0691310e8496ec555f679dd688420c"},"headline":"La comunidad gitana de Mieres se siente se\u00f1alada \u201cinjustamente\u201d tras el cierre perimetral del concejo derivado del aumento de los contagios por covid-19","datePublished":"2021-04-14T13:40:33+00:00","mainEntityOfPage":{"@id":"https:\/\/www.cuencasmineras.com\/index.php\/2021\/04\/14\/la-comunidad-gitana-de-mieres-se-siente-senalada-injustamente-tras-el-cierre-perimetral-del-concejo-derivado-del-aumento-de-los-contagios-por-covid-19\/"},"wordCount":360,"commentCount":0,"image":{"@id":"https:\/\/www.cuencasmineras.com\/index.php\/2021\/04\/14\/la-comunidad-gitana-de-mieres-se-siente-senalada-injustamente-tras-el-cierre-perimetral-del-concejo-derivado-del-aumento-de-los-contagios-por-covid-19\/#primaryimage"},"thumbnailUrl":"https:\/\/www.cuencasmineras.com\/wp-content\/uploads\/2021\/04\/Captura-2.png","articleSection":["Caudal","CM NEWS"],"inLanguage":"es","potentialAction":[{"@type":"CommentAction","name":"Comment","target":["https:\/\/www.cuencasmineras.com\/index.php\/2021\/04\/14\/la-comunidad-gitana-de-mieres-se-siente-senalada-injustamente-tras-el-cierre-perimetral-del-concejo-derivado-del-aumento-de-los-contagios-por-covid-19\/#respond"]}]},{"@type":"WebPage","@id":"https:\/\/www.cuencasmineras.com\/index.php\/2021\/04\/14\/la-comunidad-gitana-de-mieres-se-siente-senalada-injustamente-tras-el-cierre-perimetral-del-concejo-derivado-del-aumento-de-los-contagios-por-covid-19\/","url":"https:\/\/www.cuencasmineras.com\/index.php\/2021\/04\/14\/la-comunidad-gitana-de-mieres-se-siente-senalada-injustamente-tras-el-cierre-perimetral-del-concejo-derivado-del-aumento-de-los-contagios-por-covid-19\/","name":"La comunidad gitana de Mieres se siente se\u00f1alada \u201cinjustamente\u201d tras el cierre perimetral del concejo derivado del aumento de los contagios por covid-19 - cm news","isPartOf":{"@id":"https:\/\/www.cuencasmineras.com\/#website"},"primaryImageOfPage":{"@id":"https:\/\/www.cuencasmineras.com\/index.php\/2021\/04\/14\/la-comunidad-gitana-de-mieres-se-siente-senalada-injustamente-tras-el-cierre-perimetral-del-concejo-derivado-del-aumento-de-los-contagios-por-covid-19\/#primaryimage"},"image":{"@id":"https:\/\/www.cuencasmineras.com\/index.php\/2021\/04\/14\/la-comunidad-gitana-de-mieres-se-siente-senalada-injustamente-tras-el-cierre-perimetral-del-concejo-derivado-del-aumento-de-los-contagios-por-covid-19\/#primaryimage"},"thumbnailUrl":"https:\/\/www.cuencasmineras.com\/wp-content\/uploads\/2021\/04\/Captura-2.png","datePublished":"2021-04-14T13:40:33+00:00","author":{"@id":"https:\/\/www.cuencasmineras.com\/#\/schema\/person\/be0691310e8496ec555f679dd688420c"},"description":"La comunidad gitana se revela \u201cindignada\u201d al sentirse se\u00f1alada \u201cinjustamente\u201d como responsable del cierre perimetral de Mieres","breadcrumb":{"@id":"https:\/\/www.cuencasmineras.com\/index.php\/2021\/04\/14\/la-comunidad-gitana-de-mieres-se-siente-senalada-injustamente-tras-el-cierre-perimetral-del-concejo-derivado-del-aumento-de-los-contagios-por-covid-19\/#breadcrumb"},"inLanguage":"es","potentialAction":[{"@type":"ReadAction","target":["https:\/\/www.cuencasmineras.com\/index.php\/2021\/04\/14\/la-comunidad-gitana-de-mieres-se-siente-senalada-injustamente-tras-el-cierre-perimetral-del-concejo-derivado-del-aumento-de-los-contagios-por-covid-19\/"]}]},{"@type":"ImageObject","inLanguage":"es","@id":"https:\/\/www.cuencasmineras.com\/index.php\/2021\/04\/14\/la-comunidad-gitana-de-mieres-se-siente-senalada-injustamente-tras-el-cierre-perimetral-del-concejo-derivado-del-aumento-de-los-contagios-por-covid-19\/#primaryimage","url":"https:\/\/www.cuencasmineras.com\/wp-content\/uploads\/2021\/04\/Captura-2.png","contentUrl":"https:\/\/www.cuencasmineras.com\/wp-content\/uploads\/2021\/04\/Captura-2.png","width":746,"height":463},{"@type":"BreadcrumbList","@id":"https:\/\/www.cuencasmineras.com\/index.php\/2021\/04\/14\/la-comunidad-gitana-de-mieres-se-siente-senalada-injustamente-tras-el-cierre-perimetral-del-concejo-derivado-del-aumento-de-los-contagios-por-covid-19\/#breadcrumb","itemListElement":[{"@type":"ListItem","position":1,"name":"Portada","item":"https:\/\/www.cuencasmineras.com\/"},{"@type":"ListItem","position":2,"name":"La comunidad gitana de Mieres se siente se\u00f1alada \u201cinjustamente\u201d tras el cierre perimetral del concejo derivado del aumento de los contagios por covid-19"}]},{"@type":"WebSite","@id":"https:\/\/www.cuencasmineras.com\/#website","url":"https:\/\/www.cuencasmineras.com\/","name":"","description":"","potentialAction":[{"@type":"SearchAction","target":{"@type":"EntryPoint","urlTemplate":"https:\/\/www.cuencasmineras.com\/?s={search_term_string}"},"query-input":{"@type":"PropertyValueSpecification","valueRequired":true,"valueName":"search_term_string"}}],"inLanguage":"es"},{"@type":"Person","@id":"https:\/\/www.cuencasmineras.com\/#\/schema\/person\/be0691310e8496ec555f679dd688420c","name":"admin","image":{"@type":"ImageObject","inLanguage":"es","@id":"https:\/\/secure.gravatar.com\/avatar\/4afd2eed3b2fbbf36dd6707b5bd8a5b50ac648f033e36fbf85aeace2f0f859db?s=96&d=mm&r=g","url":"https:\/\/secure.gravatar.com\/avatar\/4afd2eed3b2fbbf36dd6707b5bd8a5b50ac648f033e36fbf85aeace2f0f859db?s=96&d=mm&r=g","contentUrl":"https:\/\/secure.gravatar.com\/avatar\/4afd2eed3b2fbbf36dd6707b5bd8a5b50ac648f033e36fbf85aeace2f0f859db?s=96&d=mm&r=g","caption":"admin"},"sameAs":["https:\/\/www.cuencasmineras.com"],"url":"https:\/\/www.cuencasmineras.com\/index.php\/author\/admin\/"}]}},"_links":{"self":[{"href":"https:\/\/www.cuencasmineras.com\/index.php\/wp-json\/wp\/v2\/posts\/2469","targetHints":{"allow":["GET"]}}],"collection":[{"href":"https:\/\/www.cuencasmineras.com\/index.php\/wp-json\/wp\/v2\/posts"}],"about":[{"href":"https:\/\/www.cuencasmineras.com\/index.php\/wp-json\/wp\/v2\/types\/post"}],"author":[{"embeddable":true,"href":"https:\/\/www.cuencasmineras.com\/index.php\/wp-json\/wp\/v2\/users\/1"}],"replies":[{"embeddable":true,"href":"https:\/\/www.cuencasmineras.com\/index.php\/wp-json\/wp\/v2\/comments?post=2469"}],"version-history":[{"count":1,"href":"https:\/\/www.cuencasmineras.com\/index.php\/wp-json\/wp\/v2\/posts\/2469\/revisions"}],"predecessor-version":[{"id":2471,"href":"https:\/\/www.cuencasmineras.com\/index.php\/wp-json\/wp\/v2\/posts\/2469\/revisions\/2471"}],"wp:featuredmedia":[{"embeddable":true,"href":"https:\/\/www.cuencasmineras.com\/index.php\/wp-json\/wp\/v2\/media\/2470"}],"wp:attachment":[{"href":"https:\/\/www.cuencasmineras.com\/index.php\/wp-json\/wp\/v2\/media?parent=2469"}],"wp:term":[{"taxonomy":"category","embeddable":true,"href":"https:\/\/www.cuencasmineras.com\/index.php\/wp-json\/wp\/v2\/categories?post=2469"},{"taxonomy":"post_tag","embeddable":true,"href":"https:\/\/www.cuencasmineras.com\/index.php\/wp-json\/wp\/v2\/tags?post=2469"}],"curies":[{"name":"wp","href":"https:\/\/api.w.org\/{rel}","templated":true}]}}