{"id":2479,"date":"2021-04-14T13:48:35","date_gmt":"2021-04-14T13:48:35","guid":{"rendered":"https:\/\/www.cuencasmineras.com\/?p=2479"},"modified":"2021-04-14T13:48:35","modified_gmt":"2021-04-14T13:48:35","slug":"podemos-pide-que-la-privatizacion-de-la-jardineria-sea-solo-transitoria","status":"publish","type":"post","link":"https:\/\/www.cuencasmineras.com\/index.php\/2021\/04\/14\/podemos-pide-que-la-privatizacion-de-la-jardineria-sea-solo-transitoria\/","title":{"rendered":"Podemos pide que la privatizaci\u00f3n de la jardiner\u00eda sea solo \u201ctransitoria\u201d"},"content":{"rendered":"<p style=\"text-align: justify;\">Podemos Mieres est\u00e1 \u201ctotalmente en desacuerdo\u201d con la medida tomada por el Ayuntamiento de Mieres de externalizar los servicios de limpieza y jardiner\u00eda: \u201cEs fundamental defender de forma clara y contundente los servicios p\u00fablicos y de calidad, y es por ello que exigimos al Ayuntamiento Mieres que cualquier medida que tome para resolver el problema sea a corto plazo y lo haga de forma transitoria\u201d. La formaci\u00f3n morada pide \u201cun compromiso expl\u00edcito para la recuperaci\u00f3n de las plazas p\u00fablicas en el menor tiempo posible, iniciando de forma inmediata el proceso correspondiente para la recuperaci\u00f3n del servicio p\u00fablico dot\u00e1ndolo de los recursos humanos y materiales que garanticen la calidad del servicio\u201d .<\/p>\n<p><img loading=\"lazy\" decoding=\"async\" class=\"aligncenter size-full wp-image-2480\" src=\"https:\/\/www.cuencasmineras.com\/wp-content\/uploads\/2021\/04\/UD.-Sin-rozar-cruce-La-Coca-1.jpg\" alt=\"\" width=\"400\" height=\"300\" srcset=\"https:\/\/www.cuencasmineras.com\/wp-content\/uploads\/2021\/04\/UD.-Sin-rozar-cruce-La-Coca-1.jpg 400w, https:\/\/www.cuencasmineras.com\/wp-content\/uploads\/2021\/04\/UD.-Sin-rozar-cruce-La-Coca-1-300x225.jpg 300w\" sizes=\"auto, (max-width: 400px) 100vw, 400px\" \/><\/p>\n<p style=\"text-align: justify;\">El servicio municipal de conservaci\u00f3n de parques y jardines de Mieres ser\u00e1 en breve adjudicado a una empresa privada especializada en el mantenimiento y limpieza de estos espacios verdes. El Ayuntamiento desembolsar\u00e1 alrededor de 600.000 euros anuales para dar cobertura a estas tareas. El gobierno local explic\u00f3 ayer que en estos momentos el Consistorio no est\u00e1n en condiciones de atender las citadas competencias debido, principalmente, a que \u00fanicamente cuenta con tres jardineros en plantilla. Adem\u00e1s, los gestores municipales sostiene que han incorporado al m\u00e1ximo de trabajadores que permite la actual legislaci\u00f3n.<\/p>\n","protected":false},"excerpt":{"rendered":"<p>Podemos Mieres est\u00e1 \u201ctotalmente en desacuerdo\u201d con la medida tomada por el Ayuntamiento de Mieres de externalizar los servicios de limpieza y jardiner\u00eda: \u201cEs fundamental defender de forma clara y contundente los servicios p\u00fablicos y de calidad, y es por ello que exigimos al Ayuntamiento Mieres que cualquier medida que tome para resolver el problema [&hellip;]<\/p>\n","protected":false},"author":1,"featured_media":2480,"comment_status":"open","ping_status":"open","sticky":false,"template":"","format":"standard","meta":{"footnotes":""},"categories":[7,6],"tags":[],"class_list":["post-2479","post","type-post","status-publish","format-standard","has-post-thumbnail","hentry","category-caudal","category-noticias"],"yoast_head":"<!-- This site is optimized with the Yoast SEO plugin v27.4 - https:\/\/yoast.com\/product\/yoast-seo-wordpress\/ -->\n<title>Podemos pide que la privatizaci\u00f3n de la jardiner\u00eda sea solo \u201ctransitoria\u201d - cm news<\/title>\n<meta name=\"description\" content=\"La formaci\u00f3n pol\u00edtica reclama al gobierno local un compromiso para recuperar el empleo p\u00fablico perdido en estos \u00faltimos a\u00f1os\" \/>\n<meta name=\"robots\" content=\"index, follow, max-snippet:-1, max-image-preview:large, max-video-preview:-1\" \/>\n<link rel=\"canonical\" href=\"https:\/\/www.cuencasmineras.com\/index.php\/2021\/04\/14\/podemos-pide-que-la-privatizacion-de-la-jardineria-sea-solo-transitoria\/\" \/>\n<meta property=\"og:locale\" content=\"es_ES\" \/>\n<meta property=\"og:type\" content=\"article\" \/>\n<meta property=\"og:title\" content=\"Podemos pide que la privatizaci\u00f3n de la jardiner\u00eda sea solo \u201ctransitoria\u201d - cm news\" \/>\n<meta property=\"og:description\" content=\"La formaci\u00f3n pol\u00edtica reclama al gobierno local un compromiso para recuperar el empleo p\u00fablico perdido en estos \u00faltimos a\u00f1os\" \/>\n<meta property=\"og:url\" content=\"https:\/\/www.cuencasmineras.com\/index.php\/2021\/04\/14\/podemos-pide-que-la-privatizacion-de-la-jardineria-sea-solo-transitoria\/\" \/>\n<meta property=\"article:published_time\" content=\"2021-04-14T13:48:35+00:00\" \/>\n<meta property=\"og:image\" content=\"https:\/\/www.cuencasmineras.com\/wp-content\/uploads\/2021\/04\/UD.-Sin-rozar-cruce-La-Coca-1.jpg\" \/>\n\t<meta property=\"og:image:width\" content=\"400\" \/>\n\t<meta property=\"og:image:height\" content=\"300\" \/>\n\t<meta property=\"og:image:type\" content=\"image\/jpeg\" \/>\n<meta name=\"author\" content=\"admin\" \/>\n<meta name=\"twitter:card\" content=\"summary_large_image\" \/>\n<meta name=\"twitter:label1\" content=\"Escrito por\" \/>\n\t<meta name=\"twitter:data1\" content=\"admin\" \/>\n\t<meta name=\"twitter:label2\" content=\"Tiempo de lectura\" \/>\n\t<meta name=\"twitter:data2\" content=\"2 minutos\" \/>\n<script type=\"application\/ld+json\" class=\"yoast-schema-graph\">{\"@context\":\"https:\\\/\\\/schema.org\",\"@graph\":[{\"@type\":\"Article\",\"@id\":\"https:\\\/\\\/www.cuencasmineras.com\\\/index.php\\\/2021\\\/04\\\/14\\\/podemos-pide-que-la-privatizacion-de-la-jardineria-sea-solo-transitoria\\\/#article\",\"isPartOf\":{\"@id\":\"https:\\\/\\\/www.cuencasmineras.com\\\/index.php\\\/2021\\\/04\\\/14\\\/podemos-pide-que-la-privatizacion-de-la-jardineria-sea-solo-transitoria\\\/\"},\"author\":{\"name\":\"admin\",\"@id\":\"https:\\\/\\\/www.cuencasmineras.com\\\/#\\\/schema\\\/person\\\/be0691310e8496ec555f679dd688420c\"},\"headline\":\"Podemos pide que la privatizaci\u00f3n de la jardiner\u00eda sea solo \u201ctransitoria\u201d\",\"datePublished\":\"2021-04-14T13:48:35+00:00\",\"mainEntityOfPage\":{\"@id\":\"https:\\\/\\\/www.cuencasmineras.com\\\/index.php\\\/2021\\\/04\\\/14\\\/podemos-pide-que-la-privatizacion-de-la-jardineria-sea-solo-transitoria\\\/\"},\"wordCount\":227,\"commentCount\":0,\"image\":{\"@id\":\"https:\\\/\\\/www.cuencasmineras.com\\\/index.php\\\/2021\\\/04\\\/14\\\/podemos-pide-que-la-privatizacion-de-la-jardineria-sea-solo-transitoria\\\/#primaryimage\"},\"thumbnailUrl\":\"https:\\\/\\\/www.cuencasmineras.com\\\/wp-content\\\/uploads\\\/2021\\\/04\\\/UD.-Sin-rozar-cruce-La-Coca-1.jpg\",\"articleSection\":[\"Caudal\",\"CM NEWS\"],\"inLanguage\":\"es\",\"potentialAction\":[{\"@type\":\"CommentAction\",\"name\":\"Comment\",\"target\":[\"https:\\\/\\\/www.cuencasmineras.com\\\/index.php\\\/2021\\\/04\\\/14\\\/podemos-pide-que-la-privatizacion-de-la-jardineria-sea-solo-transitoria\\\/#respond\"]}]},{\"@type\":\"WebPage\",\"@id\":\"https:\\\/\\\/www.cuencasmineras.com\\\/index.php\\\/2021\\\/04\\\/14\\\/podemos-pide-que-la-privatizacion-de-la-jardineria-sea-solo-transitoria\\\/\",\"url\":\"https:\\\/\\\/www.cuencasmineras.com\\\/index.php\\\/2021\\\/04\\\/14\\\/podemos-pide-que-la-privatizacion-de-la-jardineria-sea-solo-transitoria\\\/\",\"name\":\"Podemos pide que la privatizaci\u00f3n de la jardiner\u00eda sea solo \u201ctransitoria\u201d - cm news\",\"isPartOf\":{\"@id\":\"https:\\\/\\\/www.cuencasmineras.com\\\/#website\"},\"primaryImageOfPage\":{\"@id\":\"https:\\\/\\\/www.cuencasmineras.com\\\/index.php\\\/2021\\\/04\\\/14\\\/podemos-pide-que-la-privatizacion-de-la-jardineria-sea-solo-transitoria\\\/#primaryimage\"},\"image\":{\"@id\":\"https:\\\/\\\/www.cuencasmineras.com\\\/index.php\\\/2021\\\/04\\\/14\\\/podemos-pide-que-la-privatizacion-de-la-jardineria-sea-solo-transitoria\\\/#primaryimage\"},\"thumbnailUrl\":\"https:\\\/\\\/www.cuencasmineras.com\\\/wp-content\\\/uploads\\\/2021\\\/04\\\/UD.-Sin-rozar-cruce-La-Coca-1.jpg\",\"datePublished\":\"2021-04-14T13:48:35+00:00\",\"author\":{\"@id\":\"https:\\\/\\\/www.cuencasmineras.com\\\/#\\\/schema\\\/person\\\/be0691310e8496ec555f679dd688420c\"},\"description\":\"La formaci\u00f3n pol\u00edtica reclama al gobierno local un compromiso para recuperar el empleo p\u00fablico perdido en estos \u00faltimos a\u00f1os\",\"breadcrumb\":{\"@id\":\"https:\\\/\\\/www.cuencasmineras.com\\\/index.php\\\/2021\\\/04\\\/14\\\/podemos-pide-que-la-privatizacion-de-la-jardineria-sea-solo-transitoria\\\/#breadcrumb\"},\"inLanguage\":\"es\",\"potentialAction\":[{\"@type\":\"ReadAction\",\"target\":[\"https:\\\/\\\/www.cuencasmineras.com\\\/index.php\\\/2021\\\/04\\\/14\\\/podemos-pide-que-la-privatizacion-de-la-jardineria-sea-solo-transitoria\\\/\"]}]},{\"@type\":\"ImageObject\",\"inLanguage\":\"es\",\"@id\":\"https:\\\/\\\/www.cuencasmineras.com\\\/index.php\\\/2021\\\/04\\\/14\\\/podemos-pide-que-la-privatizacion-de-la-jardineria-sea-solo-transitoria\\\/#primaryimage\",\"url\":\"https:\\\/\\\/www.cuencasmineras.com\\\/wp-content\\\/uploads\\\/2021\\\/04\\\/UD.-Sin-rozar-cruce-La-Coca-1.jpg\",\"contentUrl\":\"https:\\\/\\\/www.cuencasmineras.com\\\/wp-content\\\/uploads\\\/2021\\\/04\\\/UD.-Sin-rozar-cruce-La-Coca-1.jpg\",\"width\":400,\"height\":300},{\"@type\":\"BreadcrumbList\",\"@id\":\"https:\\\/\\\/www.cuencasmineras.com\\\/index.php\\\/2021\\\/04\\\/14\\\/podemos-pide-que-la-privatizacion-de-la-jardineria-sea-solo-transitoria\\\/#breadcrumb\",\"itemListElement\":[{\"@type\":\"ListItem\",\"position\":1,\"name\":\"Portada\",\"item\":\"https:\\\/\\\/www.cuencasmineras.com\\\/\"},{\"@type\":\"ListItem\",\"position\":2,\"name\":\"Podemos pide que la privatizaci\u00f3n de la jardiner\u00eda sea solo \u201ctransitoria\u201d\"}]},{\"@type\":\"WebSite\",\"@id\":\"https:\\\/\\\/www.cuencasmineras.com\\\/#website\",\"url\":\"https:\\\/\\\/www.cuencasmineras.com\\\/\",\"name\":\"\",\"description\":\"\",\"potentialAction\":[{\"@type\":\"SearchAction\",\"target\":{\"@type\":\"EntryPoint\",\"urlTemplate\":\"https:\\\/\\\/www.cuencasmineras.com\\\/?s={search_term_string}\"},\"query-input\":{\"@type\":\"PropertyValueSpecification\",\"valueRequired\":true,\"valueName\":\"search_term_string\"}}],\"inLanguage\":\"es\"},{\"@type\":\"Person\",\"@id\":\"https:\\\/\\\/www.cuencasmineras.com\\\/#\\\/schema\\\/person\\\/be0691310e8496ec555f679dd688420c\",\"name\":\"admin\",\"image\":{\"@type\":\"ImageObject\",\"inLanguage\":\"es\",\"@id\":\"https:\\\/\\\/secure.gravatar.com\\\/avatar\\\/4afd2eed3b2fbbf36dd6707b5bd8a5b50ac648f033e36fbf85aeace2f0f859db?s=96&d=mm&r=g\",\"url\":\"https:\\\/\\\/secure.gravatar.com\\\/avatar\\\/4afd2eed3b2fbbf36dd6707b5bd8a5b50ac648f033e36fbf85aeace2f0f859db?s=96&d=mm&r=g\",\"contentUrl\":\"https:\\\/\\\/secure.gravatar.com\\\/avatar\\\/4afd2eed3b2fbbf36dd6707b5bd8a5b50ac648f033e36fbf85aeace2f0f859db?s=96&d=mm&r=g\",\"caption\":\"admin\"},\"sameAs\":[\"https:\\\/\\\/www.cuencasmineras.com\"],\"url\":\"https:\\\/\\\/www.cuencasmineras.com\\\/index.php\\\/author\\\/admin\\\/\"}]}<\/script>\n<!-- \/ Yoast SEO plugin. -->","yoast_head_json":{"title":"Podemos pide que la privatizaci\u00f3n de la jardiner\u00eda sea solo \u201ctransitoria\u201d - cm news","description":"La formaci\u00f3n pol\u00edtica reclama al gobierno local un compromiso para recuperar el empleo p\u00fablico perdido en estos \u00faltimos a\u00f1os","robots":{"index":"index","follow":"follow","max-snippet":"max-snippet:-1","max-image-preview":"max-image-preview:large","max-video-preview":"max-video-preview:-1"},"canonical":"https:\/\/www.cuencasmineras.com\/index.php\/2021\/04\/14\/podemos-pide-que-la-privatizacion-de-la-jardineria-sea-solo-transitoria\/","og_locale":"es_ES","og_type":"article","og_title":"Podemos pide que la privatizaci\u00f3n de la jardiner\u00eda sea solo \u201ctransitoria\u201d - cm news","og_description":"La formaci\u00f3n pol\u00edtica reclama al gobierno local un compromiso para recuperar el empleo p\u00fablico perdido en estos \u00faltimos a\u00f1os","og_url":"https:\/\/www.cuencasmineras.com\/index.php\/2021\/04\/14\/podemos-pide-que-la-privatizacion-de-la-jardineria-sea-solo-transitoria\/","article_published_time":"2021-04-14T13:48:35+00:00","og_image":[{"width":400,"height":300,"url":"https:\/\/www.cuencasmineras.com\/wp-content\/uploads\/2021\/04\/UD.-Sin-rozar-cruce-La-Coca-1.jpg","type":"image\/jpeg"}],"author":"admin","twitter_card":"summary_large_image","twitter_misc":{"Escrito por":"admin","Tiempo de lectura":"2 minutos"},"schema":{"@context":"https:\/\/schema.org","@graph":[{"@type":"Article","@id":"https:\/\/www.cuencasmineras.com\/index.php\/2021\/04\/14\/podemos-pide-que-la-privatizacion-de-la-jardineria-sea-solo-transitoria\/#article","isPartOf":{"@id":"https:\/\/www.cuencasmineras.com\/index.php\/2021\/04\/14\/podemos-pide-que-la-privatizacion-de-la-jardineria-sea-solo-transitoria\/"},"author":{"name":"admin","@id":"https:\/\/www.cuencasmineras.com\/#\/schema\/person\/be0691310e8496ec555f679dd688420c"},"headline":"Podemos pide que la privatizaci\u00f3n de la jardiner\u00eda sea solo \u201ctransitoria\u201d","datePublished":"2021-04-14T13:48:35+00:00","mainEntityOfPage":{"@id":"https:\/\/www.cuencasmineras.com\/index.php\/2021\/04\/14\/podemos-pide-que-la-privatizacion-de-la-jardineria-sea-solo-transitoria\/"},"wordCount":227,"commentCount":0,"image":{"@id":"https:\/\/www.cuencasmineras.com\/index.php\/2021\/04\/14\/podemos-pide-que-la-privatizacion-de-la-jardineria-sea-solo-transitoria\/#primaryimage"},"thumbnailUrl":"https:\/\/www.cuencasmineras.com\/wp-content\/uploads\/2021\/04\/UD.-Sin-rozar-cruce-La-Coca-1.jpg","articleSection":["Caudal","CM NEWS"],"inLanguage":"es","potentialAction":[{"@type":"CommentAction","name":"Comment","target":["https:\/\/www.cuencasmineras.com\/index.php\/2021\/04\/14\/podemos-pide-que-la-privatizacion-de-la-jardineria-sea-solo-transitoria\/#respond"]}]},{"@type":"WebPage","@id":"https:\/\/www.cuencasmineras.com\/index.php\/2021\/04\/14\/podemos-pide-que-la-privatizacion-de-la-jardineria-sea-solo-transitoria\/","url":"https:\/\/www.cuencasmineras.com\/index.php\/2021\/04\/14\/podemos-pide-que-la-privatizacion-de-la-jardineria-sea-solo-transitoria\/","name":"Podemos pide que la privatizaci\u00f3n de la jardiner\u00eda sea solo \u201ctransitoria\u201d - cm news","isPartOf":{"@id":"https:\/\/www.cuencasmineras.com\/#website"},"primaryImageOfPage":{"@id":"https:\/\/www.cuencasmineras.com\/index.php\/2021\/04\/14\/podemos-pide-que-la-privatizacion-de-la-jardineria-sea-solo-transitoria\/#primaryimage"},"image":{"@id":"https:\/\/www.cuencasmineras.com\/index.php\/2021\/04\/14\/podemos-pide-que-la-privatizacion-de-la-jardineria-sea-solo-transitoria\/#primaryimage"},"thumbnailUrl":"https:\/\/www.cuencasmineras.com\/wp-content\/uploads\/2021\/04\/UD.-Sin-rozar-cruce-La-Coca-1.jpg","datePublished":"2021-04-14T13:48:35+00:00","author":{"@id":"https:\/\/www.cuencasmineras.com\/#\/schema\/person\/be0691310e8496ec555f679dd688420c"},"description":"La formaci\u00f3n pol\u00edtica reclama al gobierno local un compromiso para recuperar el empleo p\u00fablico perdido en estos \u00faltimos a\u00f1os","breadcrumb":{"@id":"https:\/\/www.cuencasmineras.com\/index.php\/2021\/04\/14\/podemos-pide-que-la-privatizacion-de-la-jardineria-sea-solo-transitoria\/#breadcrumb"},"inLanguage":"es","potentialAction":[{"@type":"ReadAction","target":["https:\/\/www.cuencasmineras.com\/index.php\/2021\/04\/14\/podemos-pide-que-la-privatizacion-de-la-jardineria-sea-solo-transitoria\/"]}]},{"@type":"ImageObject","inLanguage":"es","@id":"https:\/\/www.cuencasmineras.com\/index.php\/2021\/04\/14\/podemos-pide-que-la-privatizacion-de-la-jardineria-sea-solo-transitoria\/#primaryimage","url":"https:\/\/www.cuencasmineras.com\/wp-content\/uploads\/2021\/04\/UD.-Sin-rozar-cruce-La-Coca-1.jpg","contentUrl":"https:\/\/www.cuencasmineras.com\/wp-content\/uploads\/2021\/04\/UD.-Sin-rozar-cruce-La-Coca-1.jpg","width":400,"height":300},{"@type":"BreadcrumbList","@id":"https:\/\/www.cuencasmineras.com\/index.php\/2021\/04\/14\/podemos-pide-que-la-privatizacion-de-la-jardineria-sea-solo-transitoria\/#breadcrumb","itemListElement":[{"@type":"ListItem","position":1,"name":"Portada","item":"https:\/\/www.cuencasmineras.com\/"},{"@type":"ListItem","position":2,"name":"Podemos pide que la privatizaci\u00f3n de la jardiner\u00eda sea solo \u201ctransitoria\u201d"}]},{"@type":"WebSite","@id":"https:\/\/www.cuencasmineras.com\/#website","url":"https:\/\/www.cuencasmineras.com\/","name":"","description":"","potentialAction":[{"@type":"SearchAction","target":{"@type":"EntryPoint","urlTemplate":"https:\/\/www.cuencasmineras.com\/?s={search_term_string}"},"query-input":{"@type":"PropertyValueSpecification","valueRequired":true,"valueName":"search_term_string"}}],"inLanguage":"es"},{"@type":"Person","@id":"https:\/\/www.cuencasmineras.com\/#\/schema\/person\/be0691310e8496ec555f679dd688420c","name":"admin","image":{"@type":"ImageObject","inLanguage":"es","@id":"https:\/\/secure.gravatar.com\/avatar\/4afd2eed3b2fbbf36dd6707b5bd8a5b50ac648f033e36fbf85aeace2f0f859db?s=96&d=mm&r=g","url":"https:\/\/secure.gravatar.com\/avatar\/4afd2eed3b2fbbf36dd6707b5bd8a5b50ac648f033e36fbf85aeace2f0f859db?s=96&d=mm&r=g","contentUrl":"https:\/\/secure.gravatar.com\/avatar\/4afd2eed3b2fbbf36dd6707b5bd8a5b50ac648f033e36fbf85aeace2f0f859db?s=96&d=mm&r=g","caption":"admin"},"sameAs":["https:\/\/www.cuencasmineras.com"],"url":"https:\/\/www.cuencasmineras.com\/index.php\/author\/admin\/"}]}},"_links":{"self":[{"href":"https:\/\/www.cuencasmineras.com\/index.php\/wp-json\/wp\/v2\/posts\/2479","targetHints":{"allow":["GET"]}}],"collection":[{"href":"https:\/\/www.cuencasmineras.com\/index.php\/wp-json\/wp\/v2\/posts"}],"about":[{"href":"https:\/\/www.cuencasmineras.com\/index.php\/wp-json\/wp\/v2\/types\/post"}],"author":[{"embeddable":true,"href":"https:\/\/www.cuencasmineras.com\/index.php\/wp-json\/wp\/v2\/users\/1"}],"replies":[{"embeddable":true,"href":"https:\/\/www.cuencasmineras.com\/index.php\/wp-json\/wp\/v2\/comments?post=2479"}],"version-history":[{"count":1,"href":"https:\/\/www.cuencasmineras.com\/index.php\/wp-json\/wp\/v2\/posts\/2479\/revisions"}],"predecessor-version":[{"id":2481,"href":"https:\/\/www.cuencasmineras.com\/index.php\/wp-json\/wp\/v2\/posts\/2479\/revisions\/2481"}],"wp:featuredmedia":[{"embeddable":true,"href":"https:\/\/www.cuencasmineras.com\/index.php\/wp-json\/wp\/v2\/media\/2480"}],"wp:attachment":[{"href":"https:\/\/www.cuencasmineras.com\/index.php\/wp-json\/wp\/v2\/media?parent=2479"}],"wp:term":[{"taxonomy":"category","embeddable":true,"href":"https:\/\/www.cuencasmineras.com\/index.php\/wp-json\/wp\/v2\/categories?post=2479"},{"taxonomy":"post_tag","embeddable":true,"href":"https:\/\/www.cuencasmineras.com\/index.php\/wp-json\/wp\/v2\/tags?post=2479"}],"curies":[{"name":"wp","href":"https:\/\/api.w.org\/{rel}","templated":true}]}}