{"id":2527,"date":"2021-04-30T18:31:23","date_gmt":"2021-04-30T18:31:23","guid":{"rendered":"https:\/\/www.cuencasmineras.com\/?p=2527"},"modified":"2021-04-30T18:31:23","modified_gmt":"2021-04-30T18:31:23","slug":"el-palacio-de-las-nieves-reabre-sus-puertas-tras-mas-de-tres-meses-cerrado","status":"publish","type":"post","link":"https:\/\/www.cuencasmineras.com\/index.php\/2021\/04\/30\/el-palacio-de-las-nieves-reabre-sus-puertas-tras-mas-de-tres-meses-cerrado\/","title":{"rendered":"EL PALACIO DE LAS NIEVES REABRE SUS PUERTAS TRAS M\u00c1S DE TRES MESES CERRADO"},"content":{"rendered":"<p style=\"text-align: justify;\"><strong>La Felguera 28.04.2021<\/strong>.- El grupo Arcea Hoteles comunica la reapertura de El Palacio de las Nieves (Langreo) el pr\u00f3ximo viernes 30 de abril. El complejo hostelero reabre sus puertas m\u00e1s de tres meses despu\u00e9s de su cierre el 18 de enero, motivado en su momento por la evoluci\u00f3n de la pandemia en Asturias y las restricciones sociales aplicadas en Langreo. Este fin de semana el restaurante ofrecer\u00e1 men\u00fas especiales con motivo de su apertura y del D\u00eda de la Madre, en horario de 13:00 a 23:00 horas de manera ininterrumpida.<\/p>\n<table style=\"height: 34px;\" width=\"94\">\n<tbody>\n<tr>\n<td>&nbsp;<\/td>\n<\/tr>\n<\/tbody>\n<\/table>\n<p style=\"text-align: justify;\">El Palacio de las Nieves reabre con la intenci\u00f3n de poder ofertar a sus clientes, no solo el servicio de comidas y cenas de lunes a domingo, sino la celebraci\u00f3n de eventos. Sus cuatro salones con capacidad para m\u00e1s de 800 personas le permiten poder celebrar cualquier tipo de jornada de manera segura. A d\u00eda de hoy cuenta con doce empleados, y est\u00e1 prevista una contrataci\u00f3n progresiva de personal en los pr\u00f3ximos meses. Adem\u00e1s, Arcea Hoteles reactivar\u00e1 su apuesta por los productos locales, en beneficio de los proveedores del Valle del Nal\u00f3n.<\/p>\n<p style=\"text-align: justify;\">El restaurante dispone de todas las medidas de higiene reglamentarias en relaci\u00f3n a la COVID-19. El compromiso por parte del grupo Arcea con la salud de sus clientes y trabajadores es absoluto, por ello se han implantado todas las medidas de seguridad necesarias en cocina, salones y terraza.<\/p>\n<p style=\"text-align: justify;\">Para Arcea Hoteles se trata de una apuesta decidida por recuperar este majestuoso edificio representativo de la arquitectura modernista asturiana, y contribuir al turismo industrial. Su ubicaci\u00f3n en pleno Valle del Nal\u00f3n permite disfrutar de dos Asturias bien diferenciadas: la verde y la minera, ambas tan caracter\u00edsticas de nuestra regi\u00f3n. Su pr\u00f3ximo objetivo dentro del complejo ser\u00e1 abrir su hotel boutique, el cual contar\u00e1 con 17 habitaciones, restaurante propio, spa, gimnasio, biblioteca y zona ajardinada.<\/p>\n<p style=\"text-align: justify;\"><strong><em>GRUPO ARCEA<\/em><\/strong><\/p>\n<p style=\"text-align: justify;\">Arcea Hoteles es la primera cadena hotelera de origen y capital asturiano con una oferta de m\u00e1s 650 habitaciones y 1.300 plazas en 22 hoteles ubicados en Asturias \u2013 donde es l\u00edder en cuanto a n\u00famero de plazas y establecimientos \u2013, Cantabria, Galicia y C\u00e1ceres. El grupo, nacido en 2004, est\u00e1 liderado por Felipe Sordo y Ant\u00f3n Puente, ambos empresarios de referencia del sector hotelero en el Principado.<\/p>\n","protected":false},"excerpt":{"rendered":"<p>La Felguera 28.04.2021.- El grupo Arcea Hoteles comunica la reapertura de El Palacio de las Nieves (Langreo) el pr\u00f3ximo viernes 30 de abril. El complejo hostelero reabre sus puertas m\u00e1s de tres meses despu\u00e9s de su cierre el 18 de enero, motivado en su momento por la evoluci\u00f3n de la pandemia en Asturias y las [&hellip;]<\/p>\n","protected":false},"author":1,"featured_media":2529,"comment_status":"open","ping_status":"open","sticky":false,"template":"","format":"standard","meta":{"footnotes":""},"categories":[6,8],"tags":[],"class_list":["post-2527","post","type-post","status-publish","format-standard","has-post-thumbnail","hentry","category-noticias","category-nalon"],"yoast_head":"<!-- This site is optimized with the Yoast SEO plugin v27.4 - https:\/\/yoast.com\/product\/yoast-seo-wordpress\/ -->\n<title>EL PALACIO DE LAS NIEVES REABRE SUS PUERTAS TRAS M\u00c1S DE TRES MESES CERRADO<\/title>\n<meta name=\"robots\" content=\"index, follow, max-snippet:-1, max-image-preview:large, max-video-preview:-1\" \/>\n<link rel=\"canonical\" href=\"https:\/\/www.cuencasmineras.com\/index.php\/2021\/04\/30\/el-palacio-de-las-nieves-reabre-sus-puertas-tras-mas-de-tres-meses-cerrado\/\" \/>\n<meta property=\"og:locale\" content=\"es_ES\" \/>\n<meta property=\"og:type\" content=\"article\" \/>\n<meta property=\"og:title\" content=\"EL PALACIO DE LAS NIEVES REABRE SUS PUERTAS TRAS M\u00c1S DE TRES MESES CERRADO\" \/>\n<meta property=\"og:description\" content=\"La Felguera 28.04.2021.- El grupo Arcea Hoteles comunica la reapertura de El Palacio de las Nieves (Langreo) el pr\u00f3ximo viernes 30 de abril. El complejo hostelero reabre sus puertas m\u00e1s de tres meses despu\u00e9s de su cierre el 18 de enero, motivado en su momento por la evoluci\u00f3n de la pandemia en Asturias y las [&hellip;]\" \/>\n<meta property=\"og:url\" content=\"https:\/\/www.cuencasmineras.com\/index.php\/2021\/04\/30\/el-palacio-de-las-nieves-reabre-sus-puertas-tras-mas-de-tres-meses-cerrado\/\" \/>\n<meta property=\"article:published_time\" content=\"2021-04-30T18:31:23+00:00\" \/>\n<meta property=\"og:image\" content=\"https:\/\/www.cuencasmineras.com\/wp-content\/uploads\/2021\/04\/indice-1.jpg\" \/>\n\t<meta property=\"og:image:width\" content=\"300\" \/>\n\t<meta property=\"og:image:height\" content=\"168\" \/>\n\t<meta property=\"og:image:type\" content=\"image\/jpeg\" \/>\n<meta name=\"author\" content=\"admin\" \/>\n<meta name=\"twitter:card\" content=\"summary_large_image\" \/>\n<meta name=\"twitter:label1\" content=\"Escrito por\" \/>\n\t<meta name=\"twitter:data1\" content=\"admin\" \/>\n\t<meta name=\"twitter:label2\" content=\"Tiempo de lectura\" \/>\n\t<meta name=\"twitter:data2\" content=\"2 minutos\" \/>\n<script type=\"application\/ld+json\" class=\"yoast-schema-graph\">{\"@context\":\"https:\\\/\\\/schema.org\",\"@graph\":[{\"@type\":\"Article\",\"@id\":\"https:\\\/\\\/www.cuencasmineras.com\\\/index.php\\\/2021\\\/04\\\/30\\\/el-palacio-de-las-nieves-reabre-sus-puertas-tras-mas-de-tres-meses-cerrado\\\/#article\",\"isPartOf\":{\"@id\":\"https:\\\/\\\/www.cuencasmineras.com\\\/index.php\\\/2021\\\/04\\\/30\\\/el-palacio-de-las-nieves-reabre-sus-puertas-tras-mas-de-tres-meses-cerrado\\\/\"},\"author\":{\"name\":\"admin\",\"@id\":\"https:\\\/\\\/www.cuencasmineras.com\\\/#\\\/schema\\\/person\\\/be0691310e8496ec555f679dd688420c\"},\"headline\":\"EL PALACIO DE LAS NIEVES REABRE SUS PUERTAS TRAS M\u00c1S DE TRES MESES CERRADO\",\"datePublished\":\"2021-04-30T18:31:23+00:00\",\"mainEntityOfPage\":{\"@id\":\"https:\\\/\\\/www.cuencasmineras.com\\\/index.php\\\/2021\\\/04\\\/30\\\/el-palacio-de-las-nieves-reabre-sus-puertas-tras-mas-de-tres-meses-cerrado\\\/\"},\"wordCount\":404,\"commentCount\":0,\"image\":{\"@id\":\"https:\\\/\\\/www.cuencasmineras.com\\\/index.php\\\/2021\\\/04\\\/30\\\/el-palacio-de-las-nieves-reabre-sus-puertas-tras-mas-de-tres-meses-cerrado\\\/#primaryimage\"},\"thumbnailUrl\":\"https:\\\/\\\/www.cuencasmineras.com\\\/wp-content\\\/uploads\\\/2021\\\/04\\\/indice-1.jpg\",\"articleSection\":[\"CM NEWS\",\"Nal\u00f3n\"],\"inLanguage\":\"es\",\"potentialAction\":[{\"@type\":\"CommentAction\",\"name\":\"Comment\",\"target\":[\"https:\\\/\\\/www.cuencasmineras.com\\\/index.php\\\/2021\\\/04\\\/30\\\/el-palacio-de-las-nieves-reabre-sus-puertas-tras-mas-de-tres-meses-cerrado\\\/#respond\"]}]},{\"@type\":\"WebPage\",\"@id\":\"https:\\\/\\\/www.cuencasmineras.com\\\/index.php\\\/2021\\\/04\\\/30\\\/el-palacio-de-las-nieves-reabre-sus-puertas-tras-mas-de-tres-meses-cerrado\\\/\",\"url\":\"https:\\\/\\\/www.cuencasmineras.com\\\/index.php\\\/2021\\\/04\\\/30\\\/el-palacio-de-las-nieves-reabre-sus-puertas-tras-mas-de-tres-meses-cerrado\\\/\",\"name\":\"EL PALACIO DE LAS NIEVES REABRE SUS PUERTAS TRAS M\u00c1S DE TRES MESES CERRADO\",\"isPartOf\":{\"@id\":\"https:\\\/\\\/www.cuencasmineras.com\\\/#website\"},\"primaryImageOfPage\":{\"@id\":\"https:\\\/\\\/www.cuencasmineras.com\\\/index.php\\\/2021\\\/04\\\/30\\\/el-palacio-de-las-nieves-reabre-sus-puertas-tras-mas-de-tres-meses-cerrado\\\/#primaryimage\"},\"image\":{\"@id\":\"https:\\\/\\\/www.cuencasmineras.com\\\/index.php\\\/2021\\\/04\\\/30\\\/el-palacio-de-las-nieves-reabre-sus-puertas-tras-mas-de-tres-meses-cerrado\\\/#primaryimage\"},\"thumbnailUrl\":\"https:\\\/\\\/www.cuencasmineras.com\\\/wp-content\\\/uploads\\\/2021\\\/04\\\/indice-1.jpg\",\"datePublished\":\"2021-04-30T18:31:23+00:00\",\"author\":{\"@id\":\"https:\\\/\\\/www.cuencasmineras.com\\\/#\\\/schema\\\/person\\\/be0691310e8496ec555f679dd688420c\"},\"breadcrumb\":{\"@id\":\"https:\\\/\\\/www.cuencasmineras.com\\\/index.php\\\/2021\\\/04\\\/30\\\/el-palacio-de-las-nieves-reabre-sus-puertas-tras-mas-de-tres-meses-cerrado\\\/#breadcrumb\"},\"inLanguage\":\"es\",\"potentialAction\":[{\"@type\":\"ReadAction\",\"target\":[\"https:\\\/\\\/www.cuencasmineras.com\\\/index.php\\\/2021\\\/04\\\/30\\\/el-palacio-de-las-nieves-reabre-sus-puertas-tras-mas-de-tres-meses-cerrado\\\/\"]}]},{\"@type\":\"ImageObject\",\"inLanguage\":\"es\",\"@id\":\"https:\\\/\\\/www.cuencasmineras.com\\\/index.php\\\/2021\\\/04\\\/30\\\/el-palacio-de-las-nieves-reabre-sus-puertas-tras-mas-de-tres-meses-cerrado\\\/#primaryimage\",\"url\":\"https:\\\/\\\/www.cuencasmineras.com\\\/wp-content\\\/uploads\\\/2021\\\/04\\\/indice-1.jpg\",\"contentUrl\":\"https:\\\/\\\/www.cuencasmineras.com\\\/wp-content\\\/uploads\\\/2021\\\/04\\\/indice-1.jpg\",\"width\":300,\"height\":168},{\"@type\":\"BreadcrumbList\",\"@id\":\"https:\\\/\\\/www.cuencasmineras.com\\\/index.php\\\/2021\\\/04\\\/30\\\/el-palacio-de-las-nieves-reabre-sus-puertas-tras-mas-de-tres-meses-cerrado\\\/#breadcrumb\",\"itemListElement\":[{\"@type\":\"ListItem\",\"position\":1,\"name\":\"Portada\",\"item\":\"https:\\\/\\\/www.cuencasmineras.com\\\/\"},{\"@type\":\"ListItem\",\"position\":2,\"name\":\"EL PALACIO DE LAS NIEVES REABRE SUS PUERTAS TRAS M\u00c1S DE TRES MESES CERRADO\"}]},{\"@type\":\"WebSite\",\"@id\":\"https:\\\/\\\/www.cuencasmineras.com\\\/#website\",\"url\":\"https:\\\/\\\/www.cuencasmineras.com\\\/\",\"name\":\"\",\"description\":\"\",\"potentialAction\":[{\"@type\":\"SearchAction\",\"target\":{\"@type\":\"EntryPoint\",\"urlTemplate\":\"https:\\\/\\\/www.cuencasmineras.com\\\/?s={search_term_string}\"},\"query-input\":{\"@type\":\"PropertyValueSpecification\",\"valueRequired\":true,\"valueName\":\"search_term_string\"}}],\"inLanguage\":\"es\"},{\"@type\":\"Person\",\"@id\":\"https:\\\/\\\/www.cuencasmineras.com\\\/#\\\/schema\\\/person\\\/be0691310e8496ec555f679dd688420c\",\"name\":\"admin\",\"image\":{\"@type\":\"ImageObject\",\"inLanguage\":\"es\",\"@id\":\"https:\\\/\\\/secure.gravatar.com\\\/avatar\\\/4afd2eed3b2fbbf36dd6707b5bd8a5b50ac648f033e36fbf85aeace2f0f859db?s=96&d=mm&r=g\",\"url\":\"https:\\\/\\\/secure.gravatar.com\\\/avatar\\\/4afd2eed3b2fbbf36dd6707b5bd8a5b50ac648f033e36fbf85aeace2f0f859db?s=96&d=mm&r=g\",\"contentUrl\":\"https:\\\/\\\/secure.gravatar.com\\\/avatar\\\/4afd2eed3b2fbbf36dd6707b5bd8a5b50ac648f033e36fbf85aeace2f0f859db?s=96&d=mm&r=g\",\"caption\":\"admin\"},\"sameAs\":[\"https:\\\/\\\/www.cuencasmineras.com\"],\"url\":\"https:\\\/\\\/www.cuencasmineras.com\\\/index.php\\\/author\\\/admin\\\/\"}]}<\/script>\n<!-- \/ Yoast SEO plugin. -->","yoast_head_json":{"title":"EL PALACIO DE LAS NIEVES REABRE SUS PUERTAS TRAS M\u00c1S DE TRES MESES CERRADO","robots":{"index":"index","follow":"follow","max-snippet":"max-snippet:-1","max-image-preview":"max-image-preview:large","max-video-preview":"max-video-preview:-1"},"canonical":"https:\/\/www.cuencasmineras.com\/index.php\/2021\/04\/30\/el-palacio-de-las-nieves-reabre-sus-puertas-tras-mas-de-tres-meses-cerrado\/","og_locale":"es_ES","og_type":"article","og_title":"EL PALACIO DE LAS NIEVES REABRE SUS PUERTAS TRAS M\u00c1S DE TRES MESES CERRADO","og_description":"La Felguera 28.04.2021.- El grupo Arcea Hoteles comunica la reapertura de El Palacio de las Nieves (Langreo) el pr\u00f3ximo viernes 30 de abril. El complejo hostelero reabre sus puertas m\u00e1s de tres meses despu\u00e9s de su cierre el 18 de enero, motivado en su momento por la evoluci\u00f3n de la pandemia en Asturias y las [&hellip;]","og_url":"https:\/\/www.cuencasmineras.com\/index.php\/2021\/04\/30\/el-palacio-de-las-nieves-reabre-sus-puertas-tras-mas-de-tres-meses-cerrado\/","article_published_time":"2021-04-30T18:31:23+00:00","og_image":[{"width":300,"height":168,"url":"https:\/\/www.cuencasmineras.com\/wp-content\/uploads\/2021\/04\/indice-1.jpg","type":"image\/jpeg"}],"author":"admin","twitter_card":"summary_large_image","twitter_misc":{"Escrito por":"admin","Tiempo de lectura":"2 minutos"},"schema":{"@context":"https:\/\/schema.org","@graph":[{"@type":"Article","@id":"https:\/\/www.cuencasmineras.com\/index.php\/2021\/04\/30\/el-palacio-de-las-nieves-reabre-sus-puertas-tras-mas-de-tres-meses-cerrado\/#article","isPartOf":{"@id":"https:\/\/www.cuencasmineras.com\/index.php\/2021\/04\/30\/el-palacio-de-las-nieves-reabre-sus-puertas-tras-mas-de-tres-meses-cerrado\/"},"author":{"name":"admin","@id":"https:\/\/www.cuencasmineras.com\/#\/schema\/person\/be0691310e8496ec555f679dd688420c"},"headline":"EL PALACIO DE LAS NIEVES REABRE SUS PUERTAS TRAS M\u00c1S DE TRES MESES CERRADO","datePublished":"2021-04-30T18:31:23+00:00","mainEntityOfPage":{"@id":"https:\/\/www.cuencasmineras.com\/index.php\/2021\/04\/30\/el-palacio-de-las-nieves-reabre-sus-puertas-tras-mas-de-tres-meses-cerrado\/"},"wordCount":404,"commentCount":0,"image":{"@id":"https:\/\/www.cuencasmineras.com\/index.php\/2021\/04\/30\/el-palacio-de-las-nieves-reabre-sus-puertas-tras-mas-de-tres-meses-cerrado\/#primaryimage"},"thumbnailUrl":"https:\/\/www.cuencasmineras.com\/wp-content\/uploads\/2021\/04\/indice-1.jpg","articleSection":["CM NEWS","Nal\u00f3n"],"inLanguage":"es","potentialAction":[{"@type":"CommentAction","name":"Comment","target":["https:\/\/www.cuencasmineras.com\/index.php\/2021\/04\/30\/el-palacio-de-las-nieves-reabre-sus-puertas-tras-mas-de-tres-meses-cerrado\/#respond"]}]},{"@type":"WebPage","@id":"https:\/\/www.cuencasmineras.com\/index.php\/2021\/04\/30\/el-palacio-de-las-nieves-reabre-sus-puertas-tras-mas-de-tres-meses-cerrado\/","url":"https:\/\/www.cuencasmineras.com\/index.php\/2021\/04\/30\/el-palacio-de-las-nieves-reabre-sus-puertas-tras-mas-de-tres-meses-cerrado\/","name":"EL PALACIO DE LAS NIEVES REABRE SUS PUERTAS TRAS M\u00c1S DE TRES MESES CERRADO","isPartOf":{"@id":"https:\/\/www.cuencasmineras.com\/#website"},"primaryImageOfPage":{"@id":"https:\/\/www.cuencasmineras.com\/index.php\/2021\/04\/30\/el-palacio-de-las-nieves-reabre-sus-puertas-tras-mas-de-tres-meses-cerrado\/#primaryimage"},"image":{"@id":"https:\/\/www.cuencasmineras.com\/index.php\/2021\/04\/30\/el-palacio-de-las-nieves-reabre-sus-puertas-tras-mas-de-tres-meses-cerrado\/#primaryimage"},"thumbnailUrl":"https:\/\/www.cuencasmineras.com\/wp-content\/uploads\/2021\/04\/indice-1.jpg","datePublished":"2021-04-30T18:31:23+00:00","author":{"@id":"https:\/\/www.cuencasmineras.com\/#\/schema\/person\/be0691310e8496ec555f679dd688420c"},"breadcrumb":{"@id":"https:\/\/www.cuencasmineras.com\/index.php\/2021\/04\/30\/el-palacio-de-las-nieves-reabre-sus-puertas-tras-mas-de-tres-meses-cerrado\/#breadcrumb"},"inLanguage":"es","potentialAction":[{"@type":"ReadAction","target":["https:\/\/www.cuencasmineras.com\/index.php\/2021\/04\/30\/el-palacio-de-las-nieves-reabre-sus-puertas-tras-mas-de-tres-meses-cerrado\/"]}]},{"@type":"ImageObject","inLanguage":"es","@id":"https:\/\/www.cuencasmineras.com\/index.php\/2021\/04\/30\/el-palacio-de-las-nieves-reabre-sus-puertas-tras-mas-de-tres-meses-cerrado\/#primaryimage","url":"https:\/\/www.cuencasmineras.com\/wp-content\/uploads\/2021\/04\/indice-1.jpg","contentUrl":"https:\/\/www.cuencasmineras.com\/wp-content\/uploads\/2021\/04\/indice-1.jpg","width":300,"height":168},{"@type":"BreadcrumbList","@id":"https:\/\/www.cuencasmineras.com\/index.php\/2021\/04\/30\/el-palacio-de-las-nieves-reabre-sus-puertas-tras-mas-de-tres-meses-cerrado\/#breadcrumb","itemListElement":[{"@type":"ListItem","position":1,"name":"Portada","item":"https:\/\/www.cuencasmineras.com\/"},{"@type":"ListItem","position":2,"name":"EL PALACIO DE LAS NIEVES REABRE SUS PUERTAS TRAS M\u00c1S DE TRES MESES CERRADO"}]},{"@type":"WebSite","@id":"https:\/\/www.cuencasmineras.com\/#website","url":"https:\/\/www.cuencasmineras.com\/","name":"","description":"","potentialAction":[{"@type":"SearchAction","target":{"@type":"EntryPoint","urlTemplate":"https:\/\/www.cuencasmineras.com\/?s={search_term_string}"},"query-input":{"@type":"PropertyValueSpecification","valueRequired":true,"valueName":"search_term_string"}}],"inLanguage":"es"},{"@type":"Person","@id":"https:\/\/www.cuencasmineras.com\/#\/schema\/person\/be0691310e8496ec555f679dd688420c","name":"admin","image":{"@type":"ImageObject","inLanguage":"es","@id":"https:\/\/secure.gravatar.com\/avatar\/4afd2eed3b2fbbf36dd6707b5bd8a5b50ac648f033e36fbf85aeace2f0f859db?s=96&d=mm&r=g","url":"https:\/\/secure.gravatar.com\/avatar\/4afd2eed3b2fbbf36dd6707b5bd8a5b50ac648f033e36fbf85aeace2f0f859db?s=96&d=mm&r=g","contentUrl":"https:\/\/secure.gravatar.com\/avatar\/4afd2eed3b2fbbf36dd6707b5bd8a5b50ac648f033e36fbf85aeace2f0f859db?s=96&d=mm&r=g","caption":"admin"},"sameAs":["https:\/\/www.cuencasmineras.com"],"url":"https:\/\/www.cuencasmineras.com\/index.php\/author\/admin\/"}]}},"_links":{"self":[{"href":"https:\/\/www.cuencasmineras.com\/index.php\/wp-json\/wp\/v2\/posts\/2527","targetHints":{"allow":["GET"]}}],"collection":[{"href":"https:\/\/www.cuencasmineras.com\/index.php\/wp-json\/wp\/v2\/posts"}],"about":[{"href":"https:\/\/www.cuencasmineras.com\/index.php\/wp-json\/wp\/v2\/types\/post"}],"author":[{"embeddable":true,"href":"https:\/\/www.cuencasmineras.com\/index.php\/wp-json\/wp\/v2\/users\/1"}],"replies":[{"embeddable":true,"href":"https:\/\/www.cuencasmineras.com\/index.php\/wp-json\/wp\/v2\/comments?post=2527"}],"version-history":[{"count":1,"href":"https:\/\/www.cuencasmineras.com\/index.php\/wp-json\/wp\/v2\/posts\/2527\/revisions"}],"predecessor-version":[{"id":2530,"href":"https:\/\/www.cuencasmineras.com\/index.php\/wp-json\/wp\/v2\/posts\/2527\/revisions\/2530"}],"wp:featuredmedia":[{"embeddable":true,"href":"https:\/\/www.cuencasmineras.com\/index.php\/wp-json\/wp\/v2\/media\/2529"}],"wp:attachment":[{"href":"https:\/\/www.cuencasmineras.com\/index.php\/wp-json\/wp\/v2\/media?parent=2527"}],"wp:term":[{"taxonomy":"category","embeddable":true,"href":"https:\/\/www.cuencasmineras.com\/index.php\/wp-json\/wp\/v2\/categories?post=2527"},{"taxonomy":"post_tag","embeddable":true,"href":"https:\/\/www.cuencasmineras.com\/index.php\/wp-json\/wp\/v2\/tags?post=2527"}],"curies":[{"name":"wp","href":"https:\/\/api.w.org\/{rel}","templated":true}]}}