{"id":2531,"date":"2021-04-30T18:36:52","date_gmt":"2021-04-30T18:36:52","guid":{"rendered":"https:\/\/www.cuencasmineras.com\/?p=2531"},"modified":"2021-04-30T18:36:52","modified_gmt":"2021-04-30T18:36:52","slug":"grupo-municipal-del-partido-popular-solicita-la-reposicion-de-arboles-cortados","status":"publish","type":"post","link":"https:\/\/www.cuencasmineras.com\/index.php\/2021\/04\/30\/grupo-municipal-del-partido-popular-solicita-la-reposicion-de-arboles-cortados\/","title":{"rendered":"Grupo Municipal del Partido Popular solicita la reposici\u00f3n de \u00e1rboles cortados"},"content":{"rendered":"<p style=\"text-align: justify;\">Ante el estado de abandono de nuestros parques y jardines:<\/p>\n<p style=\"text-align: justify;\"><strong>El Grupo Municipal del Partido Popular solicita la reposici\u00f3n de \u00e1rboles cortados y aumento de la periodicidad en los desbroces y siegas.<\/strong><\/p>\n<ul style=\"text-align: justify;\">\n<li><strong>Son numerosos los \u00e1rboles que, una vez secos o enfermos, se cortan de nuestros jardines y parques y no se reponen. <\/strong><\/li>\n<li><strong>Hacer 2 campa\u00f1as de desbroce al a\u00f1o es algo insuficiente con el clima y el nivel de vegetaci\u00f3n que tenemos en Asturias. <\/strong><\/li>\n<\/ul>\n<p style=\"text-align: justify;\"><strong>\u00a0<\/strong><\/p>\n<p style=\"text-align: justify;\"><strong><u>28, abril 2021.-<\/u><\/strong><\/p>\n<p style=\"text-align: justify;\">El Grupo Municipal Popular <strong>pedir\u00e1 en el pr\u00f3ximo pleno que se repongan los numerosos \u00e1rboles que se cortan<\/strong>.\u00a0 La pol\u00edtica de mantenimiento inexistente y de hacer lo m\u00ednimo indispensable del actual Equipo de Gobierno es algo que esta afectando directamente a nuestros <strong>viales, paseos y zonas verdes<\/strong>. Son numerosos los arboles que por diferentes motivos se han de cortar: enfermedad, se secan o plagas. El problema viene despu\u00e9s, se dejan los tocones y no se reponen los \u00e1rboles, dejando un aspecto de abandono y dejadez, semblante el cual est\u00e1 tomando todo nuestro concejo muy tristemente.<\/p>\n<p style=\"text-align: justify;\">Adem\u00e1s de esta petici\u00f3n, desde el Grupo Municipal tambi\u00e9n <strong>solicitamos que se ampl\u00ede la periodicidad y el n\u00famero de desbroces y siegas que se hacen en nuestro concejo a lo largo del a\u00f1o<\/strong>. Actualmente est\u00e1n establecidas en 2 desbroces anuales, los cuales de todas lo consideramos insuficiente. \u00a0Llevamos ya varios a\u00f1os con un contrato de externalizaci\u00f3n de los servicios de desbroce, <strong>una privatizaci\u00f3n claramente<\/strong>, la cual estable libertad para hacer los cortes, realizando uno en primavera y otro en verano. Todos los vecinos del Concejo podemos observar c\u00f3mo los rastrojos y las malas hierbas invaden nuestro caminos y sendas con una rapidez pasmosa y estos dos cortes, por mucho que se intente alargar en el tiempo, son insuficientes.<\/p>\n<p style=\"text-align: justify;\">Como ya comentamos<strong>, la pol\u00edtica de no hacer mantenimiento y conservaci\u00f3n<\/strong> en nuestras infraestructuras, caminos, parques y jardines emprendida por este Equipo de Gobierno <strong>es un camino peligroso que solo conduce a que nuestro Concejo pierda cada vez m\u00e1s capacidad de recuperarse y reponerse de la crisis<\/strong> demogr\u00e1fica que arrastramos desde hace tantos a\u00f1os. Parece que no esta dentro de las pol\u00edticas establecidas por IU de Mieres el luchar por tener un Concejo bonito y cuidado, donde la poblaci\u00f3n quiera disfrutar de sus calles y espacios verdes y de tal manera poder fijar la poblaci\u00f3n. Tristemente manteniendo esta pol\u00edtica solo nos conducir\u00e1 a mayor p\u00e9rdida de poblaci\u00f3n.<\/p>\n<p style=\"text-align: justify;\">\n<p style=\"text-align: justify;\">Toc\u00f3n de \u00e1rbol en los jardines del ayuntamiento, donde se puede apreciar la falta de mantenimiento de los jardines.<\/p>\n<p>&nbsp;<\/p>\n","protected":false},"excerpt":{"rendered":"<p>Ante el estado de abandono de nuestros parques y jardines: El Grupo Municipal del Partido Popular solicita la reposici\u00f3n de \u00e1rboles cortados y aumento de la periodicidad en los desbroces y siegas. Son numerosos los \u00e1rboles que, una vez secos o enfermos, se cortan de nuestros jardines y parques y no se reponen. Hacer 2 [&hellip;]<\/p>\n","protected":false},"author":1,"featured_media":0,"comment_status":"open","ping_status":"open","sticky":false,"template":"","format":"standard","meta":{"footnotes":""},"categories":[7,6],"tags":[159,31,125],"class_list":["post-2531","post","type-post","status-publish","format-standard","hentry","category-caudal","category-noticias","tag-arboles","tag-mieres","tag-pp-mieres"],"yoast_head":"<!-- This site is optimized with the Yoast SEO plugin v27.4 - https:\/\/yoast.com\/product\/yoast-seo-wordpress\/ -->\n<title>Grupo Municipal del Partido Popular solicita la reposici\u00f3n de \u00e1rboles cortados<\/title>\n<meta name=\"robots\" content=\"index, follow, max-snippet:-1, max-image-preview:large, max-video-preview:-1\" \/>\n<link rel=\"canonical\" href=\"https:\/\/www.cuencasmineras.com\/index.php\/2021\/04\/30\/grupo-municipal-del-partido-popular-solicita-la-reposicion-de-arboles-cortados\/\" \/>\n<meta property=\"og:locale\" content=\"es_ES\" \/>\n<meta property=\"og:type\" content=\"article\" \/>\n<meta property=\"og:title\" content=\"Grupo Municipal del Partido Popular solicita la reposici\u00f3n de \u00e1rboles cortados\" \/>\n<meta property=\"og:description\" content=\"Ante el estado de abandono de nuestros parques y jardines: El Grupo Municipal del Partido Popular solicita la reposici\u00f3n de \u00e1rboles cortados y aumento de la periodicidad en los desbroces y siegas. Son numerosos los \u00e1rboles que, una vez secos o enfermos, se cortan de nuestros jardines y parques y no se reponen. Hacer 2 [&hellip;]\" \/>\n<meta property=\"og:url\" content=\"https:\/\/www.cuencasmineras.com\/index.php\/2021\/04\/30\/grupo-municipal-del-partido-popular-solicita-la-reposicion-de-arboles-cortados\/\" \/>\n<meta property=\"article:published_time\" content=\"2021-04-30T18:36:52+00:00\" \/>\n<meta name=\"author\" content=\"admin\" \/>\n<meta name=\"twitter:card\" content=\"summary_large_image\" \/>\n<meta name=\"twitter:label1\" content=\"Escrito por\" \/>\n\t<meta name=\"twitter:data1\" content=\"admin\" \/>\n\t<meta name=\"twitter:label2\" content=\"Tiempo de lectura\" \/>\n\t<meta name=\"twitter:data2\" content=\"2 minutos\" \/>\n<script type=\"application\/ld+json\" class=\"yoast-schema-graph\">{\"@context\":\"https:\\\/\\\/schema.org\",\"@graph\":[{\"@type\":\"Article\",\"@id\":\"https:\\\/\\\/www.cuencasmineras.com\\\/index.php\\\/2021\\\/04\\\/30\\\/grupo-municipal-del-partido-popular-solicita-la-reposicion-de-arboles-cortados\\\/#article\",\"isPartOf\":{\"@id\":\"https:\\\/\\\/www.cuencasmineras.com\\\/index.php\\\/2021\\\/04\\\/30\\\/grupo-municipal-del-partido-popular-solicita-la-reposicion-de-arboles-cortados\\\/\"},\"author\":{\"name\":\"admin\",\"@id\":\"https:\\\/\\\/www.cuencasmineras.com\\\/#\\\/schema\\\/person\\\/be0691310e8496ec555f679dd688420c\"},\"headline\":\"Grupo Municipal del Partido Popular solicita la reposici\u00f3n de \u00e1rboles cortados\",\"datePublished\":\"2021-04-30T18:36:52+00:00\",\"mainEntityOfPage\":{\"@id\":\"https:\\\/\\\/www.cuencasmineras.com\\\/index.php\\\/2021\\\/04\\\/30\\\/grupo-municipal-del-partido-popular-solicita-la-reposicion-de-arboles-cortados\\\/\"},\"wordCount\":458,\"commentCount\":0,\"keywords\":[\"arboles\",\"mieres\",\"PP MIERES\"],\"articleSection\":[\"Caudal\",\"CM NEWS\"],\"inLanguage\":\"es\",\"potentialAction\":[{\"@type\":\"CommentAction\",\"name\":\"Comment\",\"target\":[\"https:\\\/\\\/www.cuencasmineras.com\\\/index.php\\\/2021\\\/04\\\/30\\\/grupo-municipal-del-partido-popular-solicita-la-reposicion-de-arboles-cortados\\\/#respond\"]}]},{\"@type\":\"WebPage\",\"@id\":\"https:\\\/\\\/www.cuencasmineras.com\\\/index.php\\\/2021\\\/04\\\/30\\\/grupo-municipal-del-partido-popular-solicita-la-reposicion-de-arboles-cortados\\\/\",\"url\":\"https:\\\/\\\/www.cuencasmineras.com\\\/index.php\\\/2021\\\/04\\\/30\\\/grupo-municipal-del-partido-popular-solicita-la-reposicion-de-arboles-cortados\\\/\",\"name\":\"Grupo Municipal del Partido Popular solicita la reposici\u00f3n de \u00e1rboles cortados\",\"isPartOf\":{\"@id\":\"https:\\\/\\\/www.cuencasmineras.com\\\/#website\"},\"datePublished\":\"2021-04-30T18:36:52+00:00\",\"author\":{\"@id\":\"https:\\\/\\\/www.cuencasmineras.com\\\/#\\\/schema\\\/person\\\/be0691310e8496ec555f679dd688420c\"},\"breadcrumb\":{\"@id\":\"https:\\\/\\\/www.cuencasmineras.com\\\/index.php\\\/2021\\\/04\\\/30\\\/grupo-municipal-del-partido-popular-solicita-la-reposicion-de-arboles-cortados\\\/#breadcrumb\"},\"inLanguage\":\"es\",\"potentialAction\":[{\"@type\":\"ReadAction\",\"target\":[\"https:\\\/\\\/www.cuencasmineras.com\\\/index.php\\\/2021\\\/04\\\/30\\\/grupo-municipal-del-partido-popular-solicita-la-reposicion-de-arboles-cortados\\\/\"]}]},{\"@type\":\"BreadcrumbList\",\"@id\":\"https:\\\/\\\/www.cuencasmineras.com\\\/index.php\\\/2021\\\/04\\\/30\\\/grupo-municipal-del-partido-popular-solicita-la-reposicion-de-arboles-cortados\\\/#breadcrumb\",\"itemListElement\":[{\"@type\":\"ListItem\",\"position\":1,\"name\":\"Portada\",\"item\":\"https:\\\/\\\/www.cuencasmineras.com\\\/\"},{\"@type\":\"ListItem\",\"position\":2,\"name\":\"Grupo Municipal del Partido Popular solicita la reposici\u00f3n de \u00e1rboles cortados\"}]},{\"@type\":\"WebSite\",\"@id\":\"https:\\\/\\\/www.cuencasmineras.com\\\/#website\",\"url\":\"https:\\\/\\\/www.cuencasmineras.com\\\/\",\"name\":\"\",\"description\":\"\",\"potentialAction\":[{\"@type\":\"SearchAction\",\"target\":{\"@type\":\"EntryPoint\",\"urlTemplate\":\"https:\\\/\\\/www.cuencasmineras.com\\\/?s={search_term_string}\"},\"query-input\":{\"@type\":\"PropertyValueSpecification\",\"valueRequired\":true,\"valueName\":\"search_term_string\"}}],\"inLanguage\":\"es\"},{\"@type\":\"Person\",\"@id\":\"https:\\\/\\\/www.cuencasmineras.com\\\/#\\\/schema\\\/person\\\/be0691310e8496ec555f679dd688420c\",\"name\":\"admin\",\"image\":{\"@type\":\"ImageObject\",\"inLanguage\":\"es\",\"@id\":\"https:\\\/\\\/secure.gravatar.com\\\/avatar\\\/4afd2eed3b2fbbf36dd6707b5bd8a5b50ac648f033e36fbf85aeace2f0f859db?s=96&d=mm&r=g\",\"url\":\"https:\\\/\\\/secure.gravatar.com\\\/avatar\\\/4afd2eed3b2fbbf36dd6707b5bd8a5b50ac648f033e36fbf85aeace2f0f859db?s=96&d=mm&r=g\",\"contentUrl\":\"https:\\\/\\\/secure.gravatar.com\\\/avatar\\\/4afd2eed3b2fbbf36dd6707b5bd8a5b50ac648f033e36fbf85aeace2f0f859db?s=96&d=mm&r=g\",\"caption\":\"admin\"},\"sameAs\":[\"https:\\\/\\\/www.cuencasmineras.com\"],\"url\":\"https:\\\/\\\/www.cuencasmineras.com\\\/index.php\\\/author\\\/admin\\\/\"}]}<\/script>\n<!-- \/ Yoast SEO plugin. -->","yoast_head_json":{"title":"Grupo Municipal del Partido Popular solicita la reposici\u00f3n de \u00e1rboles cortados","robots":{"index":"index","follow":"follow","max-snippet":"max-snippet:-1","max-image-preview":"max-image-preview:large","max-video-preview":"max-video-preview:-1"},"canonical":"https:\/\/www.cuencasmineras.com\/index.php\/2021\/04\/30\/grupo-municipal-del-partido-popular-solicita-la-reposicion-de-arboles-cortados\/","og_locale":"es_ES","og_type":"article","og_title":"Grupo Municipal del Partido Popular solicita la reposici\u00f3n de \u00e1rboles cortados","og_description":"Ante el estado de abandono de nuestros parques y jardines: El Grupo Municipal del Partido Popular solicita la reposici\u00f3n de \u00e1rboles cortados y aumento de la periodicidad en los desbroces y siegas. Son numerosos los \u00e1rboles que, una vez secos o enfermos, se cortan de nuestros jardines y parques y no se reponen. Hacer 2 [&hellip;]","og_url":"https:\/\/www.cuencasmineras.com\/index.php\/2021\/04\/30\/grupo-municipal-del-partido-popular-solicita-la-reposicion-de-arboles-cortados\/","article_published_time":"2021-04-30T18:36:52+00:00","author":"admin","twitter_card":"summary_large_image","twitter_misc":{"Escrito por":"admin","Tiempo de lectura":"2 minutos"},"schema":{"@context":"https:\/\/schema.org","@graph":[{"@type":"Article","@id":"https:\/\/www.cuencasmineras.com\/index.php\/2021\/04\/30\/grupo-municipal-del-partido-popular-solicita-la-reposicion-de-arboles-cortados\/#article","isPartOf":{"@id":"https:\/\/www.cuencasmineras.com\/index.php\/2021\/04\/30\/grupo-municipal-del-partido-popular-solicita-la-reposicion-de-arboles-cortados\/"},"author":{"name":"admin","@id":"https:\/\/www.cuencasmineras.com\/#\/schema\/person\/be0691310e8496ec555f679dd688420c"},"headline":"Grupo Municipal del Partido Popular solicita la reposici\u00f3n de \u00e1rboles cortados","datePublished":"2021-04-30T18:36:52+00:00","mainEntityOfPage":{"@id":"https:\/\/www.cuencasmineras.com\/index.php\/2021\/04\/30\/grupo-municipal-del-partido-popular-solicita-la-reposicion-de-arboles-cortados\/"},"wordCount":458,"commentCount":0,"keywords":["arboles","mieres","PP MIERES"],"articleSection":["Caudal","CM NEWS"],"inLanguage":"es","potentialAction":[{"@type":"CommentAction","name":"Comment","target":["https:\/\/www.cuencasmineras.com\/index.php\/2021\/04\/30\/grupo-municipal-del-partido-popular-solicita-la-reposicion-de-arboles-cortados\/#respond"]}]},{"@type":"WebPage","@id":"https:\/\/www.cuencasmineras.com\/index.php\/2021\/04\/30\/grupo-municipal-del-partido-popular-solicita-la-reposicion-de-arboles-cortados\/","url":"https:\/\/www.cuencasmineras.com\/index.php\/2021\/04\/30\/grupo-municipal-del-partido-popular-solicita-la-reposicion-de-arboles-cortados\/","name":"Grupo Municipal del Partido Popular solicita la reposici\u00f3n de \u00e1rboles cortados","isPartOf":{"@id":"https:\/\/www.cuencasmineras.com\/#website"},"datePublished":"2021-04-30T18:36:52+00:00","author":{"@id":"https:\/\/www.cuencasmineras.com\/#\/schema\/person\/be0691310e8496ec555f679dd688420c"},"breadcrumb":{"@id":"https:\/\/www.cuencasmineras.com\/index.php\/2021\/04\/30\/grupo-municipal-del-partido-popular-solicita-la-reposicion-de-arboles-cortados\/#breadcrumb"},"inLanguage":"es","potentialAction":[{"@type":"ReadAction","target":["https:\/\/www.cuencasmineras.com\/index.php\/2021\/04\/30\/grupo-municipal-del-partido-popular-solicita-la-reposicion-de-arboles-cortados\/"]}]},{"@type":"BreadcrumbList","@id":"https:\/\/www.cuencasmineras.com\/index.php\/2021\/04\/30\/grupo-municipal-del-partido-popular-solicita-la-reposicion-de-arboles-cortados\/#breadcrumb","itemListElement":[{"@type":"ListItem","position":1,"name":"Portada","item":"https:\/\/www.cuencasmineras.com\/"},{"@type":"ListItem","position":2,"name":"Grupo Municipal del Partido Popular solicita la reposici\u00f3n de \u00e1rboles cortados"}]},{"@type":"WebSite","@id":"https:\/\/www.cuencasmineras.com\/#website","url":"https:\/\/www.cuencasmineras.com\/","name":"","description":"","potentialAction":[{"@type":"SearchAction","target":{"@type":"EntryPoint","urlTemplate":"https:\/\/www.cuencasmineras.com\/?s={search_term_string}"},"query-input":{"@type":"PropertyValueSpecification","valueRequired":true,"valueName":"search_term_string"}}],"inLanguage":"es"},{"@type":"Person","@id":"https:\/\/www.cuencasmineras.com\/#\/schema\/person\/be0691310e8496ec555f679dd688420c","name":"admin","image":{"@type":"ImageObject","inLanguage":"es","@id":"https:\/\/secure.gravatar.com\/avatar\/4afd2eed3b2fbbf36dd6707b5bd8a5b50ac648f033e36fbf85aeace2f0f859db?s=96&d=mm&r=g","url":"https:\/\/secure.gravatar.com\/avatar\/4afd2eed3b2fbbf36dd6707b5bd8a5b50ac648f033e36fbf85aeace2f0f859db?s=96&d=mm&r=g","contentUrl":"https:\/\/secure.gravatar.com\/avatar\/4afd2eed3b2fbbf36dd6707b5bd8a5b50ac648f033e36fbf85aeace2f0f859db?s=96&d=mm&r=g","caption":"admin"},"sameAs":["https:\/\/www.cuencasmineras.com"],"url":"https:\/\/www.cuencasmineras.com\/index.php\/author\/admin\/"}]}},"_links":{"self":[{"href":"https:\/\/www.cuencasmineras.com\/index.php\/wp-json\/wp\/v2\/posts\/2531","targetHints":{"allow":["GET"]}}],"collection":[{"href":"https:\/\/www.cuencasmineras.com\/index.php\/wp-json\/wp\/v2\/posts"}],"about":[{"href":"https:\/\/www.cuencasmineras.com\/index.php\/wp-json\/wp\/v2\/types\/post"}],"author":[{"embeddable":true,"href":"https:\/\/www.cuencasmineras.com\/index.php\/wp-json\/wp\/v2\/users\/1"}],"replies":[{"embeddable":true,"href":"https:\/\/www.cuencasmineras.com\/index.php\/wp-json\/wp\/v2\/comments?post=2531"}],"version-history":[{"count":1,"href":"https:\/\/www.cuencasmineras.com\/index.php\/wp-json\/wp\/v2\/posts\/2531\/revisions"}],"predecessor-version":[{"id":2534,"href":"https:\/\/www.cuencasmineras.com\/index.php\/wp-json\/wp\/v2\/posts\/2531\/revisions\/2534"}],"wp:attachment":[{"href":"https:\/\/www.cuencasmineras.com\/index.php\/wp-json\/wp\/v2\/media?parent=2531"}],"wp:term":[{"taxonomy":"category","embeddable":true,"href":"https:\/\/www.cuencasmineras.com\/index.php\/wp-json\/wp\/v2\/categories?post=2531"},{"taxonomy":"post_tag","embeddable":true,"href":"https:\/\/www.cuencasmineras.com\/index.php\/wp-json\/wp\/v2\/tags?post=2531"}],"curies":[{"name":"wp","href":"https:\/\/api.w.org\/{rel}","templated":true}]}}