{"id":2578,"date":"2021-05-07T23:15:22","date_gmt":"2021-05-07T23:15:22","guid":{"rendered":"https:\/\/www.cuencasmineras.com\/?p=2578"},"modified":"2021-05-07T23:15:22","modified_gmt":"2021-05-07T23:15:22","slug":"nimby-traslada-su-sede-a-mieres-del-camin","status":"publish","type":"post","link":"https:\/\/www.cuencasmineras.com\/index.php\/2021\/05\/07\/nimby-traslada-su-sede-a-mieres-del-camin\/","title":{"rendered":"Nimby traslada su sede a Mieres del Cam\u00edn"},"content":{"rendered":"<p style=\"text-align: justify;\">Nimby es la \u00fanica empresa asturiana dedicada en exclusiva a la organizaci\u00f3n de ferias, congresos y eventos de ocio alternativo. Recientemente ha mudado su sede a Mieres, concretamente al Edificio de SODECO en el Pol\u00edgono Vega de Arriba. Con este movimiento Nimby se posiciona para aumentar la oferta de servicios que presta adapt\u00e1ndose a la nueva situaci\u00f3n de pandemia, por la que ofrecen talleres educativos basados en las nuevas tecnolog\u00edas (Impresi\u00f3n 3D, Dibujo Virtual, Experiencias Educativas, as\u00ed como una amplia variedad de ocio digital).<\/p>\n<p style=\"text-align: justify;\"><img loading=\"lazy\" decoding=\"async\" class=\"aligncenter size-large wp-image-2579\" src=\"https:\/\/www.cuencasmineras.com\/wp-content\/uploads\/2021\/05\/ikikikik-1024x501.png\" alt=\"\" width=\"640\" height=\"313\" srcset=\"https:\/\/www.cuencasmineras.com\/wp-content\/uploads\/2021\/05\/ikikikik-1024x501.png 1024w, https:\/\/www.cuencasmineras.com\/wp-content\/uploads\/2021\/05\/ikikikik-300x147.png 300w, https:\/\/www.cuencasmineras.com\/wp-content\/uploads\/2021\/05\/ikikikik-768x376.png 768w, https:\/\/www.cuencasmineras.com\/wp-content\/uploads\/2021\/05\/ikikikik.png 1378w\" sizes=\"auto, (max-width: 640px) 100vw, 640px\" \/><\/p>\n<p style=\"text-align: justify;\">H\u00e9ctor Lasheras D\u00edez, CEO de la empresa ha declarado que \u201cMieres ofrece buenas conexiones con los principales ejes comerciales, al tiempo de que dispone de espacios e infraestructura m\u00e1s que suficiente para el desarrollo de nuestras actividades, en definitiva, instalar empresas de base tecnol\u00f3gica en las Cuencas es una oportunidad \u00fanica\u201d.<\/p>\n<p style=\"text-align: justify;\">As\u00ed, Nimby logra expandir sus instalaciones ofreciendo una gama \u00edntegra de servicios que van desde: la producci\u00f3n de eventos, la gesti\u00f3n de redes y publicidad digital, pasando por el alquiler de equipos de realidad virtual, ordenadores gaming de ultima generaci\u00f3n y simuladores de conducci\u00f3n entre otros.<\/p>\n<p style=\"text-align: justify;\">Lasheras tambi\u00e9n ha querido aprovechar la ocasi\u00f3n para invitar a los diferentes grupos pol\u00edticos a conocer las instalaciones que pretenden sean \u201creferente en las Cuencas en materia de ocio alternativo\u201d esperando que los diferentes organismos tanto p\u00fablicos como privados apuesten por este tipo de ocio que, con la pandemia, ha incrementado su demanda exponencialmente en las diferentes actividades que organicen.<\/p>\n","protected":false},"excerpt":{"rendered":"<p>Nimby es la \u00fanica empresa asturiana dedicada en exclusiva a la organizaci\u00f3n de ferias, congresos y eventos de ocio alternativo. Recientemente ha mudado su sede a Mieres, concretamente al Edificio de SODECO en el Pol\u00edgono Vega de Arriba. Con este movimiento Nimby se posiciona para aumentar la oferta de servicios que presta adapt\u00e1ndose a la [&hellip;]<\/p>\n","protected":false},"author":1,"featured_media":2579,"comment_status":"open","ping_status":"open","sticky":false,"template":"","format":"standard","meta":{"footnotes":""},"categories":[7,6],"tags":[],"class_list":["post-2578","post","type-post","status-publish","format-standard","has-post-thumbnail","hentry","category-caudal","category-noticias"],"yoast_head":"<!-- This site is optimized with the Yoast SEO plugin v27.4 - https:\/\/yoast.com\/product\/yoast-seo-wordpress\/ -->\n<title>Nimby traslada su sede a Mieres del Cam\u00edn - cm news<\/title>\n<meta name=\"description\" content=\"La empresa organizadora de CometCon, el mayor evento de cultura y ocio alternativo de Asturias, abre su sede a Mieres para ampliar la oferta de servicios y asentar su expansi\u00f3n comercial.\" \/>\n<meta name=\"robots\" content=\"index, follow, max-snippet:-1, max-image-preview:large, max-video-preview:-1\" \/>\n<link rel=\"canonical\" href=\"https:\/\/www.cuencasmineras.com\/index.php\/2021\/05\/07\/nimby-traslada-su-sede-a-mieres-del-camin\/\" \/>\n<meta property=\"og:locale\" content=\"es_ES\" \/>\n<meta property=\"og:type\" content=\"article\" \/>\n<meta property=\"og:title\" content=\"Nimby traslada su sede a Mieres del Cam\u00edn - cm news\" \/>\n<meta property=\"og:description\" content=\"La empresa organizadora de CometCon, el mayor evento de cultura y ocio alternativo de Asturias, abre su sede a Mieres para ampliar la oferta de servicios y asentar su expansi\u00f3n comercial.\" \/>\n<meta property=\"og:url\" content=\"https:\/\/www.cuencasmineras.com\/index.php\/2021\/05\/07\/nimby-traslada-su-sede-a-mieres-del-camin\/\" \/>\n<meta property=\"article:published_time\" content=\"2021-05-07T23:15:22+00:00\" \/>\n<meta property=\"og:image\" content=\"https:\/\/www.cuencasmineras.com\/wp-content\/uploads\/2021\/05\/ikikikik.png\" \/>\n\t<meta property=\"og:image:width\" content=\"1378\" \/>\n\t<meta property=\"og:image:height\" content=\"674\" \/>\n\t<meta property=\"og:image:type\" content=\"image\/png\" \/>\n<meta name=\"author\" content=\"admin\" \/>\n<meta name=\"twitter:card\" content=\"summary_large_image\" \/>\n<meta name=\"twitter:label1\" content=\"Escrito por\" \/>\n\t<meta name=\"twitter:data1\" content=\"admin\" \/>\n\t<meta name=\"twitter:label2\" content=\"Tiempo de lectura\" \/>\n\t<meta name=\"twitter:data2\" content=\"2 minutos\" \/>\n<script type=\"application\/ld+json\" class=\"yoast-schema-graph\">{\"@context\":\"https:\\\/\\\/schema.org\",\"@graph\":[{\"@type\":\"Article\",\"@id\":\"https:\\\/\\\/www.cuencasmineras.com\\\/index.php\\\/2021\\\/05\\\/07\\\/nimby-traslada-su-sede-a-mieres-del-camin\\\/#article\",\"isPartOf\":{\"@id\":\"https:\\\/\\\/www.cuencasmineras.com\\\/index.php\\\/2021\\\/05\\\/07\\\/nimby-traslada-su-sede-a-mieres-del-camin\\\/\"},\"author\":{\"name\":\"admin\",\"@id\":\"https:\\\/\\\/www.cuencasmineras.com\\\/#\\\/schema\\\/person\\\/be0691310e8496ec555f679dd688420c\"},\"headline\":\"Nimby traslada su sede a Mieres del Cam\u00edn\",\"datePublished\":\"2021-05-07T23:15:22+00:00\",\"mainEntityOfPage\":{\"@id\":\"https:\\\/\\\/www.cuencasmineras.com\\\/index.php\\\/2021\\\/05\\\/07\\\/nimby-traslada-su-sede-a-mieres-del-camin\\\/\"},\"wordCount\":268,\"commentCount\":0,\"image\":{\"@id\":\"https:\\\/\\\/www.cuencasmineras.com\\\/index.php\\\/2021\\\/05\\\/07\\\/nimby-traslada-su-sede-a-mieres-del-camin\\\/#primaryimage\"},\"thumbnailUrl\":\"https:\\\/\\\/www.cuencasmineras.com\\\/wp-content\\\/uploads\\\/2021\\\/05\\\/ikikikik.png\",\"articleSection\":[\"Caudal\",\"CM NEWS\"],\"inLanguage\":\"es\",\"potentialAction\":[{\"@type\":\"CommentAction\",\"name\":\"Comment\",\"target\":[\"https:\\\/\\\/www.cuencasmineras.com\\\/index.php\\\/2021\\\/05\\\/07\\\/nimby-traslada-su-sede-a-mieres-del-camin\\\/#respond\"]}]},{\"@type\":\"WebPage\",\"@id\":\"https:\\\/\\\/www.cuencasmineras.com\\\/index.php\\\/2021\\\/05\\\/07\\\/nimby-traslada-su-sede-a-mieres-del-camin\\\/\",\"url\":\"https:\\\/\\\/www.cuencasmineras.com\\\/index.php\\\/2021\\\/05\\\/07\\\/nimby-traslada-su-sede-a-mieres-del-camin\\\/\",\"name\":\"Nimby traslada su sede a Mieres del Cam\u00edn - cm news\",\"isPartOf\":{\"@id\":\"https:\\\/\\\/www.cuencasmineras.com\\\/#website\"},\"primaryImageOfPage\":{\"@id\":\"https:\\\/\\\/www.cuencasmineras.com\\\/index.php\\\/2021\\\/05\\\/07\\\/nimby-traslada-su-sede-a-mieres-del-camin\\\/#primaryimage\"},\"image\":{\"@id\":\"https:\\\/\\\/www.cuencasmineras.com\\\/index.php\\\/2021\\\/05\\\/07\\\/nimby-traslada-su-sede-a-mieres-del-camin\\\/#primaryimage\"},\"thumbnailUrl\":\"https:\\\/\\\/www.cuencasmineras.com\\\/wp-content\\\/uploads\\\/2021\\\/05\\\/ikikikik.png\",\"datePublished\":\"2021-05-07T23:15:22+00:00\",\"author\":{\"@id\":\"https:\\\/\\\/www.cuencasmineras.com\\\/#\\\/schema\\\/person\\\/be0691310e8496ec555f679dd688420c\"},\"description\":\"La empresa organizadora de CometCon, el mayor evento de cultura y ocio alternativo de Asturias, abre su sede a Mieres para ampliar la oferta de servicios y asentar su expansi\u00f3n comercial.\",\"breadcrumb\":{\"@id\":\"https:\\\/\\\/www.cuencasmineras.com\\\/index.php\\\/2021\\\/05\\\/07\\\/nimby-traslada-su-sede-a-mieres-del-camin\\\/#breadcrumb\"},\"inLanguage\":\"es\",\"potentialAction\":[{\"@type\":\"ReadAction\",\"target\":[\"https:\\\/\\\/www.cuencasmineras.com\\\/index.php\\\/2021\\\/05\\\/07\\\/nimby-traslada-su-sede-a-mieres-del-camin\\\/\"]}]},{\"@type\":\"ImageObject\",\"inLanguage\":\"es\",\"@id\":\"https:\\\/\\\/www.cuencasmineras.com\\\/index.php\\\/2021\\\/05\\\/07\\\/nimby-traslada-su-sede-a-mieres-del-camin\\\/#primaryimage\",\"url\":\"https:\\\/\\\/www.cuencasmineras.com\\\/wp-content\\\/uploads\\\/2021\\\/05\\\/ikikikik.png\",\"contentUrl\":\"https:\\\/\\\/www.cuencasmineras.com\\\/wp-content\\\/uploads\\\/2021\\\/05\\\/ikikikik.png\",\"width\":1378,\"height\":674},{\"@type\":\"BreadcrumbList\",\"@id\":\"https:\\\/\\\/www.cuencasmineras.com\\\/index.php\\\/2021\\\/05\\\/07\\\/nimby-traslada-su-sede-a-mieres-del-camin\\\/#breadcrumb\",\"itemListElement\":[{\"@type\":\"ListItem\",\"position\":1,\"name\":\"Portada\",\"item\":\"https:\\\/\\\/www.cuencasmineras.com\\\/\"},{\"@type\":\"ListItem\",\"position\":2,\"name\":\"Nimby traslada su sede a Mieres del Cam\u00edn\"}]},{\"@type\":\"WebSite\",\"@id\":\"https:\\\/\\\/www.cuencasmineras.com\\\/#website\",\"url\":\"https:\\\/\\\/www.cuencasmineras.com\\\/\",\"name\":\"\",\"description\":\"\",\"potentialAction\":[{\"@type\":\"SearchAction\",\"target\":{\"@type\":\"EntryPoint\",\"urlTemplate\":\"https:\\\/\\\/www.cuencasmineras.com\\\/?s={search_term_string}\"},\"query-input\":{\"@type\":\"PropertyValueSpecification\",\"valueRequired\":true,\"valueName\":\"search_term_string\"}}],\"inLanguage\":\"es\"},{\"@type\":\"Person\",\"@id\":\"https:\\\/\\\/www.cuencasmineras.com\\\/#\\\/schema\\\/person\\\/be0691310e8496ec555f679dd688420c\",\"name\":\"admin\",\"image\":{\"@type\":\"ImageObject\",\"inLanguage\":\"es\",\"@id\":\"https:\\\/\\\/secure.gravatar.com\\\/avatar\\\/4afd2eed3b2fbbf36dd6707b5bd8a5b50ac648f033e36fbf85aeace2f0f859db?s=96&d=mm&r=g\",\"url\":\"https:\\\/\\\/secure.gravatar.com\\\/avatar\\\/4afd2eed3b2fbbf36dd6707b5bd8a5b50ac648f033e36fbf85aeace2f0f859db?s=96&d=mm&r=g\",\"contentUrl\":\"https:\\\/\\\/secure.gravatar.com\\\/avatar\\\/4afd2eed3b2fbbf36dd6707b5bd8a5b50ac648f033e36fbf85aeace2f0f859db?s=96&d=mm&r=g\",\"caption\":\"admin\"},\"sameAs\":[\"https:\\\/\\\/www.cuencasmineras.com\"],\"url\":\"https:\\\/\\\/www.cuencasmineras.com\\\/index.php\\\/author\\\/admin\\\/\"}]}<\/script>\n<!-- \/ Yoast SEO plugin. -->","yoast_head_json":{"title":"Nimby traslada su sede a Mieres del Cam\u00edn - cm news","description":"La empresa organizadora de CometCon, el mayor evento de cultura y ocio alternativo de Asturias, abre su sede a Mieres para ampliar la oferta de servicios y asentar su expansi\u00f3n comercial.","robots":{"index":"index","follow":"follow","max-snippet":"max-snippet:-1","max-image-preview":"max-image-preview:large","max-video-preview":"max-video-preview:-1"},"canonical":"https:\/\/www.cuencasmineras.com\/index.php\/2021\/05\/07\/nimby-traslada-su-sede-a-mieres-del-camin\/","og_locale":"es_ES","og_type":"article","og_title":"Nimby traslada su sede a Mieres del Cam\u00edn - cm news","og_description":"La empresa organizadora de CometCon, el mayor evento de cultura y ocio alternativo de Asturias, abre su sede a Mieres para ampliar la oferta de servicios y asentar su expansi\u00f3n comercial.","og_url":"https:\/\/www.cuencasmineras.com\/index.php\/2021\/05\/07\/nimby-traslada-su-sede-a-mieres-del-camin\/","article_published_time":"2021-05-07T23:15:22+00:00","og_image":[{"width":1378,"height":674,"url":"https:\/\/www.cuencasmineras.com\/wp-content\/uploads\/2021\/05\/ikikikik.png","type":"image\/png"}],"author":"admin","twitter_card":"summary_large_image","twitter_misc":{"Escrito por":"admin","Tiempo de lectura":"2 minutos"},"schema":{"@context":"https:\/\/schema.org","@graph":[{"@type":"Article","@id":"https:\/\/www.cuencasmineras.com\/index.php\/2021\/05\/07\/nimby-traslada-su-sede-a-mieres-del-camin\/#article","isPartOf":{"@id":"https:\/\/www.cuencasmineras.com\/index.php\/2021\/05\/07\/nimby-traslada-su-sede-a-mieres-del-camin\/"},"author":{"name":"admin","@id":"https:\/\/www.cuencasmineras.com\/#\/schema\/person\/be0691310e8496ec555f679dd688420c"},"headline":"Nimby traslada su sede a Mieres del Cam\u00edn","datePublished":"2021-05-07T23:15:22+00:00","mainEntityOfPage":{"@id":"https:\/\/www.cuencasmineras.com\/index.php\/2021\/05\/07\/nimby-traslada-su-sede-a-mieres-del-camin\/"},"wordCount":268,"commentCount":0,"image":{"@id":"https:\/\/www.cuencasmineras.com\/index.php\/2021\/05\/07\/nimby-traslada-su-sede-a-mieres-del-camin\/#primaryimage"},"thumbnailUrl":"https:\/\/www.cuencasmineras.com\/wp-content\/uploads\/2021\/05\/ikikikik.png","articleSection":["Caudal","CM NEWS"],"inLanguage":"es","potentialAction":[{"@type":"CommentAction","name":"Comment","target":["https:\/\/www.cuencasmineras.com\/index.php\/2021\/05\/07\/nimby-traslada-su-sede-a-mieres-del-camin\/#respond"]}]},{"@type":"WebPage","@id":"https:\/\/www.cuencasmineras.com\/index.php\/2021\/05\/07\/nimby-traslada-su-sede-a-mieres-del-camin\/","url":"https:\/\/www.cuencasmineras.com\/index.php\/2021\/05\/07\/nimby-traslada-su-sede-a-mieres-del-camin\/","name":"Nimby traslada su sede a Mieres del Cam\u00edn - cm news","isPartOf":{"@id":"https:\/\/www.cuencasmineras.com\/#website"},"primaryImageOfPage":{"@id":"https:\/\/www.cuencasmineras.com\/index.php\/2021\/05\/07\/nimby-traslada-su-sede-a-mieres-del-camin\/#primaryimage"},"image":{"@id":"https:\/\/www.cuencasmineras.com\/index.php\/2021\/05\/07\/nimby-traslada-su-sede-a-mieres-del-camin\/#primaryimage"},"thumbnailUrl":"https:\/\/www.cuencasmineras.com\/wp-content\/uploads\/2021\/05\/ikikikik.png","datePublished":"2021-05-07T23:15:22+00:00","author":{"@id":"https:\/\/www.cuencasmineras.com\/#\/schema\/person\/be0691310e8496ec555f679dd688420c"},"description":"La empresa organizadora de CometCon, el mayor evento de cultura y ocio alternativo de Asturias, abre su sede a Mieres para ampliar la oferta de servicios y asentar su expansi\u00f3n comercial.","breadcrumb":{"@id":"https:\/\/www.cuencasmineras.com\/index.php\/2021\/05\/07\/nimby-traslada-su-sede-a-mieres-del-camin\/#breadcrumb"},"inLanguage":"es","potentialAction":[{"@type":"ReadAction","target":["https:\/\/www.cuencasmineras.com\/index.php\/2021\/05\/07\/nimby-traslada-su-sede-a-mieres-del-camin\/"]}]},{"@type":"ImageObject","inLanguage":"es","@id":"https:\/\/www.cuencasmineras.com\/index.php\/2021\/05\/07\/nimby-traslada-su-sede-a-mieres-del-camin\/#primaryimage","url":"https:\/\/www.cuencasmineras.com\/wp-content\/uploads\/2021\/05\/ikikikik.png","contentUrl":"https:\/\/www.cuencasmineras.com\/wp-content\/uploads\/2021\/05\/ikikikik.png","width":1378,"height":674},{"@type":"BreadcrumbList","@id":"https:\/\/www.cuencasmineras.com\/index.php\/2021\/05\/07\/nimby-traslada-su-sede-a-mieres-del-camin\/#breadcrumb","itemListElement":[{"@type":"ListItem","position":1,"name":"Portada","item":"https:\/\/www.cuencasmineras.com\/"},{"@type":"ListItem","position":2,"name":"Nimby traslada su sede a Mieres del Cam\u00edn"}]},{"@type":"WebSite","@id":"https:\/\/www.cuencasmineras.com\/#website","url":"https:\/\/www.cuencasmineras.com\/","name":"","description":"","potentialAction":[{"@type":"SearchAction","target":{"@type":"EntryPoint","urlTemplate":"https:\/\/www.cuencasmineras.com\/?s={search_term_string}"},"query-input":{"@type":"PropertyValueSpecification","valueRequired":true,"valueName":"search_term_string"}}],"inLanguage":"es"},{"@type":"Person","@id":"https:\/\/www.cuencasmineras.com\/#\/schema\/person\/be0691310e8496ec555f679dd688420c","name":"admin","image":{"@type":"ImageObject","inLanguage":"es","@id":"https:\/\/secure.gravatar.com\/avatar\/4afd2eed3b2fbbf36dd6707b5bd8a5b50ac648f033e36fbf85aeace2f0f859db?s=96&d=mm&r=g","url":"https:\/\/secure.gravatar.com\/avatar\/4afd2eed3b2fbbf36dd6707b5bd8a5b50ac648f033e36fbf85aeace2f0f859db?s=96&d=mm&r=g","contentUrl":"https:\/\/secure.gravatar.com\/avatar\/4afd2eed3b2fbbf36dd6707b5bd8a5b50ac648f033e36fbf85aeace2f0f859db?s=96&d=mm&r=g","caption":"admin"},"sameAs":["https:\/\/www.cuencasmineras.com"],"url":"https:\/\/www.cuencasmineras.com\/index.php\/author\/admin\/"}]}},"_links":{"self":[{"href":"https:\/\/www.cuencasmineras.com\/index.php\/wp-json\/wp\/v2\/posts\/2578","targetHints":{"allow":["GET"]}}],"collection":[{"href":"https:\/\/www.cuencasmineras.com\/index.php\/wp-json\/wp\/v2\/posts"}],"about":[{"href":"https:\/\/www.cuencasmineras.com\/index.php\/wp-json\/wp\/v2\/types\/post"}],"author":[{"embeddable":true,"href":"https:\/\/www.cuencasmineras.com\/index.php\/wp-json\/wp\/v2\/users\/1"}],"replies":[{"embeddable":true,"href":"https:\/\/www.cuencasmineras.com\/index.php\/wp-json\/wp\/v2\/comments?post=2578"}],"version-history":[{"count":1,"href":"https:\/\/www.cuencasmineras.com\/index.php\/wp-json\/wp\/v2\/posts\/2578\/revisions"}],"predecessor-version":[{"id":2580,"href":"https:\/\/www.cuencasmineras.com\/index.php\/wp-json\/wp\/v2\/posts\/2578\/revisions\/2580"}],"wp:featuredmedia":[{"embeddable":true,"href":"https:\/\/www.cuencasmineras.com\/index.php\/wp-json\/wp\/v2\/media\/2579"}],"wp:attachment":[{"href":"https:\/\/www.cuencasmineras.com\/index.php\/wp-json\/wp\/v2\/media?parent=2578"}],"wp:term":[{"taxonomy":"category","embeddable":true,"href":"https:\/\/www.cuencasmineras.com\/index.php\/wp-json\/wp\/v2\/categories?post=2578"},{"taxonomy":"post_tag","embeddable":true,"href":"https:\/\/www.cuencasmineras.com\/index.php\/wp-json\/wp\/v2\/tags?post=2578"}],"curies":[{"name":"wp","href":"https:\/\/api.w.org\/{rel}","templated":true}]}}