{"id":2667,"date":"2021-05-15T17:10:43","date_gmt":"2021-05-15T17:10:43","guid":{"rendered":"https:\/\/www.cuencasmineras.com\/?p=2667"},"modified":"2021-05-15T17:10:43","modified_gmt":"2021-05-15T17:10:43","slug":"alerta-de-la-union-de-consumidores-por-estafas-a-mayores","status":"publish","type":"post","link":"https:\/\/www.cuencasmineras.com\/index.php\/2021\/05\/15\/alerta-de-la-union-de-consumidores-por-estafas-a-mayores\/","title":{"rendered":"Alerta de la Uni\u00f3n de Consumidores por estafas a mayores."},"content":{"rendered":"<p>Hace unos d\u00edas, un chico y una chica \u201cmuy amables\u201d fueron a la casa de una anciana de 82 para hablarle de unos colchones muy buenos para la espalda. Le dijeron que \u201csolo\u201d pagar\u00eda 30 euros al mes, y ella acept\u00f3. Lo que no le dijo es que ese \u201cm\u00f3dico precio\u201d se incrementar\u00e1 con intereses y la cuota se alargar\u00e1 durante casi una d\u00e9cada. Estas estafas se repiten constantemente en las ventas a domicilio, especialmente en personas mayores que, tras\u00a0ganarse su confianza, terminan por vivir un aut\u00e9ntico calvario econ\u00f3mico. La Uni\u00f3n de Consumidores de Asturias tiene entre sus objetivos principales \u201cblindar\u201d a los vecinos m\u00e1s veteranos contra este tipo de enga\u00f1os. Es por eso, entre otras cuestiones, por lo que la entidad ha aumentado su presencia en las Cuencas \u2013entre los territorios con la poblaci\u00f3n m\u00e1s envejecida de Asturias\u2013. Dacio Alonso, presidente de la Uni\u00f3n de Consumidores, acudi\u00f3 ayer a La Felguera para inaugurar las instalaciones.<\/p>\n<p><img loading=\"lazy\" decoding=\"async\" class=\"aligncenter size-large wp-image-2668\" src=\"https:\/\/www.cuencasmineras.com\/wp-content\/uploads\/2021\/05\/64465446-1248x830-1-1024x681.jpg\" alt=\"\" width=\"640\" height=\"426\" srcset=\"https:\/\/www.cuencasmineras.com\/wp-content\/uploads\/2021\/05\/64465446-1248x830-1-1024x681.jpg 1024w, https:\/\/www.cuencasmineras.com\/wp-content\/uploads\/2021\/05\/64465446-1248x830-1-300x200.jpg 300w, https:\/\/www.cuencasmineras.com\/wp-content\/uploads\/2021\/05\/64465446-1248x830-1-768x511.jpg 768w, https:\/\/www.cuencasmineras.com\/wp-content\/uploads\/2021\/05\/64465446-1248x830-1-272x182.jpg 272w, https:\/\/www.cuencasmineras.com\/wp-content\/uploads\/2021\/05\/64465446-1248x830-1.jpg 1248w\" sizes=\"auto, (max-width: 640px) 100vw, 640px\" \/><\/p>\n<p>Est\u00e1n en la calle Ram\u00f3n Bautista Claver\u00eda. \u201cQueremos que todos los vecinos del valle del Nal\u00f3n, sean o no socios, sepan que aqu\u00ed tienen las puertas abiertas para hacernos llegar sus reclamaciones, sus dudas y sus quejas\u201d, se\u00f1al\u00f3 el presidente de la Uni\u00f3n de Consumidores. Un local que \u201ccomparten\u201d con otras entidades del municipio. La nueva oficina, de la que se responsabilizar\u00e1 Ver\u00f3nica D\u00edaz, est\u00e1 en el bajo. La primera planta es para entidades como \u201cFuerza Muyer\u201d, entre otras. De hecho, a la presentaci\u00f3n acudieron representantes de esta asociaci\u00f3n feminista: May Rodr\u00edguez, Puri Herrero (tesorera) y Vicente Turrado.<\/p>\n<p>&nbsp;<\/p>\n<p><em><strong>Fuente: Lne<\/strong><\/em><\/p>\n","protected":false},"excerpt":{"rendered":"<p>Hace unos d\u00edas, un chico y una chica \u201cmuy amables\u201d fueron a la casa de una anciana de 82 para hablarle de unos colchones muy buenos para la espalda. Le dijeron que \u201csolo\u201d pagar\u00eda 30 euros al mes, y ella acept\u00f3. Lo que no le dijo es que ese \u201cm\u00f3dico precio\u201d se incrementar\u00e1 con intereses [&hellip;]<\/p>\n","protected":false},"author":1,"featured_media":2668,"comment_status":"open","ping_status":"open","sticky":false,"template":"","format":"standard","meta":{"footnotes":""},"categories":[7,6,8],"tags":[],"class_list":["post-2667","post","type-post","status-publish","format-standard","has-post-thumbnail","hentry","category-caudal","category-noticias","category-nalon"],"yoast_head":"<!-- This site is optimized with the Yoast SEO plugin v27.4 - https:\/\/yoast.com\/product\/yoast-seo-wordpress\/ -->\n<title>Alerta de la Uni\u00f3n de Consumidores por estafas a mayores. - cm news<\/title>\n<meta name=\"description\" content=\"Aumentan las ventas &quot;abusivas&quot; en domilicios: \u201cLlegan a vender enciclopedias a personas invidentes\u201d , denuncian.\" \/>\n<meta name=\"robots\" content=\"index, follow, max-snippet:-1, max-image-preview:large, max-video-preview:-1\" \/>\n<link rel=\"canonical\" href=\"https:\/\/www.cuencasmineras.com\/index.php\/2021\/05\/15\/alerta-de-la-union-de-consumidores-por-estafas-a-mayores\/\" \/>\n<meta property=\"og:locale\" content=\"es_ES\" \/>\n<meta property=\"og:type\" content=\"article\" \/>\n<meta property=\"og:title\" content=\"Alerta de la Uni\u00f3n de Consumidores por estafas a mayores. - cm news\" \/>\n<meta property=\"og:description\" content=\"Aumentan las ventas &quot;abusivas&quot; en domilicios: \u201cLlegan a vender enciclopedias a personas invidentes\u201d , denuncian.\" \/>\n<meta property=\"og:url\" content=\"https:\/\/www.cuencasmineras.com\/index.php\/2021\/05\/15\/alerta-de-la-union-de-consumidores-por-estafas-a-mayores\/\" \/>\n<meta property=\"article:published_time\" content=\"2021-05-15T17:10:43+00:00\" \/>\n<meta property=\"og:image\" content=\"https:\/\/www.cuencasmineras.com\/wp-content\/uploads\/2021\/05\/64465446-1248x830-1.jpg\" \/>\n\t<meta property=\"og:image:width\" content=\"1248\" \/>\n\t<meta property=\"og:image:height\" content=\"830\" \/>\n\t<meta property=\"og:image:type\" content=\"image\/jpeg\" \/>\n<meta name=\"author\" content=\"admin\" \/>\n<meta name=\"twitter:card\" content=\"summary_large_image\" \/>\n<meta name=\"twitter:label1\" content=\"Escrito por\" \/>\n\t<meta name=\"twitter:data1\" content=\"admin\" \/>\n\t<meta name=\"twitter:label2\" content=\"Tiempo de lectura\" \/>\n\t<meta name=\"twitter:data2\" content=\"2 minutos\" \/>\n<script type=\"application\/ld+json\" class=\"yoast-schema-graph\">{\"@context\":\"https:\\\/\\\/schema.org\",\"@graph\":[{\"@type\":\"Article\",\"@id\":\"https:\\\/\\\/www.cuencasmineras.com\\\/index.php\\\/2021\\\/05\\\/15\\\/alerta-de-la-union-de-consumidores-por-estafas-a-mayores\\\/#article\",\"isPartOf\":{\"@id\":\"https:\\\/\\\/www.cuencasmineras.com\\\/index.php\\\/2021\\\/05\\\/15\\\/alerta-de-la-union-de-consumidores-por-estafas-a-mayores\\\/\"},\"author\":{\"name\":\"admin\",\"@id\":\"https:\\\/\\\/www.cuencasmineras.com\\\/#\\\/schema\\\/person\\\/be0691310e8496ec555f679dd688420c\"},\"headline\":\"Alerta de la Uni\u00f3n de Consumidores por estafas a mayores.\",\"datePublished\":\"2021-05-15T17:10:43+00:00\",\"mainEntityOfPage\":{\"@id\":\"https:\\\/\\\/www.cuencasmineras.com\\\/index.php\\\/2021\\\/05\\\/15\\\/alerta-de-la-union-de-consumidores-por-estafas-a-mayores\\\/\"},\"wordCount\":290,\"commentCount\":0,\"image\":{\"@id\":\"https:\\\/\\\/www.cuencasmineras.com\\\/index.php\\\/2021\\\/05\\\/15\\\/alerta-de-la-union-de-consumidores-por-estafas-a-mayores\\\/#primaryimage\"},\"thumbnailUrl\":\"https:\\\/\\\/www.cuencasmineras.com\\\/wp-content\\\/uploads\\\/2021\\\/05\\\/64465446-1248x830-1.jpg\",\"articleSection\":[\"Caudal\",\"CM NEWS\",\"Nal\u00f3n\"],\"inLanguage\":\"es\",\"potentialAction\":[{\"@type\":\"CommentAction\",\"name\":\"Comment\",\"target\":[\"https:\\\/\\\/www.cuencasmineras.com\\\/index.php\\\/2021\\\/05\\\/15\\\/alerta-de-la-union-de-consumidores-por-estafas-a-mayores\\\/#respond\"]}]},{\"@type\":\"WebPage\",\"@id\":\"https:\\\/\\\/www.cuencasmineras.com\\\/index.php\\\/2021\\\/05\\\/15\\\/alerta-de-la-union-de-consumidores-por-estafas-a-mayores\\\/\",\"url\":\"https:\\\/\\\/www.cuencasmineras.com\\\/index.php\\\/2021\\\/05\\\/15\\\/alerta-de-la-union-de-consumidores-por-estafas-a-mayores\\\/\",\"name\":\"Alerta de la Uni\u00f3n de Consumidores por estafas a mayores. - cm news\",\"isPartOf\":{\"@id\":\"https:\\\/\\\/www.cuencasmineras.com\\\/#website\"},\"primaryImageOfPage\":{\"@id\":\"https:\\\/\\\/www.cuencasmineras.com\\\/index.php\\\/2021\\\/05\\\/15\\\/alerta-de-la-union-de-consumidores-por-estafas-a-mayores\\\/#primaryimage\"},\"image\":{\"@id\":\"https:\\\/\\\/www.cuencasmineras.com\\\/index.php\\\/2021\\\/05\\\/15\\\/alerta-de-la-union-de-consumidores-por-estafas-a-mayores\\\/#primaryimage\"},\"thumbnailUrl\":\"https:\\\/\\\/www.cuencasmineras.com\\\/wp-content\\\/uploads\\\/2021\\\/05\\\/64465446-1248x830-1.jpg\",\"datePublished\":\"2021-05-15T17:10:43+00:00\",\"author\":{\"@id\":\"https:\\\/\\\/www.cuencasmineras.com\\\/#\\\/schema\\\/person\\\/be0691310e8496ec555f679dd688420c\"},\"description\":\"Aumentan las ventas \\\"abusivas\\\" en domilicios: \u201cLlegan a vender enciclopedias a personas invidentes\u201d , denuncian.\",\"breadcrumb\":{\"@id\":\"https:\\\/\\\/www.cuencasmineras.com\\\/index.php\\\/2021\\\/05\\\/15\\\/alerta-de-la-union-de-consumidores-por-estafas-a-mayores\\\/#breadcrumb\"},\"inLanguage\":\"es\",\"potentialAction\":[{\"@type\":\"ReadAction\",\"target\":[\"https:\\\/\\\/www.cuencasmineras.com\\\/index.php\\\/2021\\\/05\\\/15\\\/alerta-de-la-union-de-consumidores-por-estafas-a-mayores\\\/\"]}]},{\"@type\":\"ImageObject\",\"inLanguage\":\"es\",\"@id\":\"https:\\\/\\\/www.cuencasmineras.com\\\/index.php\\\/2021\\\/05\\\/15\\\/alerta-de-la-union-de-consumidores-por-estafas-a-mayores\\\/#primaryimage\",\"url\":\"https:\\\/\\\/www.cuencasmineras.com\\\/wp-content\\\/uploads\\\/2021\\\/05\\\/64465446-1248x830-1.jpg\",\"contentUrl\":\"https:\\\/\\\/www.cuencasmineras.com\\\/wp-content\\\/uploads\\\/2021\\\/05\\\/64465446-1248x830-1.jpg\",\"width\":1248,\"height\":830},{\"@type\":\"BreadcrumbList\",\"@id\":\"https:\\\/\\\/www.cuencasmineras.com\\\/index.php\\\/2021\\\/05\\\/15\\\/alerta-de-la-union-de-consumidores-por-estafas-a-mayores\\\/#breadcrumb\",\"itemListElement\":[{\"@type\":\"ListItem\",\"position\":1,\"name\":\"Portada\",\"item\":\"https:\\\/\\\/www.cuencasmineras.com\\\/\"},{\"@type\":\"ListItem\",\"position\":2,\"name\":\"Alerta de la Uni\u00f3n de Consumidores por estafas a mayores.\"}]},{\"@type\":\"WebSite\",\"@id\":\"https:\\\/\\\/www.cuencasmineras.com\\\/#website\",\"url\":\"https:\\\/\\\/www.cuencasmineras.com\\\/\",\"name\":\"\",\"description\":\"\",\"potentialAction\":[{\"@type\":\"SearchAction\",\"target\":{\"@type\":\"EntryPoint\",\"urlTemplate\":\"https:\\\/\\\/www.cuencasmineras.com\\\/?s={search_term_string}\"},\"query-input\":{\"@type\":\"PropertyValueSpecification\",\"valueRequired\":true,\"valueName\":\"search_term_string\"}}],\"inLanguage\":\"es\"},{\"@type\":\"Person\",\"@id\":\"https:\\\/\\\/www.cuencasmineras.com\\\/#\\\/schema\\\/person\\\/be0691310e8496ec555f679dd688420c\",\"name\":\"admin\",\"image\":{\"@type\":\"ImageObject\",\"inLanguage\":\"es\",\"@id\":\"https:\\\/\\\/secure.gravatar.com\\\/avatar\\\/4afd2eed3b2fbbf36dd6707b5bd8a5b50ac648f033e36fbf85aeace2f0f859db?s=96&d=mm&r=g\",\"url\":\"https:\\\/\\\/secure.gravatar.com\\\/avatar\\\/4afd2eed3b2fbbf36dd6707b5bd8a5b50ac648f033e36fbf85aeace2f0f859db?s=96&d=mm&r=g\",\"contentUrl\":\"https:\\\/\\\/secure.gravatar.com\\\/avatar\\\/4afd2eed3b2fbbf36dd6707b5bd8a5b50ac648f033e36fbf85aeace2f0f859db?s=96&d=mm&r=g\",\"caption\":\"admin\"},\"sameAs\":[\"https:\\\/\\\/www.cuencasmineras.com\"],\"url\":\"https:\\\/\\\/www.cuencasmineras.com\\\/index.php\\\/author\\\/admin\\\/\"}]}<\/script>\n<!-- \/ Yoast SEO plugin. -->","yoast_head_json":{"title":"Alerta de la Uni\u00f3n de Consumidores por estafas a mayores. - cm news","description":"Aumentan las ventas \"abusivas\" en domilicios: \u201cLlegan a vender enciclopedias a personas invidentes\u201d , denuncian.","robots":{"index":"index","follow":"follow","max-snippet":"max-snippet:-1","max-image-preview":"max-image-preview:large","max-video-preview":"max-video-preview:-1"},"canonical":"https:\/\/www.cuencasmineras.com\/index.php\/2021\/05\/15\/alerta-de-la-union-de-consumidores-por-estafas-a-mayores\/","og_locale":"es_ES","og_type":"article","og_title":"Alerta de la Uni\u00f3n de Consumidores por estafas a mayores. - cm news","og_description":"Aumentan las ventas \"abusivas\" en domilicios: \u201cLlegan a vender enciclopedias a personas invidentes\u201d , denuncian.","og_url":"https:\/\/www.cuencasmineras.com\/index.php\/2021\/05\/15\/alerta-de-la-union-de-consumidores-por-estafas-a-mayores\/","article_published_time":"2021-05-15T17:10:43+00:00","og_image":[{"width":1248,"height":830,"url":"https:\/\/www.cuencasmineras.com\/wp-content\/uploads\/2021\/05\/64465446-1248x830-1.jpg","type":"image\/jpeg"}],"author":"admin","twitter_card":"summary_large_image","twitter_misc":{"Escrito por":"admin","Tiempo de lectura":"2 minutos"},"schema":{"@context":"https:\/\/schema.org","@graph":[{"@type":"Article","@id":"https:\/\/www.cuencasmineras.com\/index.php\/2021\/05\/15\/alerta-de-la-union-de-consumidores-por-estafas-a-mayores\/#article","isPartOf":{"@id":"https:\/\/www.cuencasmineras.com\/index.php\/2021\/05\/15\/alerta-de-la-union-de-consumidores-por-estafas-a-mayores\/"},"author":{"name":"admin","@id":"https:\/\/www.cuencasmineras.com\/#\/schema\/person\/be0691310e8496ec555f679dd688420c"},"headline":"Alerta de la Uni\u00f3n de Consumidores por estafas a mayores.","datePublished":"2021-05-15T17:10:43+00:00","mainEntityOfPage":{"@id":"https:\/\/www.cuencasmineras.com\/index.php\/2021\/05\/15\/alerta-de-la-union-de-consumidores-por-estafas-a-mayores\/"},"wordCount":290,"commentCount":0,"image":{"@id":"https:\/\/www.cuencasmineras.com\/index.php\/2021\/05\/15\/alerta-de-la-union-de-consumidores-por-estafas-a-mayores\/#primaryimage"},"thumbnailUrl":"https:\/\/www.cuencasmineras.com\/wp-content\/uploads\/2021\/05\/64465446-1248x830-1.jpg","articleSection":["Caudal","CM NEWS","Nal\u00f3n"],"inLanguage":"es","potentialAction":[{"@type":"CommentAction","name":"Comment","target":["https:\/\/www.cuencasmineras.com\/index.php\/2021\/05\/15\/alerta-de-la-union-de-consumidores-por-estafas-a-mayores\/#respond"]}]},{"@type":"WebPage","@id":"https:\/\/www.cuencasmineras.com\/index.php\/2021\/05\/15\/alerta-de-la-union-de-consumidores-por-estafas-a-mayores\/","url":"https:\/\/www.cuencasmineras.com\/index.php\/2021\/05\/15\/alerta-de-la-union-de-consumidores-por-estafas-a-mayores\/","name":"Alerta de la Uni\u00f3n de Consumidores por estafas a mayores. - cm news","isPartOf":{"@id":"https:\/\/www.cuencasmineras.com\/#website"},"primaryImageOfPage":{"@id":"https:\/\/www.cuencasmineras.com\/index.php\/2021\/05\/15\/alerta-de-la-union-de-consumidores-por-estafas-a-mayores\/#primaryimage"},"image":{"@id":"https:\/\/www.cuencasmineras.com\/index.php\/2021\/05\/15\/alerta-de-la-union-de-consumidores-por-estafas-a-mayores\/#primaryimage"},"thumbnailUrl":"https:\/\/www.cuencasmineras.com\/wp-content\/uploads\/2021\/05\/64465446-1248x830-1.jpg","datePublished":"2021-05-15T17:10:43+00:00","author":{"@id":"https:\/\/www.cuencasmineras.com\/#\/schema\/person\/be0691310e8496ec555f679dd688420c"},"description":"Aumentan las ventas \"abusivas\" en domilicios: \u201cLlegan a vender enciclopedias a personas invidentes\u201d , denuncian.","breadcrumb":{"@id":"https:\/\/www.cuencasmineras.com\/index.php\/2021\/05\/15\/alerta-de-la-union-de-consumidores-por-estafas-a-mayores\/#breadcrumb"},"inLanguage":"es","potentialAction":[{"@type":"ReadAction","target":["https:\/\/www.cuencasmineras.com\/index.php\/2021\/05\/15\/alerta-de-la-union-de-consumidores-por-estafas-a-mayores\/"]}]},{"@type":"ImageObject","inLanguage":"es","@id":"https:\/\/www.cuencasmineras.com\/index.php\/2021\/05\/15\/alerta-de-la-union-de-consumidores-por-estafas-a-mayores\/#primaryimage","url":"https:\/\/www.cuencasmineras.com\/wp-content\/uploads\/2021\/05\/64465446-1248x830-1.jpg","contentUrl":"https:\/\/www.cuencasmineras.com\/wp-content\/uploads\/2021\/05\/64465446-1248x830-1.jpg","width":1248,"height":830},{"@type":"BreadcrumbList","@id":"https:\/\/www.cuencasmineras.com\/index.php\/2021\/05\/15\/alerta-de-la-union-de-consumidores-por-estafas-a-mayores\/#breadcrumb","itemListElement":[{"@type":"ListItem","position":1,"name":"Portada","item":"https:\/\/www.cuencasmineras.com\/"},{"@type":"ListItem","position":2,"name":"Alerta de la Uni\u00f3n de Consumidores por estafas a mayores."}]},{"@type":"WebSite","@id":"https:\/\/www.cuencasmineras.com\/#website","url":"https:\/\/www.cuencasmineras.com\/","name":"","description":"","potentialAction":[{"@type":"SearchAction","target":{"@type":"EntryPoint","urlTemplate":"https:\/\/www.cuencasmineras.com\/?s={search_term_string}"},"query-input":{"@type":"PropertyValueSpecification","valueRequired":true,"valueName":"search_term_string"}}],"inLanguage":"es"},{"@type":"Person","@id":"https:\/\/www.cuencasmineras.com\/#\/schema\/person\/be0691310e8496ec555f679dd688420c","name":"admin","image":{"@type":"ImageObject","inLanguage":"es","@id":"https:\/\/secure.gravatar.com\/avatar\/4afd2eed3b2fbbf36dd6707b5bd8a5b50ac648f033e36fbf85aeace2f0f859db?s=96&d=mm&r=g","url":"https:\/\/secure.gravatar.com\/avatar\/4afd2eed3b2fbbf36dd6707b5bd8a5b50ac648f033e36fbf85aeace2f0f859db?s=96&d=mm&r=g","contentUrl":"https:\/\/secure.gravatar.com\/avatar\/4afd2eed3b2fbbf36dd6707b5bd8a5b50ac648f033e36fbf85aeace2f0f859db?s=96&d=mm&r=g","caption":"admin"},"sameAs":["https:\/\/www.cuencasmineras.com"],"url":"https:\/\/www.cuencasmineras.com\/index.php\/author\/admin\/"}]}},"_links":{"self":[{"href":"https:\/\/www.cuencasmineras.com\/index.php\/wp-json\/wp\/v2\/posts\/2667","targetHints":{"allow":["GET"]}}],"collection":[{"href":"https:\/\/www.cuencasmineras.com\/index.php\/wp-json\/wp\/v2\/posts"}],"about":[{"href":"https:\/\/www.cuencasmineras.com\/index.php\/wp-json\/wp\/v2\/types\/post"}],"author":[{"embeddable":true,"href":"https:\/\/www.cuencasmineras.com\/index.php\/wp-json\/wp\/v2\/users\/1"}],"replies":[{"embeddable":true,"href":"https:\/\/www.cuencasmineras.com\/index.php\/wp-json\/wp\/v2\/comments?post=2667"}],"version-history":[{"count":1,"href":"https:\/\/www.cuencasmineras.com\/index.php\/wp-json\/wp\/v2\/posts\/2667\/revisions"}],"predecessor-version":[{"id":2669,"href":"https:\/\/www.cuencasmineras.com\/index.php\/wp-json\/wp\/v2\/posts\/2667\/revisions\/2669"}],"wp:featuredmedia":[{"embeddable":true,"href":"https:\/\/www.cuencasmineras.com\/index.php\/wp-json\/wp\/v2\/media\/2668"}],"wp:attachment":[{"href":"https:\/\/www.cuencasmineras.com\/index.php\/wp-json\/wp\/v2\/media?parent=2667"}],"wp:term":[{"taxonomy":"category","embeddable":true,"href":"https:\/\/www.cuencasmineras.com\/index.php\/wp-json\/wp\/v2\/categories?post=2667"},{"taxonomy":"post_tag","embeddable":true,"href":"https:\/\/www.cuencasmineras.com\/index.php\/wp-json\/wp\/v2\/tags?post=2667"}],"curies":[{"name":"wp","href":"https:\/\/api.w.org\/{rel}","templated":true}]}}