{"id":2733,"date":"2021-05-21T17:24:44","date_gmt":"2021-05-21T17:24:44","guid":{"rendered":"https:\/\/www.cuencasmineras.com\/?p=2733"},"modified":"2021-05-21T17:24:44","modified_gmt":"2021-05-21T17:24:44","slug":"morcin-retoma-la-conversion-de-las-antiguas-escuelas-de-las-mazas-en-centro-social","status":"publish","type":"post","link":"https:\/\/www.cuencasmineras.com\/index.php\/2021\/05\/21\/morcin-retoma-la-conversion-de-las-antiguas-escuelas-de-las-mazas-en-centro-social\/","title":{"rendered":"Morc\u00edn retoma la conversi\u00f3n de las antiguas escuelas de Las Mazas en centro social"},"content":{"rendered":"<p style=\"text-align: justify;\">El Ayuntamiento de Morc\u00edn retoma el antiguo proyecto para convertir las antiguas escuelas de Las Mazas en un centro social. Si bien, la iniciativa que acaba de salir a contrataci\u00f3n, ser\u00e1 mucho m\u00e1s sencilla que la que se present\u00f3 hace m\u00e1s de una d\u00e9cada y que se frustr\u00f3 cuando el Gobierno de Mariano Rajoy decidi\u00f3 cerrar el grifo de los fondos mineros. Tan solo se adecuar\u00e1 una parte del inmueble de las antiguas escuelas, mientras que el resto espera convertirse en viviendas gracias a los fondos europeos.<\/p>\n<p><img loading=\"lazy\" decoding=\"async\" class=\"aligncenter size-large wp-image-2734\" src=\"https:\/\/www.cuencasmineras.com\/wp-content\/uploads\/2021\/05\/7fca536b-96c8-4aba-92ca-2396c58bb356_21-9-aspect-ratio_default_0_x429y467-1024x438.jpg\" alt=\"\" width=\"640\" height=\"274\" srcset=\"https:\/\/www.cuencasmineras.com\/wp-content\/uploads\/2021\/05\/7fca536b-96c8-4aba-92ca-2396c58bb356_21-9-aspect-ratio_default_0_x429y467-1024x438.jpg 1024w, https:\/\/www.cuencasmineras.com\/wp-content\/uploads\/2021\/05\/7fca536b-96c8-4aba-92ca-2396c58bb356_21-9-aspect-ratio_default_0_x429y467-300x128.jpg 300w, https:\/\/www.cuencasmineras.com\/wp-content\/uploads\/2021\/05\/7fca536b-96c8-4aba-92ca-2396c58bb356_21-9-aspect-ratio_default_0_x429y467-768x329.jpg 768w, https:\/\/www.cuencasmineras.com\/wp-content\/uploads\/2021\/05\/7fca536b-96c8-4aba-92ca-2396c58bb356_21-9-aspect-ratio_default_0_x429y467.jpg 1280w\" sizes=\"auto, (max-width: 640px) 100vw, 640px\" \/><\/p>\n<p style=\"text-align: justify;\">El alcalde de Morc\u00edn, Mino Garc\u00eda, explic\u00f3 que \u201crehabilitaremos uno de los m\u00f3dulos de las antiguas escuelas para convertirlo en centro social, mientras que el resto se apuntalar\u00e1 y se tapiar\u00e1\u201d. El proyecto ha salido a licitaci\u00f3n con un presupuesto de 78.512 euros y la intenci\u00f3n del Ayuntamiento es que las obras puedan desarrollarse durante el verano para que el nuevo centro social de Las Mazas sea una realidad en oto\u00f1o. El nuevo centro social, como explic\u00f3 el regidor, ser\u00e1 un espacio de alrededor de 100 metros cuadrados con servicio de bar y aseos. Respecto al resto del inmueble, Garc\u00eda se\u00f1al\u00f3 que \u201cesperamos que tenga un encaje en el futuro, aprovechando los fondos europeos, ya que nuestra intenci\u00f3n es convertirlo en viviendas, se podr\u00edan desarrollar entre tres y cuatro apartamentos\u201d. Eso s\u00ed, para todo esto habr\u00e1 que obtener el visto bueno de Patrimonio ya que trata de un bien protegido.<\/p>\n<p style=\"text-align: justify;\">El actual proyecto nada tiene que ver con el que se present\u00f3 en el a\u00f1o 2008. Empezando por el presupuesto, que era entonces de 360.000 euros. La iniciativa planteaba la construcci\u00f3n de un peque\u00f1o espacio esc\u00e9nico donde realizar actuaciones teatrales y actos culturales. Tambi\u00e9n hab\u00eda un espacio reservado para exposiciones, la habilitaci\u00f3n de aulas como zonas de juego infantil e, incluso, un peque\u00f1o centro de estudios. Sin embargo, la suspensi\u00f3n de los proyectos de fondos mineros dio al traste con este proyecto. En 2015, el Principado adquiri\u00f3 el compromiso de dar continuidad a los trabajos, en lo que se iba a abordar la demolici\u00f3n de dos aulas, quedando otras dos, m\u00e1s tres patios, para actividades. Finalmente, la reforma del inmueble de las antiguas escuelas de Las Mazas ver\u00e1 la luz, aunque de forma m\u00e1s sencilla, y dando respuesta a lo que es una vieja aspiraci\u00f3n de los vecinos de esta localidad que est\u00e1 situada en las proximidades de La Foz.<\/p>\n<p style=\"text-align: justify;\">\n<p style=\"text-align: justify;\">Fuente: LNE<\/p>\n","protected":false},"excerpt":{"rendered":"<p>El Ayuntamiento de Morc\u00edn retoma el antiguo proyecto para convertir las antiguas escuelas de Las Mazas en un centro social. Si bien, la iniciativa que acaba de salir a contrataci\u00f3n, ser\u00e1 mucho m\u00e1s sencilla que la que se present\u00f3 hace m\u00e1s de una d\u00e9cada y que se frustr\u00f3 cuando el Gobierno de Mariano Rajoy decidi\u00f3 [&hellip;]<\/p>\n","protected":false},"author":1,"featured_media":2734,"comment_status":"open","ping_status":"open","sticky":false,"template":"","format":"standard","meta":{"footnotes":""},"categories":[7,6],"tags":[],"class_list":["post-2733","post","type-post","status-publish","format-standard","has-post-thumbnail","hentry","category-caudal","category-noticias"],"yoast_head":"<!-- This site is optimized with the Yoast SEO plugin v27.4 - https:\/\/yoast.com\/product\/yoast-seo-wordpress\/ -->\n<title>Morc\u00edn retoma la conversi\u00f3n de las antiguas escuelas de Las Mazas en centro social - cm news<\/title>\n<meta name=\"description\" content=\"El Ayuntamiento solo rehabilitar\u00e1 una parte del inmueble y dejar\u00e1 el resto para desarrollar viviendas aprovechando fondos europeos.\" \/>\n<meta name=\"robots\" content=\"index, follow, max-snippet:-1, max-image-preview:large, max-video-preview:-1\" \/>\n<link rel=\"canonical\" href=\"https:\/\/www.cuencasmineras.com\/index.php\/2021\/05\/21\/morcin-retoma-la-conversion-de-las-antiguas-escuelas-de-las-mazas-en-centro-social\/\" \/>\n<meta property=\"og:locale\" content=\"es_ES\" \/>\n<meta property=\"og:type\" content=\"article\" \/>\n<meta property=\"og:title\" content=\"Morc\u00edn retoma la conversi\u00f3n de las antiguas escuelas de Las Mazas en centro social - cm news\" \/>\n<meta property=\"og:description\" content=\"El Ayuntamiento solo rehabilitar\u00e1 una parte del inmueble y dejar\u00e1 el resto para desarrollar viviendas aprovechando fondos europeos.\" \/>\n<meta property=\"og:url\" content=\"https:\/\/www.cuencasmineras.com\/index.php\/2021\/05\/21\/morcin-retoma-la-conversion-de-las-antiguas-escuelas-de-las-mazas-en-centro-social\/\" \/>\n<meta property=\"article:published_time\" content=\"2021-05-21T17:24:44+00:00\" \/>\n<meta property=\"og:image\" content=\"https:\/\/www.cuencasmineras.com\/wp-content\/uploads\/2021\/05\/7fca536b-96c8-4aba-92ca-2396c58bb356_21-9-aspect-ratio_default_0_x429y467.jpg\" \/>\n\t<meta property=\"og:image:width\" content=\"1280\" \/>\n\t<meta property=\"og:image:height\" content=\"548\" \/>\n\t<meta property=\"og:image:type\" content=\"image\/jpeg\" \/>\n<meta name=\"author\" content=\"admin\" \/>\n<meta name=\"twitter:card\" content=\"summary_large_image\" \/>\n<meta name=\"twitter:label1\" content=\"Escrito por\" \/>\n\t<meta name=\"twitter:data1\" content=\"admin\" \/>\n\t<meta name=\"twitter:label2\" content=\"Tiempo de lectura\" \/>\n\t<meta name=\"twitter:data2\" content=\"2 minutos\" \/>\n<script type=\"application\/ld+json\" class=\"yoast-schema-graph\">{\"@context\":\"https:\\\/\\\/schema.org\",\"@graph\":[{\"@type\":\"Article\",\"@id\":\"https:\\\/\\\/www.cuencasmineras.com\\\/index.php\\\/2021\\\/05\\\/21\\\/morcin-retoma-la-conversion-de-las-antiguas-escuelas-de-las-mazas-en-centro-social\\\/#article\",\"isPartOf\":{\"@id\":\"https:\\\/\\\/www.cuencasmineras.com\\\/index.php\\\/2021\\\/05\\\/21\\\/morcin-retoma-la-conversion-de-las-antiguas-escuelas-de-las-mazas-en-centro-social\\\/\"},\"author\":{\"name\":\"admin\",\"@id\":\"https:\\\/\\\/www.cuencasmineras.com\\\/#\\\/schema\\\/person\\\/be0691310e8496ec555f679dd688420c\"},\"headline\":\"Morc\u00edn retoma la conversi\u00f3n de las antiguas escuelas de Las Mazas en centro social\",\"datePublished\":\"2021-05-21T17:24:44+00:00\",\"mainEntityOfPage\":{\"@id\":\"https:\\\/\\\/www.cuencasmineras.com\\\/index.php\\\/2021\\\/05\\\/21\\\/morcin-retoma-la-conversion-de-las-antiguas-escuelas-de-las-mazas-en-centro-social\\\/\"},\"wordCount\":438,\"commentCount\":0,\"image\":{\"@id\":\"https:\\\/\\\/www.cuencasmineras.com\\\/index.php\\\/2021\\\/05\\\/21\\\/morcin-retoma-la-conversion-de-las-antiguas-escuelas-de-las-mazas-en-centro-social\\\/#primaryimage\"},\"thumbnailUrl\":\"https:\\\/\\\/www.cuencasmineras.com\\\/wp-content\\\/uploads\\\/2021\\\/05\\\/7fca536b-96c8-4aba-92ca-2396c58bb356_21-9-aspect-ratio_default_0_x429y467.jpg\",\"articleSection\":[\"Caudal\",\"CM NEWS\"],\"inLanguage\":\"es\",\"potentialAction\":[{\"@type\":\"CommentAction\",\"name\":\"Comment\",\"target\":[\"https:\\\/\\\/www.cuencasmineras.com\\\/index.php\\\/2021\\\/05\\\/21\\\/morcin-retoma-la-conversion-de-las-antiguas-escuelas-de-las-mazas-en-centro-social\\\/#respond\"]}]},{\"@type\":\"WebPage\",\"@id\":\"https:\\\/\\\/www.cuencasmineras.com\\\/index.php\\\/2021\\\/05\\\/21\\\/morcin-retoma-la-conversion-de-las-antiguas-escuelas-de-las-mazas-en-centro-social\\\/\",\"url\":\"https:\\\/\\\/www.cuencasmineras.com\\\/index.php\\\/2021\\\/05\\\/21\\\/morcin-retoma-la-conversion-de-las-antiguas-escuelas-de-las-mazas-en-centro-social\\\/\",\"name\":\"Morc\u00edn retoma la conversi\u00f3n de las antiguas escuelas de Las Mazas en centro social - cm news\",\"isPartOf\":{\"@id\":\"https:\\\/\\\/www.cuencasmineras.com\\\/#website\"},\"primaryImageOfPage\":{\"@id\":\"https:\\\/\\\/www.cuencasmineras.com\\\/index.php\\\/2021\\\/05\\\/21\\\/morcin-retoma-la-conversion-de-las-antiguas-escuelas-de-las-mazas-en-centro-social\\\/#primaryimage\"},\"image\":{\"@id\":\"https:\\\/\\\/www.cuencasmineras.com\\\/index.php\\\/2021\\\/05\\\/21\\\/morcin-retoma-la-conversion-de-las-antiguas-escuelas-de-las-mazas-en-centro-social\\\/#primaryimage\"},\"thumbnailUrl\":\"https:\\\/\\\/www.cuencasmineras.com\\\/wp-content\\\/uploads\\\/2021\\\/05\\\/7fca536b-96c8-4aba-92ca-2396c58bb356_21-9-aspect-ratio_default_0_x429y467.jpg\",\"datePublished\":\"2021-05-21T17:24:44+00:00\",\"author\":{\"@id\":\"https:\\\/\\\/www.cuencasmineras.com\\\/#\\\/schema\\\/person\\\/be0691310e8496ec555f679dd688420c\"},\"description\":\"El Ayuntamiento solo rehabilitar\u00e1 una parte del inmueble y dejar\u00e1 el resto para desarrollar viviendas aprovechando fondos europeos.\",\"breadcrumb\":{\"@id\":\"https:\\\/\\\/www.cuencasmineras.com\\\/index.php\\\/2021\\\/05\\\/21\\\/morcin-retoma-la-conversion-de-las-antiguas-escuelas-de-las-mazas-en-centro-social\\\/#breadcrumb\"},\"inLanguage\":\"es\",\"potentialAction\":[{\"@type\":\"ReadAction\",\"target\":[\"https:\\\/\\\/www.cuencasmineras.com\\\/index.php\\\/2021\\\/05\\\/21\\\/morcin-retoma-la-conversion-de-las-antiguas-escuelas-de-las-mazas-en-centro-social\\\/\"]}]},{\"@type\":\"ImageObject\",\"inLanguage\":\"es\",\"@id\":\"https:\\\/\\\/www.cuencasmineras.com\\\/index.php\\\/2021\\\/05\\\/21\\\/morcin-retoma-la-conversion-de-las-antiguas-escuelas-de-las-mazas-en-centro-social\\\/#primaryimage\",\"url\":\"https:\\\/\\\/www.cuencasmineras.com\\\/wp-content\\\/uploads\\\/2021\\\/05\\\/7fca536b-96c8-4aba-92ca-2396c58bb356_21-9-aspect-ratio_default_0_x429y467.jpg\",\"contentUrl\":\"https:\\\/\\\/www.cuencasmineras.com\\\/wp-content\\\/uploads\\\/2021\\\/05\\\/7fca536b-96c8-4aba-92ca-2396c58bb356_21-9-aspect-ratio_default_0_x429y467.jpg\",\"width\":1280,\"height\":548},{\"@type\":\"BreadcrumbList\",\"@id\":\"https:\\\/\\\/www.cuencasmineras.com\\\/index.php\\\/2021\\\/05\\\/21\\\/morcin-retoma-la-conversion-de-las-antiguas-escuelas-de-las-mazas-en-centro-social\\\/#breadcrumb\",\"itemListElement\":[{\"@type\":\"ListItem\",\"position\":1,\"name\":\"Portada\",\"item\":\"https:\\\/\\\/www.cuencasmineras.com\\\/\"},{\"@type\":\"ListItem\",\"position\":2,\"name\":\"Morc\u00edn retoma la conversi\u00f3n de las antiguas escuelas de Las Mazas en centro social\"}]},{\"@type\":\"WebSite\",\"@id\":\"https:\\\/\\\/www.cuencasmineras.com\\\/#website\",\"url\":\"https:\\\/\\\/www.cuencasmineras.com\\\/\",\"name\":\"\",\"description\":\"\",\"potentialAction\":[{\"@type\":\"SearchAction\",\"target\":{\"@type\":\"EntryPoint\",\"urlTemplate\":\"https:\\\/\\\/www.cuencasmineras.com\\\/?s={search_term_string}\"},\"query-input\":{\"@type\":\"PropertyValueSpecification\",\"valueRequired\":true,\"valueName\":\"search_term_string\"}}],\"inLanguage\":\"es\"},{\"@type\":\"Person\",\"@id\":\"https:\\\/\\\/www.cuencasmineras.com\\\/#\\\/schema\\\/person\\\/be0691310e8496ec555f679dd688420c\",\"name\":\"admin\",\"image\":{\"@type\":\"ImageObject\",\"inLanguage\":\"es\",\"@id\":\"https:\\\/\\\/secure.gravatar.com\\\/avatar\\\/4afd2eed3b2fbbf36dd6707b5bd8a5b50ac648f033e36fbf85aeace2f0f859db?s=96&d=mm&r=g\",\"url\":\"https:\\\/\\\/secure.gravatar.com\\\/avatar\\\/4afd2eed3b2fbbf36dd6707b5bd8a5b50ac648f033e36fbf85aeace2f0f859db?s=96&d=mm&r=g\",\"contentUrl\":\"https:\\\/\\\/secure.gravatar.com\\\/avatar\\\/4afd2eed3b2fbbf36dd6707b5bd8a5b50ac648f033e36fbf85aeace2f0f859db?s=96&d=mm&r=g\",\"caption\":\"admin\"},\"sameAs\":[\"https:\\\/\\\/www.cuencasmineras.com\"],\"url\":\"https:\\\/\\\/www.cuencasmineras.com\\\/index.php\\\/author\\\/admin\\\/\"}]}<\/script>\n<!-- \/ Yoast SEO plugin. -->","yoast_head_json":{"title":"Morc\u00edn retoma la conversi\u00f3n de las antiguas escuelas de Las Mazas en centro social - cm news","description":"El Ayuntamiento solo rehabilitar\u00e1 una parte del inmueble y dejar\u00e1 el resto para desarrollar viviendas aprovechando fondos europeos.","robots":{"index":"index","follow":"follow","max-snippet":"max-snippet:-1","max-image-preview":"max-image-preview:large","max-video-preview":"max-video-preview:-1"},"canonical":"https:\/\/www.cuencasmineras.com\/index.php\/2021\/05\/21\/morcin-retoma-la-conversion-de-las-antiguas-escuelas-de-las-mazas-en-centro-social\/","og_locale":"es_ES","og_type":"article","og_title":"Morc\u00edn retoma la conversi\u00f3n de las antiguas escuelas de Las Mazas en centro social - cm news","og_description":"El Ayuntamiento solo rehabilitar\u00e1 una parte del inmueble y dejar\u00e1 el resto para desarrollar viviendas aprovechando fondos europeos.","og_url":"https:\/\/www.cuencasmineras.com\/index.php\/2021\/05\/21\/morcin-retoma-la-conversion-de-las-antiguas-escuelas-de-las-mazas-en-centro-social\/","article_published_time":"2021-05-21T17:24:44+00:00","og_image":[{"width":1280,"height":548,"url":"https:\/\/www.cuencasmineras.com\/wp-content\/uploads\/2021\/05\/7fca536b-96c8-4aba-92ca-2396c58bb356_21-9-aspect-ratio_default_0_x429y467.jpg","type":"image\/jpeg"}],"author":"admin","twitter_card":"summary_large_image","twitter_misc":{"Escrito por":"admin","Tiempo de lectura":"2 minutos"},"schema":{"@context":"https:\/\/schema.org","@graph":[{"@type":"Article","@id":"https:\/\/www.cuencasmineras.com\/index.php\/2021\/05\/21\/morcin-retoma-la-conversion-de-las-antiguas-escuelas-de-las-mazas-en-centro-social\/#article","isPartOf":{"@id":"https:\/\/www.cuencasmineras.com\/index.php\/2021\/05\/21\/morcin-retoma-la-conversion-de-las-antiguas-escuelas-de-las-mazas-en-centro-social\/"},"author":{"name":"admin","@id":"https:\/\/www.cuencasmineras.com\/#\/schema\/person\/be0691310e8496ec555f679dd688420c"},"headline":"Morc\u00edn retoma la conversi\u00f3n de las antiguas escuelas de Las Mazas en centro social","datePublished":"2021-05-21T17:24:44+00:00","mainEntityOfPage":{"@id":"https:\/\/www.cuencasmineras.com\/index.php\/2021\/05\/21\/morcin-retoma-la-conversion-de-las-antiguas-escuelas-de-las-mazas-en-centro-social\/"},"wordCount":438,"commentCount":0,"image":{"@id":"https:\/\/www.cuencasmineras.com\/index.php\/2021\/05\/21\/morcin-retoma-la-conversion-de-las-antiguas-escuelas-de-las-mazas-en-centro-social\/#primaryimage"},"thumbnailUrl":"https:\/\/www.cuencasmineras.com\/wp-content\/uploads\/2021\/05\/7fca536b-96c8-4aba-92ca-2396c58bb356_21-9-aspect-ratio_default_0_x429y467.jpg","articleSection":["Caudal","CM NEWS"],"inLanguage":"es","potentialAction":[{"@type":"CommentAction","name":"Comment","target":["https:\/\/www.cuencasmineras.com\/index.php\/2021\/05\/21\/morcin-retoma-la-conversion-de-las-antiguas-escuelas-de-las-mazas-en-centro-social\/#respond"]}]},{"@type":"WebPage","@id":"https:\/\/www.cuencasmineras.com\/index.php\/2021\/05\/21\/morcin-retoma-la-conversion-de-las-antiguas-escuelas-de-las-mazas-en-centro-social\/","url":"https:\/\/www.cuencasmineras.com\/index.php\/2021\/05\/21\/morcin-retoma-la-conversion-de-las-antiguas-escuelas-de-las-mazas-en-centro-social\/","name":"Morc\u00edn retoma la conversi\u00f3n de las antiguas escuelas de Las Mazas en centro social - cm news","isPartOf":{"@id":"https:\/\/www.cuencasmineras.com\/#website"},"primaryImageOfPage":{"@id":"https:\/\/www.cuencasmineras.com\/index.php\/2021\/05\/21\/morcin-retoma-la-conversion-de-las-antiguas-escuelas-de-las-mazas-en-centro-social\/#primaryimage"},"image":{"@id":"https:\/\/www.cuencasmineras.com\/index.php\/2021\/05\/21\/morcin-retoma-la-conversion-de-las-antiguas-escuelas-de-las-mazas-en-centro-social\/#primaryimage"},"thumbnailUrl":"https:\/\/www.cuencasmineras.com\/wp-content\/uploads\/2021\/05\/7fca536b-96c8-4aba-92ca-2396c58bb356_21-9-aspect-ratio_default_0_x429y467.jpg","datePublished":"2021-05-21T17:24:44+00:00","author":{"@id":"https:\/\/www.cuencasmineras.com\/#\/schema\/person\/be0691310e8496ec555f679dd688420c"},"description":"El Ayuntamiento solo rehabilitar\u00e1 una parte del inmueble y dejar\u00e1 el resto para desarrollar viviendas aprovechando fondos europeos.","breadcrumb":{"@id":"https:\/\/www.cuencasmineras.com\/index.php\/2021\/05\/21\/morcin-retoma-la-conversion-de-las-antiguas-escuelas-de-las-mazas-en-centro-social\/#breadcrumb"},"inLanguage":"es","potentialAction":[{"@type":"ReadAction","target":["https:\/\/www.cuencasmineras.com\/index.php\/2021\/05\/21\/morcin-retoma-la-conversion-de-las-antiguas-escuelas-de-las-mazas-en-centro-social\/"]}]},{"@type":"ImageObject","inLanguage":"es","@id":"https:\/\/www.cuencasmineras.com\/index.php\/2021\/05\/21\/morcin-retoma-la-conversion-de-las-antiguas-escuelas-de-las-mazas-en-centro-social\/#primaryimage","url":"https:\/\/www.cuencasmineras.com\/wp-content\/uploads\/2021\/05\/7fca536b-96c8-4aba-92ca-2396c58bb356_21-9-aspect-ratio_default_0_x429y467.jpg","contentUrl":"https:\/\/www.cuencasmineras.com\/wp-content\/uploads\/2021\/05\/7fca536b-96c8-4aba-92ca-2396c58bb356_21-9-aspect-ratio_default_0_x429y467.jpg","width":1280,"height":548},{"@type":"BreadcrumbList","@id":"https:\/\/www.cuencasmineras.com\/index.php\/2021\/05\/21\/morcin-retoma-la-conversion-de-las-antiguas-escuelas-de-las-mazas-en-centro-social\/#breadcrumb","itemListElement":[{"@type":"ListItem","position":1,"name":"Portada","item":"https:\/\/www.cuencasmineras.com\/"},{"@type":"ListItem","position":2,"name":"Morc\u00edn retoma la conversi\u00f3n de las antiguas escuelas de Las Mazas en centro social"}]},{"@type":"WebSite","@id":"https:\/\/www.cuencasmineras.com\/#website","url":"https:\/\/www.cuencasmineras.com\/","name":"","description":"","potentialAction":[{"@type":"SearchAction","target":{"@type":"EntryPoint","urlTemplate":"https:\/\/www.cuencasmineras.com\/?s={search_term_string}"},"query-input":{"@type":"PropertyValueSpecification","valueRequired":true,"valueName":"search_term_string"}}],"inLanguage":"es"},{"@type":"Person","@id":"https:\/\/www.cuencasmineras.com\/#\/schema\/person\/be0691310e8496ec555f679dd688420c","name":"admin","image":{"@type":"ImageObject","inLanguage":"es","@id":"https:\/\/secure.gravatar.com\/avatar\/4afd2eed3b2fbbf36dd6707b5bd8a5b50ac648f033e36fbf85aeace2f0f859db?s=96&d=mm&r=g","url":"https:\/\/secure.gravatar.com\/avatar\/4afd2eed3b2fbbf36dd6707b5bd8a5b50ac648f033e36fbf85aeace2f0f859db?s=96&d=mm&r=g","contentUrl":"https:\/\/secure.gravatar.com\/avatar\/4afd2eed3b2fbbf36dd6707b5bd8a5b50ac648f033e36fbf85aeace2f0f859db?s=96&d=mm&r=g","caption":"admin"},"sameAs":["https:\/\/www.cuencasmineras.com"],"url":"https:\/\/www.cuencasmineras.com\/index.php\/author\/admin\/"}]}},"_links":{"self":[{"href":"https:\/\/www.cuencasmineras.com\/index.php\/wp-json\/wp\/v2\/posts\/2733","targetHints":{"allow":["GET"]}}],"collection":[{"href":"https:\/\/www.cuencasmineras.com\/index.php\/wp-json\/wp\/v2\/posts"}],"about":[{"href":"https:\/\/www.cuencasmineras.com\/index.php\/wp-json\/wp\/v2\/types\/post"}],"author":[{"embeddable":true,"href":"https:\/\/www.cuencasmineras.com\/index.php\/wp-json\/wp\/v2\/users\/1"}],"replies":[{"embeddable":true,"href":"https:\/\/www.cuencasmineras.com\/index.php\/wp-json\/wp\/v2\/comments?post=2733"}],"version-history":[{"count":1,"href":"https:\/\/www.cuencasmineras.com\/index.php\/wp-json\/wp\/v2\/posts\/2733\/revisions"}],"predecessor-version":[{"id":2735,"href":"https:\/\/www.cuencasmineras.com\/index.php\/wp-json\/wp\/v2\/posts\/2733\/revisions\/2735"}],"wp:featuredmedia":[{"embeddable":true,"href":"https:\/\/www.cuencasmineras.com\/index.php\/wp-json\/wp\/v2\/media\/2734"}],"wp:attachment":[{"href":"https:\/\/www.cuencasmineras.com\/index.php\/wp-json\/wp\/v2\/media?parent=2733"}],"wp:term":[{"taxonomy":"category","embeddable":true,"href":"https:\/\/www.cuencasmineras.com\/index.php\/wp-json\/wp\/v2\/categories?post=2733"},{"taxonomy":"post_tag","embeddable":true,"href":"https:\/\/www.cuencasmineras.com\/index.php\/wp-json\/wp\/v2\/tags?post=2733"}],"curies":[{"name":"wp","href":"https:\/\/api.w.org\/{rel}","templated":true}]}}