{"id":2739,"date":"2021-05-21T17:31:42","date_gmt":"2021-05-21T17:31:42","guid":{"rendered":"https:\/\/www.cuencasmineras.com\/?p=2739"},"modified":"2021-05-21T17:31:42","modified_gmt":"2021-05-21T17:31:42","slug":"el-detenido-como-autor-del-presunto-asesinato-de-una-mujer-en-pola-de-laviana-pasa-a-disposicion-judicial","status":"publish","type":"post","link":"https:\/\/www.cuencasmineras.com\/index.php\/2021\/05\/21\/el-detenido-como-autor-del-presunto-asesinato-de-una-mujer-en-pola-de-laviana-pasa-a-disposicion-judicial\/","title":{"rendered":"El detenido como autor del presunto asesinato de una mujer en Pola de Laviana pasa a disposici\u00f3n judicial"},"content":{"rendered":"<p style=\"text-align: justify;\">Senen F.R., el hombre detenido como presunto autor de Teresa Aladro Calvo, ha pasado a disposici\u00f3n del Juzgado de Primera Instancia e Instrucci\u00f3n n\u00famero 2 de Laviana. El detenido ha llegado alrededor de las 10.30 a las dependencias de juzgado, donde ha accedido protegido por agentes de la Guardia civil. En las puertas del edifico, varios de los presentes han recibido al supuesto autor de los hechos entre insultos y gritos de condena por el asesinato.<\/p>\n<p><img loading=\"lazy\" decoding=\"async\" class=\"aligncenter size-large wp-image-2740\" src=\"https:\/\/www.cuencasmineras.com\/wp-content\/uploads\/2021\/05\/ba34a5d9-f985-45e1-a12a-62caf809a13b_21-9-aspect-ratio_default_0-1024x438.jpg\" alt=\"\" width=\"640\" height=\"274\" srcset=\"https:\/\/www.cuencasmineras.com\/wp-content\/uploads\/2021\/05\/ba34a5d9-f985-45e1-a12a-62caf809a13b_21-9-aspect-ratio_default_0-1024x438.jpg 1024w, https:\/\/www.cuencasmineras.com\/wp-content\/uploads\/2021\/05\/ba34a5d9-f985-45e1-a12a-62caf809a13b_21-9-aspect-ratio_default_0-300x128.jpg 300w, https:\/\/www.cuencasmineras.com\/wp-content\/uploads\/2021\/05\/ba34a5d9-f985-45e1-a12a-62caf809a13b_21-9-aspect-ratio_default_0-768x329.jpg 768w, https:\/\/www.cuencasmineras.com\/wp-content\/uploads\/2021\/05\/ba34a5d9-f985-45e1-a12a-62caf809a13b_21-9-aspect-ratio_default_0.jpg 1280w\" sizes=\"auto, (max-width: 640px) 100vw, 640px\" \/><\/p>\n<p style=\"text-align: justify;\">Mar\u00eda Teresa Aladro \u201cTere\u201d, natural de Caleao (Caso) y vecina de Pola de Laviana, falleci\u00f3 en la madrugada de ayer tras recibir un disparo de escopeta de caza. Ten\u00eda 48 a\u00f1os. El presunto autor de los hechos fue su marido durante m\u00e1s de dos d\u00e9cadas y padre de su hijo, de 20 a\u00f1os. Llevaban poco tiempo separados. El hombre, natural de Llanos (Aller) y de 51 a\u00f1os, se entreg\u00f3 a la Guardia Civil tras el criminal acto.<\/p>\n<p style=\"text-align: justify;\">Tras el crimen, S. F. R. sali\u00f3 del piso e inform\u00f3 a un familiar cercano de lo que hab\u00eda hecho. Este familiar dio aviso a la Guardia Civil. El presunto autor de los hechos dio el alto a una patrulla cuando se dirig\u00eda al cuartel para entregarse. Fue trasladado de inmediato al calabozo de la Guardia Civil en Langreo.<\/p>\n<p style=\"text-align: justify;\">\n<p style=\"text-align: justify;\">Fuente: LNE<\/p>\n","protected":false},"excerpt":{"rendered":"<p>Senen F.R., el hombre detenido como presunto autor de Teresa Aladro Calvo, ha pasado a disposici\u00f3n del Juzgado de Primera Instancia e Instrucci\u00f3n n\u00famero 2 de Laviana. El detenido ha llegado alrededor de las 10.30 a las dependencias de juzgado, donde ha accedido protegido por agentes de la Guardia civil. En las puertas del edifico, [&hellip;]<\/p>\n","protected":false},"author":1,"featured_media":2740,"comment_status":"open","ping_status":"open","sticky":false,"template":"","format":"standard","meta":{"footnotes":""},"categories":[7,6,8],"tags":[],"class_list":["post-2739","post","type-post","status-publish","format-standard","has-post-thumbnail","hentry","category-caudal","category-noticias","category-nalon"],"yoast_head":"<!-- This site is optimized with the Yoast SEO plugin v27.4 - https:\/\/yoast.com\/product\/yoast-seo-wordpress\/ -->\n<title>El detenido como autor del presunto asesinato de una mujer en Pola de Laviana pasa a disposici\u00f3n judicial - cm news<\/title>\n<meta name=\"description\" content=\"El detenido como autor del presunto asesinato de una mujer en Pola de Laviana pasa a disposici\u00f3n judicial. El hombre ha sido recibido entre insultos y gritos de condena por el crimen.\" \/>\n<meta name=\"robots\" content=\"index, follow, max-snippet:-1, max-image-preview:large, max-video-preview:-1\" \/>\n<link rel=\"canonical\" href=\"https:\/\/www.cuencasmineras.com\/index.php\/2021\/05\/21\/el-detenido-como-autor-del-presunto-asesinato-de-una-mujer-en-pola-de-laviana-pasa-a-disposicion-judicial\/\" \/>\n<meta property=\"og:locale\" content=\"es_ES\" \/>\n<meta property=\"og:type\" content=\"article\" \/>\n<meta property=\"og:title\" content=\"El detenido como autor del presunto asesinato de una mujer en Pola de Laviana pasa a disposici\u00f3n judicial - cm news\" \/>\n<meta property=\"og:description\" content=\"El detenido como autor del presunto asesinato de una mujer en Pola de Laviana pasa a disposici\u00f3n judicial. El hombre ha sido recibido entre insultos y gritos de condena por el crimen.\" \/>\n<meta property=\"og:url\" content=\"https:\/\/www.cuencasmineras.com\/index.php\/2021\/05\/21\/el-detenido-como-autor-del-presunto-asesinato-de-una-mujer-en-pola-de-laviana-pasa-a-disposicion-judicial\/\" \/>\n<meta property=\"article:published_time\" content=\"2021-05-21T17:31:42+00:00\" \/>\n<meta property=\"og:image\" content=\"https:\/\/www.cuencasmineras.com\/wp-content\/uploads\/2021\/05\/ba34a5d9-f985-45e1-a12a-62caf809a13b_21-9-aspect-ratio_default_0.jpg\" \/>\n\t<meta property=\"og:image:width\" content=\"1280\" \/>\n\t<meta property=\"og:image:height\" content=\"548\" \/>\n\t<meta property=\"og:image:type\" content=\"image\/jpeg\" \/>\n<meta name=\"author\" content=\"admin\" \/>\n<meta name=\"twitter:card\" content=\"summary_large_image\" \/>\n<meta name=\"twitter:label1\" content=\"Escrito por\" \/>\n\t<meta name=\"twitter:data1\" content=\"admin\" \/>\n\t<meta name=\"twitter:label2\" content=\"Tiempo de lectura\" \/>\n\t<meta name=\"twitter:data2\" content=\"2 minutos\" \/>\n<script type=\"application\/ld+json\" class=\"yoast-schema-graph\">{\"@context\":\"https:\\\/\\\/schema.org\",\"@graph\":[{\"@type\":\"Article\",\"@id\":\"https:\\\/\\\/www.cuencasmineras.com\\\/index.php\\\/2021\\\/05\\\/21\\\/el-detenido-como-autor-del-presunto-asesinato-de-una-mujer-en-pola-de-laviana-pasa-a-disposicion-judicial\\\/#article\",\"isPartOf\":{\"@id\":\"https:\\\/\\\/www.cuencasmineras.com\\\/index.php\\\/2021\\\/05\\\/21\\\/el-detenido-como-autor-del-presunto-asesinato-de-una-mujer-en-pola-de-laviana-pasa-a-disposicion-judicial\\\/\"},\"author\":{\"name\":\"admin\",\"@id\":\"https:\\\/\\\/www.cuencasmineras.com\\\/#\\\/schema\\\/person\\\/be0691310e8496ec555f679dd688420c\"},\"headline\":\"El detenido como autor del presunto asesinato de una mujer en Pola de Laviana pasa a disposici\u00f3n judicial\",\"datePublished\":\"2021-05-21T17:31:42+00:00\",\"mainEntityOfPage\":{\"@id\":\"https:\\\/\\\/www.cuencasmineras.com\\\/index.php\\\/2021\\\/05\\\/21\\\/el-detenido-como-autor-del-presunto-asesinato-de-una-mujer-en-pola-de-laviana-pasa-a-disposicion-judicial\\\/\"},\"wordCount\":241,\"commentCount\":0,\"image\":{\"@id\":\"https:\\\/\\\/www.cuencasmineras.com\\\/index.php\\\/2021\\\/05\\\/21\\\/el-detenido-como-autor-del-presunto-asesinato-de-una-mujer-en-pola-de-laviana-pasa-a-disposicion-judicial\\\/#primaryimage\"},\"thumbnailUrl\":\"https:\\\/\\\/www.cuencasmineras.com\\\/wp-content\\\/uploads\\\/2021\\\/05\\\/ba34a5d9-f985-45e1-a12a-62caf809a13b_21-9-aspect-ratio_default_0.jpg\",\"articleSection\":[\"Caudal\",\"CM NEWS\",\"Nal\u00f3n\"],\"inLanguage\":\"es\",\"potentialAction\":[{\"@type\":\"CommentAction\",\"name\":\"Comment\",\"target\":[\"https:\\\/\\\/www.cuencasmineras.com\\\/index.php\\\/2021\\\/05\\\/21\\\/el-detenido-como-autor-del-presunto-asesinato-de-una-mujer-en-pola-de-laviana-pasa-a-disposicion-judicial\\\/#respond\"]}]},{\"@type\":\"WebPage\",\"@id\":\"https:\\\/\\\/www.cuencasmineras.com\\\/index.php\\\/2021\\\/05\\\/21\\\/el-detenido-como-autor-del-presunto-asesinato-de-una-mujer-en-pola-de-laviana-pasa-a-disposicion-judicial\\\/\",\"url\":\"https:\\\/\\\/www.cuencasmineras.com\\\/index.php\\\/2021\\\/05\\\/21\\\/el-detenido-como-autor-del-presunto-asesinato-de-una-mujer-en-pola-de-laviana-pasa-a-disposicion-judicial\\\/\",\"name\":\"El detenido como autor del presunto asesinato de una mujer en Pola de Laviana pasa a disposici\u00f3n judicial - cm news\",\"isPartOf\":{\"@id\":\"https:\\\/\\\/www.cuencasmineras.com\\\/#website\"},\"primaryImageOfPage\":{\"@id\":\"https:\\\/\\\/www.cuencasmineras.com\\\/index.php\\\/2021\\\/05\\\/21\\\/el-detenido-como-autor-del-presunto-asesinato-de-una-mujer-en-pola-de-laviana-pasa-a-disposicion-judicial\\\/#primaryimage\"},\"image\":{\"@id\":\"https:\\\/\\\/www.cuencasmineras.com\\\/index.php\\\/2021\\\/05\\\/21\\\/el-detenido-como-autor-del-presunto-asesinato-de-una-mujer-en-pola-de-laviana-pasa-a-disposicion-judicial\\\/#primaryimage\"},\"thumbnailUrl\":\"https:\\\/\\\/www.cuencasmineras.com\\\/wp-content\\\/uploads\\\/2021\\\/05\\\/ba34a5d9-f985-45e1-a12a-62caf809a13b_21-9-aspect-ratio_default_0.jpg\",\"datePublished\":\"2021-05-21T17:31:42+00:00\",\"author\":{\"@id\":\"https:\\\/\\\/www.cuencasmineras.com\\\/#\\\/schema\\\/person\\\/be0691310e8496ec555f679dd688420c\"},\"description\":\"El detenido como autor del presunto asesinato de una mujer en Pola de Laviana pasa a disposici\u00f3n judicial. El hombre ha sido recibido entre insultos y gritos de condena por el crimen.\",\"breadcrumb\":{\"@id\":\"https:\\\/\\\/www.cuencasmineras.com\\\/index.php\\\/2021\\\/05\\\/21\\\/el-detenido-como-autor-del-presunto-asesinato-de-una-mujer-en-pola-de-laviana-pasa-a-disposicion-judicial\\\/#breadcrumb\"},\"inLanguage\":\"es\",\"potentialAction\":[{\"@type\":\"ReadAction\",\"target\":[\"https:\\\/\\\/www.cuencasmineras.com\\\/index.php\\\/2021\\\/05\\\/21\\\/el-detenido-como-autor-del-presunto-asesinato-de-una-mujer-en-pola-de-laviana-pasa-a-disposicion-judicial\\\/\"]}]},{\"@type\":\"ImageObject\",\"inLanguage\":\"es\",\"@id\":\"https:\\\/\\\/www.cuencasmineras.com\\\/index.php\\\/2021\\\/05\\\/21\\\/el-detenido-como-autor-del-presunto-asesinato-de-una-mujer-en-pola-de-laviana-pasa-a-disposicion-judicial\\\/#primaryimage\",\"url\":\"https:\\\/\\\/www.cuencasmineras.com\\\/wp-content\\\/uploads\\\/2021\\\/05\\\/ba34a5d9-f985-45e1-a12a-62caf809a13b_21-9-aspect-ratio_default_0.jpg\",\"contentUrl\":\"https:\\\/\\\/www.cuencasmineras.com\\\/wp-content\\\/uploads\\\/2021\\\/05\\\/ba34a5d9-f985-45e1-a12a-62caf809a13b_21-9-aspect-ratio_default_0.jpg\",\"width\":1280,\"height\":548},{\"@type\":\"BreadcrumbList\",\"@id\":\"https:\\\/\\\/www.cuencasmineras.com\\\/index.php\\\/2021\\\/05\\\/21\\\/el-detenido-como-autor-del-presunto-asesinato-de-una-mujer-en-pola-de-laviana-pasa-a-disposicion-judicial\\\/#breadcrumb\",\"itemListElement\":[{\"@type\":\"ListItem\",\"position\":1,\"name\":\"Portada\",\"item\":\"https:\\\/\\\/www.cuencasmineras.com\\\/\"},{\"@type\":\"ListItem\",\"position\":2,\"name\":\"El detenido como autor del presunto asesinato de una mujer en Pola de Laviana pasa a disposici\u00f3n judicial\"}]},{\"@type\":\"WebSite\",\"@id\":\"https:\\\/\\\/www.cuencasmineras.com\\\/#website\",\"url\":\"https:\\\/\\\/www.cuencasmineras.com\\\/\",\"name\":\"\",\"description\":\"\",\"potentialAction\":[{\"@type\":\"SearchAction\",\"target\":{\"@type\":\"EntryPoint\",\"urlTemplate\":\"https:\\\/\\\/www.cuencasmineras.com\\\/?s={search_term_string}\"},\"query-input\":{\"@type\":\"PropertyValueSpecification\",\"valueRequired\":true,\"valueName\":\"search_term_string\"}}],\"inLanguage\":\"es\"},{\"@type\":\"Person\",\"@id\":\"https:\\\/\\\/www.cuencasmineras.com\\\/#\\\/schema\\\/person\\\/be0691310e8496ec555f679dd688420c\",\"name\":\"admin\",\"image\":{\"@type\":\"ImageObject\",\"inLanguage\":\"es\",\"@id\":\"https:\\\/\\\/secure.gravatar.com\\\/avatar\\\/4afd2eed3b2fbbf36dd6707b5bd8a5b50ac648f033e36fbf85aeace2f0f859db?s=96&d=mm&r=g\",\"url\":\"https:\\\/\\\/secure.gravatar.com\\\/avatar\\\/4afd2eed3b2fbbf36dd6707b5bd8a5b50ac648f033e36fbf85aeace2f0f859db?s=96&d=mm&r=g\",\"contentUrl\":\"https:\\\/\\\/secure.gravatar.com\\\/avatar\\\/4afd2eed3b2fbbf36dd6707b5bd8a5b50ac648f033e36fbf85aeace2f0f859db?s=96&d=mm&r=g\",\"caption\":\"admin\"},\"sameAs\":[\"https:\\\/\\\/www.cuencasmineras.com\"],\"url\":\"https:\\\/\\\/www.cuencasmineras.com\\\/index.php\\\/author\\\/admin\\\/\"}]}<\/script>\n<!-- \/ Yoast SEO plugin. -->","yoast_head_json":{"title":"El detenido como autor del presunto asesinato de una mujer en Pola de Laviana pasa a disposici\u00f3n judicial - cm news","description":"El detenido como autor del presunto asesinato de una mujer en Pola de Laviana pasa a disposici\u00f3n judicial. El hombre ha sido recibido entre insultos y gritos de condena por el crimen.","robots":{"index":"index","follow":"follow","max-snippet":"max-snippet:-1","max-image-preview":"max-image-preview:large","max-video-preview":"max-video-preview:-1"},"canonical":"https:\/\/www.cuencasmineras.com\/index.php\/2021\/05\/21\/el-detenido-como-autor-del-presunto-asesinato-de-una-mujer-en-pola-de-laviana-pasa-a-disposicion-judicial\/","og_locale":"es_ES","og_type":"article","og_title":"El detenido como autor del presunto asesinato de una mujer en Pola de Laviana pasa a disposici\u00f3n judicial - cm news","og_description":"El detenido como autor del presunto asesinato de una mujer en Pola de Laviana pasa a disposici\u00f3n judicial. El hombre ha sido recibido entre insultos y gritos de condena por el crimen.","og_url":"https:\/\/www.cuencasmineras.com\/index.php\/2021\/05\/21\/el-detenido-como-autor-del-presunto-asesinato-de-una-mujer-en-pola-de-laviana-pasa-a-disposicion-judicial\/","article_published_time":"2021-05-21T17:31:42+00:00","og_image":[{"width":1280,"height":548,"url":"https:\/\/www.cuencasmineras.com\/wp-content\/uploads\/2021\/05\/ba34a5d9-f985-45e1-a12a-62caf809a13b_21-9-aspect-ratio_default_0.jpg","type":"image\/jpeg"}],"author":"admin","twitter_card":"summary_large_image","twitter_misc":{"Escrito por":"admin","Tiempo de lectura":"2 minutos"},"schema":{"@context":"https:\/\/schema.org","@graph":[{"@type":"Article","@id":"https:\/\/www.cuencasmineras.com\/index.php\/2021\/05\/21\/el-detenido-como-autor-del-presunto-asesinato-de-una-mujer-en-pola-de-laviana-pasa-a-disposicion-judicial\/#article","isPartOf":{"@id":"https:\/\/www.cuencasmineras.com\/index.php\/2021\/05\/21\/el-detenido-como-autor-del-presunto-asesinato-de-una-mujer-en-pola-de-laviana-pasa-a-disposicion-judicial\/"},"author":{"name":"admin","@id":"https:\/\/www.cuencasmineras.com\/#\/schema\/person\/be0691310e8496ec555f679dd688420c"},"headline":"El detenido como autor del presunto asesinato de una mujer en Pola de Laviana pasa a disposici\u00f3n judicial","datePublished":"2021-05-21T17:31:42+00:00","mainEntityOfPage":{"@id":"https:\/\/www.cuencasmineras.com\/index.php\/2021\/05\/21\/el-detenido-como-autor-del-presunto-asesinato-de-una-mujer-en-pola-de-laviana-pasa-a-disposicion-judicial\/"},"wordCount":241,"commentCount":0,"image":{"@id":"https:\/\/www.cuencasmineras.com\/index.php\/2021\/05\/21\/el-detenido-como-autor-del-presunto-asesinato-de-una-mujer-en-pola-de-laviana-pasa-a-disposicion-judicial\/#primaryimage"},"thumbnailUrl":"https:\/\/www.cuencasmineras.com\/wp-content\/uploads\/2021\/05\/ba34a5d9-f985-45e1-a12a-62caf809a13b_21-9-aspect-ratio_default_0.jpg","articleSection":["Caudal","CM NEWS","Nal\u00f3n"],"inLanguage":"es","potentialAction":[{"@type":"CommentAction","name":"Comment","target":["https:\/\/www.cuencasmineras.com\/index.php\/2021\/05\/21\/el-detenido-como-autor-del-presunto-asesinato-de-una-mujer-en-pola-de-laviana-pasa-a-disposicion-judicial\/#respond"]}]},{"@type":"WebPage","@id":"https:\/\/www.cuencasmineras.com\/index.php\/2021\/05\/21\/el-detenido-como-autor-del-presunto-asesinato-de-una-mujer-en-pola-de-laviana-pasa-a-disposicion-judicial\/","url":"https:\/\/www.cuencasmineras.com\/index.php\/2021\/05\/21\/el-detenido-como-autor-del-presunto-asesinato-de-una-mujer-en-pola-de-laviana-pasa-a-disposicion-judicial\/","name":"El detenido como autor del presunto asesinato de una mujer en Pola de Laviana pasa a disposici\u00f3n judicial - cm news","isPartOf":{"@id":"https:\/\/www.cuencasmineras.com\/#website"},"primaryImageOfPage":{"@id":"https:\/\/www.cuencasmineras.com\/index.php\/2021\/05\/21\/el-detenido-como-autor-del-presunto-asesinato-de-una-mujer-en-pola-de-laviana-pasa-a-disposicion-judicial\/#primaryimage"},"image":{"@id":"https:\/\/www.cuencasmineras.com\/index.php\/2021\/05\/21\/el-detenido-como-autor-del-presunto-asesinato-de-una-mujer-en-pola-de-laviana-pasa-a-disposicion-judicial\/#primaryimage"},"thumbnailUrl":"https:\/\/www.cuencasmineras.com\/wp-content\/uploads\/2021\/05\/ba34a5d9-f985-45e1-a12a-62caf809a13b_21-9-aspect-ratio_default_0.jpg","datePublished":"2021-05-21T17:31:42+00:00","author":{"@id":"https:\/\/www.cuencasmineras.com\/#\/schema\/person\/be0691310e8496ec555f679dd688420c"},"description":"El detenido como autor del presunto asesinato de una mujer en Pola de Laviana pasa a disposici\u00f3n judicial. El hombre ha sido recibido entre insultos y gritos de condena por el crimen.","breadcrumb":{"@id":"https:\/\/www.cuencasmineras.com\/index.php\/2021\/05\/21\/el-detenido-como-autor-del-presunto-asesinato-de-una-mujer-en-pola-de-laviana-pasa-a-disposicion-judicial\/#breadcrumb"},"inLanguage":"es","potentialAction":[{"@type":"ReadAction","target":["https:\/\/www.cuencasmineras.com\/index.php\/2021\/05\/21\/el-detenido-como-autor-del-presunto-asesinato-de-una-mujer-en-pola-de-laviana-pasa-a-disposicion-judicial\/"]}]},{"@type":"ImageObject","inLanguage":"es","@id":"https:\/\/www.cuencasmineras.com\/index.php\/2021\/05\/21\/el-detenido-como-autor-del-presunto-asesinato-de-una-mujer-en-pola-de-laviana-pasa-a-disposicion-judicial\/#primaryimage","url":"https:\/\/www.cuencasmineras.com\/wp-content\/uploads\/2021\/05\/ba34a5d9-f985-45e1-a12a-62caf809a13b_21-9-aspect-ratio_default_0.jpg","contentUrl":"https:\/\/www.cuencasmineras.com\/wp-content\/uploads\/2021\/05\/ba34a5d9-f985-45e1-a12a-62caf809a13b_21-9-aspect-ratio_default_0.jpg","width":1280,"height":548},{"@type":"BreadcrumbList","@id":"https:\/\/www.cuencasmineras.com\/index.php\/2021\/05\/21\/el-detenido-como-autor-del-presunto-asesinato-de-una-mujer-en-pola-de-laviana-pasa-a-disposicion-judicial\/#breadcrumb","itemListElement":[{"@type":"ListItem","position":1,"name":"Portada","item":"https:\/\/www.cuencasmineras.com\/"},{"@type":"ListItem","position":2,"name":"El detenido como autor del presunto asesinato de una mujer en Pola de Laviana pasa a disposici\u00f3n judicial"}]},{"@type":"WebSite","@id":"https:\/\/www.cuencasmineras.com\/#website","url":"https:\/\/www.cuencasmineras.com\/","name":"","description":"","potentialAction":[{"@type":"SearchAction","target":{"@type":"EntryPoint","urlTemplate":"https:\/\/www.cuencasmineras.com\/?s={search_term_string}"},"query-input":{"@type":"PropertyValueSpecification","valueRequired":true,"valueName":"search_term_string"}}],"inLanguage":"es"},{"@type":"Person","@id":"https:\/\/www.cuencasmineras.com\/#\/schema\/person\/be0691310e8496ec555f679dd688420c","name":"admin","image":{"@type":"ImageObject","inLanguage":"es","@id":"https:\/\/secure.gravatar.com\/avatar\/4afd2eed3b2fbbf36dd6707b5bd8a5b50ac648f033e36fbf85aeace2f0f859db?s=96&d=mm&r=g","url":"https:\/\/secure.gravatar.com\/avatar\/4afd2eed3b2fbbf36dd6707b5bd8a5b50ac648f033e36fbf85aeace2f0f859db?s=96&d=mm&r=g","contentUrl":"https:\/\/secure.gravatar.com\/avatar\/4afd2eed3b2fbbf36dd6707b5bd8a5b50ac648f033e36fbf85aeace2f0f859db?s=96&d=mm&r=g","caption":"admin"},"sameAs":["https:\/\/www.cuencasmineras.com"],"url":"https:\/\/www.cuencasmineras.com\/index.php\/author\/admin\/"}]}},"_links":{"self":[{"href":"https:\/\/www.cuencasmineras.com\/index.php\/wp-json\/wp\/v2\/posts\/2739","targetHints":{"allow":["GET"]}}],"collection":[{"href":"https:\/\/www.cuencasmineras.com\/index.php\/wp-json\/wp\/v2\/posts"}],"about":[{"href":"https:\/\/www.cuencasmineras.com\/index.php\/wp-json\/wp\/v2\/types\/post"}],"author":[{"embeddable":true,"href":"https:\/\/www.cuencasmineras.com\/index.php\/wp-json\/wp\/v2\/users\/1"}],"replies":[{"embeddable":true,"href":"https:\/\/www.cuencasmineras.com\/index.php\/wp-json\/wp\/v2\/comments?post=2739"}],"version-history":[{"count":1,"href":"https:\/\/www.cuencasmineras.com\/index.php\/wp-json\/wp\/v2\/posts\/2739\/revisions"}],"predecessor-version":[{"id":2741,"href":"https:\/\/www.cuencasmineras.com\/index.php\/wp-json\/wp\/v2\/posts\/2739\/revisions\/2741"}],"wp:featuredmedia":[{"embeddable":true,"href":"https:\/\/www.cuencasmineras.com\/index.php\/wp-json\/wp\/v2\/media\/2740"}],"wp:attachment":[{"href":"https:\/\/www.cuencasmineras.com\/index.php\/wp-json\/wp\/v2\/media?parent=2739"}],"wp:term":[{"taxonomy":"category","embeddable":true,"href":"https:\/\/www.cuencasmineras.com\/index.php\/wp-json\/wp\/v2\/categories?post=2739"},{"taxonomy":"post_tag","embeddable":true,"href":"https:\/\/www.cuencasmineras.com\/index.php\/wp-json\/wp\/v2\/tags?post=2739"}],"curies":[{"name":"wp","href":"https:\/\/api.w.org\/{rel}","templated":true}]}}