{"id":2785,"date":"2021-05-29T19:14:17","date_gmt":"2021-05-29T19:14:17","guid":{"rendered":"https:\/\/www.cuencasmineras.com\/?p=2785"},"modified":"2021-05-29T19:14:17","modified_gmt":"2021-05-29T19:14:17","slug":"la-concejalia-de-igualdad-y-feminismo-llena-junio-de-actividades-entre-ellas-la-grabacion-del-corto-ayer-me-folle-a-lucia-dirigido-por-marino-franco-a-partir-del-texto-de-paula-mar","status":"publish","type":"post","link":"https:\/\/www.cuencasmineras.com\/index.php\/2021\/05\/29\/la-concejalia-de-igualdad-y-feminismo-llena-junio-de-actividades-entre-ellas-la-grabacion-del-corto-ayer-me-folle-a-lucia-dirigido-por-marino-franco-a-partir-del-texto-de-paula-mar\/","title":{"rendered":"La concejal\u00eda de Igualdad y Feminismo llena junio de actividades, entre ellas la grabaci\u00f3n del corto \u201cAyer me foll\u00e9 a Luc\u00eda\u201d, dirigido por Marino Franco a partir del texto de Paula Mar\u00edn"},"content":{"rendered":"<p>La concejal\u00eda de Igualdad y Feminismo del Ayuntamiento de Mieres, dirigida por Nuria Ord\u00f3\u00f1ez Mart\u00edn, pondr\u00e1 en marcha durante el mes de junio un programa de actividades y proyectos entre los que destaca, por ejemplo, la grabaci\u00f3n del corto \u201cAyer me foll\u00e9 a Luc\u00eda\u201d, dirigido por Marino Franco a partir del texto de la psic\u00f3loga Paula Mar\u00edn que en su d\u00eda se hizo viral a trav\u00e9s de Twitter, una iniciativa en la que participa tambi\u00e9n el \u00e1rea de Cultura. Este proyecto pretende hacer reflexionar sobre el comportamiento que tiene la sociedad ante estas situaciones, cuestionando siempre a las mujeres v\u00edctimas de agresiones sexuales, culpabiliz\u00e1ndolas e, incluso, llegando a negar esas violaciones que parte de la sociedad quiere normalizar.<\/p>\n<p style=\"text-align: justify;\">En este sentido, tanto Paula Mar\u00edn como Almudena Cueto, consultora y experta en Igualdad, G\u00e9nero y Sostenibilidad, que tambi\u00e9n colabora en este corto, destacaron la importancia de poner el foco tambi\u00e9n en estas agresiones, en las que se producen en entornos en los que la v\u00edctima se siente segura (familia, grupo de amigos\u2026), e incidieron en la importancia de implicar a la gente joven en esta grabaci\u00f3n y posteriormente en su visionado como un recurso educativo para avanzar en igualdad entre las generaciones m\u00e1s j\u00f3venes. En este sentido, Marino Franco explic\u00f3 que a trav\u00e9s de los centros educativos del concejo se informar\u00e1 sobre el casting para figurantes que se har\u00e1 tanto en Mieres como en Tur\u00f3n para hacer part\u00edcipe a la juventud del concejo de esta iniciativa. El corto se grabar\u00e1 en la zona del Campus y un bar del municipio los d\u00edas 29 y 30 de junio.<\/p>\n<p style=\"text-align: justify;\">Adem\u00e1s de la grabaci\u00f3n del corto, la concejal\u00eda de Igualdad y Feminismo tiene otros proyectos para este mes sobre la mesa. Uno de ellos es ampliar los bancos pintados con los colores de la Bandera LGTBI+ en el concejo. El pasado a\u00f1o se pintaron bancos del casco urbano y este a\u00f1o la iniciativa llegar\u00e1 a otros n\u00facleos del concejo, concretamente pintando ocho bancos en Tur\u00f3n, Figaredo, Santa Cruz, Ujo, Rioturbio, gallegos y Loredo. Todo con el objetivo de visibilizar para normalizar y fomentar el respeto y reivindicar la diversidad sexual, poniendo de manifiesto la importancia de luchar por los derechos del colectivo LGTBI+ que sufren todav\u00eda hoy discriminaci\u00f3n e intolerancia. La terapia canina para la recuperaci\u00f3n de mujeres v\u00edctimas de violencias machistas ser\u00e1 el tercer proyecto que la concejal\u00eda iniciar\u00e1 en este mes, con el objetivo de potenciar la autoestima de las mujeres v\u00edctimas de violencias machistas a trav\u00e9s de su trabajo con los perros, contribuyendo as\u00ed a su recuperaci\u00f3n, a su confianza y a la seguridad en ellas mismas. En un primer grupo se trabajar\u00e1 con seis mujeres aunque se prev\u00e9 poder ampliar el programa si las condiciones sanitarias lo permiten.<\/p>\n<p style=\"text-align: justify;\">Adem\u00e1s de estos tres proyectos, la concejal\u00eda de Igualdad y Feminismo ha programado una serie de actividades para el mes de junio. Son las siguientes:<\/p>\n<ul style=\"text-align: justify;\">\n<li><strong>Jueves 3 de junio.<\/strong> Auditoriu Teodoro Cuesta, 19 horas. Presentaci\u00f3n del libro \u201cRevienta\u201d, de la psic\u00f3loga Paula Mar\u00edn.<\/li>\n<\/ul>\n<ul style=\"text-align: justify;\">\n<li><strong>Jueves 10 y viernes 11 de junio<\/strong>. Auditoriu Teodoro Cuesta. Jornadas sobre prostituci\u00f3n y trata con fines de explotaci\u00f3n sexual. En horario de ma\u00f1ana y tarde. El programa, que se puede consultar completo en la agenda de esta p\u00e1gina web, incluye charlas y ponencias con personas expertas, activistas, cuerpos de seguridad, supervivientes\u2026<\/li>\n<\/ul>\n<ul style=\"text-align: justify;\">\n<li><strong>Viernes 18 de junio.<\/strong> Pradera del Ecohuerto de La Mayacina, a las 22 horas. Noche Violeta. Una noche de m\u00fasica, humor, poes\u00eda y proyecciones que nos servir\u00e1 para potenciar nuestra sororidad y tejer redes feministas entre mujeres. Con la participaci\u00f3n de Patricia Su\u00e1rez (poes\u00eda), Alba Nepomuceno (poes\u00eda), Silvidos y Gemidos (m\u00fasica), Compa\u00f1\u00eda Trivilorio Impro, Sara Villanueva y Noem\u00ed Miranda (humor), y Roc\u00edo Antela de Picando Lletres, con proyecciones feministas.<\/li>\n<\/ul>\n<ul style=\"text-align: justify;\">\n<li><strong>Martes 22 de junio.<\/strong> Sala de exposiciones de la Casa de Cultura, a las 19 horas. Inauguraci\u00f3n de la exposici\u00f3n \u201cCarolina del Castillo y D\u00edaz (1867-1933): una pintora transgresora\u201d. Por primera vez en Asturias, los familiares de esta pintora mierense deciden hacer una exposici\u00f3n con algunas de sus obras m\u00e1s representativas.<\/li>\n<\/ul>\n<ul>\n<li style=\"text-align: justify;\"><strong>Lunes 28 de junio.<\/strong> Auditoriu Teodoro Cuesta, a las 19 horas. Charla-coloquio \u201cOr\u00edgenes, presente y futuro de los derechos del colectivo LGTBI+\u201d, con la participaci\u00f3n de Borja Ibaseta, de XEGA, Berta Rozada, de TRANSIRE ASTURIES, y Mari\u00e1n Lago, por DISEX ASTURIES.<\/li>\n<\/ul>\n","protected":false},"excerpt":{"rendered":"<p>La concejal\u00eda de Igualdad y Feminismo del Ayuntamiento de Mieres, dirigida por Nuria Ord\u00f3\u00f1ez Mart\u00edn, pondr\u00e1 en marcha durante el mes de junio un programa de actividades y proyectos entre los que destaca, por ejemplo, la grabaci\u00f3n del corto \u201cAyer me foll\u00e9 a Luc\u00eda\u201d, dirigido por Marino Franco a partir del texto de la psic\u00f3loga [&hellip;]<\/p>\n","protected":false},"author":1,"featured_media":2786,"comment_status":"open","ping_status":"open","sticky":false,"template":"","format":"standard","meta":{"footnotes":""},"categories":[7,6],"tags":[],"class_list":["post-2785","post","type-post","status-publish","format-standard","has-post-thumbnail","hentry","category-caudal","category-noticias"],"yoast_head":"<!-- This site is optimized with the Yoast SEO plugin v27.4 - https:\/\/yoast.com\/product\/yoast-seo-wordpress\/ -->\n<title>La concejal\u00eda de Igualdad y Feminismo llena junio de actividades, entre ellas la grabaci\u00f3n del corto \u201cAyer me foll\u00e9 a Luc\u00eda\u201d, dirigido por Marino Franco a partir del texto de Paula Mar\u00edn - cm news<\/title>\n<meta name=\"description\" content=\"La concejal\u00eda de Igualdad y Feminismo del Ayuntamiento de Mieres, dirigida por Nuria Ord\u00f3\u00f1ez Mart\u00edn, pondr\u00e1 en marcha durante el mes de junio un programa de actividades y proyectos entre los que destaca, por ejemplo, la grabaci\u00f3n del corto \u201cAyer me foll\u00e9 a Luc\u00eda\u201d, dirigido por Marino Franco a partir del texto de la psic\u00f3loga Paula Mar\u00edn que en su d\u00eda se hizo viral a trav\u00e9s de Twitter, una iniciativa en la que participa tambi\u00e9n el \u00e1rea de Cultura\" \/>\n<meta name=\"robots\" content=\"index, follow, max-snippet:-1, max-image-preview:large, max-video-preview:-1\" \/>\n<link rel=\"canonical\" href=\"https:\/\/www.cuencasmineras.com\/index.php\/2021\/05\/29\/la-concejalia-de-igualdad-y-feminismo-llena-junio-de-actividades-entre-ellas-la-grabacion-del-corto-ayer-me-folle-a-lucia-dirigido-por-marino-franco-a-partir-del-texto-de-paula-mar\/\" \/>\n<meta property=\"og:locale\" content=\"es_ES\" \/>\n<meta property=\"og:type\" content=\"article\" \/>\n<meta property=\"og:title\" content=\"La concejal\u00eda de Igualdad y Feminismo llena junio de actividades, entre ellas la grabaci\u00f3n del corto \u201cAyer me foll\u00e9 a Luc\u00eda\u201d, dirigido por Marino Franco a partir del texto de Paula Mar\u00edn - cm news\" \/>\n<meta property=\"og:description\" content=\"La concejal\u00eda de Igualdad y Feminismo del Ayuntamiento de Mieres, dirigida por Nuria Ord\u00f3\u00f1ez Mart\u00edn, pondr\u00e1 en marcha durante el mes de junio un programa de actividades y proyectos entre los que destaca, por ejemplo, la grabaci\u00f3n del corto \u201cAyer me foll\u00e9 a Luc\u00eda\u201d, dirigido por Marino Franco a partir del texto de la psic\u00f3loga Paula Mar\u00edn que en su d\u00eda se hizo viral a trav\u00e9s de Twitter, una iniciativa en la que participa tambi\u00e9n el \u00e1rea de Cultura\" \/>\n<meta property=\"og:url\" content=\"https:\/\/www.cuencasmineras.com\/index.php\/2021\/05\/29\/la-concejalia-de-igualdad-y-feminismo-llena-junio-de-actividades-entre-ellas-la-grabacion-del-corto-ayer-me-folle-a-lucia-dirigido-por-marino-franco-a-partir-del-texto-de-paula-mar\/\" \/>\n<meta property=\"article:published_time\" content=\"2021-05-29T19:14:17+00:00\" \/>\n<meta property=\"og:image\" content=\"https:\/\/www.cuencasmineras.com\/wp-content\/uploads\/2021\/05\/Presentacion-actos-igualdad-junio.jpg\" \/>\n\t<meta property=\"og:image:width\" content=\"1024\" \/>\n\t<meta property=\"og:image:height\" content=\"768\" \/>\n\t<meta property=\"og:image:type\" content=\"image\/jpeg\" \/>\n<meta name=\"author\" content=\"admin\" \/>\n<meta name=\"twitter:card\" content=\"summary_large_image\" \/>\n<meta name=\"twitter:label1\" content=\"Escrito por\" \/>\n\t<meta name=\"twitter:data1\" content=\"admin\" \/>\n\t<meta name=\"twitter:label2\" content=\"Tiempo de lectura\" \/>\n\t<meta name=\"twitter:data2\" content=\"4 minutos\" \/>\n<script type=\"application\/ld+json\" class=\"yoast-schema-graph\">{\"@context\":\"https:\\\/\\\/schema.org\",\"@graph\":[{\"@type\":\"Article\",\"@id\":\"https:\\\/\\\/www.cuencasmineras.com\\\/index.php\\\/2021\\\/05\\\/29\\\/la-concejalia-de-igualdad-y-feminismo-llena-junio-de-actividades-entre-ellas-la-grabacion-del-corto-ayer-me-folle-a-lucia-dirigido-por-marino-franco-a-partir-del-texto-de-paula-mar\\\/#article\",\"isPartOf\":{\"@id\":\"https:\\\/\\\/www.cuencasmineras.com\\\/index.php\\\/2021\\\/05\\\/29\\\/la-concejalia-de-igualdad-y-feminismo-llena-junio-de-actividades-entre-ellas-la-grabacion-del-corto-ayer-me-folle-a-lucia-dirigido-por-marino-franco-a-partir-del-texto-de-paula-mar\\\/\"},\"author\":{\"name\":\"admin\",\"@id\":\"https:\\\/\\\/www.cuencasmineras.com\\\/#\\\/schema\\\/person\\\/be0691310e8496ec555f679dd688420c\"},\"headline\":\"La concejal\u00eda de Igualdad y Feminismo llena junio de actividades, entre ellas la grabaci\u00f3n del corto \u201cAyer me foll\u00e9 a Luc\u00eda\u201d, dirigido por Marino Franco a partir del texto de Paula Mar\u00edn\",\"datePublished\":\"2021-05-29T19:14:17+00:00\",\"mainEntityOfPage\":{\"@id\":\"https:\\\/\\\/www.cuencasmineras.com\\\/index.php\\\/2021\\\/05\\\/29\\\/la-concejalia-de-igualdad-y-feminismo-llena-junio-de-actividades-entre-ellas-la-grabacion-del-corto-ayer-me-folle-a-lucia-dirigido-por-marino-franco-a-partir-del-texto-de-paula-mar\\\/\"},\"wordCount\":803,\"commentCount\":0,\"image\":{\"@id\":\"https:\\\/\\\/www.cuencasmineras.com\\\/index.php\\\/2021\\\/05\\\/29\\\/la-concejalia-de-igualdad-y-feminismo-llena-junio-de-actividades-entre-ellas-la-grabacion-del-corto-ayer-me-folle-a-lucia-dirigido-por-marino-franco-a-partir-del-texto-de-paula-mar\\\/#primaryimage\"},\"thumbnailUrl\":\"https:\\\/\\\/www.cuencasmineras.com\\\/wp-content\\\/uploads\\\/2021\\\/05\\\/Presentacion-actos-igualdad-junio.jpg\",\"articleSection\":[\"Caudal\",\"CM NEWS\"],\"inLanguage\":\"es\",\"potentialAction\":[{\"@type\":\"CommentAction\",\"name\":\"Comment\",\"target\":[\"https:\\\/\\\/www.cuencasmineras.com\\\/index.php\\\/2021\\\/05\\\/29\\\/la-concejalia-de-igualdad-y-feminismo-llena-junio-de-actividades-entre-ellas-la-grabacion-del-corto-ayer-me-folle-a-lucia-dirigido-por-marino-franco-a-partir-del-texto-de-paula-mar\\\/#respond\"]}]},{\"@type\":\"WebPage\",\"@id\":\"https:\\\/\\\/www.cuencasmineras.com\\\/index.php\\\/2021\\\/05\\\/29\\\/la-concejalia-de-igualdad-y-feminismo-llena-junio-de-actividades-entre-ellas-la-grabacion-del-corto-ayer-me-folle-a-lucia-dirigido-por-marino-franco-a-partir-del-texto-de-paula-mar\\\/\",\"url\":\"https:\\\/\\\/www.cuencasmineras.com\\\/index.php\\\/2021\\\/05\\\/29\\\/la-concejalia-de-igualdad-y-feminismo-llena-junio-de-actividades-entre-ellas-la-grabacion-del-corto-ayer-me-folle-a-lucia-dirigido-por-marino-franco-a-partir-del-texto-de-paula-mar\\\/\",\"name\":\"La concejal\u00eda de Igualdad y Feminismo llena junio de actividades, entre ellas la grabaci\u00f3n del corto \u201cAyer me foll\u00e9 a Luc\u00eda\u201d, dirigido por Marino Franco a partir del texto de Paula Mar\u00edn - cm news\",\"isPartOf\":{\"@id\":\"https:\\\/\\\/www.cuencasmineras.com\\\/#website\"},\"primaryImageOfPage\":{\"@id\":\"https:\\\/\\\/www.cuencasmineras.com\\\/index.php\\\/2021\\\/05\\\/29\\\/la-concejalia-de-igualdad-y-feminismo-llena-junio-de-actividades-entre-ellas-la-grabacion-del-corto-ayer-me-folle-a-lucia-dirigido-por-marino-franco-a-partir-del-texto-de-paula-mar\\\/#primaryimage\"},\"image\":{\"@id\":\"https:\\\/\\\/www.cuencasmineras.com\\\/index.php\\\/2021\\\/05\\\/29\\\/la-concejalia-de-igualdad-y-feminismo-llena-junio-de-actividades-entre-ellas-la-grabacion-del-corto-ayer-me-folle-a-lucia-dirigido-por-marino-franco-a-partir-del-texto-de-paula-mar\\\/#primaryimage\"},\"thumbnailUrl\":\"https:\\\/\\\/www.cuencasmineras.com\\\/wp-content\\\/uploads\\\/2021\\\/05\\\/Presentacion-actos-igualdad-junio.jpg\",\"datePublished\":\"2021-05-29T19:14:17+00:00\",\"author\":{\"@id\":\"https:\\\/\\\/www.cuencasmineras.com\\\/#\\\/schema\\\/person\\\/be0691310e8496ec555f679dd688420c\"},\"description\":\"La concejal\u00eda de Igualdad y Feminismo del Ayuntamiento de Mieres, dirigida por Nuria Ord\u00f3\u00f1ez Mart\u00edn, pondr\u00e1 en marcha durante el mes de junio un programa de actividades y proyectos entre los que destaca, por ejemplo, la grabaci\u00f3n del corto \u201cAyer me foll\u00e9 a Luc\u00eda\u201d, dirigido por Marino Franco a partir del texto de la psic\u00f3loga Paula Mar\u00edn que en su d\u00eda se hizo viral a trav\u00e9s de Twitter, una iniciativa en la que participa tambi\u00e9n el \u00e1rea de Cultura\",\"breadcrumb\":{\"@id\":\"https:\\\/\\\/www.cuencasmineras.com\\\/index.php\\\/2021\\\/05\\\/29\\\/la-concejalia-de-igualdad-y-feminismo-llena-junio-de-actividades-entre-ellas-la-grabacion-del-corto-ayer-me-folle-a-lucia-dirigido-por-marino-franco-a-partir-del-texto-de-paula-mar\\\/#breadcrumb\"},\"inLanguage\":\"es\",\"potentialAction\":[{\"@type\":\"ReadAction\",\"target\":[\"https:\\\/\\\/www.cuencasmineras.com\\\/index.php\\\/2021\\\/05\\\/29\\\/la-concejalia-de-igualdad-y-feminismo-llena-junio-de-actividades-entre-ellas-la-grabacion-del-corto-ayer-me-folle-a-lucia-dirigido-por-marino-franco-a-partir-del-texto-de-paula-mar\\\/\"]}]},{\"@type\":\"ImageObject\",\"inLanguage\":\"es\",\"@id\":\"https:\\\/\\\/www.cuencasmineras.com\\\/index.php\\\/2021\\\/05\\\/29\\\/la-concejalia-de-igualdad-y-feminismo-llena-junio-de-actividades-entre-ellas-la-grabacion-del-corto-ayer-me-folle-a-lucia-dirigido-por-marino-franco-a-partir-del-texto-de-paula-mar\\\/#primaryimage\",\"url\":\"https:\\\/\\\/www.cuencasmineras.com\\\/wp-content\\\/uploads\\\/2021\\\/05\\\/Presentacion-actos-igualdad-junio.jpg\",\"contentUrl\":\"https:\\\/\\\/www.cuencasmineras.com\\\/wp-content\\\/uploads\\\/2021\\\/05\\\/Presentacion-actos-igualdad-junio.jpg\",\"width\":1024,\"height\":768},{\"@type\":\"BreadcrumbList\",\"@id\":\"https:\\\/\\\/www.cuencasmineras.com\\\/index.php\\\/2021\\\/05\\\/29\\\/la-concejalia-de-igualdad-y-feminismo-llena-junio-de-actividades-entre-ellas-la-grabacion-del-corto-ayer-me-folle-a-lucia-dirigido-por-marino-franco-a-partir-del-texto-de-paula-mar\\\/#breadcrumb\",\"itemListElement\":[{\"@type\":\"ListItem\",\"position\":1,\"name\":\"Portada\",\"item\":\"https:\\\/\\\/www.cuencasmineras.com\\\/\"},{\"@type\":\"ListItem\",\"position\":2,\"name\":\"La concejal\u00eda de Igualdad y Feminismo llena junio de actividades, entre ellas la grabaci\u00f3n del corto \u201cAyer me foll\u00e9 a Luc\u00eda\u201d, dirigido por Marino Franco a partir del texto de Paula Mar\u00edn\"}]},{\"@type\":\"WebSite\",\"@id\":\"https:\\\/\\\/www.cuencasmineras.com\\\/#website\",\"url\":\"https:\\\/\\\/www.cuencasmineras.com\\\/\",\"name\":\"\",\"description\":\"\",\"potentialAction\":[{\"@type\":\"SearchAction\",\"target\":{\"@type\":\"EntryPoint\",\"urlTemplate\":\"https:\\\/\\\/www.cuencasmineras.com\\\/?s={search_term_string}\"},\"query-input\":{\"@type\":\"PropertyValueSpecification\",\"valueRequired\":true,\"valueName\":\"search_term_string\"}}],\"inLanguage\":\"es\"},{\"@type\":\"Person\",\"@id\":\"https:\\\/\\\/www.cuencasmineras.com\\\/#\\\/schema\\\/person\\\/be0691310e8496ec555f679dd688420c\",\"name\":\"admin\",\"image\":{\"@type\":\"ImageObject\",\"inLanguage\":\"es\",\"@id\":\"https:\\\/\\\/secure.gravatar.com\\\/avatar\\\/4afd2eed3b2fbbf36dd6707b5bd8a5b50ac648f033e36fbf85aeace2f0f859db?s=96&d=mm&r=g\",\"url\":\"https:\\\/\\\/secure.gravatar.com\\\/avatar\\\/4afd2eed3b2fbbf36dd6707b5bd8a5b50ac648f033e36fbf85aeace2f0f859db?s=96&d=mm&r=g\",\"contentUrl\":\"https:\\\/\\\/secure.gravatar.com\\\/avatar\\\/4afd2eed3b2fbbf36dd6707b5bd8a5b50ac648f033e36fbf85aeace2f0f859db?s=96&d=mm&r=g\",\"caption\":\"admin\"},\"sameAs\":[\"https:\\\/\\\/www.cuencasmineras.com\"],\"url\":\"https:\\\/\\\/www.cuencasmineras.com\\\/index.php\\\/author\\\/admin\\\/\"}]}<\/script>\n<!-- \/ Yoast SEO plugin. -->","yoast_head_json":{"title":"La concejal\u00eda de Igualdad y Feminismo llena junio de actividades, entre ellas la grabaci\u00f3n del corto \u201cAyer me foll\u00e9 a Luc\u00eda\u201d, dirigido por Marino Franco a partir del texto de Paula Mar\u00edn - cm news","description":"La concejal\u00eda de Igualdad y Feminismo del Ayuntamiento de Mieres, dirigida por Nuria Ord\u00f3\u00f1ez Mart\u00edn, pondr\u00e1 en marcha durante el mes de junio un programa de actividades y proyectos entre los que destaca, por ejemplo, la grabaci\u00f3n del corto \u201cAyer me foll\u00e9 a Luc\u00eda\u201d, dirigido por Marino Franco a partir del texto de la psic\u00f3loga Paula Mar\u00edn que en su d\u00eda se hizo viral a trav\u00e9s de Twitter, una iniciativa en la que participa tambi\u00e9n el \u00e1rea de Cultura","robots":{"index":"index","follow":"follow","max-snippet":"max-snippet:-1","max-image-preview":"max-image-preview:large","max-video-preview":"max-video-preview:-1"},"canonical":"https:\/\/www.cuencasmineras.com\/index.php\/2021\/05\/29\/la-concejalia-de-igualdad-y-feminismo-llena-junio-de-actividades-entre-ellas-la-grabacion-del-corto-ayer-me-folle-a-lucia-dirigido-por-marino-franco-a-partir-del-texto-de-paula-mar\/","og_locale":"es_ES","og_type":"article","og_title":"La concejal\u00eda de Igualdad y Feminismo llena junio de actividades, entre ellas la grabaci\u00f3n del corto \u201cAyer me foll\u00e9 a Luc\u00eda\u201d, dirigido por Marino Franco a partir del texto de Paula Mar\u00edn - cm news","og_description":"La concejal\u00eda de Igualdad y Feminismo del Ayuntamiento de Mieres, dirigida por Nuria Ord\u00f3\u00f1ez Mart\u00edn, pondr\u00e1 en marcha durante el mes de junio un programa de actividades y proyectos entre los que destaca, por ejemplo, la grabaci\u00f3n del corto \u201cAyer me foll\u00e9 a Luc\u00eda\u201d, dirigido por Marino Franco a partir del texto de la psic\u00f3loga Paula Mar\u00edn que en su d\u00eda se hizo viral a trav\u00e9s de Twitter, una iniciativa en la que participa tambi\u00e9n el \u00e1rea de Cultura","og_url":"https:\/\/www.cuencasmineras.com\/index.php\/2021\/05\/29\/la-concejalia-de-igualdad-y-feminismo-llena-junio-de-actividades-entre-ellas-la-grabacion-del-corto-ayer-me-folle-a-lucia-dirigido-por-marino-franco-a-partir-del-texto-de-paula-mar\/","article_published_time":"2021-05-29T19:14:17+00:00","og_image":[{"width":1024,"height":768,"url":"https:\/\/www.cuencasmineras.com\/wp-content\/uploads\/2021\/05\/Presentacion-actos-igualdad-junio.jpg","type":"image\/jpeg"}],"author":"admin","twitter_card":"summary_large_image","twitter_misc":{"Escrito por":"admin","Tiempo de lectura":"4 minutos"},"schema":{"@context":"https:\/\/schema.org","@graph":[{"@type":"Article","@id":"https:\/\/www.cuencasmineras.com\/index.php\/2021\/05\/29\/la-concejalia-de-igualdad-y-feminismo-llena-junio-de-actividades-entre-ellas-la-grabacion-del-corto-ayer-me-folle-a-lucia-dirigido-por-marino-franco-a-partir-del-texto-de-paula-mar\/#article","isPartOf":{"@id":"https:\/\/www.cuencasmineras.com\/index.php\/2021\/05\/29\/la-concejalia-de-igualdad-y-feminismo-llena-junio-de-actividades-entre-ellas-la-grabacion-del-corto-ayer-me-folle-a-lucia-dirigido-por-marino-franco-a-partir-del-texto-de-paula-mar\/"},"author":{"name":"admin","@id":"https:\/\/www.cuencasmineras.com\/#\/schema\/person\/be0691310e8496ec555f679dd688420c"},"headline":"La concejal\u00eda de Igualdad y Feminismo llena junio de actividades, entre ellas la grabaci\u00f3n del corto \u201cAyer me foll\u00e9 a Luc\u00eda\u201d, dirigido por Marino Franco a partir del texto de Paula Mar\u00edn","datePublished":"2021-05-29T19:14:17+00:00","mainEntityOfPage":{"@id":"https:\/\/www.cuencasmineras.com\/index.php\/2021\/05\/29\/la-concejalia-de-igualdad-y-feminismo-llena-junio-de-actividades-entre-ellas-la-grabacion-del-corto-ayer-me-folle-a-lucia-dirigido-por-marino-franco-a-partir-del-texto-de-paula-mar\/"},"wordCount":803,"commentCount":0,"image":{"@id":"https:\/\/www.cuencasmineras.com\/index.php\/2021\/05\/29\/la-concejalia-de-igualdad-y-feminismo-llena-junio-de-actividades-entre-ellas-la-grabacion-del-corto-ayer-me-folle-a-lucia-dirigido-por-marino-franco-a-partir-del-texto-de-paula-mar\/#primaryimage"},"thumbnailUrl":"https:\/\/www.cuencasmineras.com\/wp-content\/uploads\/2021\/05\/Presentacion-actos-igualdad-junio.jpg","articleSection":["Caudal","CM NEWS"],"inLanguage":"es","potentialAction":[{"@type":"CommentAction","name":"Comment","target":["https:\/\/www.cuencasmineras.com\/index.php\/2021\/05\/29\/la-concejalia-de-igualdad-y-feminismo-llena-junio-de-actividades-entre-ellas-la-grabacion-del-corto-ayer-me-folle-a-lucia-dirigido-por-marino-franco-a-partir-del-texto-de-paula-mar\/#respond"]}]},{"@type":"WebPage","@id":"https:\/\/www.cuencasmineras.com\/index.php\/2021\/05\/29\/la-concejalia-de-igualdad-y-feminismo-llena-junio-de-actividades-entre-ellas-la-grabacion-del-corto-ayer-me-folle-a-lucia-dirigido-por-marino-franco-a-partir-del-texto-de-paula-mar\/","url":"https:\/\/www.cuencasmineras.com\/index.php\/2021\/05\/29\/la-concejalia-de-igualdad-y-feminismo-llena-junio-de-actividades-entre-ellas-la-grabacion-del-corto-ayer-me-folle-a-lucia-dirigido-por-marino-franco-a-partir-del-texto-de-paula-mar\/","name":"La concejal\u00eda de Igualdad y Feminismo llena junio de actividades, entre ellas la grabaci\u00f3n del corto \u201cAyer me foll\u00e9 a Luc\u00eda\u201d, dirigido por Marino Franco a partir del texto de Paula Mar\u00edn - cm news","isPartOf":{"@id":"https:\/\/www.cuencasmineras.com\/#website"},"primaryImageOfPage":{"@id":"https:\/\/www.cuencasmineras.com\/index.php\/2021\/05\/29\/la-concejalia-de-igualdad-y-feminismo-llena-junio-de-actividades-entre-ellas-la-grabacion-del-corto-ayer-me-folle-a-lucia-dirigido-por-marino-franco-a-partir-del-texto-de-paula-mar\/#primaryimage"},"image":{"@id":"https:\/\/www.cuencasmineras.com\/index.php\/2021\/05\/29\/la-concejalia-de-igualdad-y-feminismo-llena-junio-de-actividades-entre-ellas-la-grabacion-del-corto-ayer-me-folle-a-lucia-dirigido-por-marino-franco-a-partir-del-texto-de-paula-mar\/#primaryimage"},"thumbnailUrl":"https:\/\/www.cuencasmineras.com\/wp-content\/uploads\/2021\/05\/Presentacion-actos-igualdad-junio.jpg","datePublished":"2021-05-29T19:14:17+00:00","author":{"@id":"https:\/\/www.cuencasmineras.com\/#\/schema\/person\/be0691310e8496ec555f679dd688420c"},"description":"La concejal\u00eda de Igualdad y Feminismo del Ayuntamiento de Mieres, dirigida por Nuria Ord\u00f3\u00f1ez Mart\u00edn, pondr\u00e1 en marcha durante el mes de junio un programa de actividades y proyectos entre los que destaca, por ejemplo, la grabaci\u00f3n del corto \u201cAyer me foll\u00e9 a Luc\u00eda\u201d, dirigido por Marino Franco a partir del texto de la psic\u00f3loga Paula Mar\u00edn que en su d\u00eda se hizo viral a trav\u00e9s de Twitter, una iniciativa en la que participa tambi\u00e9n el \u00e1rea de Cultura","breadcrumb":{"@id":"https:\/\/www.cuencasmineras.com\/index.php\/2021\/05\/29\/la-concejalia-de-igualdad-y-feminismo-llena-junio-de-actividades-entre-ellas-la-grabacion-del-corto-ayer-me-folle-a-lucia-dirigido-por-marino-franco-a-partir-del-texto-de-paula-mar\/#breadcrumb"},"inLanguage":"es","potentialAction":[{"@type":"ReadAction","target":["https:\/\/www.cuencasmineras.com\/index.php\/2021\/05\/29\/la-concejalia-de-igualdad-y-feminismo-llena-junio-de-actividades-entre-ellas-la-grabacion-del-corto-ayer-me-folle-a-lucia-dirigido-por-marino-franco-a-partir-del-texto-de-paula-mar\/"]}]},{"@type":"ImageObject","inLanguage":"es","@id":"https:\/\/www.cuencasmineras.com\/index.php\/2021\/05\/29\/la-concejalia-de-igualdad-y-feminismo-llena-junio-de-actividades-entre-ellas-la-grabacion-del-corto-ayer-me-folle-a-lucia-dirigido-por-marino-franco-a-partir-del-texto-de-paula-mar\/#primaryimage","url":"https:\/\/www.cuencasmineras.com\/wp-content\/uploads\/2021\/05\/Presentacion-actos-igualdad-junio.jpg","contentUrl":"https:\/\/www.cuencasmineras.com\/wp-content\/uploads\/2021\/05\/Presentacion-actos-igualdad-junio.jpg","width":1024,"height":768},{"@type":"BreadcrumbList","@id":"https:\/\/www.cuencasmineras.com\/index.php\/2021\/05\/29\/la-concejalia-de-igualdad-y-feminismo-llena-junio-de-actividades-entre-ellas-la-grabacion-del-corto-ayer-me-folle-a-lucia-dirigido-por-marino-franco-a-partir-del-texto-de-paula-mar\/#breadcrumb","itemListElement":[{"@type":"ListItem","position":1,"name":"Portada","item":"https:\/\/www.cuencasmineras.com\/"},{"@type":"ListItem","position":2,"name":"La concejal\u00eda de Igualdad y Feminismo llena junio de actividades, entre ellas la grabaci\u00f3n del corto \u201cAyer me foll\u00e9 a Luc\u00eda\u201d, dirigido por Marino Franco a partir del texto de Paula Mar\u00edn"}]},{"@type":"WebSite","@id":"https:\/\/www.cuencasmineras.com\/#website","url":"https:\/\/www.cuencasmineras.com\/","name":"","description":"","potentialAction":[{"@type":"SearchAction","target":{"@type":"EntryPoint","urlTemplate":"https:\/\/www.cuencasmineras.com\/?s={search_term_string}"},"query-input":{"@type":"PropertyValueSpecification","valueRequired":true,"valueName":"search_term_string"}}],"inLanguage":"es"},{"@type":"Person","@id":"https:\/\/www.cuencasmineras.com\/#\/schema\/person\/be0691310e8496ec555f679dd688420c","name":"admin","image":{"@type":"ImageObject","inLanguage":"es","@id":"https:\/\/secure.gravatar.com\/avatar\/4afd2eed3b2fbbf36dd6707b5bd8a5b50ac648f033e36fbf85aeace2f0f859db?s=96&d=mm&r=g","url":"https:\/\/secure.gravatar.com\/avatar\/4afd2eed3b2fbbf36dd6707b5bd8a5b50ac648f033e36fbf85aeace2f0f859db?s=96&d=mm&r=g","contentUrl":"https:\/\/secure.gravatar.com\/avatar\/4afd2eed3b2fbbf36dd6707b5bd8a5b50ac648f033e36fbf85aeace2f0f859db?s=96&d=mm&r=g","caption":"admin"},"sameAs":["https:\/\/www.cuencasmineras.com"],"url":"https:\/\/www.cuencasmineras.com\/index.php\/author\/admin\/"}]}},"_links":{"self":[{"href":"https:\/\/www.cuencasmineras.com\/index.php\/wp-json\/wp\/v2\/posts\/2785","targetHints":{"allow":["GET"]}}],"collection":[{"href":"https:\/\/www.cuencasmineras.com\/index.php\/wp-json\/wp\/v2\/posts"}],"about":[{"href":"https:\/\/www.cuencasmineras.com\/index.php\/wp-json\/wp\/v2\/types\/post"}],"author":[{"embeddable":true,"href":"https:\/\/www.cuencasmineras.com\/index.php\/wp-json\/wp\/v2\/users\/1"}],"replies":[{"embeddable":true,"href":"https:\/\/www.cuencasmineras.com\/index.php\/wp-json\/wp\/v2\/comments?post=2785"}],"version-history":[{"count":1,"href":"https:\/\/www.cuencasmineras.com\/index.php\/wp-json\/wp\/v2\/posts\/2785\/revisions"}],"predecessor-version":[{"id":2787,"href":"https:\/\/www.cuencasmineras.com\/index.php\/wp-json\/wp\/v2\/posts\/2785\/revisions\/2787"}],"wp:featuredmedia":[{"embeddable":true,"href":"https:\/\/www.cuencasmineras.com\/index.php\/wp-json\/wp\/v2\/media\/2786"}],"wp:attachment":[{"href":"https:\/\/www.cuencasmineras.com\/index.php\/wp-json\/wp\/v2\/media?parent=2785"}],"wp:term":[{"taxonomy":"category","embeddable":true,"href":"https:\/\/www.cuencasmineras.com\/index.php\/wp-json\/wp\/v2\/categories?post=2785"},{"taxonomy":"post_tag","embeddable":true,"href":"https:\/\/www.cuencasmineras.com\/index.php\/wp-json\/wp\/v2\/tags?post=2785"}],"curies":[{"name":"wp","href":"https:\/\/api.w.org\/{rel}","templated":true}]}}