{"id":2844,"date":"2021-06-04T12:07:19","date_gmt":"2021-06-04T12:07:19","guid":{"rendered":"https:\/\/www.cuencasmineras.com\/?p=2844"},"modified":"2021-06-04T12:07:19","modified_gmt":"2021-06-04T12:07:19","slug":"detenido-en-el-entrego-tras-conducir-ebrio-causar-un-accidente-con-una-herida-y-huir","status":"publish","type":"post","link":"https:\/\/www.cuencasmineras.com\/index.php\/2021\/06\/04\/detenido-en-el-entrego-tras-conducir-ebrio-causar-un-accidente-con-una-herida-y-huir\/","title":{"rendered":"Detenido en El Entrego tras conducir ebrio, causar un accidente con una herida y huir."},"content":{"rendered":"<p style=\"text-align: justify;\">La Polic\u00eda Local de San Mart\u00edn del Rey Aurelio detuvo el pasado martes a un conductor que se hab\u00eda visto implicado la semana pasada en un accidente de tr\u00e1fico ocurrido en El Entrego. Un choque del que hab\u00eda huido tras someterse a la prueba de alcoholemia, y que se sald\u00f3 con una mujer herida y da\u00f1os materiales. El var\u00f3n, sobre el que adem\u00e1s pesaba una orden de detenci\u00f3n por robo con violencia, fue arrestado por los agentes y trasladado a prisi\u00f3n.<\/p>\n<p>&nbsp;<\/p>\n<p style=\"text-align: justify;\">Los hechos ocurrieron el pasado 29 de mayo, sobre las diez de la noche, cuando el conductor detenido, que circulaba por la calle de P\u00e9rez de Ayala en sentido ascendente y adelantando por el carril izquierdo, colision\u00f3 con un segundo veh\u00edculo en el momento en el que su conductora se dispon\u00eda a estacionar en bater\u00eda en la margen izquierda.<\/p>\n<p style=\"text-align: justify;\">Alertados del suceso por una llamada al 112 Asturias, los agentes de la Polic\u00eda Local se personaron en el lugar donde se hab\u00eda producido el incidente e, inmediatamente, pidieron la intervenci\u00f3n de los servicios sanitarios y de los bomberos para auxiliar y excarcelar a la conductora, que se hab\u00eda quedado atrapada en el interior del veh\u00edculo aquejada por dolores en el cuello y las rodillas. Tras su rescate, la mujer tuvo que ser traslada hasta el hospital Valle del Nal\u00f3n.<\/p>\n<p style=\"text-align: justify;\">El conductor que hab\u00eda provocado el accidente, mientras, fue sometido a una prueba de alcoholemia que result\u00f3 positiva, con un resultado de 0,32 miligramos por litro de aire expirado. Pese a que los agentes le indicaron que ten\u00eda que someterse a una segunda prueba con un etil\u00f3metro de precisi\u00f3n en las dependencias policiales de San Mart\u00edn del Rey Aurelio, abandon\u00f3 el lugar del siniestro aprovechando que los agentes estaban ayudando a auxiliar a la mujer herida.<\/p>\n<p style=\"text-align: justify;\">Unos d\u00edas m\u00e1s tarde, el conductor huido fue finalmente detenido por la Polic\u00eda Local cuando se dirig\u00eda al parque de La Laguna, donde hab\u00eda quedado estacionado su veh\u00edculo tras el incidente, con la intenci\u00f3n de recuperar la documentaci\u00f3n del coche. Sin embargo, estos papeles ya estaban en manos de los agentes.<\/p>\n<p style=\"text-align: justify;\">El hombre, sobre el que pesaba una orden de detenci\u00f3n e ingreso en prisi\u00f3n por un robo con violencia, fue arrestado por la Polic\u00eda Local en base a esta causa, acusado tambi\u00e9n de un delito contra la seguridad vial por haber abandonado el lugar del accidente con el resultado de una persona herida.<\/p>\n<p style=\"text-align: justify;\">Por otro lado, la Polic\u00eda Local de San Mart\u00edn del Rey Aurelio detuvo el pasado 28 de mayo, sobre las once de la noche, en el Paseo de San Mart\u00edn, en la localidad de Sotrondio, a un conductor que triplicaba la tasa de alcoholemia (0,76 miligramos de alcohol por litro de aire espirado). El hombre circulaba por una calle en direcci\u00f3n prohibida. Adem\u00e1s ten\u00eda caducado el permiso de conducir y carec\u00eda de seguro obligatorio en el coche que conduc\u00eda.<\/p>\n","protected":false},"excerpt":{"rendered":"<p>La Polic\u00eda Local de San Mart\u00edn del Rey Aurelio detuvo el pasado martes a un conductor que se hab\u00eda visto implicado la semana pasada en un accidente de tr\u00e1fico ocurrido en El Entrego. Un choque del que hab\u00eda huido tras someterse a la prueba de alcoholemia, y que se sald\u00f3 con una mujer herida y [&hellip;]<\/p>\n","protected":false},"author":1,"featured_media":2108,"comment_status":"open","ping_status":"open","sticky":false,"template":"","format":"standard","meta":{"footnotes":""},"categories":[6,8],"tags":[],"class_list":["post-2844","post","type-post","status-publish","format-standard","has-post-thumbnail","hentry","category-noticias","category-nalon"],"yoast_head":"<!-- This site is optimized with the Yoast SEO plugin v27.4 - https:\/\/yoast.com\/product\/yoast-seo-wordpress\/ -->\n<title>Detenido en El Entrego tras conducir ebrio, causar un accidente con una herida y huir. - cm news<\/title>\n<meta name=\"description\" content=\"El hombre, que ya ten\u00eda una orden de ingreso en prisi\u00f3n por robo con violencia, volvi\u00f3 d\u00edas m\u00e1s tarde a por su veh\u00edculo y lo arrestaron\" \/>\n<meta name=\"robots\" content=\"index, follow, max-snippet:-1, max-image-preview:large, max-video-preview:-1\" \/>\n<link rel=\"canonical\" href=\"https:\/\/www.cuencasmineras.com\/index.php\/2021\/06\/04\/detenido-en-el-entrego-tras-conducir-ebrio-causar-un-accidente-con-una-herida-y-huir\/\" \/>\n<meta property=\"og:locale\" content=\"es_ES\" \/>\n<meta property=\"og:type\" content=\"article\" \/>\n<meta property=\"og:title\" content=\"Detenido en El Entrego tras conducir ebrio, causar un accidente con una herida y huir. - cm news\" \/>\n<meta property=\"og:description\" content=\"El hombre, que ya ten\u00eda una orden de ingreso en prisi\u00f3n por robo con violencia, volvi\u00f3 d\u00edas m\u00e1s tarde a por su veh\u00edculo y lo arrestaron\" \/>\n<meta property=\"og:url\" content=\"https:\/\/www.cuencasmineras.com\/index.php\/2021\/06\/04\/detenido-en-el-entrego-tras-conducir-ebrio-causar-un-accidente-con-una-herida-y-huir\/\" \/>\n<meta property=\"article:published_time\" content=\"2021-06-04T12:07:19+00:00\" \/>\n<meta property=\"og:image\" content=\"https:\/\/www.cuencasmineras.com\/wp-content\/uploads\/2021\/03\/c62446f6-d312-4134-ba92-2d4fb3c49ca7_21-9-aspect-ratio_default_1030700.jpg\" \/>\n\t<meta property=\"og:image:width\" content=\"1280\" \/>\n\t<meta property=\"og:image:height\" content=\"548\" \/>\n\t<meta property=\"og:image:type\" content=\"image\/jpeg\" \/>\n<meta name=\"author\" content=\"admin\" \/>\n<meta name=\"twitter:card\" content=\"summary_large_image\" \/>\n<meta name=\"twitter:label1\" content=\"Escrito por\" \/>\n\t<meta name=\"twitter:data1\" content=\"admin\" \/>\n\t<meta name=\"twitter:label2\" content=\"Tiempo de lectura\" \/>\n\t<meta name=\"twitter:data2\" content=\"3 minutos\" \/>\n<script type=\"application\/ld+json\" class=\"yoast-schema-graph\">{\"@context\":\"https:\\\/\\\/schema.org\",\"@graph\":[{\"@type\":\"Article\",\"@id\":\"https:\\\/\\\/www.cuencasmineras.com\\\/index.php\\\/2021\\\/06\\\/04\\\/detenido-en-el-entrego-tras-conducir-ebrio-causar-un-accidente-con-una-herida-y-huir\\\/#article\",\"isPartOf\":{\"@id\":\"https:\\\/\\\/www.cuencasmineras.com\\\/index.php\\\/2021\\\/06\\\/04\\\/detenido-en-el-entrego-tras-conducir-ebrio-causar-un-accidente-con-una-herida-y-huir\\\/\"},\"author\":{\"name\":\"admin\",\"@id\":\"https:\\\/\\\/www.cuencasmineras.com\\\/#\\\/schema\\\/person\\\/be0691310e8496ec555f679dd688420c\"},\"headline\":\"Detenido en El Entrego tras conducir ebrio, causar un accidente con una herida y huir.\",\"datePublished\":\"2021-06-04T12:07:19+00:00\",\"mainEntityOfPage\":{\"@id\":\"https:\\\/\\\/www.cuencasmineras.com\\\/index.php\\\/2021\\\/06\\\/04\\\/detenido-en-el-entrego-tras-conducir-ebrio-causar-un-accidente-con-una-herida-y-huir\\\/\"},\"wordCount\":535,\"commentCount\":0,\"image\":{\"@id\":\"https:\\\/\\\/www.cuencasmineras.com\\\/index.php\\\/2021\\\/06\\\/04\\\/detenido-en-el-entrego-tras-conducir-ebrio-causar-un-accidente-con-una-herida-y-huir\\\/#primaryimage\"},\"thumbnailUrl\":\"https:\\\/\\\/www.cuencasmineras.com\\\/wp-content\\\/uploads\\\/2021\\\/03\\\/c62446f6-d312-4134-ba92-2d4fb3c49ca7_21-9-aspect-ratio_default_1030700.jpg\",\"articleSection\":[\"CM NEWS\",\"Nal\u00f3n\"],\"inLanguage\":\"es\",\"potentialAction\":[{\"@type\":\"CommentAction\",\"name\":\"Comment\",\"target\":[\"https:\\\/\\\/www.cuencasmineras.com\\\/index.php\\\/2021\\\/06\\\/04\\\/detenido-en-el-entrego-tras-conducir-ebrio-causar-un-accidente-con-una-herida-y-huir\\\/#respond\"]}]},{\"@type\":\"WebPage\",\"@id\":\"https:\\\/\\\/www.cuencasmineras.com\\\/index.php\\\/2021\\\/06\\\/04\\\/detenido-en-el-entrego-tras-conducir-ebrio-causar-un-accidente-con-una-herida-y-huir\\\/\",\"url\":\"https:\\\/\\\/www.cuencasmineras.com\\\/index.php\\\/2021\\\/06\\\/04\\\/detenido-en-el-entrego-tras-conducir-ebrio-causar-un-accidente-con-una-herida-y-huir\\\/\",\"name\":\"Detenido en El Entrego tras conducir ebrio, causar un accidente con una herida y huir. - cm news\",\"isPartOf\":{\"@id\":\"https:\\\/\\\/www.cuencasmineras.com\\\/#website\"},\"primaryImageOfPage\":{\"@id\":\"https:\\\/\\\/www.cuencasmineras.com\\\/index.php\\\/2021\\\/06\\\/04\\\/detenido-en-el-entrego-tras-conducir-ebrio-causar-un-accidente-con-una-herida-y-huir\\\/#primaryimage\"},\"image\":{\"@id\":\"https:\\\/\\\/www.cuencasmineras.com\\\/index.php\\\/2021\\\/06\\\/04\\\/detenido-en-el-entrego-tras-conducir-ebrio-causar-un-accidente-con-una-herida-y-huir\\\/#primaryimage\"},\"thumbnailUrl\":\"https:\\\/\\\/www.cuencasmineras.com\\\/wp-content\\\/uploads\\\/2021\\\/03\\\/c62446f6-d312-4134-ba92-2d4fb3c49ca7_21-9-aspect-ratio_default_1030700.jpg\",\"datePublished\":\"2021-06-04T12:07:19+00:00\",\"author\":{\"@id\":\"https:\\\/\\\/www.cuencasmineras.com\\\/#\\\/schema\\\/person\\\/be0691310e8496ec555f679dd688420c\"},\"description\":\"El hombre, que ya ten\u00eda una orden de ingreso en prisi\u00f3n por robo con violencia, volvi\u00f3 d\u00edas m\u00e1s tarde a por su veh\u00edculo y lo arrestaron\",\"breadcrumb\":{\"@id\":\"https:\\\/\\\/www.cuencasmineras.com\\\/index.php\\\/2021\\\/06\\\/04\\\/detenido-en-el-entrego-tras-conducir-ebrio-causar-un-accidente-con-una-herida-y-huir\\\/#breadcrumb\"},\"inLanguage\":\"es\",\"potentialAction\":[{\"@type\":\"ReadAction\",\"target\":[\"https:\\\/\\\/www.cuencasmineras.com\\\/index.php\\\/2021\\\/06\\\/04\\\/detenido-en-el-entrego-tras-conducir-ebrio-causar-un-accidente-con-una-herida-y-huir\\\/\"]}]},{\"@type\":\"ImageObject\",\"inLanguage\":\"es\",\"@id\":\"https:\\\/\\\/www.cuencasmineras.com\\\/index.php\\\/2021\\\/06\\\/04\\\/detenido-en-el-entrego-tras-conducir-ebrio-causar-un-accidente-con-una-herida-y-huir\\\/#primaryimage\",\"url\":\"https:\\\/\\\/www.cuencasmineras.com\\\/wp-content\\\/uploads\\\/2021\\\/03\\\/c62446f6-d312-4134-ba92-2d4fb3c49ca7_21-9-aspect-ratio_default_1030700.jpg\",\"contentUrl\":\"https:\\\/\\\/www.cuencasmineras.com\\\/wp-content\\\/uploads\\\/2021\\\/03\\\/c62446f6-d312-4134-ba92-2d4fb3c49ca7_21-9-aspect-ratio_default_1030700.jpg\",\"width\":1280,\"height\":548},{\"@type\":\"BreadcrumbList\",\"@id\":\"https:\\\/\\\/www.cuencasmineras.com\\\/index.php\\\/2021\\\/06\\\/04\\\/detenido-en-el-entrego-tras-conducir-ebrio-causar-un-accidente-con-una-herida-y-huir\\\/#breadcrumb\",\"itemListElement\":[{\"@type\":\"ListItem\",\"position\":1,\"name\":\"Portada\",\"item\":\"https:\\\/\\\/www.cuencasmineras.com\\\/\"},{\"@type\":\"ListItem\",\"position\":2,\"name\":\"Detenido en El Entrego tras conducir ebrio, causar un accidente con una herida y huir.\"}]},{\"@type\":\"WebSite\",\"@id\":\"https:\\\/\\\/www.cuencasmineras.com\\\/#website\",\"url\":\"https:\\\/\\\/www.cuencasmineras.com\\\/\",\"name\":\"\",\"description\":\"\",\"potentialAction\":[{\"@type\":\"SearchAction\",\"target\":{\"@type\":\"EntryPoint\",\"urlTemplate\":\"https:\\\/\\\/www.cuencasmineras.com\\\/?s={search_term_string}\"},\"query-input\":{\"@type\":\"PropertyValueSpecification\",\"valueRequired\":true,\"valueName\":\"search_term_string\"}}],\"inLanguage\":\"es\"},{\"@type\":\"Person\",\"@id\":\"https:\\\/\\\/www.cuencasmineras.com\\\/#\\\/schema\\\/person\\\/be0691310e8496ec555f679dd688420c\",\"name\":\"admin\",\"image\":{\"@type\":\"ImageObject\",\"inLanguage\":\"es\",\"@id\":\"https:\\\/\\\/secure.gravatar.com\\\/avatar\\\/4afd2eed3b2fbbf36dd6707b5bd8a5b50ac648f033e36fbf85aeace2f0f859db?s=96&d=mm&r=g\",\"url\":\"https:\\\/\\\/secure.gravatar.com\\\/avatar\\\/4afd2eed3b2fbbf36dd6707b5bd8a5b50ac648f033e36fbf85aeace2f0f859db?s=96&d=mm&r=g\",\"contentUrl\":\"https:\\\/\\\/secure.gravatar.com\\\/avatar\\\/4afd2eed3b2fbbf36dd6707b5bd8a5b50ac648f033e36fbf85aeace2f0f859db?s=96&d=mm&r=g\",\"caption\":\"admin\"},\"sameAs\":[\"https:\\\/\\\/www.cuencasmineras.com\"],\"url\":\"https:\\\/\\\/www.cuencasmineras.com\\\/index.php\\\/author\\\/admin\\\/\"}]}<\/script>\n<!-- \/ Yoast SEO plugin. -->","yoast_head_json":{"title":"Detenido en El Entrego tras conducir ebrio, causar un accidente con una herida y huir. - cm news","description":"El hombre, que ya ten\u00eda una orden de ingreso en prisi\u00f3n por robo con violencia, volvi\u00f3 d\u00edas m\u00e1s tarde a por su veh\u00edculo y lo arrestaron","robots":{"index":"index","follow":"follow","max-snippet":"max-snippet:-1","max-image-preview":"max-image-preview:large","max-video-preview":"max-video-preview:-1"},"canonical":"https:\/\/www.cuencasmineras.com\/index.php\/2021\/06\/04\/detenido-en-el-entrego-tras-conducir-ebrio-causar-un-accidente-con-una-herida-y-huir\/","og_locale":"es_ES","og_type":"article","og_title":"Detenido en El Entrego tras conducir ebrio, causar un accidente con una herida y huir. - cm news","og_description":"El hombre, que ya ten\u00eda una orden de ingreso en prisi\u00f3n por robo con violencia, volvi\u00f3 d\u00edas m\u00e1s tarde a por su veh\u00edculo y lo arrestaron","og_url":"https:\/\/www.cuencasmineras.com\/index.php\/2021\/06\/04\/detenido-en-el-entrego-tras-conducir-ebrio-causar-un-accidente-con-una-herida-y-huir\/","article_published_time":"2021-06-04T12:07:19+00:00","og_image":[{"width":1280,"height":548,"url":"https:\/\/www.cuencasmineras.com\/wp-content\/uploads\/2021\/03\/c62446f6-d312-4134-ba92-2d4fb3c49ca7_21-9-aspect-ratio_default_1030700.jpg","type":"image\/jpeg"}],"author":"admin","twitter_card":"summary_large_image","twitter_misc":{"Escrito por":"admin","Tiempo de lectura":"3 minutos"},"schema":{"@context":"https:\/\/schema.org","@graph":[{"@type":"Article","@id":"https:\/\/www.cuencasmineras.com\/index.php\/2021\/06\/04\/detenido-en-el-entrego-tras-conducir-ebrio-causar-un-accidente-con-una-herida-y-huir\/#article","isPartOf":{"@id":"https:\/\/www.cuencasmineras.com\/index.php\/2021\/06\/04\/detenido-en-el-entrego-tras-conducir-ebrio-causar-un-accidente-con-una-herida-y-huir\/"},"author":{"name":"admin","@id":"https:\/\/www.cuencasmineras.com\/#\/schema\/person\/be0691310e8496ec555f679dd688420c"},"headline":"Detenido en El Entrego tras conducir ebrio, causar un accidente con una herida y huir.","datePublished":"2021-06-04T12:07:19+00:00","mainEntityOfPage":{"@id":"https:\/\/www.cuencasmineras.com\/index.php\/2021\/06\/04\/detenido-en-el-entrego-tras-conducir-ebrio-causar-un-accidente-con-una-herida-y-huir\/"},"wordCount":535,"commentCount":0,"image":{"@id":"https:\/\/www.cuencasmineras.com\/index.php\/2021\/06\/04\/detenido-en-el-entrego-tras-conducir-ebrio-causar-un-accidente-con-una-herida-y-huir\/#primaryimage"},"thumbnailUrl":"https:\/\/www.cuencasmineras.com\/wp-content\/uploads\/2021\/03\/c62446f6-d312-4134-ba92-2d4fb3c49ca7_21-9-aspect-ratio_default_1030700.jpg","articleSection":["CM NEWS","Nal\u00f3n"],"inLanguage":"es","potentialAction":[{"@type":"CommentAction","name":"Comment","target":["https:\/\/www.cuencasmineras.com\/index.php\/2021\/06\/04\/detenido-en-el-entrego-tras-conducir-ebrio-causar-un-accidente-con-una-herida-y-huir\/#respond"]}]},{"@type":"WebPage","@id":"https:\/\/www.cuencasmineras.com\/index.php\/2021\/06\/04\/detenido-en-el-entrego-tras-conducir-ebrio-causar-un-accidente-con-una-herida-y-huir\/","url":"https:\/\/www.cuencasmineras.com\/index.php\/2021\/06\/04\/detenido-en-el-entrego-tras-conducir-ebrio-causar-un-accidente-con-una-herida-y-huir\/","name":"Detenido en El Entrego tras conducir ebrio, causar un accidente con una herida y huir. - cm news","isPartOf":{"@id":"https:\/\/www.cuencasmineras.com\/#website"},"primaryImageOfPage":{"@id":"https:\/\/www.cuencasmineras.com\/index.php\/2021\/06\/04\/detenido-en-el-entrego-tras-conducir-ebrio-causar-un-accidente-con-una-herida-y-huir\/#primaryimage"},"image":{"@id":"https:\/\/www.cuencasmineras.com\/index.php\/2021\/06\/04\/detenido-en-el-entrego-tras-conducir-ebrio-causar-un-accidente-con-una-herida-y-huir\/#primaryimage"},"thumbnailUrl":"https:\/\/www.cuencasmineras.com\/wp-content\/uploads\/2021\/03\/c62446f6-d312-4134-ba92-2d4fb3c49ca7_21-9-aspect-ratio_default_1030700.jpg","datePublished":"2021-06-04T12:07:19+00:00","author":{"@id":"https:\/\/www.cuencasmineras.com\/#\/schema\/person\/be0691310e8496ec555f679dd688420c"},"description":"El hombre, que ya ten\u00eda una orden de ingreso en prisi\u00f3n por robo con violencia, volvi\u00f3 d\u00edas m\u00e1s tarde a por su veh\u00edculo y lo arrestaron","breadcrumb":{"@id":"https:\/\/www.cuencasmineras.com\/index.php\/2021\/06\/04\/detenido-en-el-entrego-tras-conducir-ebrio-causar-un-accidente-con-una-herida-y-huir\/#breadcrumb"},"inLanguage":"es","potentialAction":[{"@type":"ReadAction","target":["https:\/\/www.cuencasmineras.com\/index.php\/2021\/06\/04\/detenido-en-el-entrego-tras-conducir-ebrio-causar-un-accidente-con-una-herida-y-huir\/"]}]},{"@type":"ImageObject","inLanguage":"es","@id":"https:\/\/www.cuencasmineras.com\/index.php\/2021\/06\/04\/detenido-en-el-entrego-tras-conducir-ebrio-causar-un-accidente-con-una-herida-y-huir\/#primaryimage","url":"https:\/\/www.cuencasmineras.com\/wp-content\/uploads\/2021\/03\/c62446f6-d312-4134-ba92-2d4fb3c49ca7_21-9-aspect-ratio_default_1030700.jpg","contentUrl":"https:\/\/www.cuencasmineras.com\/wp-content\/uploads\/2021\/03\/c62446f6-d312-4134-ba92-2d4fb3c49ca7_21-9-aspect-ratio_default_1030700.jpg","width":1280,"height":548},{"@type":"BreadcrumbList","@id":"https:\/\/www.cuencasmineras.com\/index.php\/2021\/06\/04\/detenido-en-el-entrego-tras-conducir-ebrio-causar-un-accidente-con-una-herida-y-huir\/#breadcrumb","itemListElement":[{"@type":"ListItem","position":1,"name":"Portada","item":"https:\/\/www.cuencasmineras.com\/"},{"@type":"ListItem","position":2,"name":"Detenido en El Entrego tras conducir ebrio, causar un accidente con una herida y huir."}]},{"@type":"WebSite","@id":"https:\/\/www.cuencasmineras.com\/#website","url":"https:\/\/www.cuencasmineras.com\/","name":"","description":"","potentialAction":[{"@type":"SearchAction","target":{"@type":"EntryPoint","urlTemplate":"https:\/\/www.cuencasmineras.com\/?s={search_term_string}"},"query-input":{"@type":"PropertyValueSpecification","valueRequired":true,"valueName":"search_term_string"}}],"inLanguage":"es"},{"@type":"Person","@id":"https:\/\/www.cuencasmineras.com\/#\/schema\/person\/be0691310e8496ec555f679dd688420c","name":"admin","image":{"@type":"ImageObject","inLanguage":"es","@id":"https:\/\/secure.gravatar.com\/avatar\/4afd2eed3b2fbbf36dd6707b5bd8a5b50ac648f033e36fbf85aeace2f0f859db?s=96&d=mm&r=g","url":"https:\/\/secure.gravatar.com\/avatar\/4afd2eed3b2fbbf36dd6707b5bd8a5b50ac648f033e36fbf85aeace2f0f859db?s=96&d=mm&r=g","contentUrl":"https:\/\/secure.gravatar.com\/avatar\/4afd2eed3b2fbbf36dd6707b5bd8a5b50ac648f033e36fbf85aeace2f0f859db?s=96&d=mm&r=g","caption":"admin"},"sameAs":["https:\/\/www.cuencasmineras.com"],"url":"https:\/\/www.cuencasmineras.com\/index.php\/author\/admin\/"}]}},"_links":{"self":[{"href":"https:\/\/www.cuencasmineras.com\/index.php\/wp-json\/wp\/v2\/posts\/2844","targetHints":{"allow":["GET"]}}],"collection":[{"href":"https:\/\/www.cuencasmineras.com\/index.php\/wp-json\/wp\/v2\/posts"}],"about":[{"href":"https:\/\/www.cuencasmineras.com\/index.php\/wp-json\/wp\/v2\/types\/post"}],"author":[{"embeddable":true,"href":"https:\/\/www.cuencasmineras.com\/index.php\/wp-json\/wp\/v2\/users\/1"}],"replies":[{"embeddable":true,"href":"https:\/\/www.cuencasmineras.com\/index.php\/wp-json\/wp\/v2\/comments?post=2844"}],"version-history":[{"count":1,"href":"https:\/\/www.cuencasmineras.com\/index.php\/wp-json\/wp\/v2\/posts\/2844\/revisions"}],"predecessor-version":[{"id":2845,"href":"https:\/\/www.cuencasmineras.com\/index.php\/wp-json\/wp\/v2\/posts\/2844\/revisions\/2845"}],"wp:featuredmedia":[{"embeddable":true,"href":"https:\/\/www.cuencasmineras.com\/index.php\/wp-json\/wp\/v2\/media\/2108"}],"wp:attachment":[{"href":"https:\/\/www.cuencasmineras.com\/index.php\/wp-json\/wp\/v2\/media?parent=2844"}],"wp:term":[{"taxonomy":"category","embeddable":true,"href":"https:\/\/www.cuencasmineras.com\/index.php\/wp-json\/wp\/v2\/categories?post=2844"},{"taxonomy":"post_tag","embeddable":true,"href":"https:\/\/www.cuencasmineras.com\/index.php\/wp-json\/wp\/v2\/tags?post=2844"}],"curies":[{"name":"wp","href":"https:\/\/api.w.org\/{rel}","templated":true}]}}