{"id":2848,"date":"2021-06-04T12:38:46","date_gmt":"2021-06-04T12:38:46","guid":{"rendered":"https:\/\/www.cuencasmineras.com\/?p=2848"},"modified":"2021-06-04T12:38:46","modified_gmt":"2021-06-04T12:38:46","slug":"la-mascarilla-ya-es-prescindible-en-espacios-exteriores-proclaman-los-expertos","status":"publish","type":"post","link":"https:\/\/www.cuencasmineras.com\/index.php\/2021\/06\/04\/la-mascarilla-ya-es-prescindible-en-espacios-exteriores-proclaman-los-expertos\/","title":{"rendered":"La mascarilla ya es prescindible en espacios exteriores, proclaman los expertos"},"content":{"rendered":"<p style=\"text-align: justify;\">Al uso continuado de la mascarilla en espacios exteriores puede quedarle poco tiempo de vigencia, salvo que la pandemia de covid-19 repuntara por cualquier causa. Los expertos asturianos coinciden de forma un\u00e1nime en que, dadas las actuales coordenadas epidemiol\u00f3gicas y el avance de la vacunaci\u00f3n, ya resulta posible dar el paso hacia un relajamiento en los criterios de uso de la prenda de protecci\u00f3n. Eso s\u00ed, establecen tres salvedades: que esa medida se limite \u2013por el momento\u2013 a los espacios al aire libre; que vaya acompa\u00f1ada del respeto a la distancia social; y que quien la aplique evite verse inmerso en aglomeraciones.\u00a0 De otro lado, la ministra de Educaci\u00f3n y Formaci\u00f3n Profesional, Isabel Cela\u00e1, puso ayer en duda que los alumnos puedan estar sin mascarilla en el patio de los colegios a partir de septiembre, posibilidad que apunt\u00f3 recientemente la Comunidad de Madrid. \u201cLas mascarillas han sido esenciales para mantener la salud en las aulas y cuesta pensar que vayamos a prescindir de ella\u201d, indic\u00f3 Cela\u00e1 en una entrevista en RNE recogida por Europa Press. La Ministra subray\u00f3 la importancia de las restricciones vigentes para \u201chaber podido tener todos los centros abiertos durante todo el curso, con apenas un 0,3 por ciento de aulas cuarentenadas\u201d. No obstante, precis\u00f3 que se trata de un \u201cprotocolo din\u00e1mico que avanza en funci\u00f3n de c\u00f3mo avanza la pandemia\u201d.<\/p>\n<p><img loading=\"lazy\" decoding=\"async\" class=\"aligncenter size-full wp-image-2849\" src=\"https:\/\/www.cuencasmineras.com\/wp-content\/uploads\/2021\/06\/masca2-k9XE-U11080656335456G-624x385@Diario-Montanes.jpg\" alt=\"\" width=\"624\" height=\"385\" srcset=\"https:\/\/www.cuencasmineras.com\/wp-content\/uploads\/2021\/06\/masca2-k9XE-U11080656335456G-624x385@Diario-Montanes.jpg 624w, https:\/\/www.cuencasmineras.com\/wp-content\/uploads\/2021\/06\/masca2-k9XE-U11080656335456G-624x385@Diario-Montanes-300x185.jpg 300w\" sizes=\"auto, (max-width: 624px) 100vw, 624px\" \/><\/p>\n","protected":false},"excerpt":{"rendered":"<p>Al uso continuado de la mascarilla en espacios exteriores puede quedarle poco tiempo de vigencia, salvo que la pandemia de covid-19 repuntara por cualquier causa. Los expertos asturianos coinciden de forma un\u00e1nime en que, dadas las actuales coordenadas epidemiol\u00f3gicas y el avance de la vacunaci\u00f3n, ya resulta posible dar el paso hacia un relajamiento en [&hellip;]<\/p>\n","protected":false},"author":1,"featured_media":2849,"comment_status":"open","ping_status":"open","sticky":false,"template":"","format":"standard","meta":{"footnotes":""},"categories":[7,6,8],"tags":[],"class_list":["post-2848","post","type-post","status-publish","format-standard","has-post-thumbnail","hentry","category-caudal","category-noticias","category-nalon"],"yoast_head":"<!-- This site is optimized with the Yoast SEO plugin v27.4 - https:\/\/yoast.com\/product\/yoast-seo-wordpress\/ -->\n<title>La mascarilla ya es prescindible en espacios exteriores, proclaman los expertos - cm news<\/title>\n<meta name=\"description\" content=\"Los expertos asturianos coinciden de forma un\u00e1nime en que, dadas las actuales coordenadas epidemiol\u00f3gicas y el avance de la vacunaci\u00f3n, ya resulta posible dar el paso hacia un relajamiento en los criterios de uso de la prenda de protecci\u00f3n\" \/>\n<meta name=\"robots\" content=\"index, follow, max-snippet:-1, max-image-preview:large, max-video-preview:-1\" \/>\n<link rel=\"canonical\" href=\"https:\/\/www.cuencasmineras.com\/index.php\/2021\/06\/04\/la-mascarilla-ya-es-prescindible-en-espacios-exteriores-proclaman-los-expertos\/\" \/>\n<meta property=\"og:locale\" content=\"es_ES\" \/>\n<meta property=\"og:type\" content=\"article\" \/>\n<meta property=\"og:title\" content=\"La mascarilla ya es prescindible en espacios exteriores, proclaman los expertos - cm news\" \/>\n<meta property=\"og:description\" content=\"Los expertos asturianos coinciden de forma un\u00e1nime en que, dadas las actuales coordenadas epidemiol\u00f3gicas y el avance de la vacunaci\u00f3n, ya resulta posible dar el paso hacia un relajamiento en los criterios de uso de la prenda de protecci\u00f3n\" \/>\n<meta property=\"og:url\" content=\"https:\/\/www.cuencasmineras.com\/index.php\/2021\/06\/04\/la-mascarilla-ya-es-prescindible-en-espacios-exteriores-proclaman-los-expertos\/\" \/>\n<meta property=\"article:published_time\" content=\"2021-06-04T12:38:46+00:00\" \/>\n<meta property=\"og:image\" content=\"https:\/\/www.cuencasmineras.com\/wp-content\/uploads\/2021\/06\/masca2-k9XE-U11080656335456G-624x385@Diario-Montanes.jpg\" \/>\n\t<meta property=\"og:image:width\" content=\"624\" \/>\n\t<meta property=\"og:image:height\" content=\"385\" \/>\n\t<meta property=\"og:image:type\" content=\"image\/jpeg\" \/>\n<meta name=\"author\" content=\"admin\" \/>\n<meta name=\"twitter:card\" content=\"summary_large_image\" \/>\n<meta name=\"twitter:label1\" content=\"Escrito por\" \/>\n\t<meta name=\"twitter:data1\" content=\"admin\" \/>\n\t<meta name=\"twitter:label2\" content=\"Tiempo de lectura\" \/>\n\t<meta name=\"twitter:data2\" content=\"2 minutos\" \/>\n<script type=\"application\/ld+json\" class=\"yoast-schema-graph\">{\"@context\":\"https:\\\/\\\/schema.org\",\"@graph\":[{\"@type\":\"Article\",\"@id\":\"https:\\\/\\\/www.cuencasmineras.com\\\/index.php\\\/2021\\\/06\\\/04\\\/la-mascarilla-ya-es-prescindible-en-espacios-exteriores-proclaman-los-expertos\\\/#article\",\"isPartOf\":{\"@id\":\"https:\\\/\\\/www.cuencasmineras.com\\\/index.php\\\/2021\\\/06\\\/04\\\/la-mascarilla-ya-es-prescindible-en-espacios-exteriores-proclaman-los-expertos\\\/\"},\"author\":{\"name\":\"admin\",\"@id\":\"https:\\\/\\\/www.cuencasmineras.com\\\/#\\\/schema\\\/person\\\/be0691310e8496ec555f679dd688420c\"},\"headline\":\"La mascarilla ya es prescindible en espacios exteriores, proclaman los expertos\",\"datePublished\":\"2021-06-04T12:38:46+00:00\",\"mainEntityOfPage\":{\"@id\":\"https:\\\/\\\/www.cuencasmineras.com\\\/index.php\\\/2021\\\/06\\\/04\\\/la-mascarilla-ya-es-prescindible-en-espacios-exteriores-proclaman-los-expertos\\\/\"},\"wordCount\":244,\"commentCount\":0,\"image\":{\"@id\":\"https:\\\/\\\/www.cuencasmineras.com\\\/index.php\\\/2021\\\/06\\\/04\\\/la-mascarilla-ya-es-prescindible-en-espacios-exteriores-proclaman-los-expertos\\\/#primaryimage\"},\"thumbnailUrl\":\"https:\\\/\\\/www.cuencasmineras.com\\\/wp-content\\\/uploads\\\/2021\\\/06\\\/masca2-k9XE-U11080656335456G-624x385@Diario-Montanes.jpg\",\"articleSection\":[\"Caudal\",\"CM NEWS\",\"Nal\u00f3n\"],\"inLanguage\":\"es\",\"potentialAction\":[{\"@type\":\"CommentAction\",\"name\":\"Comment\",\"target\":[\"https:\\\/\\\/www.cuencasmineras.com\\\/index.php\\\/2021\\\/06\\\/04\\\/la-mascarilla-ya-es-prescindible-en-espacios-exteriores-proclaman-los-expertos\\\/#respond\"]}]},{\"@type\":\"WebPage\",\"@id\":\"https:\\\/\\\/www.cuencasmineras.com\\\/index.php\\\/2021\\\/06\\\/04\\\/la-mascarilla-ya-es-prescindible-en-espacios-exteriores-proclaman-los-expertos\\\/\",\"url\":\"https:\\\/\\\/www.cuencasmineras.com\\\/index.php\\\/2021\\\/06\\\/04\\\/la-mascarilla-ya-es-prescindible-en-espacios-exteriores-proclaman-los-expertos\\\/\",\"name\":\"La mascarilla ya es prescindible en espacios exteriores, proclaman los expertos - cm news\",\"isPartOf\":{\"@id\":\"https:\\\/\\\/www.cuencasmineras.com\\\/#website\"},\"primaryImageOfPage\":{\"@id\":\"https:\\\/\\\/www.cuencasmineras.com\\\/index.php\\\/2021\\\/06\\\/04\\\/la-mascarilla-ya-es-prescindible-en-espacios-exteriores-proclaman-los-expertos\\\/#primaryimage\"},\"image\":{\"@id\":\"https:\\\/\\\/www.cuencasmineras.com\\\/index.php\\\/2021\\\/06\\\/04\\\/la-mascarilla-ya-es-prescindible-en-espacios-exteriores-proclaman-los-expertos\\\/#primaryimage\"},\"thumbnailUrl\":\"https:\\\/\\\/www.cuencasmineras.com\\\/wp-content\\\/uploads\\\/2021\\\/06\\\/masca2-k9XE-U11080656335456G-624x385@Diario-Montanes.jpg\",\"datePublished\":\"2021-06-04T12:38:46+00:00\",\"author\":{\"@id\":\"https:\\\/\\\/www.cuencasmineras.com\\\/#\\\/schema\\\/person\\\/be0691310e8496ec555f679dd688420c\"},\"description\":\"Los expertos asturianos coinciden de forma un\u00e1nime en que, dadas las actuales coordenadas epidemiol\u00f3gicas y el avance de la vacunaci\u00f3n, ya resulta posible dar el paso hacia un relajamiento en los criterios de uso de la prenda de protecci\u00f3n\",\"breadcrumb\":{\"@id\":\"https:\\\/\\\/www.cuencasmineras.com\\\/index.php\\\/2021\\\/06\\\/04\\\/la-mascarilla-ya-es-prescindible-en-espacios-exteriores-proclaman-los-expertos\\\/#breadcrumb\"},\"inLanguage\":\"es\",\"potentialAction\":[{\"@type\":\"ReadAction\",\"target\":[\"https:\\\/\\\/www.cuencasmineras.com\\\/index.php\\\/2021\\\/06\\\/04\\\/la-mascarilla-ya-es-prescindible-en-espacios-exteriores-proclaman-los-expertos\\\/\"]}]},{\"@type\":\"ImageObject\",\"inLanguage\":\"es\",\"@id\":\"https:\\\/\\\/www.cuencasmineras.com\\\/index.php\\\/2021\\\/06\\\/04\\\/la-mascarilla-ya-es-prescindible-en-espacios-exteriores-proclaman-los-expertos\\\/#primaryimage\",\"url\":\"https:\\\/\\\/www.cuencasmineras.com\\\/wp-content\\\/uploads\\\/2021\\\/06\\\/masca2-k9XE-U11080656335456G-624x385@Diario-Montanes.jpg\",\"contentUrl\":\"https:\\\/\\\/www.cuencasmineras.com\\\/wp-content\\\/uploads\\\/2021\\\/06\\\/masca2-k9XE-U11080656335456G-624x385@Diario-Montanes.jpg\",\"width\":624,\"height\":385},{\"@type\":\"BreadcrumbList\",\"@id\":\"https:\\\/\\\/www.cuencasmineras.com\\\/index.php\\\/2021\\\/06\\\/04\\\/la-mascarilla-ya-es-prescindible-en-espacios-exteriores-proclaman-los-expertos\\\/#breadcrumb\",\"itemListElement\":[{\"@type\":\"ListItem\",\"position\":1,\"name\":\"Portada\",\"item\":\"https:\\\/\\\/www.cuencasmineras.com\\\/\"},{\"@type\":\"ListItem\",\"position\":2,\"name\":\"La mascarilla ya es prescindible en espacios exteriores, proclaman los expertos\"}]},{\"@type\":\"WebSite\",\"@id\":\"https:\\\/\\\/www.cuencasmineras.com\\\/#website\",\"url\":\"https:\\\/\\\/www.cuencasmineras.com\\\/\",\"name\":\"\",\"description\":\"\",\"potentialAction\":[{\"@type\":\"SearchAction\",\"target\":{\"@type\":\"EntryPoint\",\"urlTemplate\":\"https:\\\/\\\/www.cuencasmineras.com\\\/?s={search_term_string}\"},\"query-input\":{\"@type\":\"PropertyValueSpecification\",\"valueRequired\":true,\"valueName\":\"search_term_string\"}}],\"inLanguage\":\"es\"},{\"@type\":\"Person\",\"@id\":\"https:\\\/\\\/www.cuencasmineras.com\\\/#\\\/schema\\\/person\\\/be0691310e8496ec555f679dd688420c\",\"name\":\"admin\",\"image\":{\"@type\":\"ImageObject\",\"inLanguage\":\"es\",\"@id\":\"https:\\\/\\\/secure.gravatar.com\\\/avatar\\\/4afd2eed3b2fbbf36dd6707b5bd8a5b50ac648f033e36fbf85aeace2f0f859db?s=96&d=mm&r=g\",\"url\":\"https:\\\/\\\/secure.gravatar.com\\\/avatar\\\/4afd2eed3b2fbbf36dd6707b5bd8a5b50ac648f033e36fbf85aeace2f0f859db?s=96&d=mm&r=g\",\"contentUrl\":\"https:\\\/\\\/secure.gravatar.com\\\/avatar\\\/4afd2eed3b2fbbf36dd6707b5bd8a5b50ac648f033e36fbf85aeace2f0f859db?s=96&d=mm&r=g\",\"caption\":\"admin\"},\"sameAs\":[\"https:\\\/\\\/www.cuencasmineras.com\"],\"url\":\"https:\\\/\\\/www.cuencasmineras.com\\\/index.php\\\/author\\\/admin\\\/\"}]}<\/script>\n<!-- \/ Yoast SEO plugin. -->","yoast_head_json":{"title":"La mascarilla ya es prescindible en espacios exteriores, proclaman los expertos - cm news","description":"Los expertos asturianos coinciden de forma un\u00e1nime en que, dadas las actuales coordenadas epidemiol\u00f3gicas y el avance de la vacunaci\u00f3n, ya resulta posible dar el paso hacia un relajamiento en los criterios de uso de la prenda de protecci\u00f3n","robots":{"index":"index","follow":"follow","max-snippet":"max-snippet:-1","max-image-preview":"max-image-preview:large","max-video-preview":"max-video-preview:-1"},"canonical":"https:\/\/www.cuencasmineras.com\/index.php\/2021\/06\/04\/la-mascarilla-ya-es-prescindible-en-espacios-exteriores-proclaman-los-expertos\/","og_locale":"es_ES","og_type":"article","og_title":"La mascarilla ya es prescindible en espacios exteriores, proclaman los expertos - cm news","og_description":"Los expertos asturianos coinciden de forma un\u00e1nime en que, dadas las actuales coordenadas epidemiol\u00f3gicas y el avance de la vacunaci\u00f3n, ya resulta posible dar el paso hacia un relajamiento en los criterios de uso de la prenda de protecci\u00f3n","og_url":"https:\/\/www.cuencasmineras.com\/index.php\/2021\/06\/04\/la-mascarilla-ya-es-prescindible-en-espacios-exteriores-proclaman-los-expertos\/","article_published_time":"2021-06-04T12:38:46+00:00","og_image":[{"width":624,"height":385,"url":"https:\/\/www.cuencasmineras.com\/wp-content\/uploads\/2021\/06\/masca2-k9XE-U11080656335456G-624x385@Diario-Montanes.jpg","type":"image\/jpeg"}],"author":"admin","twitter_card":"summary_large_image","twitter_misc":{"Escrito por":"admin","Tiempo de lectura":"2 minutos"},"schema":{"@context":"https:\/\/schema.org","@graph":[{"@type":"Article","@id":"https:\/\/www.cuencasmineras.com\/index.php\/2021\/06\/04\/la-mascarilla-ya-es-prescindible-en-espacios-exteriores-proclaman-los-expertos\/#article","isPartOf":{"@id":"https:\/\/www.cuencasmineras.com\/index.php\/2021\/06\/04\/la-mascarilla-ya-es-prescindible-en-espacios-exteriores-proclaman-los-expertos\/"},"author":{"name":"admin","@id":"https:\/\/www.cuencasmineras.com\/#\/schema\/person\/be0691310e8496ec555f679dd688420c"},"headline":"La mascarilla ya es prescindible en espacios exteriores, proclaman los expertos","datePublished":"2021-06-04T12:38:46+00:00","mainEntityOfPage":{"@id":"https:\/\/www.cuencasmineras.com\/index.php\/2021\/06\/04\/la-mascarilla-ya-es-prescindible-en-espacios-exteriores-proclaman-los-expertos\/"},"wordCount":244,"commentCount":0,"image":{"@id":"https:\/\/www.cuencasmineras.com\/index.php\/2021\/06\/04\/la-mascarilla-ya-es-prescindible-en-espacios-exteriores-proclaman-los-expertos\/#primaryimage"},"thumbnailUrl":"https:\/\/www.cuencasmineras.com\/wp-content\/uploads\/2021\/06\/masca2-k9XE-U11080656335456G-624x385@Diario-Montanes.jpg","articleSection":["Caudal","CM NEWS","Nal\u00f3n"],"inLanguage":"es","potentialAction":[{"@type":"CommentAction","name":"Comment","target":["https:\/\/www.cuencasmineras.com\/index.php\/2021\/06\/04\/la-mascarilla-ya-es-prescindible-en-espacios-exteriores-proclaman-los-expertos\/#respond"]}]},{"@type":"WebPage","@id":"https:\/\/www.cuencasmineras.com\/index.php\/2021\/06\/04\/la-mascarilla-ya-es-prescindible-en-espacios-exteriores-proclaman-los-expertos\/","url":"https:\/\/www.cuencasmineras.com\/index.php\/2021\/06\/04\/la-mascarilla-ya-es-prescindible-en-espacios-exteriores-proclaman-los-expertos\/","name":"La mascarilla ya es prescindible en espacios exteriores, proclaman los expertos - cm news","isPartOf":{"@id":"https:\/\/www.cuencasmineras.com\/#website"},"primaryImageOfPage":{"@id":"https:\/\/www.cuencasmineras.com\/index.php\/2021\/06\/04\/la-mascarilla-ya-es-prescindible-en-espacios-exteriores-proclaman-los-expertos\/#primaryimage"},"image":{"@id":"https:\/\/www.cuencasmineras.com\/index.php\/2021\/06\/04\/la-mascarilla-ya-es-prescindible-en-espacios-exteriores-proclaman-los-expertos\/#primaryimage"},"thumbnailUrl":"https:\/\/www.cuencasmineras.com\/wp-content\/uploads\/2021\/06\/masca2-k9XE-U11080656335456G-624x385@Diario-Montanes.jpg","datePublished":"2021-06-04T12:38:46+00:00","author":{"@id":"https:\/\/www.cuencasmineras.com\/#\/schema\/person\/be0691310e8496ec555f679dd688420c"},"description":"Los expertos asturianos coinciden de forma un\u00e1nime en que, dadas las actuales coordenadas epidemiol\u00f3gicas y el avance de la vacunaci\u00f3n, ya resulta posible dar el paso hacia un relajamiento en los criterios de uso de la prenda de protecci\u00f3n","breadcrumb":{"@id":"https:\/\/www.cuencasmineras.com\/index.php\/2021\/06\/04\/la-mascarilla-ya-es-prescindible-en-espacios-exteriores-proclaman-los-expertos\/#breadcrumb"},"inLanguage":"es","potentialAction":[{"@type":"ReadAction","target":["https:\/\/www.cuencasmineras.com\/index.php\/2021\/06\/04\/la-mascarilla-ya-es-prescindible-en-espacios-exteriores-proclaman-los-expertos\/"]}]},{"@type":"ImageObject","inLanguage":"es","@id":"https:\/\/www.cuencasmineras.com\/index.php\/2021\/06\/04\/la-mascarilla-ya-es-prescindible-en-espacios-exteriores-proclaman-los-expertos\/#primaryimage","url":"https:\/\/www.cuencasmineras.com\/wp-content\/uploads\/2021\/06\/masca2-k9XE-U11080656335456G-624x385@Diario-Montanes.jpg","contentUrl":"https:\/\/www.cuencasmineras.com\/wp-content\/uploads\/2021\/06\/masca2-k9XE-U11080656335456G-624x385@Diario-Montanes.jpg","width":624,"height":385},{"@type":"BreadcrumbList","@id":"https:\/\/www.cuencasmineras.com\/index.php\/2021\/06\/04\/la-mascarilla-ya-es-prescindible-en-espacios-exteriores-proclaman-los-expertos\/#breadcrumb","itemListElement":[{"@type":"ListItem","position":1,"name":"Portada","item":"https:\/\/www.cuencasmineras.com\/"},{"@type":"ListItem","position":2,"name":"La mascarilla ya es prescindible en espacios exteriores, proclaman los expertos"}]},{"@type":"WebSite","@id":"https:\/\/www.cuencasmineras.com\/#website","url":"https:\/\/www.cuencasmineras.com\/","name":"","description":"","potentialAction":[{"@type":"SearchAction","target":{"@type":"EntryPoint","urlTemplate":"https:\/\/www.cuencasmineras.com\/?s={search_term_string}"},"query-input":{"@type":"PropertyValueSpecification","valueRequired":true,"valueName":"search_term_string"}}],"inLanguage":"es"},{"@type":"Person","@id":"https:\/\/www.cuencasmineras.com\/#\/schema\/person\/be0691310e8496ec555f679dd688420c","name":"admin","image":{"@type":"ImageObject","inLanguage":"es","@id":"https:\/\/secure.gravatar.com\/avatar\/4afd2eed3b2fbbf36dd6707b5bd8a5b50ac648f033e36fbf85aeace2f0f859db?s=96&d=mm&r=g","url":"https:\/\/secure.gravatar.com\/avatar\/4afd2eed3b2fbbf36dd6707b5bd8a5b50ac648f033e36fbf85aeace2f0f859db?s=96&d=mm&r=g","contentUrl":"https:\/\/secure.gravatar.com\/avatar\/4afd2eed3b2fbbf36dd6707b5bd8a5b50ac648f033e36fbf85aeace2f0f859db?s=96&d=mm&r=g","caption":"admin"},"sameAs":["https:\/\/www.cuencasmineras.com"],"url":"https:\/\/www.cuencasmineras.com\/index.php\/author\/admin\/"}]}},"_links":{"self":[{"href":"https:\/\/www.cuencasmineras.com\/index.php\/wp-json\/wp\/v2\/posts\/2848","targetHints":{"allow":["GET"]}}],"collection":[{"href":"https:\/\/www.cuencasmineras.com\/index.php\/wp-json\/wp\/v2\/posts"}],"about":[{"href":"https:\/\/www.cuencasmineras.com\/index.php\/wp-json\/wp\/v2\/types\/post"}],"author":[{"embeddable":true,"href":"https:\/\/www.cuencasmineras.com\/index.php\/wp-json\/wp\/v2\/users\/1"}],"replies":[{"embeddable":true,"href":"https:\/\/www.cuencasmineras.com\/index.php\/wp-json\/wp\/v2\/comments?post=2848"}],"version-history":[{"count":1,"href":"https:\/\/www.cuencasmineras.com\/index.php\/wp-json\/wp\/v2\/posts\/2848\/revisions"}],"predecessor-version":[{"id":2850,"href":"https:\/\/www.cuencasmineras.com\/index.php\/wp-json\/wp\/v2\/posts\/2848\/revisions\/2850"}],"wp:featuredmedia":[{"embeddable":true,"href":"https:\/\/www.cuencasmineras.com\/index.php\/wp-json\/wp\/v2\/media\/2849"}],"wp:attachment":[{"href":"https:\/\/www.cuencasmineras.com\/index.php\/wp-json\/wp\/v2\/media?parent=2848"}],"wp:term":[{"taxonomy":"category","embeddable":true,"href":"https:\/\/www.cuencasmineras.com\/index.php\/wp-json\/wp\/v2\/categories?post=2848"},{"taxonomy":"post_tag","embeddable":true,"href":"https:\/\/www.cuencasmineras.com\/index.php\/wp-json\/wp\/v2\/tags?post=2848"}],"curies":[{"name":"wp","href":"https:\/\/api.w.org\/{rel}","templated":true}]}}