{"id":2897,"date":"2021-06-11T13:21:51","date_gmt":"2021-06-11T13:21:51","guid":{"rendered":"https:\/\/www.cuencasmineras.com\/?p=2897"},"modified":"2021-06-11T13:21:51","modified_gmt":"2021-06-11T13:21:51","slug":"una-estacion-de-tren-en-bustiello-conversion-del-sanatorio-es-un-proyecto-viable","status":"publish","type":"post","link":"https:\/\/www.cuencasmineras.com\/index.php\/2021\/06\/11\/una-estacion-de-tren-en-bustiello-conversion-del-sanatorio-es-un-proyecto-viable\/","title":{"rendered":"Una estaci\u00f3n de tren en Bustiello, conversi\u00f3n del sanatorio \u00bf\u201ces un proyecto viable\u201d?"},"content":{"rendered":"<p style=\"text-align: justify;\">La propuesta para convertir el sanatorio de Bustiello en una estaci\u00f3n del ferrocarril tur\u00edstico, que se hizo con el primer premio en el concurso de ideas organizado por la Escuela Polit\u00e9cnica de Mieres y que firman las alumnas Beatriz Fl\u00f3rez e Irene M\u00e9ndez, podr\u00eda no quedarse \u00fanicamente en el papel. De hecho, ha pasado a ser una m\u00e1s de las opciones que se barajan para darle un uso a estas instalaciones que dependen del Principado. As\u00ed lo asegur\u00f3 el edil de Cultura de Mieres, Juan Ponte, quien apunt\u00f3 que \u201ces una propuesta m\u00e1s, en este caso avalada por informes de expertos en la ingenier\u00eda civil y de caminos, y es viable, sin embargo tendr\u00e1 que ser el Principado el que decida qu\u00e9 hacer con el inmueble\u201d.<\/p>\n<p><img loading=\"lazy\" decoding=\"async\" class=\"aligncenter size-large wp-image-2898\" src=\"https:\/\/www.cuencasmineras.com\/wp-content\/uploads\/2021\/06\/b7bd5359-270c-4fbf-9f7a-571da09f7444_21-9-aspect-ratio_default_0-1024x438.jpg\" alt=\"\" width=\"640\" height=\"274\" srcset=\"https:\/\/www.cuencasmineras.com\/wp-content\/uploads\/2021\/06\/b7bd5359-270c-4fbf-9f7a-571da09f7444_21-9-aspect-ratio_default_0-1024x438.jpg 1024w, https:\/\/www.cuencasmineras.com\/wp-content\/uploads\/2021\/06\/b7bd5359-270c-4fbf-9f7a-571da09f7444_21-9-aspect-ratio_default_0-300x128.jpg 300w, https:\/\/www.cuencasmineras.com\/wp-content\/uploads\/2021\/06\/b7bd5359-270c-4fbf-9f7a-571da09f7444_21-9-aspect-ratio_default_0-768x329.jpg 768w, https:\/\/www.cuencasmineras.com\/wp-content\/uploads\/2021\/06\/b7bd5359-270c-4fbf-9f7a-571da09f7444_21-9-aspect-ratio_default_0.jpg 1280w\" sizes=\"auto, (max-width: 640px) 100vw, 640px\" \/><\/p>\n<p style=\"text-align: justify;\">Y es que no es la primera vez que salen a colaci\u00f3n Bustiello y el proyecto del ferrocarril tur\u00edstico, relacionados en este caso con el proyecto que encabeza la sociedad cultural y minera Santa B\u00e1rbara para hacer un tren que una Collanzo (Aller) y Trubia (Oviedo). La asociaci\u00f3n \u201cLa Pudinga\u201d, que lleva a\u00f1os velando por el mantenimiento del patrimonio industrial y cultural de Bustiello, solicit\u00f3 semanas atr\u00e1s que el desarrollo del proyecto tur\u00edstico, que pasar\u00eda justo al lado del poblado, tuviese all\u00ed una estaci\u00f3n. \u201cEs nuestro deseo que el proyecto se convierta en realidad y reivindicamos una antigua aspiraci\u00f3n, como es la parada del tren con un apeadero\u201d, se\u00f1alaban los portavoces de La Pudinga. Pues el proyecto ganador de la Escuela Polit\u00e9cnica de Mieres refuerza esa petici\u00f3n. Juan Ponte dej\u00f3 claro que el Ayuntamiento de Mieres \u201cha mostrado su apoyo al desarrollo del tren tur\u00edstico, y nos parece muy bien, adem\u00e1s, que se pueda recuperar el patrimonio del concejo\u201d. Eso s\u00ed, el concejal reiter\u00f3 que, al ser el sanatorio de Bustiello competencia del Principado, \u201cno podemos decirles qu\u00e9 hacer con estas instalaciones, pero s\u00ed valorarlo como una posibilidad y que adem\u00e1s es viable\u201d.<\/p>\n<p style=\"text-align: justify;\">Juan Ponte estuvo hace unos d\u00edas en el exterior del sanatorio para acompa\u00f1ar a la portavoz de IU en el Parlamento de Asturias, \u00c1ngela Vallina. Un encuentro en el que tambi\u00e9n estuvieron representantes de la plataforma \u201cSalvemos el Sanatorio de Bustiello\u201d. En ese encuentro, todos coincidieron en la necesidad de destinar fondos p\u00fablicos para revertir el deterioro del sanatorio, un plan que debe incluir una reorientaci\u00f3n de actividades. Desde la Consejer\u00eda de Cultura existe un compromiso de valorar las diferentes posibilidades del inmueble para evitar que se acabe cayendo.<\/p>\n<p>&nbsp;<\/p>\n<p>Fuente: LNE<\/p>\n","protected":false},"excerpt":{"rendered":"<p>La propuesta para convertir el sanatorio de Bustiello en una estaci\u00f3n del ferrocarril tur\u00edstico, que se hizo con el primer premio en el concurso de ideas organizado por la Escuela Polit\u00e9cnica de Mieres y que firman las alumnas Beatriz Fl\u00f3rez e Irene M\u00e9ndez, podr\u00eda no quedarse \u00fanicamente en el papel. De hecho, ha pasado a [&hellip;]<\/p>\n","protected":false},"author":1,"featured_media":2898,"comment_status":"open","ping_status":"open","sticky":false,"template":"","format":"standard","meta":{"footnotes":""},"categories":[7,6],"tags":[],"class_list":["post-2897","post","type-post","status-publish","format-standard","has-post-thumbnail","hentry","category-caudal","category-noticias"],"yoast_head":"<!-- This site is optimized with the Yoast SEO plugin v27.4 - https:\/\/yoast.com\/product\/yoast-seo-wordpress\/ -->\n<title>Una estaci\u00f3n de tren en Bustiello, conversi\u00f3n del sanatorio \u00bf\u201ces un proyecto viable\u201d? - cm news<\/title>\n<meta name=\"description\" content=\"El Ayuntamiento de Mieres valora el planteamiento, surgido en un concurso de la Polit\u00e9cnica\" \/>\n<meta name=\"robots\" content=\"index, follow, max-snippet:-1, max-image-preview:large, max-video-preview:-1\" \/>\n<link rel=\"canonical\" href=\"https:\/\/www.cuencasmineras.com\/index.php\/2021\/06\/11\/una-estacion-de-tren-en-bustiello-conversion-del-sanatorio-es-un-proyecto-viable\/\" \/>\n<meta property=\"og:locale\" content=\"es_ES\" \/>\n<meta property=\"og:type\" content=\"article\" \/>\n<meta property=\"og:title\" content=\"Una estaci\u00f3n de tren en Bustiello, conversi\u00f3n del sanatorio \u00bf\u201ces un proyecto viable\u201d? - cm news\" \/>\n<meta property=\"og:description\" content=\"El Ayuntamiento de Mieres valora el planteamiento, surgido en un concurso de la Polit\u00e9cnica\" \/>\n<meta property=\"og:url\" content=\"https:\/\/www.cuencasmineras.com\/index.php\/2021\/06\/11\/una-estacion-de-tren-en-bustiello-conversion-del-sanatorio-es-un-proyecto-viable\/\" \/>\n<meta property=\"article:published_time\" content=\"2021-06-11T13:21:51+00:00\" \/>\n<meta property=\"og:image\" content=\"https:\/\/www.cuencasmineras.com\/wp-content\/uploads\/2021\/06\/b7bd5359-270c-4fbf-9f7a-571da09f7444_21-9-aspect-ratio_default_0.jpg\" \/>\n\t<meta property=\"og:image:width\" content=\"1280\" \/>\n\t<meta property=\"og:image:height\" content=\"548\" \/>\n\t<meta property=\"og:image:type\" content=\"image\/jpeg\" \/>\n<meta name=\"author\" content=\"admin\" \/>\n<meta name=\"twitter:card\" content=\"summary_large_image\" \/>\n<meta name=\"twitter:label1\" content=\"Escrito por\" \/>\n\t<meta name=\"twitter:data1\" content=\"admin\" \/>\n\t<meta name=\"twitter:label2\" content=\"Tiempo de lectura\" \/>\n\t<meta name=\"twitter:data2\" content=\"2 minutos\" \/>\n<script type=\"application\/ld+json\" class=\"yoast-schema-graph\">{\"@context\":\"https:\\\/\\\/schema.org\",\"@graph\":[{\"@type\":\"Article\",\"@id\":\"https:\\\/\\\/www.cuencasmineras.com\\\/index.php\\\/2021\\\/06\\\/11\\\/una-estacion-de-tren-en-bustiello-conversion-del-sanatorio-es-un-proyecto-viable\\\/#article\",\"isPartOf\":{\"@id\":\"https:\\\/\\\/www.cuencasmineras.com\\\/index.php\\\/2021\\\/06\\\/11\\\/una-estacion-de-tren-en-bustiello-conversion-del-sanatorio-es-un-proyecto-viable\\\/\"},\"author\":{\"name\":\"admin\",\"@id\":\"https:\\\/\\\/www.cuencasmineras.com\\\/#\\\/schema\\\/person\\\/be0691310e8496ec555f679dd688420c\"},\"headline\":\"Una estaci\u00f3n de tren en Bustiello, conversi\u00f3n del sanatorio \u00bf\u201ces un proyecto viable\u201d?\",\"datePublished\":\"2021-06-11T13:21:51+00:00\",\"mainEntityOfPage\":{\"@id\":\"https:\\\/\\\/www.cuencasmineras.com\\\/index.php\\\/2021\\\/06\\\/11\\\/una-estacion-de-tren-en-bustiello-conversion-del-sanatorio-es-un-proyecto-viable\\\/\"},\"wordCount\":457,\"commentCount\":0,\"image\":{\"@id\":\"https:\\\/\\\/www.cuencasmineras.com\\\/index.php\\\/2021\\\/06\\\/11\\\/una-estacion-de-tren-en-bustiello-conversion-del-sanatorio-es-un-proyecto-viable\\\/#primaryimage\"},\"thumbnailUrl\":\"https:\\\/\\\/www.cuencasmineras.com\\\/wp-content\\\/uploads\\\/2021\\\/06\\\/b7bd5359-270c-4fbf-9f7a-571da09f7444_21-9-aspect-ratio_default_0.jpg\",\"articleSection\":[\"Caudal\",\"CM NEWS\"],\"inLanguage\":\"es\",\"potentialAction\":[{\"@type\":\"CommentAction\",\"name\":\"Comment\",\"target\":[\"https:\\\/\\\/www.cuencasmineras.com\\\/index.php\\\/2021\\\/06\\\/11\\\/una-estacion-de-tren-en-bustiello-conversion-del-sanatorio-es-un-proyecto-viable\\\/#respond\"]}]},{\"@type\":\"WebPage\",\"@id\":\"https:\\\/\\\/www.cuencasmineras.com\\\/index.php\\\/2021\\\/06\\\/11\\\/una-estacion-de-tren-en-bustiello-conversion-del-sanatorio-es-un-proyecto-viable\\\/\",\"url\":\"https:\\\/\\\/www.cuencasmineras.com\\\/index.php\\\/2021\\\/06\\\/11\\\/una-estacion-de-tren-en-bustiello-conversion-del-sanatorio-es-un-proyecto-viable\\\/\",\"name\":\"Una estaci\u00f3n de tren en Bustiello, conversi\u00f3n del sanatorio \u00bf\u201ces un proyecto viable\u201d? - cm news\",\"isPartOf\":{\"@id\":\"https:\\\/\\\/www.cuencasmineras.com\\\/#website\"},\"primaryImageOfPage\":{\"@id\":\"https:\\\/\\\/www.cuencasmineras.com\\\/index.php\\\/2021\\\/06\\\/11\\\/una-estacion-de-tren-en-bustiello-conversion-del-sanatorio-es-un-proyecto-viable\\\/#primaryimage\"},\"image\":{\"@id\":\"https:\\\/\\\/www.cuencasmineras.com\\\/index.php\\\/2021\\\/06\\\/11\\\/una-estacion-de-tren-en-bustiello-conversion-del-sanatorio-es-un-proyecto-viable\\\/#primaryimage\"},\"thumbnailUrl\":\"https:\\\/\\\/www.cuencasmineras.com\\\/wp-content\\\/uploads\\\/2021\\\/06\\\/b7bd5359-270c-4fbf-9f7a-571da09f7444_21-9-aspect-ratio_default_0.jpg\",\"datePublished\":\"2021-06-11T13:21:51+00:00\",\"author\":{\"@id\":\"https:\\\/\\\/www.cuencasmineras.com\\\/#\\\/schema\\\/person\\\/be0691310e8496ec555f679dd688420c\"},\"description\":\"El Ayuntamiento de Mieres valora el planteamiento, surgido en un concurso de la Polit\u00e9cnica\",\"breadcrumb\":{\"@id\":\"https:\\\/\\\/www.cuencasmineras.com\\\/index.php\\\/2021\\\/06\\\/11\\\/una-estacion-de-tren-en-bustiello-conversion-del-sanatorio-es-un-proyecto-viable\\\/#breadcrumb\"},\"inLanguage\":\"es\",\"potentialAction\":[{\"@type\":\"ReadAction\",\"target\":[\"https:\\\/\\\/www.cuencasmineras.com\\\/index.php\\\/2021\\\/06\\\/11\\\/una-estacion-de-tren-en-bustiello-conversion-del-sanatorio-es-un-proyecto-viable\\\/\"]}]},{\"@type\":\"ImageObject\",\"inLanguage\":\"es\",\"@id\":\"https:\\\/\\\/www.cuencasmineras.com\\\/index.php\\\/2021\\\/06\\\/11\\\/una-estacion-de-tren-en-bustiello-conversion-del-sanatorio-es-un-proyecto-viable\\\/#primaryimage\",\"url\":\"https:\\\/\\\/www.cuencasmineras.com\\\/wp-content\\\/uploads\\\/2021\\\/06\\\/b7bd5359-270c-4fbf-9f7a-571da09f7444_21-9-aspect-ratio_default_0.jpg\",\"contentUrl\":\"https:\\\/\\\/www.cuencasmineras.com\\\/wp-content\\\/uploads\\\/2021\\\/06\\\/b7bd5359-270c-4fbf-9f7a-571da09f7444_21-9-aspect-ratio_default_0.jpg\",\"width\":1280,\"height\":548},{\"@type\":\"BreadcrumbList\",\"@id\":\"https:\\\/\\\/www.cuencasmineras.com\\\/index.php\\\/2021\\\/06\\\/11\\\/una-estacion-de-tren-en-bustiello-conversion-del-sanatorio-es-un-proyecto-viable\\\/#breadcrumb\",\"itemListElement\":[{\"@type\":\"ListItem\",\"position\":1,\"name\":\"Portada\",\"item\":\"https:\\\/\\\/www.cuencasmineras.com\\\/\"},{\"@type\":\"ListItem\",\"position\":2,\"name\":\"Una estaci\u00f3n de tren en Bustiello, conversi\u00f3n del sanatorio \u00bf\u201ces un proyecto viable\u201d?\"}]},{\"@type\":\"WebSite\",\"@id\":\"https:\\\/\\\/www.cuencasmineras.com\\\/#website\",\"url\":\"https:\\\/\\\/www.cuencasmineras.com\\\/\",\"name\":\"\",\"description\":\"\",\"potentialAction\":[{\"@type\":\"SearchAction\",\"target\":{\"@type\":\"EntryPoint\",\"urlTemplate\":\"https:\\\/\\\/www.cuencasmineras.com\\\/?s={search_term_string}\"},\"query-input\":{\"@type\":\"PropertyValueSpecification\",\"valueRequired\":true,\"valueName\":\"search_term_string\"}}],\"inLanguage\":\"es\"},{\"@type\":\"Person\",\"@id\":\"https:\\\/\\\/www.cuencasmineras.com\\\/#\\\/schema\\\/person\\\/be0691310e8496ec555f679dd688420c\",\"name\":\"admin\",\"image\":{\"@type\":\"ImageObject\",\"inLanguage\":\"es\",\"@id\":\"https:\\\/\\\/secure.gravatar.com\\\/avatar\\\/4afd2eed3b2fbbf36dd6707b5bd8a5b50ac648f033e36fbf85aeace2f0f859db?s=96&d=mm&r=g\",\"url\":\"https:\\\/\\\/secure.gravatar.com\\\/avatar\\\/4afd2eed3b2fbbf36dd6707b5bd8a5b50ac648f033e36fbf85aeace2f0f859db?s=96&d=mm&r=g\",\"contentUrl\":\"https:\\\/\\\/secure.gravatar.com\\\/avatar\\\/4afd2eed3b2fbbf36dd6707b5bd8a5b50ac648f033e36fbf85aeace2f0f859db?s=96&d=mm&r=g\",\"caption\":\"admin\"},\"sameAs\":[\"https:\\\/\\\/www.cuencasmineras.com\"],\"url\":\"https:\\\/\\\/www.cuencasmineras.com\\\/index.php\\\/author\\\/admin\\\/\"}]}<\/script>\n<!-- \/ Yoast SEO plugin. -->","yoast_head_json":{"title":"Una estaci\u00f3n de tren en Bustiello, conversi\u00f3n del sanatorio \u00bf\u201ces un proyecto viable\u201d? - cm news","description":"El Ayuntamiento de Mieres valora el planteamiento, surgido en un concurso de la Polit\u00e9cnica","robots":{"index":"index","follow":"follow","max-snippet":"max-snippet:-1","max-image-preview":"max-image-preview:large","max-video-preview":"max-video-preview:-1"},"canonical":"https:\/\/www.cuencasmineras.com\/index.php\/2021\/06\/11\/una-estacion-de-tren-en-bustiello-conversion-del-sanatorio-es-un-proyecto-viable\/","og_locale":"es_ES","og_type":"article","og_title":"Una estaci\u00f3n de tren en Bustiello, conversi\u00f3n del sanatorio \u00bf\u201ces un proyecto viable\u201d? - cm news","og_description":"El Ayuntamiento de Mieres valora el planteamiento, surgido en un concurso de la Polit\u00e9cnica","og_url":"https:\/\/www.cuencasmineras.com\/index.php\/2021\/06\/11\/una-estacion-de-tren-en-bustiello-conversion-del-sanatorio-es-un-proyecto-viable\/","article_published_time":"2021-06-11T13:21:51+00:00","og_image":[{"width":1280,"height":548,"url":"https:\/\/www.cuencasmineras.com\/wp-content\/uploads\/2021\/06\/b7bd5359-270c-4fbf-9f7a-571da09f7444_21-9-aspect-ratio_default_0.jpg","type":"image\/jpeg"}],"author":"admin","twitter_card":"summary_large_image","twitter_misc":{"Escrito por":"admin","Tiempo de lectura":"2 minutos"},"schema":{"@context":"https:\/\/schema.org","@graph":[{"@type":"Article","@id":"https:\/\/www.cuencasmineras.com\/index.php\/2021\/06\/11\/una-estacion-de-tren-en-bustiello-conversion-del-sanatorio-es-un-proyecto-viable\/#article","isPartOf":{"@id":"https:\/\/www.cuencasmineras.com\/index.php\/2021\/06\/11\/una-estacion-de-tren-en-bustiello-conversion-del-sanatorio-es-un-proyecto-viable\/"},"author":{"name":"admin","@id":"https:\/\/www.cuencasmineras.com\/#\/schema\/person\/be0691310e8496ec555f679dd688420c"},"headline":"Una estaci\u00f3n de tren en Bustiello, conversi\u00f3n del sanatorio \u00bf\u201ces un proyecto viable\u201d?","datePublished":"2021-06-11T13:21:51+00:00","mainEntityOfPage":{"@id":"https:\/\/www.cuencasmineras.com\/index.php\/2021\/06\/11\/una-estacion-de-tren-en-bustiello-conversion-del-sanatorio-es-un-proyecto-viable\/"},"wordCount":457,"commentCount":0,"image":{"@id":"https:\/\/www.cuencasmineras.com\/index.php\/2021\/06\/11\/una-estacion-de-tren-en-bustiello-conversion-del-sanatorio-es-un-proyecto-viable\/#primaryimage"},"thumbnailUrl":"https:\/\/www.cuencasmineras.com\/wp-content\/uploads\/2021\/06\/b7bd5359-270c-4fbf-9f7a-571da09f7444_21-9-aspect-ratio_default_0.jpg","articleSection":["Caudal","CM NEWS"],"inLanguage":"es","potentialAction":[{"@type":"CommentAction","name":"Comment","target":["https:\/\/www.cuencasmineras.com\/index.php\/2021\/06\/11\/una-estacion-de-tren-en-bustiello-conversion-del-sanatorio-es-un-proyecto-viable\/#respond"]}]},{"@type":"WebPage","@id":"https:\/\/www.cuencasmineras.com\/index.php\/2021\/06\/11\/una-estacion-de-tren-en-bustiello-conversion-del-sanatorio-es-un-proyecto-viable\/","url":"https:\/\/www.cuencasmineras.com\/index.php\/2021\/06\/11\/una-estacion-de-tren-en-bustiello-conversion-del-sanatorio-es-un-proyecto-viable\/","name":"Una estaci\u00f3n de tren en Bustiello, conversi\u00f3n del sanatorio \u00bf\u201ces un proyecto viable\u201d? - cm news","isPartOf":{"@id":"https:\/\/www.cuencasmineras.com\/#website"},"primaryImageOfPage":{"@id":"https:\/\/www.cuencasmineras.com\/index.php\/2021\/06\/11\/una-estacion-de-tren-en-bustiello-conversion-del-sanatorio-es-un-proyecto-viable\/#primaryimage"},"image":{"@id":"https:\/\/www.cuencasmineras.com\/index.php\/2021\/06\/11\/una-estacion-de-tren-en-bustiello-conversion-del-sanatorio-es-un-proyecto-viable\/#primaryimage"},"thumbnailUrl":"https:\/\/www.cuencasmineras.com\/wp-content\/uploads\/2021\/06\/b7bd5359-270c-4fbf-9f7a-571da09f7444_21-9-aspect-ratio_default_0.jpg","datePublished":"2021-06-11T13:21:51+00:00","author":{"@id":"https:\/\/www.cuencasmineras.com\/#\/schema\/person\/be0691310e8496ec555f679dd688420c"},"description":"El Ayuntamiento de Mieres valora el planteamiento, surgido en un concurso de la Polit\u00e9cnica","breadcrumb":{"@id":"https:\/\/www.cuencasmineras.com\/index.php\/2021\/06\/11\/una-estacion-de-tren-en-bustiello-conversion-del-sanatorio-es-un-proyecto-viable\/#breadcrumb"},"inLanguage":"es","potentialAction":[{"@type":"ReadAction","target":["https:\/\/www.cuencasmineras.com\/index.php\/2021\/06\/11\/una-estacion-de-tren-en-bustiello-conversion-del-sanatorio-es-un-proyecto-viable\/"]}]},{"@type":"ImageObject","inLanguage":"es","@id":"https:\/\/www.cuencasmineras.com\/index.php\/2021\/06\/11\/una-estacion-de-tren-en-bustiello-conversion-del-sanatorio-es-un-proyecto-viable\/#primaryimage","url":"https:\/\/www.cuencasmineras.com\/wp-content\/uploads\/2021\/06\/b7bd5359-270c-4fbf-9f7a-571da09f7444_21-9-aspect-ratio_default_0.jpg","contentUrl":"https:\/\/www.cuencasmineras.com\/wp-content\/uploads\/2021\/06\/b7bd5359-270c-4fbf-9f7a-571da09f7444_21-9-aspect-ratio_default_0.jpg","width":1280,"height":548},{"@type":"BreadcrumbList","@id":"https:\/\/www.cuencasmineras.com\/index.php\/2021\/06\/11\/una-estacion-de-tren-en-bustiello-conversion-del-sanatorio-es-un-proyecto-viable\/#breadcrumb","itemListElement":[{"@type":"ListItem","position":1,"name":"Portada","item":"https:\/\/www.cuencasmineras.com\/"},{"@type":"ListItem","position":2,"name":"Una estaci\u00f3n de tren en Bustiello, conversi\u00f3n del sanatorio \u00bf\u201ces un proyecto viable\u201d?"}]},{"@type":"WebSite","@id":"https:\/\/www.cuencasmineras.com\/#website","url":"https:\/\/www.cuencasmineras.com\/","name":"","description":"","potentialAction":[{"@type":"SearchAction","target":{"@type":"EntryPoint","urlTemplate":"https:\/\/www.cuencasmineras.com\/?s={search_term_string}"},"query-input":{"@type":"PropertyValueSpecification","valueRequired":true,"valueName":"search_term_string"}}],"inLanguage":"es"},{"@type":"Person","@id":"https:\/\/www.cuencasmineras.com\/#\/schema\/person\/be0691310e8496ec555f679dd688420c","name":"admin","image":{"@type":"ImageObject","inLanguage":"es","@id":"https:\/\/secure.gravatar.com\/avatar\/4afd2eed3b2fbbf36dd6707b5bd8a5b50ac648f033e36fbf85aeace2f0f859db?s=96&d=mm&r=g","url":"https:\/\/secure.gravatar.com\/avatar\/4afd2eed3b2fbbf36dd6707b5bd8a5b50ac648f033e36fbf85aeace2f0f859db?s=96&d=mm&r=g","contentUrl":"https:\/\/secure.gravatar.com\/avatar\/4afd2eed3b2fbbf36dd6707b5bd8a5b50ac648f033e36fbf85aeace2f0f859db?s=96&d=mm&r=g","caption":"admin"},"sameAs":["https:\/\/www.cuencasmineras.com"],"url":"https:\/\/www.cuencasmineras.com\/index.php\/author\/admin\/"}]}},"_links":{"self":[{"href":"https:\/\/www.cuencasmineras.com\/index.php\/wp-json\/wp\/v2\/posts\/2897","targetHints":{"allow":["GET"]}}],"collection":[{"href":"https:\/\/www.cuencasmineras.com\/index.php\/wp-json\/wp\/v2\/posts"}],"about":[{"href":"https:\/\/www.cuencasmineras.com\/index.php\/wp-json\/wp\/v2\/types\/post"}],"author":[{"embeddable":true,"href":"https:\/\/www.cuencasmineras.com\/index.php\/wp-json\/wp\/v2\/users\/1"}],"replies":[{"embeddable":true,"href":"https:\/\/www.cuencasmineras.com\/index.php\/wp-json\/wp\/v2\/comments?post=2897"}],"version-history":[{"count":1,"href":"https:\/\/www.cuencasmineras.com\/index.php\/wp-json\/wp\/v2\/posts\/2897\/revisions"}],"predecessor-version":[{"id":2899,"href":"https:\/\/www.cuencasmineras.com\/index.php\/wp-json\/wp\/v2\/posts\/2897\/revisions\/2899"}],"wp:featuredmedia":[{"embeddable":true,"href":"https:\/\/www.cuencasmineras.com\/index.php\/wp-json\/wp\/v2\/media\/2898"}],"wp:attachment":[{"href":"https:\/\/www.cuencasmineras.com\/index.php\/wp-json\/wp\/v2\/media?parent=2897"}],"wp:term":[{"taxonomy":"category","embeddable":true,"href":"https:\/\/www.cuencasmineras.com\/index.php\/wp-json\/wp\/v2\/categories?post=2897"},{"taxonomy":"post_tag","embeddable":true,"href":"https:\/\/www.cuencasmineras.com\/index.php\/wp-json\/wp\/v2\/tags?post=2897"}],"curies":[{"name":"wp","href":"https:\/\/api.w.org\/{rel}","templated":true}]}}