{"id":2980,"date":"2021-06-23T06:26:13","date_gmt":"2021-06-23T06:26:13","guid":{"rendered":"https:\/\/www.cuencasmineras.com\/?p=2980"},"modified":"2021-06-23T06:26:13","modified_gmt":"2021-06-23T06:26:13","slug":"ayto-lena-solicita-concesion-para-3-puntos-de-recarga-para-coches-electricos","status":"publish","type":"post","link":"https:\/\/www.cuencasmineras.com\/index.php\/2021\/06\/23\/ayto-lena-solicita-concesion-para-3-puntos-de-recarga-para-coches-electricos\/","title":{"rendered":"AYTO LENA solicita concesi\u00f3n para  3 PUNTOS de RECARGA para COCHES ELECTRICOS"},"content":{"rendered":"<div id=\"bopa-articulo\">\n<h4 style=\"text-align: center;\">AYUNTAMIENTOS<\/h4>\n<h5 style=\"text-align: center;\">DE LENA<\/h5>\n<p class=\"subtit-azul\" style=\"text-align: justify;\">Anuncio. Concesi\u00f3n demanial con destino a instalaci\u00f3n de puntos de recarga de veh\u00edculos el\u00e9ctricos.<\/p>\n<p style=\"text-align: justify;\">Para general conocimiento, y con el objeto de estudiar la viabilidad de acudir a una adjudicaci\u00f3n directa si no existieran terceros interesados, se hace constar que ante el Ayuntamiento de Lena se ha presentado solicitud para obtener concesi\u00f3n demanial, por un per\u00edodo de diez a\u00f1os, con destino a la implantaci\u00f3n de tres puntos de recarga de veh\u00edculos el\u00e9ctricos en la localidad de La Pola, seg\u00fan el detalle siguiente:<\/p>\n<p style=\"text-align: justify;\">\u2014 2 puntos de recarga en el aparcamiento p\u00fablico ubicado en la confluencia de la c\/ Severo Ochoa y la c\/ Hermanos Granda.<\/p>\n<p style=\"text-align: justify;\">\u2014 1 punto de recarga en la c\/ Vital Aza, 20.<\/p>\n<p style=\"text-align: justify;\">Si bien no existe, al d\u00eda de la fecha, solicitud de ning\u00fan otro interesado, se considera conveniente abrir informaci\u00f3n p\u00fablica por un plazo de quince d\u00edas naturales, a contar desde el siguiente a aqu\u00e9l en que se publique el presente anuncio en el Bolet\u00edn Oficial del Principado de Asturias, tabl\u00f3n de anuncios \u2014f\u00edsico y digital\u2014 del Ayuntamiento y web municipal, con el fin de que cualquier interesado pueda igualmente formular solicitud, en cuyo caso se desistir\u00eda del otorgamiento de la concesi\u00f3n en r\u00e9gimen de adjudicaci\u00f3n directa.<\/p>\n<p style=\"text-align: justify;\">En Lena, a 9 de junio de 2021.\u2014La Alcaldesa.\u2014C\u00f3d. 2021-06036.<\/p>\n<\/div>\n","protected":false},"excerpt":{"rendered":"<p>AYUNTAMIENTOS DE LENA Anuncio. Concesi\u00f3n demanial con destino a instalaci\u00f3n de puntos de recarga de veh\u00edculos el\u00e9ctricos. Para general conocimiento, y con el objeto de estudiar la viabilidad de acudir a una adjudicaci\u00f3n directa si no existieran terceros interesados, se hace constar que ante el Ayuntamiento de Lena se ha presentado solicitud para obtener concesi\u00f3n [&hellip;]<\/p>\n","protected":false},"author":1,"featured_media":2981,"comment_status":"open","ping_status":"open","sticky":false,"template":"","format":"standard","meta":{"footnotes":""},"categories":[7,6],"tags":[174,3,78],"class_list":["post-2980","post","type-post","status-publish","format-standard","has-post-thumbnail","hentry","category-caudal","category-noticias","tag-coche-electrico","tag-lena","tag-pola-de-lena"],"yoast_head":"<!-- This site is optimized with the Yoast SEO plugin v27.4 - https:\/\/yoast.com\/product\/yoast-seo-wordpress\/ -->\n<title>AYTO LENA solicita concesi\u00f3n para 3 PUNTOS de RECARGA para COCHES ELECTRICOS<\/title>\n<meta name=\"robots\" content=\"index, follow, max-snippet:-1, max-image-preview:large, max-video-preview:-1\" \/>\n<link rel=\"canonical\" href=\"https:\/\/www.cuencasmineras.com\/index.php\/2021\/06\/23\/ayto-lena-solicita-concesion-para-3-puntos-de-recarga-para-coches-electricos\/\" \/>\n<meta property=\"og:locale\" content=\"es_ES\" \/>\n<meta property=\"og:type\" content=\"article\" \/>\n<meta property=\"og:title\" content=\"AYTO LENA solicita concesi\u00f3n para 3 PUNTOS de RECARGA para COCHES ELECTRICOS\" \/>\n<meta property=\"og:description\" content=\"AYUNTAMIENTOS DE LENA Anuncio. Concesi\u00f3n demanial con destino a instalaci\u00f3n de puntos de recarga de veh\u00edculos el\u00e9ctricos. Para general conocimiento, y con el objeto de estudiar la viabilidad de acudir a una adjudicaci\u00f3n directa si no existieran terceros interesados, se hace constar que ante el Ayuntamiento de Lena se ha presentado solicitud para obtener concesi\u00f3n [&hellip;]\" \/>\n<meta property=\"og:url\" content=\"https:\/\/www.cuencasmineras.com\/index.php\/2021\/06\/23\/ayto-lena-solicita-concesion-para-3-puntos-de-recarga-para-coches-electricos\/\" \/>\n<meta property=\"article:published_time\" content=\"2021-06-23T06:26:13+00:00\" \/>\n<meta property=\"og:image\" content=\"https:\/\/www.cuencasmineras.com\/wp-content\/uploads\/2021\/06\/coche_electrico_vehiculo_movilidad_punto_recarga_sostenibilidad_recurso_bbva_opt-1024x684-1.jpg\" \/>\n\t<meta property=\"og:image:width\" content=\"1024\" \/>\n\t<meta property=\"og:image:height\" content=\"684\" \/>\n\t<meta property=\"og:image:type\" content=\"image\/jpeg\" \/>\n<meta name=\"author\" content=\"admin\" \/>\n<meta name=\"twitter:card\" content=\"summary_large_image\" \/>\n<meta name=\"twitter:label1\" content=\"Escrito por\" \/>\n\t<meta name=\"twitter:data1\" content=\"admin\" \/>\n\t<meta name=\"twitter:label2\" content=\"Tiempo de lectura\" \/>\n\t<meta name=\"twitter:data2\" content=\"1 minuto\" \/>\n<script type=\"application\/ld+json\" class=\"yoast-schema-graph\">{\"@context\":\"https:\\\/\\\/schema.org\",\"@graph\":[{\"@type\":\"Article\",\"@id\":\"https:\\\/\\\/www.cuencasmineras.com\\\/index.php\\\/2021\\\/06\\\/23\\\/ayto-lena-solicita-concesion-para-3-puntos-de-recarga-para-coches-electricos\\\/#article\",\"isPartOf\":{\"@id\":\"https:\\\/\\\/www.cuencasmineras.com\\\/index.php\\\/2021\\\/06\\\/23\\\/ayto-lena-solicita-concesion-para-3-puntos-de-recarga-para-coches-electricos\\\/\"},\"author\":{\"name\":\"admin\",\"@id\":\"https:\\\/\\\/www.cuencasmineras.com\\\/#\\\/schema\\\/person\\\/be0691310e8496ec555f679dd688420c\"},\"headline\":\"AYTO LENA solicita concesi\u00f3n para 3 PUNTOS de RECARGA para COCHES ELECTRICOS\",\"datePublished\":\"2021-06-23T06:26:13+00:00\",\"mainEntityOfPage\":{\"@id\":\"https:\\\/\\\/www.cuencasmineras.com\\\/index.php\\\/2021\\\/06\\\/23\\\/ayto-lena-solicita-concesion-para-3-puntos-de-recarga-para-coches-electricos\\\/\"},\"wordCount\":249,\"commentCount\":0,\"image\":{\"@id\":\"https:\\\/\\\/www.cuencasmineras.com\\\/index.php\\\/2021\\\/06\\\/23\\\/ayto-lena-solicita-concesion-para-3-puntos-de-recarga-para-coches-electricos\\\/#primaryimage\"},\"thumbnailUrl\":\"https:\\\/\\\/www.cuencasmineras.com\\\/wp-content\\\/uploads\\\/2021\\\/06\\\/coche_electrico_vehiculo_movilidad_punto_recarga_sostenibilidad_recurso_bbva_opt-1024x684-1.jpg\",\"keywords\":[\"coche electrico\",\"Lena\",\"POLA DE LENA\"],\"articleSection\":[\"Caudal\",\"CM NEWS\"],\"inLanguage\":\"es\",\"potentialAction\":[{\"@type\":\"CommentAction\",\"name\":\"Comment\",\"target\":[\"https:\\\/\\\/www.cuencasmineras.com\\\/index.php\\\/2021\\\/06\\\/23\\\/ayto-lena-solicita-concesion-para-3-puntos-de-recarga-para-coches-electricos\\\/#respond\"]}]},{\"@type\":\"WebPage\",\"@id\":\"https:\\\/\\\/www.cuencasmineras.com\\\/index.php\\\/2021\\\/06\\\/23\\\/ayto-lena-solicita-concesion-para-3-puntos-de-recarga-para-coches-electricos\\\/\",\"url\":\"https:\\\/\\\/www.cuencasmineras.com\\\/index.php\\\/2021\\\/06\\\/23\\\/ayto-lena-solicita-concesion-para-3-puntos-de-recarga-para-coches-electricos\\\/\",\"name\":\"AYTO LENA solicita concesi\u00f3n para 3 PUNTOS de RECARGA para COCHES ELECTRICOS\",\"isPartOf\":{\"@id\":\"https:\\\/\\\/www.cuencasmineras.com\\\/#website\"},\"primaryImageOfPage\":{\"@id\":\"https:\\\/\\\/www.cuencasmineras.com\\\/index.php\\\/2021\\\/06\\\/23\\\/ayto-lena-solicita-concesion-para-3-puntos-de-recarga-para-coches-electricos\\\/#primaryimage\"},\"image\":{\"@id\":\"https:\\\/\\\/www.cuencasmineras.com\\\/index.php\\\/2021\\\/06\\\/23\\\/ayto-lena-solicita-concesion-para-3-puntos-de-recarga-para-coches-electricos\\\/#primaryimage\"},\"thumbnailUrl\":\"https:\\\/\\\/www.cuencasmineras.com\\\/wp-content\\\/uploads\\\/2021\\\/06\\\/coche_electrico_vehiculo_movilidad_punto_recarga_sostenibilidad_recurso_bbva_opt-1024x684-1.jpg\",\"datePublished\":\"2021-06-23T06:26:13+00:00\",\"author\":{\"@id\":\"https:\\\/\\\/www.cuencasmineras.com\\\/#\\\/schema\\\/person\\\/be0691310e8496ec555f679dd688420c\"},\"breadcrumb\":{\"@id\":\"https:\\\/\\\/www.cuencasmineras.com\\\/index.php\\\/2021\\\/06\\\/23\\\/ayto-lena-solicita-concesion-para-3-puntos-de-recarga-para-coches-electricos\\\/#breadcrumb\"},\"inLanguage\":\"es\",\"potentialAction\":[{\"@type\":\"ReadAction\",\"target\":[\"https:\\\/\\\/www.cuencasmineras.com\\\/index.php\\\/2021\\\/06\\\/23\\\/ayto-lena-solicita-concesion-para-3-puntos-de-recarga-para-coches-electricos\\\/\"]}]},{\"@type\":\"ImageObject\",\"inLanguage\":\"es\",\"@id\":\"https:\\\/\\\/www.cuencasmineras.com\\\/index.php\\\/2021\\\/06\\\/23\\\/ayto-lena-solicita-concesion-para-3-puntos-de-recarga-para-coches-electricos\\\/#primaryimage\",\"url\":\"https:\\\/\\\/www.cuencasmineras.com\\\/wp-content\\\/uploads\\\/2021\\\/06\\\/coche_electrico_vehiculo_movilidad_punto_recarga_sostenibilidad_recurso_bbva_opt-1024x684-1.jpg\",\"contentUrl\":\"https:\\\/\\\/www.cuencasmineras.com\\\/wp-content\\\/uploads\\\/2021\\\/06\\\/coche_electrico_vehiculo_movilidad_punto_recarga_sostenibilidad_recurso_bbva_opt-1024x684-1.jpg\",\"width\":1024,\"height\":684,\"caption\":\"Power supply connect to electric vehicle for charge to the battery. Charging technology industry transport which are the futuristic of the Automobile. EV fuel Plug in hybrid car.\"},{\"@type\":\"BreadcrumbList\",\"@id\":\"https:\\\/\\\/www.cuencasmineras.com\\\/index.php\\\/2021\\\/06\\\/23\\\/ayto-lena-solicita-concesion-para-3-puntos-de-recarga-para-coches-electricos\\\/#breadcrumb\",\"itemListElement\":[{\"@type\":\"ListItem\",\"position\":1,\"name\":\"Portada\",\"item\":\"https:\\\/\\\/www.cuencasmineras.com\\\/\"},{\"@type\":\"ListItem\",\"position\":2,\"name\":\"AYTO LENA solicita concesi\u00f3n para 3 PUNTOS de RECARGA para COCHES ELECTRICOS\"}]},{\"@type\":\"WebSite\",\"@id\":\"https:\\\/\\\/www.cuencasmineras.com\\\/#website\",\"url\":\"https:\\\/\\\/www.cuencasmineras.com\\\/\",\"name\":\"\",\"description\":\"\",\"potentialAction\":[{\"@type\":\"SearchAction\",\"target\":{\"@type\":\"EntryPoint\",\"urlTemplate\":\"https:\\\/\\\/www.cuencasmineras.com\\\/?s={search_term_string}\"},\"query-input\":{\"@type\":\"PropertyValueSpecification\",\"valueRequired\":true,\"valueName\":\"search_term_string\"}}],\"inLanguage\":\"es\"},{\"@type\":\"Person\",\"@id\":\"https:\\\/\\\/www.cuencasmineras.com\\\/#\\\/schema\\\/person\\\/be0691310e8496ec555f679dd688420c\",\"name\":\"admin\",\"image\":{\"@type\":\"ImageObject\",\"inLanguage\":\"es\",\"@id\":\"https:\\\/\\\/secure.gravatar.com\\\/avatar\\\/4afd2eed3b2fbbf36dd6707b5bd8a5b50ac648f033e36fbf85aeace2f0f859db?s=96&d=mm&r=g\",\"url\":\"https:\\\/\\\/secure.gravatar.com\\\/avatar\\\/4afd2eed3b2fbbf36dd6707b5bd8a5b50ac648f033e36fbf85aeace2f0f859db?s=96&d=mm&r=g\",\"contentUrl\":\"https:\\\/\\\/secure.gravatar.com\\\/avatar\\\/4afd2eed3b2fbbf36dd6707b5bd8a5b50ac648f033e36fbf85aeace2f0f859db?s=96&d=mm&r=g\",\"caption\":\"admin\"},\"sameAs\":[\"https:\\\/\\\/www.cuencasmineras.com\"],\"url\":\"https:\\\/\\\/www.cuencasmineras.com\\\/index.php\\\/author\\\/admin\\\/\"}]}<\/script>\n<!-- \/ Yoast SEO plugin. -->","yoast_head_json":{"title":"AYTO LENA solicita concesi\u00f3n para 3 PUNTOS de RECARGA para COCHES ELECTRICOS","robots":{"index":"index","follow":"follow","max-snippet":"max-snippet:-1","max-image-preview":"max-image-preview:large","max-video-preview":"max-video-preview:-1"},"canonical":"https:\/\/www.cuencasmineras.com\/index.php\/2021\/06\/23\/ayto-lena-solicita-concesion-para-3-puntos-de-recarga-para-coches-electricos\/","og_locale":"es_ES","og_type":"article","og_title":"AYTO LENA solicita concesi\u00f3n para 3 PUNTOS de RECARGA para COCHES ELECTRICOS","og_description":"AYUNTAMIENTOS DE LENA Anuncio. Concesi\u00f3n demanial con destino a instalaci\u00f3n de puntos de recarga de veh\u00edculos el\u00e9ctricos. Para general conocimiento, y con el objeto de estudiar la viabilidad de acudir a una adjudicaci\u00f3n directa si no existieran terceros interesados, se hace constar que ante el Ayuntamiento de Lena se ha presentado solicitud para obtener concesi\u00f3n [&hellip;]","og_url":"https:\/\/www.cuencasmineras.com\/index.php\/2021\/06\/23\/ayto-lena-solicita-concesion-para-3-puntos-de-recarga-para-coches-electricos\/","article_published_time":"2021-06-23T06:26:13+00:00","og_image":[{"width":1024,"height":684,"url":"https:\/\/www.cuencasmineras.com\/wp-content\/uploads\/2021\/06\/coche_electrico_vehiculo_movilidad_punto_recarga_sostenibilidad_recurso_bbva_opt-1024x684-1.jpg","type":"image\/jpeg"}],"author":"admin","twitter_card":"summary_large_image","twitter_misc":{"Escrito por":"admin","Tiempo de lectura":"1 minuto"},"schema":{"@context":"https:\/\/schema.org","@graph":[{"@type":"Article","@id":"https:\/\/www.cuencasmineras.com\/index.php\/2021\/06\/23\/ayto-lena-solicita-concesion-para-3-puntos-de-recarga-para-coches-electricos\/#article","isPartOf":{"@id":"https:\/\/www.cuencasmineras.com\/index.php\/2021\/06\/23\/ayto-lena-solicita-concesion-para-3-puntos-de-recarga-para-coches-electricos\/"},"author":{"name":"admin","@id":"https:\/\/www.cuencasmineras.com\/#\/schema\/person\/be0691310e8496ec555f679dd688420c"},"headline":"AYTO LENA solicita concesi\u00f3n para 3 PUNTOS de RECARGA para COCHES ELECTRICOS","datePublished":"2021-06-23T06:26:13+00:00","mainEntityOfPage":{"@id":"https:\/\/www.cuencasmineras.com\/index.php\/2021\/06\/23\/ayto-lena-solicita-concesion-para-3-puntos-de-recarga-para-coches-electricos\/"},"wordCount":249,"commentCount":0,"image":{"@id":"https:\/\/www.cuencasmineras.com\/index.php\/2021\/06\/23\/ayto-lena-solicita-concesion-para-3-puntos-de-recarga-para-coches-electricos\/#primaryimage"},"thumbnailUrl":"https:\/\/www.cuencasmineras.com\/wp-content\/uploads\/2021\/06\/coche_electrico_vehiculo_movilidad_punto_recarga_sostenibilidad_recurso_bbva_opt-1024x684-1.jpg","keywords":["coche electrico","Lena","POLA DE LENA"],"articleSection":["Caudal","CM NEWS"],"inLanguage":"es","potentialAction":[{"@type":"CommentAction","name":"Comment","target":["https:\/\/www.cuencasmineras.com\/index.php\/2021\/06\/23\/ayto-lena-solicita-concesion-para-3-puntos-de-recarga-para-coches-electricos\/#respond"]}]},{"@type":"WebPage","@id":"https:\/\/www.cuencasmineras.com\/index.php\/2021\/06\/23\/ayto-lena-solicita-concesion-para-3-puntos-de-recarga-para-coches-electricos\/","url":"https:\/\/www.cuencasmineras.com\/index.php\/2021\/06\/23\/ayto-lena-solicita-concesion-para-3-puntos-de-recarga-para-coches-electricos\/","name":"AYTO LENA solicita concesi\u00f3n para 3 PUNTOS de RECARGA para COCHES ELECTRICOS","isPartOf":{"@id":"https:\/\/www.cuencasmineras.com\/#website"},"primaryImageOfPage":{"@id":"https:\/\/www.cuencasmineras.com\/index.php\/2021\/06\/23\/ayto-lena-solicita-concesion-para-3-puntos-de-recarga-para-coches-electricos\/#primaryimage"},"image":{"@id":"https:\/\/www.cuencasmineras.com\/index.php\/2021\/06\/23\/ayto-lena-solicita-concesion-para-3-puntos-de-recarga-para-coches-electricos\/#primaryimage"},"thumbnailUrl":"https:\/\/www.cuencasmineras.com\/wp-content\/uploads\/2021\/06\/coche_electrico_vehiculo_movilidad_punto_recarga_sostenibilidad_recurso_bbva_opt-1024x684-1.jpg","datePublished":"2021-06-23T06:26:13+00:00","author":{"@id":"https:\/\/www.cuencasmineras.com\/#\/schema\/person\/be0691310e8496ec555f679dd688420c"},"breadcrumb":{"@id":"https:\/\/www.cuencasmineras.com\/index.php\/2021\/06\/23\/ayto-lena-solicita-concesion-para-3-puntos-de-recarga-para-coches-electricos\/#breadcrumb"},"inLanguage":"es","potentialAction":[{"@type":"ReadAction","target":["https:\/\/www.cuencasmineras.com\/index.php\/2021\/06\/23\/ayto-lena-solicita-concesion-para-3-puntos-de-recarga-para-coches-electricos\/"]}]},{"@type":"ImageObject","inLanguage":"es","@id":"https:\/\/www.cuencasmineras.com\/index.php\/2021\/06\/23\/ayto-lena-solicita-concesion-para-3-puntos-de-recarga-para-coches-electricos\/#primaryimage","url":"https:\/\/www.cuencasmineras.com\/wp-content\/uploads\/2021\/06\/coche_electrico_vehiculo_movilidad_punto_recarga_sostenibilidad_recurso_bbva_opt-1024x684-1.jpg","contentUrl":"https:\/\/www.cuencasmineras.com\/wp-content\/uploads\/2021\/06\/coche_electrico_vehiculo_movilidad_punto_recarga_sostenibilidad_recurso_bbva_opt-1024x684-1.jpg","width":1024,"height":684,"caption":"Power supply connect to electric vehicle for charge to the battery. Charging technology industry transport which are the futuristic of the Automobile. EV fuel Plug in hybrid car."},{"@type":"BreadcrumbList","@id":"https:\/\/www.cuencasmineras.com\/index.php\/2021\/06\/23\/ayto-lena-solicita-concesion-para-3-puntos-de-recarga-para-coches-electricos\/#breadcrumb","itemListElement":[{"@type":"ListItem","position":1,"name":"Portada","item":"https:\/\/www.cuencasmineras.com\/"},{"@type":"ListItem","position":2,"name":"AYTO LENA solicita concesi\u00f3n para 3 PUNTOS de RECARGA para COCHES ELECTRICOS"}]},{"@type":"WebSite","@id":"https:\/\/www.cuencasmineras.com\/#website","url":"https:\/\/www.cuencasmineras.com\/","name":"","description":"","potentialAction":[{"@type":"SearchAction","target":{"@type":"EntryPoint","urlTemplate":"https:\/\/www.cuencasmineras.com\/?s={search_term_string}"},"query-input":{"@type":"PropertyValueSpecification","valueRequired":true,"valueName":"search_term_string"}}],"inLanguage":"es"},{"@type":"Person","@id":"https:\/\/www.cuencasmineras.com\/#\/schema\/person\/be0691310e8496ec555f679dd688420c","name":"admin","image":{"@type":"ImageObject","inLanguage":"es","@id":"https:\/\/secure.gravatar.com\/avatar\/4afd2eed3b2fbbf36dd6707b5bd8a5b50ac648f033e36fbf85aeace2f0f859db?s=96&d=mm&r=g","url":"https:\/\/secure.gravatar.com\/avatar\/4afd2eed3b2fbbf36dd6707b5bd8a5b50ac648f033e36fbf85aeace2f0f859db?s=96&d=mm&r=g","contentUrl":"https:\/\/secure.gravatar.com\/avatar\/4afd2eed3b2fbbf36dd6707b5bd8a5b50ac648f033e36fbf85aeace2f0f859db?s=96&d=mm&r=g","caption":"admin"},"sameAs":["https:\/\/www.cuencasmineras.com"],"url":"https:\/\/www.cuencasmineras.com\/index.php\/author\/admin\/"}]}},"_links":{"self":[{"href":"https:\/\/www.cuencasmineras.com\/index.php\/wp-json\/wp\/v2\/posts\/2980","targetHints":{"allow":["GET"]}}],"collection":[{"href":"https:\/\/www.cuencasmineras.com\/index.php\/wp-json\/wp\/v2\/posts"}],"about":[{"href":"https:\/\/www.cuencasmineras.com\/index.php\/wp-json\/wp\/v2\/types\/post"}],"author":[{"embeddable":true,"href":"https:\/\/www.cuencasmineras.com\/index.php\/wp-json\/wp\/v2\/users\/1"}],"replies":[{"embeddable":true,"href":"https:\/\/www.cuencasmineras.com\/index.php\/wp-json\/wp\/v2\/comments?post=2980"}],"version-history":[{"count":2,"href":"https:\/\/www.cuencasmineras.com\/index.php\/wp-json\/wp\/v2\/posts\/2980\/revisions"}],"predecessor-version":[{"id":2983,"href":"https:\/\/www.cuencasmineras.com\/index.php\/wp-json\/wp\/v2\/posts\/2980\/revisions\/2983"}],"wp:featuredmedia":[{"embeddable":true,"href":"https:\/\/www.cuencasmineras.com\/index.php\/wp-json\/wp\/v2\/media\/2981"}],"wp:attachment":[{"href":"https:\/\/www.cuencasmineras.com\/index.php\/wp-json\/wp\/v2\/media?parent=2980"}],"wp:term":[{"taxonomy":"category","embeddable":true,"href":"https:\/\/www.cuencasmineras.com\/index.php\/wp-json\/wp\/v2\/categories?post=2980"},{"taxonomy":"post_tag","embeddable":true,"href":"https:\/\/www.cuencasmineras.com\/index.php\/wp-json\/wp\/v2\/tags?post=2980"}],"curies":[{"name":"wp","href":"https:\/\/api.w.org\/{rel}","templated":true}]}}