{"id":3045,"date":"2021-07-05T14:01:23","date_gmt":"2021-07-05T14:01:23","guid":{"rendered":"https:\/\/www.cuencasmineras.com\/?p=3045"},"modified":"2021-07-05T14:01:23","modified_gmt":"2021-07-05T14:01:23","slug":"langreo-da-otro-paso-para-los-accesos-al-futuro-recinto-ferial","status":"publish","type":"post","link":"https:\/\/www.cuencasmineras.com\/index.php\/2021\/07\/05\/langreo-da-otro-paso-para-los-accesos-al-futuro-recinto-ferial\/","title":{"rendered":"Langreo da otro paso para los accesos al futuro recinto ferial"},"content":{"rendered":"<p style=\"text-align: justify;\">El convenio espec\u00edfico de colaboraci\u00f3n entre el Principado y el Ayuntamiento de Langreo para ejecutar los accesos al futuro recinto ferial de los Talleres del Conde ser\u00e1 analizado por la Corporaci\u00f3n municipal en el Pleno extraordinario que se celebrar\u00e1 esta semana. El visto bueno al documento es uno de los tr\u00e1mites que restan para que el Consistorio para poder poner en marcha la licitaci\u00f3n de la actuaci\u00f3n, que ser\u00e1 sufragada por los fondos mineros del Plan del Carb\u00f3n 2013-2018.<\/p>\n<p><img loading=\"lazy\" decoding=\"async\" class=\"aligncenter size-large wp-image-3046\" src=\"https:\/\/www.cuencasmineras.com\/wp-content\/uploads\/2021\/07\/9bb3ab3b-c129-48ad-a3a5-54418d679676_21-9-aspect-ratio_default_0_x415y750-1024x438.jpg\" alt=\"\" width=\"640\" height=\"274\" srcset=\"https:\/\/www.cuencasmineras.com\/wp-content\/uploads\/2021\/07\/9bb3ab3b-c129-48ad-a3a5-54418d679676_21-9-aspect-ratio_default_0_x415y750-1024x438.jpg 1024w, https:\/\/www.cuencasmineras.com\/wp-content\/uploads\/2021\/07\/9bb3ab3b-c129-48ad-a3a5-54418d679676_21-9-aspect-ratio_default_0_x415y750-300x128.jpg 300w, https:\/\/www.cuencasmineras.com\/wp-content\/uploads\/2021\/07\/9bb3ab3b-c129-48ad-a3a5-54418d679676_21-9-aspect-ratio_default_0_x415y750-768x329.jpg 768w, https:\/\/www.cuencasmineras.com\/wp-content\/uploads\/2021\/07\/9bb3ab3b-c129-48ad-a3a5-54418d679676_21-9-aspect-ratio_default_0_x415y750.jpg 1280w\" sizes=\"auto, (max-width: 640px) 100vw, 640px\" \/><\/p>\n<p style=\"text-align: justify;\">Con esa financiaci\u00f3n se ejecutar\u00e1n tres proyectos en los terrenos que pertenecieron a Duro Felguera, y ahora son propiedad del Ayuntamiento de Langreo, para construir un recinto ferial. El coste de los trabajos alcanza los 2,6 millones de euros. A esta iniciativa se sumar\u00e1 otra iniciativa impulsada por el Consistorio, la primera fase de rehabilitaci\u00f3n de las naves de los Talleres del Conde, cuyo presupuesto es de 3,2 millones de euros. El Principado impulsar\u00e1 la tercera actuaci\u00f3n, la descontaminaci\u00f3n de los terrenos, con una inversi\u00f3n de 162.000 euros. Este es el \u00fanico de los proyectos vinculados al recinto ferial que ya ha sido licitado.<\/p>\n<p style=\"text-align: justify;\">El acceso a los terrenos de los Talleres del Conde se ejecutar\u00e1 por debajo de las v\u00edas de Renfe entre el centro deportivo Juan Carlos Beiro y el campo de f\u00fatbol Nuevo Ganz\u00e1bal. Esta actuaci\u00f3n incluye una zona de aparcamiento. La construcci\u00f3n del recinto ferial no estaba incluido dentro de los proyectos municipales a financiar con los fondos mineros. Sin embargo, el Ayuntamiento decidi\u00f3 realizar el cambio, renunciando a conectar los pol\u00edgonos de Valnal\u00f3n y La Moral, que era la iniciativa inicialmente incluida en el listado.<\/p>\n<p style=\"text-align: justify;\">Esta modificaci\u00f3n se produjo al considerar que su complejidad burocr\u00e1tica hace dif\u00edcil cumplir los plazos marcados para la finalizaci\u00f3n de las obras financiadas con cargo a los fondos mineros. La otra iniciativa que se desarrolla en Langreo es la mejora de la eficiencia energ\u00e9tica en 258 viviendas p\u00fablicas en el barrio de San Jos\u00e9 de Lada.<\/p>\n","protected":false},"excerpt":{"rendered":"<p>El convenio espec\u00edfico de colaboraci\u00f3n entre el Principado y el Ayuntamiento de Langreo para ejecutar los accesos al futuro recinto ferial de los Talleres del Conde ser\u00e1 analizado por la Corporaci\u00f3n municipal en el Pleno extraordinario que se celebrar\u00e1 esta semana. El visto bueno al documento es uno de los tr\u00e1mites que restan para que [&hellip;]<\/p>\n","protected":false},"author":1,"featured_media":3046,"comment_status":"open","ping_status":"open","sticky":false,"template":"","format":"standard","meta":{"footnotes":""},"categories":[6,8],"tags":[],"class_list":["post-3045","post","type-post","status-publish","format-standard","has-post-thumbnail","hentry","category-noticias","category-nalon"],"yoast_head":"<!-- This site is optimized with the Yoast SEO plugin v27.4 - https:\/\/yoast.com\/product\/yoast-seo-wordpress\/ -->\n<title>Langreo da otro paso para los accesos al futuro recinto ferial - cm news<\/title>\n<meta name=\"description\" content=\"La Corporaci\u00f3n municipal analiza en Pleno el convenio con el Principado para uno de los proyectos de los Talleres del Conde.\" \/>\n<meta name=\"robots\" content=\"index, follow, max-snippet:-1, max-image-preview:large, max-video-preview:-1\" \/>\n<link rel=\"canonical\" href=\"https:\/\/www.cuencasmineras.com\/index.php\/2021\/07\/05\/langreo-da-otro-paso-para-los-accesos-al-futuro-recinto-ferial\/\" \/>\n<meta property=\"og:locale\" content=\"es_ES\" \/>\n<meta property=\"og:type\" content=\"article\" \/>\n<meta property=\"og:title\" content=\"Langreo da otro paso para los accesos al futuro recinto ferial - cm news\" \/>\n<meta property=\"og:description\" content=\"La Corporaci\u00f3n municipal analiza en Pleno el convenio con el Principado para uno de los proyectos de los Talleres del Conde.\" \/>\n<meta property=\"og:url\" content=\"https:\/\/www.cuencasmineras.com\/index.php\/2021\/07\/05\/langreo-da-otro-paso-para-los-accesos-al-futuro-recinto-ferial\/\" \/>\n<meta property=\"article:published_time\" content=\"2021-07-05T14:01:23+00:00\" \/>\n<meta property=\"og:image\" content=\"https:\/\/www.cuencasmineras.com\/wp-content\/uploads\/2021\/07\/9bb3ab3b-c129-48ad-a3a5-54418d679676_21-9-aspect-ratio_default_0_x415y750.jpg\" \/>\n\t<meta property=\"og:image:width\" content=\"1280\" \/>\n\t<meta property=\"og:image:height\" content=\"548\" \/>\n\t<meta property=\"og:image:type\" content=\"image\/jpeg\" \/>\n<meta name=\"author\" content=\"admin\" \/>\n<meta name=\"twitter:card\" content=\"summary_large_image\" \/>\n<meta name=\"twitter:label1\" content=\"Escrito por\" \/>\n\t<meta name=\"twitter:data1\" content=\"admin\" \/>\n\t<meta name=\"twitter:label2\" content=\"Tiempo de lectura\" \/>\n\t<meta name=\"twitter:data2\" content=\"2 minutos\" \/>\n<script type=\"application\/ld+json\" class=\"yoast-schema-graph\">{\"@context\":\"https:\\\/\\\/schema.org\",\"@graph\":[{\"@type\":\"Article\",\"@id\":\"https:\\\/\\\/www.cuencasmineras.com\\\/index.php\\\/2021\\\/07\\\/05\\\/langreo-da-otro-paso-para-los-accesos-al-futuro-recinto-ferial\\\/#article\",\"isPartOf\":{\"@id\":\"https:\\\/\\\/www.cuencasmineras.com\\\/index.php\\\/2021\\\/07\\\/05\\\/langreo-da-otro-paso-para-los-accesos-al-futuro-recinto-ferial\\\/\"},\"author\":{\"name\":\"admin\",\"@id\":\"https:\\\/\\\/www.cuencasmineras.com\\\/#\\\/schema\\\/person\\\/be0691310e8496ec555f679dd688420c\"},\"headline\":\"Langreo da otro paso para los accesos al futuro recinto ferial\",\"datePublished\":\"2021-07-05T14:01:23+00:00\",\"mainEntityOfPage\":{\"@id\":\"https:\\\/\\\/www.cuencasmineras.com\\\/index.php\\\/2021\\\/07\\\/05\\\/langreo-da-otro-paso-para-los-accesos-al-futuro-recinto-ferial\\\/\"},\"wordCount\":358,\"commentCount\":0,\"image\":{\"@id\":\"https:\\\/\\\/www.cuencasmineras.com\\\/index.php\\\/2021\\\/07\\\/05\\\/langreo-da-otro-paso-para-los-accesos-al-futuro-recinto-ferial\\\/#primaryimage\"},\"thumbnailUrl\":\"https:\\\/\\\/www.cuencasmineras.com\\\/wp-content\\\/uploads\\\/2021\\\/07\\\/9bb3ab3b-c129-48ad-a3a5-54418d679676_21-9-aspect-ratio_default_0_x415y750.jpg\",\"articleSection\":[\"CM NEWS\",\"Nal\u00f3n\"],\"inLanguage\":\"es\",\"potentialAction\":[{\"@type\":\"CommentAction\",\"name\":\"Comment\",\"target\":[\"https:\\\/\\\/www.cuencasmineras.com\\\/index.php\\\/2021\\\/07\\\/05\\\/langreo-da-otro-paso-para-los-accesos-al-futuro-recinto-ferial\\\/#respond\"]}]},{\"@type\":\"WebPage\",\"@id\":\"https:\\\/\\\/www.cuencasmineras.com\\\/index.php\\\/2021\\\/07\\\/05\\\/langreo-da-otro-paso-para-los-accesos-al-futuro-recinto-ferial\\\/\",\"url\":\"https:\\\/\\\/www.cuencasmineras.com\\\/index.php\\\/2021\\\/07\\\/05\\\/langreo-da-otro-paso-para-los-accesos-al-futuro-recinto-ferial\\\/\",\"name\":\"Langreo da otro paso para los accesos al futuro recinto ferial - cm news\",\"isPartOf\":{\"@id\":\"https:\\\/\\\/www.cuencasmineras.com\\\/#website\"},\"primaryImageOfPage\":{\"@id\":\"https:\\\/\\\/www.cuencasmineras.com\\\/index.php\\\/2021\\\/07\\\/05\\\/langreo-da-otro-paso-para-los-accesos-al-futuro-recinto-ferial\\\/#primaryimage\"},\"image\":{\"@id\":\"https:\\\/\\\/www.cuencasmineras.com\\\/index.php\\\/2021\\\/07\\\/05\\\/langreo-da-otro-paso-para-los-accesos-al-futuro-recinto-ferial\\\/#primaryimage\"},\"thumbnailUrl\":\"https:\\\/\\\/www.cuencasmineras.com\\\/wp-content\\\/uploads\\\/2021\\\/07\\\/9bb3ab3b-c129-48ad-a3a5-54418d679676_21-9-aspect-ratio_default_0_x415y750.jpg\",\"datePublished\":\"2021-07-05T14:01:23+00:00\",\"author\":{\"@id\":\"https:\\\/\\\/www.cuencasmineras.com\\\/#\\\/schema\\\/person\\\/be0691310e8496ec555f679dd688420c\"},\"description\":\"La Corporaci\u00f3n municipal analiza en Pleno el convenio con el Principado para uno de los proyectos de los Talleres del Conde.\",\"breadcrumb\":{\"@id\":\"https:\\\/\\\/www.cuencasmineras.com\\\/index.php\\\/2021\\\/07\\\/05\\\/langreo-da-otro-paso-para-los-accesos-al-futuro-recinto-ferial\\\/#breadcrumb\"},\"inLanguage\":\"es\",\"potentialAction\":[{\"@type\":\"ReadAction\",\"target\":[\"https:\\\/\\\/www.cuencasmineras.com\\\/index.php\\\/2021\\\/07\\\/05\\\/langreo-da-otro-paso-para-los-accesos-al-futuro-recinto-ferial\\\/\"]}]},{\"@type\":\"ImageObject\",\"inLanguage\":\"es\",\"@id\":\"https:\\\/\\\/www.cuencasmineras.com\\\/index.php\\\/2021\\\/07\\\/05\\\/langreo-da-otro-paso-para-los-accesos-al-futuro-recinto-ferial\\\/#primaryimage\",\"url\":\"https:\\\/\\\/www.cuencasmineras.com\\\/wp-content\\\/uploads\\\/2021\\\/07\\\/9bb3ab3b-c129-48ad-a3a5-54418d679676_21-9-aspect-ratio_default_0_x415y750.jpg\",\"contentUrl\":\"https:\\\/\\\/www.cuencasmineras.com\\\/wp-content\\\/uploads\\\/2021\\\/07\\\/9bb3ab3b-c129-48ad-a3a5-54418d679676_21-9-aspect-ratio_default_0_x415y750.jpg\",\"width\":1280,\"height\":548},{\"@type\":\"BreadcrumbList\",\"@id\":\"https:\\\/\\\/www.cuencasmineras.com\\\/index.php\\\/2021\\\/07\\\/05\\\/langreo-da-otro-paso-para-los-accesos-al-futuro-recinto-ferial\\\/#breadcrumb\",\"itemListElement\":[{\"@type\":\"ListItem\",\"position\":1,\"name\":\"Portada\",\"item\":\"https:\\\/\\\/www.cuencasmineras.com\\\/\"},{\"@type\":\"ListItem\",\"position\":2,\"name\":\"Langreo da otro paso para los accesos al futuro recinto ferial\"}]},{\"@type\":\"WebSite\",\"@id\":\"https:\\\/\\\/www.cuencasmineras.com\\\/#website\",\"url\":\"https:\\\/\\\/www.cuencasmineras.com\\\/\",\"name\":\"\",\"description\":\"\",\"potentialAction\":[{\"@type\":\"SearchAction\",\"target\":{\"@type\":\"EntryPoint\",\"urlTemplate\":\"https:\\\/\\\/www.cuencasmineras.com\\\/?s={search_term_string}\"},\"query-input\":{\"@type\":\"PropertyValueSpecification\",\"valueRequired\":true,\"valueName\":\"search_term_string\"}}],\"inLanguage\":\"es\"},{\"@type\":\"Person\",\"@id\":\"https:\\\/\\\/www.cuencasmineras.com\\\/#\\\/schema\\\/person\\\/be0691310e8496ec555f679dd688420c\",\"name\":\"admin\",\"image\":{\"@type\":\"ImageObject\",\"inLanguage\":\"es\",\"@id\":\"https:\\\/\\\/secure.gravatar.com\\\/avatar\\\/4afd2eed3b2fbbf36dd6707b5bd8a5b50ac648f033e36fbf85aeace2f0f859db?s=96&d=mm&r=g\",\"url\":\"https:\\\/\\\/secure.gravatar.com\\\/avatar\\\/4afd2eed3b2fbbf36dd6707b5bd8a5b50ac648f033e36fbf85aeace2f0f859db?s=96&d=mm&r=g\",\"contentUrl\":\"https:\\\/\\\/secure.gravatar.com\\\/avatar\\\/4afd2eed3b2fbbf36dd6707b5bd8a5b50ac648f033e36fbf85aeace2f0f859db?s=96&d=mm&r=g\",\"caption\":\"admin\"},\"sameAs\":[\"https:\\\/\\\/www.cuencasmineras.com\"],\"url\":\"https:\\\/\\\/www.cuencasmineras.com\\\/index.php\\\/author\\\/admin\\\/\"}]}<\/script>\n<!-- \/ Yoast SEO plugin. -->","yoast_head_json":{"title":"Langreo da otro paso para los accesos al futuro recinto ferial - cm news","description":"La Corporaci\u00f3n municipal analiza en Pleno el convenio con el Principado para uno de los proyectos de los Talleres del Conde.","robots":{"index":"index","follow":"follow","max-snippet":"max-snippet:-1","max-image-preview":"max-image-preview:large","max-video-preview":"max-video-preview:-1"},"canonical":"https:\/\/www.cuencasmineras.com\/index.php\/2021\/07\/05\/langreo-da-otro-paso-para-los-accesos-al-futuro-recinto-ferial\/","og_locale":"es_ES","og_type":"article","og_title":"Langreo da otro paso para los accesos al futuro recinto ferial - cm news","og_description":"La Corporaci\u00f3n municipal analiza en Pleno el convenio con el Principado para uno de los proyectos de los Talleres del Conde.","og_url":"https:\/\/www.cuencasmineras.com\/index.php\/2021\/07\/05\/langreo-da-otro-paso-para-los-accesos-al-futuro-recinto-ferial\/","article_published_time":"2021-07-05T14:01:23+00:00","og_image":[{"width":1280,"height":548,"url":"https:\/\/www.cuencasmineras.com\/wp-content\/uploads\/2021\/07\/9bb3ab3b-c129-48ad-a3a5-54418d679676_21-9-aspect-ratio_default_0_x415y750.jpg","type":"image\/jpeg"}],"author":"admin","twitter_card":"summary_large_image","twitter_misc":{"Escrito por":"admin","Tiempo de lectura":"2 minutos"},"schema":{"@context":"https:\/\/schema.org","@graph":[{"@type":"Article","@id":"https:\/\/www.cuencasmineras.com\/index.php\/2021\/07\/05\/langreo-da-otro-paso-para-los-accesos-al-futuro-recinto-ferial\/#article","isPartOf":{"@id":"https:\/\/www.cuencasmineras.com\/index.php\/2021\/07\/05\/langreo-da-otro-paso-para-los-accesos-al-futuro-recinto-ferial\/"},"author":{"name":"admin","@id":"https:\/\/www.cuencasmineras.com\/#\/schema\/person\/be0691310e8496ec555f679dd688420c"},"headline":"Langreo da otro paso para los accesos al futuro recinto ferial","datePublished":"2021-07-05T14:01:23+00:00","mainEntityOfPage":{"@id":"https:\/\/www.cuencasmineras.com\/index.php\/2021\/07\/05\/langreo-da-otro-paso-para-los-accesos-al-futuro-recinto-ferial\/"},"wordCount":358,"commentCount":0,"image":{"@id":"https:\/\/www.cuencasmineras.com\/index.php\/2021\/07\/05\/langreo-da-otro-paso-para-los-accesos-al-futuro-recinto-ferial\/#primaryimage"},"thumbnailUrl":"https:\/\/www.cuencasmineras.com\/wp-content\/uploads\/2021\/07\/9bb3ab3b-c129-48ad-a3a5-54418d679676_21-9-aspect-ratio_default_0_x415y750.jpg","articleSection":["CM NEWS","Nal\u00f3n"],"inLanguage":"es","potentialAction":[{"@type":"CommentAction","name":"Comment","target":["https:\/\/www.cuencasmineras.com\/index.php\/2021\/07\/05\/langreo-da-otro-paso-para-los-accesos-al-futuro-recinto-ferial\/#respond"]}]},{"@type":"WebPage","@id":"https:\/\/www.cuencasmineras.com\/index.php\/2021\/07\/05\/langreo-da-otro-paso-para-los-accesos-al-futuro-recinto-ferial\/","url":"https:\/\/www.cuencasmineras.com\/index.php\/2021\/07\/05\/langreo-da-otro-paso-para-los-accesos-al-futuro-recinto-ferial\/","name":"Langreo da otro paso para los accesos al futuro recinto ferial - cm news","isPartOf":{"@id":"https:\/\/www.cuencasmineras.com\/#website"},"primaryImageOfPage":{"@id":"https:\/\/www.cuencasmineras.com\/index.php\/2021\/07\/05\/langreo-da-otro-paso-para-los-accesos-al-futuro-recinto-ferial\/#primaryimage"},"image":{"@id":"https:\/\/www.cuencasmineras.com\/index.php\/2021\/07\/05\/langreo-da-otro-paso-para-los-accesos-al-futuro-recinto-ferial\/#primaryimage"},"thumbnailUrl":"https:\/\/www.cuencasmineras.com\/wp-content\/uploads\/2021\/07\/9bb3ab3b-c129-48ad-a3a5-54418d679676_21-9-aspect-ratio_default_0_x415y750.jpg","datePublished":"2021-07-05T14:01:23+00:00","author":{"@id":"https:\/\/www.cuencasmineras.com\/#\/schema\/person\/be0691310e8496ec555f679dd688420c"},"description":"La Corporaci\u00f3n municipal analiza en Pleno el convenio con el Principado para uno de los proyectos de los Talleres del Conde.","breadcrumb":{"@id":"https:\/\/www.cuencasmineras.com\/index.php\/2021\/07\/05\/langreo-da-otro-paso-para-los-accesos-al-futuro-recinto-ferial\/#breadcrumb"},"inLanguage":"es","potentialAction":[{"@type":"ReadAction","target":["https:\/\/www.cuencasmineras.com\/index.php\/2021\/07\/05\/langreo-da-otro-paso-para-los-accesos-al-futuro-recinto-ferial\/"]}]},{"@type":"ImageObject","inLanguage":"es","@id":"https:\/\/www.cuencasmineras.com\/index.php\/2021\/07\/05\/langreo-da-otro-paso-para-los-accesos-al-futuro-recinto-ferial\/#primaryimage","url":"https:\/\/www.cuencasmineras.com\/wp-content\/uploads\/2021\/07\/9bb3ab3b-c129-48ad-a3a5-54418d679676_21-9-aspect-ratio_default_0_x415y750.jpg","contentUrl":"https:\/\/www.cuencasmineras.com\/wp-content\/uploads\/2021\/07\/9bb3ab3b-c129-48ad-a3a5-54418d679676_21-9-aspect-ratio_default_0_x415y750.jpg","width":1280,"height":548},{"@type":"BreadcrumbList","@id":"https:\/\/www.cuencasmineras.com\/index.php\/2021\/07\/05\/langreo-da-otro-paso-para-los-accesos-al-futuro-recinto-ferial\/#breadcrumb","itemListElement":[{"@type":"ListItem","position":1,"name":"Portada","item":"https:\/\/www.cuencasmineras.com\/"},{"@type":"ListItem","position":2,"name":"Langreo da otro paso para los accesos al futuro recinto ferial"}]},{"@type":"WebSite","@id":"https:\/\/www.cuencasmineras.com\/#website","url":"https:\/\/www.cuencasmineras.com\/","name":"","description":"","potentialAction":[{"@type":"SearchAction","target":{"@type":"EntryPoint","urlTemplate":"https:\/\/www.cuencasmineras.com\/?s={search_term_string}"},"query-input":{"@type":"PropertyValueSpecification","valueRequired":true,"valueName":"search_term_string"}}],"inLanguage":"es"},{"@type":"Person","@id":"https:\/\/www.cuencasmineras.com\/#\/schema\/person\/be0691310e8496ec555f679dd688420c","name":"admin","image":{"@type":"ImageObject","inLanguage":"es","@id":"https:\/\/secure.gravatar.com\/avatar\/4afd2eed3b2fbbf36dd6707b5bd8a5b50ac648f033e36fbf85aeace2f0f859db?s=96&d=mm&r=g","url":"https:\/\/secure.gravatar.com\/avatar\/4afd2eed3b2fbbf36dd6707b5bd8a5b50ac648f033e36fbf85aeace2f0f859db?s=96&d=mm&r=g","contentUrl":"https:\/\/secure.gravatar.com\/avatar\/4afd2eed3b2fbbf36dd6707b5bd8a5b50ac648f033e36fbf85aeace2f0f859db?s=96&d=mm&r=g","caption":"admin"},"sameAs":["https:\/\/www.cuencasmineras.com"],"url":"https:\/\/www.cuencasmineras.com\/index.php\/author\/admin\/"}]}},"_links":{"self":[{"href":"https:\/\/www.cuencasmineras.com\/index.php\/wp-json\/wp\/v2\/posts\/3045","targetHints":{"allow":["GET"]}}],"collection":[{"href":"https:\/\/www.cuencasmineras.com\/index.php\/wp-json\/wp\/v2\/posts"}],"about":[{"href":"https:\/\/www.cuencasmineras.com\/index.php\/wp-json\/wp\/v2\/types\/post"}],"author":[{"embeddable":true,"href":"https:\/\/www.cuencasmineras.com\/index.php\/wp-json\/wp\/v2\/users\/1"}],"replies":[{"embeddable":true,"href":"https:\/\/www.cuencasmineras.com\/index.php\/wp-json\/wp\/v2\/comments?post=3045"}],"version-history":[{"count":2,"href":"https:\/\/www.cuencasmineras.com\/index.php\/wp-json\/wp\/v2\/posts\/3045\/revisions"}],"predecessor-version":[{"id":3048,"href":"https:\/\/www.cuencasmineras.com\/index.php\/wp-json\/wp\/v2\/posts\/3045\/revisions\/3048"}],"wp:featuredmedia":[{"embeddable":true,"href":"https:\/\/www.cuencasmineras.com\/index.php\/wp-json\/wp\/v2\/media\/3046"}],"wp:attachment":[{"href":"https:\/\/www.cuencasmineras.com\/index.php\/wp-json\/wp\/v2\/media?parent=3045"}],"wp:term":[{"taxonomy":"category","embeddable":true,"href":"https:\/\/www.cuencasmineras.com\/index.php\/wp-json\/wp\/v2\/categories?post=3045"},{"taxonomy":"post_tag","embeddable":true,"href":"https:\/\/www.cuencasmineras.com\/index.php\/wp-json\/wp\/v2\/tags?post=3045"}],"curies":[{"name":"wp","href":"https:\/\/api.w.org\/{rel}","templated":true}]}}