{"id":3067,"date":"2021-07-17T08:52:49","date_gmt":"2021-07-17T08:52:49","guid":{"rendered":"https:\/\/www.cuencasmineras.com\/?p=3067"},"modified":"2021-07-17T08:52:49","modified_gmt":"2021-07-17T08:52:49","slug":"la-concejala-del-psoe-mieres-lidia-de-la-lama-diaz-dimite-por-motivos-profesionales","status":"publish","type":"post","link":"https:\/\/www.cuencasmineras.com\/index.php\/2021\/07\/17\/la-concejala-del-psoe-mieres-lidia-de-la-lama-diaz-dimite-por-motivos-profesionales\/","title":{"rendered":"La concejala del PSOE MIERES  Lidia de la Lama D\u00edaz dimite por motivos profesionales"},"content":{"rendered":"<p style=\"text-align: justify;\"><em>Mieres, 15 de julio de 2021<\/em><\/p>\n<p style=\"text-align: justify;\">El pasado, 6 de julio, present\u00e9 mi dimisi\u00f3n como concejala del Grupo Municipal Socialista por motivos profesionales, al ser incompatible mi labor como periodista y organizadora de eventos con mi trabajo como edil municipal. Y as\u00ed lo traslad\u00e9, tanto a la secretaria general del PSOE Mieres, Ana Cachero, al secretario de Pol\u00edtica Municipal, Andr\u00e9s Avelino Gonz\u00e1lez y, a la ejecutiva de la Agrupaci\u00f3n Socialista de Mieres, como al alcalde y vicealcalde del Ayuntamiento de Mieres, An\u00edbal V\u00e1zquez y Manuel \u00c1lvarez, respectivamente. Una renuncia que se har\u00e1 efectiva en el pleno ordinario del pr\u00f3ximo jueves, 22 de julio.<\/p>\n<p style=\"text-align: justify;\">En estos momentos, obligaciones laborales y nuevos retos profesionales me exigen exclusividad y no podr\u00eda dedicar el tiempo necesario y que me gustar\u00eda, a mi labor como concejala en el consistorio mierense.<\/p>\n<p style=\"text-align: justify;\">Es una decisi\u00f3n muy meditada y, aunque echar\u00e9 de menos la vida municipal, estoy ilusionada por retomar mi actividad como periodista. Actualmente, estoy realizando un m\u00e1ster y cuento con distintos proyectos de futuro.<\/p>\n<p style=\"text-align: justify;\">En total, son cinco a\u00f1os, en dos mandatos distintos, como concejala socialista. En un primer momento, sustituyendo al compa\u00f1ero Jovino Fern\u00e1ndez Santorum y, posteriormente, formando parte de la candidatura municipal en las elecciones de mayo de 2019, en el puesto n\u00famero 3, con Gloria Mu\u00f1oz, actual portavoz municipal, a la cabeza, y, junto al resto de compa\u00f1eros y compa\u00f1eras que integraban la lista. Gracias a todos y a todas.<\/p>\n<p style=\"text-align: justify;\">Agradecer tambi\u00e9n al resto de concejales de la Corporaci\u00f3n Municipal con los que he coincidido en ambos mandatos, as\u00ed como a todo el personal del Ayuntamiento de Mieres, las buenas relaciones generadas. Me llevo gratos recuerdos de todo este tiempo. Y lo mismo sucede con todos los compa\u00f1eros y compa\u00f1eras periodistas, siempre al pie del ca\u00f1\u00f3n. Gracias por vuestro trabajo.<\/p>\n<p style=\"text-align: justify;\">En estos momentos pongo fin a una etapa en la que he aprendido mucho, tanto a nivel pol\u00edtico como personal. Una experiencia enriquecedora en la que siempre he contado con el apoyo de mi familia y amistades, y que, adem\u00e1s, me ha permitido conocer m\u00e1s la ciudad en la que vivo y a sus vecinos y vecinas, a los que tambi\u00e9n quiero dar las gracias, porque sin ellos, nada de esto hubiese sido posible.<\/p>\n<p style=\"text-align: justify;\">Ahora, y aunque ya desde otra posici\u00f3n, seguir\u00e9 trabajando d\u00eda a d\u00eda por conseguir ese Mieres para vivir y disfrutar que todos nos merecemos.<\/p>\n<p style=\"text-align: justify;\">\u00a1\u00a1\u00a1\u00a1Muchas gracias\u00a1\u00a1\u00a1\u00a1<\/p>\n<p>&nbsp;<\/p>\n<p>Lidia de la Lama D\u00edaz<\/p>\n","protected":false},"excerpt":{"rendered":"<p>Mieres, 15 de julio de 2021 El pasado, 6 de julio, present\u00e9 mi dimisi\u00f3n como concejala del Grupo Municipal Socialista por motivos profesionales, al ser incompatible mi labor como periodista y organizadora de eventos con mi trabajo como edil municipal. Y as\u00ed lo traslad\u00e9, tanto a la secretaria general del PSOE Mieres, Ana Cachero, al [&hellip;]<\/p>\n","protected":false},"author":1,"featured_media":3068,"comment_status":"open","ping_status":"open","sticky":false,"template":"","format":"standard","meta":{"footnotes":""},"categories":[7,6],"tags":[152],"class_list":["post-3067","post","type-post","status-publish","format-standard","has-post-thumbnail","hentry","category-caudal","category-noticias","tag-psoe-mieres"],"yoast_head":"<!-- This site is optimized with the Yoast SEO plugin v27.4 - https:\/\/yoast.com\/product\/yoast-seo-wordpress\/ -->\n<title>La concejala del PSOE MIERES Lidia de la Lama D\u00edaz dimite por motivos profesionales -<\/title>\n<meta name=\"robots\" content=\"index, follow, max-snippet:-1, max-image-preview:large, max-video-preview:-1\" \/>\n<link rel=\"canonical\" href=\"https:\/\/www.cuencasmineras.com\/index.php\/2021\/07\/17\/la-concejala-del-psoe-mieres-lidia-de-la-lama-diaz-dimite-por-motivos-profesionales\/\" \/>\n<meta property=\"og:locale\" content=\"es_ES\" \/>\n<meta property=\"og:type\" content=\"article\" \/>\n<meta property=\"og:title\" content=\"La concejala del PSOE MIERES Lidia de la Lama D\u00edaz dimite por motivos profesionales -\" \/>\n<meta property=\"og:description\" content=\"Mieres, 15 de julio de 2021 El pasado, 6 de julio, present\u00e9 mi dimisi\u00f3n como concejala del Grupo Municipal Socialista por motivos profesionales, al ser incompatible mi labor como periodista y organizadora de eventos con mi trabajo como edil municipal. Y as\u00ed lo traslad\u00e9, tanto a la secretaria general del PSOE Mieres, Ana Cachero, al [&hellip;]\" \/>\n<meta property=\"og:url\" content=\"https:\/\/www.cuencasmineras.com\/index.php\/2021\/07\/17\/la-concejala-del-psoe-mieres-lidia-de-la-lama-diaz-dimite-por-motivos-profesionales\/\" \/>\n<meta property=\"article:published_time\" content=\"2021-07-17T08:52:49+00:00\" \/>\n<meta property=\"og:image\" content=\"https:\/\/www.cuencasmineras.com\/wp-content\/uploads\/2021\/07\/3_lidia.jpg\" \/>\n\t<meta property=\"og:image:width\" content=\"480\" \/>\n\t<meta property=\"og:image:height\" content=\"480\" \/>\n\t<meta property=\"og:image:type\" content=\"image\/jpeg\" \/>\n<meta name=\"author\" content=\"admin\" \/>\n<meta name=\"twitter:card\" content=\"summary_large_image\" \/>\n<meta name=\"twitter:label1\" content=\"Escrito por\" \/>\n\t<meta name=\"twitter:data1\" content=\"admin\" \/>\n\t<meta name=\"twitter:label2\" content=\"Tiempo de lectura\" \/>\n\t<meta name=\"twitter:data2\" content=\"2 minutos\" \/>\n<script type=\"application\/ld+json\" class=\"yoast-schema-graph\">{\"@context\":\"https:\\\/\\\/schema.org\",\"@graph\":[{\"@type\":\"Article\",\"@id\":\"https:\\\/\\\/www.cuencasmineras.com\\\/index.php\\\/2021\\\/07\\\/17\\\/la-concejala-del-psoe-mieres-lidia-de-la-lama-diaz-dimite-por-motivos-profesionales\\\/#article\",\"isPartOf\":{\"@id\":\"https:\\\/\\\/www.cuencasmineras.com\\\/index.php\\\/2021\\\/07\\\/17\\\/la-concejala-del-psoe-mieres-lidia-de-la-lama-diaz-dimite-por-motivos-profesionales\\\/\"},\"author\":{\"name\":\"admin\",\"@id\":\"https:\\\/\\\/www.cuencasmineras.com\\\/#\\\/schema\\\/person\\\/be0691310e8496ec555f679dd688420c\"},\"headline\":\"La concejala del PSOE MIERES Lidia de la Lama D\u00edaz dimite por motivos profesionales\",\"datePublished\":\"2021-07-17T08:52:49+00:00\",\"mainEntityOfPage\":{\"@id\":\"https:\\\/\\\/www.cuencasmineras.com\\\/index.php\\\/2021\\\/07\\\/17\\\/la-concejala-del-psoe-mieres-lidia-de-la-lama-diaz-dimite-por-motivos-profesionales\\\/\"},\"wordCount\":444,\"commentCount\":0,\"image\":{\"@id\":\"https:\\\/\\\/www.cuencasmineras.com\\\/index.php\\\/2021\\\/07\\\/17\\\/la-concejala-del-psoe-mieres-lidia-de-la-lama-diaz-dimite-por-motivos-profesionales\\\/#primaryimage\"},\"thumbnailUrl\":\"https:\\\/\\\/www.cuencasmineras.com\\\/wp-content\\\/uploads\\\/2021\\\/07\\\/3_lidia.jpg\",\"keywords\":[\"PSOE MIERES\"],\"articleSection\":[\"Caudal\",\"CM NEWS\"],\"inLanguage\":\"es\",\"potentialAction\":[{\"@type\":\"CommentAction\",\"name\":\"Comment\",\"target\":[\"https:\\\/\\\/www.cuencasmineras.com\\\/index.php\\\/2021\\\/07\\\/17\\\/la-concejala-del-psoe-mieres-lidia-de-la-lama-diaz-dimite-por-motivos-profesionales\\\/#respond\"]}]},{\"@type\":\"WebPage\",\"@id\":\"https:\\\/\\\/www.cuencasmineras.com\\\/index.php\\\/2021\\\/07\\\/17\\\/la-concejala-del-psoe-mieres-lidia-de-la-lama-diaz-dimite-por-motivos-profesionales\\\/\",\"url\":\"https:\\\/\\\/www.cuencasmineras.com\\\/index.php\\\/2021\\\/07\\\/17\\\/la-concejala-del-psoe-mieres-lidia-de-la-lama-diaz-dimite-por-motivos-profesionales\\\/\",\"name\":\"La concejala del PSOE MIERES Lidia de la Lama D\u00edaz dimite por motivos profesionales -\",\"isPartOf\":{\"@id\":\"https:\\\/\\\/www.cuencasmineras.com\\\/#website\"},\"primaryImageOfPage\":{\"@id\":\"https:\\\/\\\/www.cuencasmineras.com\\\/index.php\\\/2021\\\/07\\\/17\\\/la-concejala-del-psoe-mieres-lidia-de-la-lama-diaz-dimite-por-motivos-profesionales\\\/#primaryimage\"},\"image\":{\"@id\":\"https:\\\/\\\/www.cuencasmineras.com\\\/index.php\\\/2021\\\/07\\\/17\\\/la-concejala-del-psoe-mieres-lidia-de-la-lama-diaz-dimite-por-motivos-profesionales\\\/#primaryimage\"},\"thumbnailUrl\":\"https:\\\/\\\/www.cuencasmineras.com\\\/wp-content\\\/uploads\\\/2021\\\/07\\\/3_lidia.jpg\",\"datePublished\":\"2021-07-17T08:52:49+00:00\",\"author\":{\"@id\":\"https:\\\/\\\/www.cuencasmineras.com\\\/#\\\/schema\\\/person\\\/be0691310e8496ec555f679dd688420c\"},\"breadcrumb\":{\"@id\":\"https:\\\/\\\/www.cuencasmineras.com\\\/index.php\\\/2021\\\/07\\\/17\\\/la-concejala-del-psoe-mieres-lidia-de-la-lama-diaz-dimite-por-motivos-profesionales\\\/#breadcrumb\"},\"inLanguage\":\"es\",\"potentialAction\":[{\"@type\":\"ReadAction\",\"target\":[\"https:\\\/\\\/www.cuencasmineras.com\\\/index.php\\\/2021\\\/07\\\/17\\\/la-concejala-del-psoe-mieres-lidia-de-la-lama-diaz-dimite-por-motivos-profesionales\\\/\"]}]},{\"@type\":\"ImageObject\",\"inLanguage\":\"es\",\"@id\":\"https:\\\/\\\/www.cuencasmineras.com\\\/index.php\\\/2021\\\/07\\\/17\\\/la-concejala-del-psoe-mieres-lidia-de-la-lama-diaz-dimite-por-motivos-profesionales\\\/#primaryimage\",\"url\":\"https:\\\/\\\/www.cuencasmineras.com\\\/wp-content\\\/uploads\\\/2021\\\/07\\\/3_lidia.jpg\",\"contentUrl\":\"https:\\\/\\\/www.cuencasmineras.com\\\/wp-content\\\/uploads\\\/2021\\\/07\\\/3_lidia.jpg\",\"width\":480,\"height\":480},{\"@type\":\"BreadcrumbList\",\"@id\":\"https:\\\/\\\/www.cuencasmineras.com\\\/index.php\\\/2021\\\/07\\\/17\\\/la-concejala-del-psoe-mieres-lidia-de-la-lama-diaz-dimite-por-motivos-profesionales\\\/#breadcrumb\",\"itemListElement\":[{\"@type\":\"ListItem\",\"position\":1,\"name\":\"Portada\",\"item\":\"https:\\\/\\\/www.cuencasmineras.com\\\/\"},{\"@type\":\"ListItem\",\"position\":2,\"name\":\"La concejala del PSOE MIERES Lidia de la Lama D\u00edaz dimite por motivos profesionales\"}]},{\"@type\":\"WebSite\",\"@id\":\"https:\\\/\\\/www.cuencasmineras.com\\\/#website\",\"url\":\"https:\\\/\\\/www.cuencasmineras.com\\\/\",\"name\":\"\",\"description\":\"\",\"potentialAction\":[{\"@type\":\"SearchAction\",\"target\":{\"@type\":\"EntryPoint\",\"urlTemplate\":\"https:\\\/\\\/www.cuencasmineras.com\\\/?s={search_term_string}\"},\"query-input\":{\"@type\":\"PropertyValueSpecification\",\"valueRequired\":true,\"valueName\":\"search_term_string\"}}],\"inLanguage\":\"es\"},{\"@type\":\"Person\",\"@id\":\"https:\\\/\\\/www.cuencasmineras.com\\\/#\\\/schema\\\/person\\\/be0691310e8496ec555f679dd688420c\",\"name\":\"admin\",\"image\":{\"@type\":\"ImageObject\",\"inLanguage\":\"es\",\"@id\":\"https:\\\/\\\/secure.gravatar.com\\\/avatar\\\/4afd2eed3b2fbbf36dd6707b5bd8a5b50ac648f033e36fbf85aeace2f0f859db?s=96&d=mm&r=g\",\"url\":\"https:\\\/\\\/secure.gravatar.com\\\/avatar\\\/4afd2eed3b2fbbf36dd6707b5bd8a5b50ac648f033e36fbf85aeace2f0f859db?s=96&d=mm&r=g\",\"contentUrl\":\"https:\\\/\\\/secure.gravatar.com\\\/avatar\\\/4afd2eed3b2fbbf36dd6707b5bd8a5b50ac648f033e36fbf85aeace2f0f859db?s=96&d=mm&r=g\",\"caption\":\"admin\"},\"sameAs\":[\"https:\\\/\\\/www.cuencasmineras.com\"],\"url\":\"https:\\\/\\\/www.cuencasmineras.com\\\/index.php\\\/author\\\/admin\\\/\"}]}<\/script>\n<!-- \/ Yoast SEO plugin. -->","yoast_head_json":{"title":"La concejala del PSOE MIERES Lidia de la Lama D\u00edaz dimite por motivos profesionales -","robots":{"index":"index","follow":"follow","max-snippet":"max-snippet:-1","max-image-preview":"max-image-preview:large","max-video-preview":"max-video-preview:-1"},"canonical":"https:\/\/www.cuencasmineras.com\/index.php\/2021\/07\/17\/la-concejala-del-psoe-mieres-lidia-de-la-lama-diaz-dimite-por-motivos-profesionales\/","og_locale":"es_ES","og_type":"article","og_title":"La concejala del PSOE MIERES Lidia de la Lama D\u00edaz dimite por motivos profesionales -","og_description":"Mieres, 15 de julio de 2021 El pasado, 6 de julio, present\u00e9 mi dimisi\u00f3n como concejala del Grupo Municipal Socialista por motivos profesionales, al ser incompatible mi labor como periodista y organizadora de eventos con mi trabajo como edil municipal. Y as\u00ed lo traslad\u00e9, tanto a la secretaria general del PSOE Mieres, Ana Cachero, al [&hellip;]","og_url":"https:\/\/www.cuencasmineras.com\/index.php\/2021\/07\/17\/la-concejala-del-psoe-mieres-lidia-de-la-lama-diaz-dimite-por-motivos-profesionales\/","article_published_time":"2021-07-17T08:52:49+00:00","og_image":[{"width":480,"height":480,"url":"https:\/\/www.cuencasmineras.com\/wp-content\/uploads\/2021\/07\/3_lidia.jpg","type":"image\/jpeg"}],"author":"admin","twitter_card":"summary_large_image","twitter_misc":{"Escrito por":"admin","Tiempo de lectura":"2 minutos"},"schema":{"@context":"https:\/\/schema.org","@graph":[{"@type":"Article","@id":"https:\/\/www.cuencasmineras.com\/index.php\/2021\/07\/17\/la-concejala-del-psoe-mieres-lidia-de-la-lama-diaz-dimite-por-motivos-profesionales\/#article","isPartOf":{"@id":"https:\/\/www.cuencasmineras.com\/index.php\/2021\/07\/17\/la-concejala-del-psoe-mieres-lidia-de-la-lama-diaz-dimite-por-motivos-profesionales\/"},"author":{"name":"admin","@id":"https:\/\/www.cuencasmineras.com\/#\/schema\/person\/be0691310e8496ec555f679dd688420c"},"headline":"La concejala del PSOE MIERES Lidia de la Lama D\u00edaz dimite por motivos profesionales","datePublished":"2021-07-17T08:52:49+00:00","mainEntityOfPage":{"@id":"https:\/\/www.cuencasmineras.com\/index.php\/2021\/07\/17\/la-concejala-del-psoe-mieres-lidia-de-la-lama-diaz-dimite-por-motivos-profesionales\/"},"wordCount":444,"commentCount":0,"image":{"@id":"https:\/\/www.cuencasmineras.com\/index.php\/2021\/07\/17\/la-concejala-del-psoe-mieres-lidia-de-la-lama-diaz-dimite-por-motivos-profesionales\/#primaryimage"},"thumbnailUrl":"https:\/\/www.cuencasmineras.com\/wp-content\/uploads\/2021\/07\/3_lidia.jpg","keywords":["PSOE MIERES"],"articleSection":["Caudal","CM NEWS"],"inLanguage":"es","potentialAction":[{"@type":"CommentAction","name":"Comment","target":["https:\/\/www.cuencasmineras.com\/index.php\/2021\/07\/17\/la-concejala-del-psoe-mieres-lidia-de-la-lama-diaz-dimite-por-motivos-profesionales\/#respond"]}]},{"@type":"WebPage","@id":"https:\/\/www.cuencasmineras.com\/index.php\/2021\/07\/17\/la-concejala-del-psoe-mieres-lidia-de-la-lama-diaz-dimite-por-motivos-profesionales\/","url":"https:\/\/www.cuencasmineras.com\/index.php\/2021\/07\/17\/la-concejala-del-psoe-mieres-lidia-de-la-lama-diaz-dimite-por-motivos-profesionales\/","name":"La concejala del PSOE MIERES Lidia de la Lama D\u00edaz dimite por motivos profesionales -","isPartOf":{"@id":"https:\/\/www.cuencasmineras.com\/#website"},"primaryImageOfPage":{"@id":"https:\/\/www.cuencasmineras.com\/index.php\/2021\/07\/17\/la-concejala-del-psoe-mieres-lidia-de-la-lama-diaz-dimite-por-motivos-profesionales\/#primaryimage"},"image":{"@id":"https:\/\/www.cuencasmineras.com\/index.php\/2021\/07\/17\/la-concejala-del-psoe-mieres-lidia-de-la-lama-diaz-dimite-por-motivos-profesionales\/#primaryimage"},"thumbnailUrl":"https:\/\/www.cuencasmineras.com\/wp-content\/uploads\/2021\/07\/3_lidia.jpg","datePublished":"2021-07-17T08:52:49+00:00","author":{"@id":"https:\/\/www.cuencasmineras.com\/#\/schema\/person\/be0691310e8496ec555f679dd688420c"},"breadcrumb":{"@id":"https:\/\/www.cuencasmineras.com\/index.php\/2021\/07\/17\/la-concejala-del-psoe-mieres-lidia-de-la-lama-diaz-dimite-por-motivos-profesionales\/#breadcrumb"},"inLanguage":"es","potentialAction":[{"@type":"ReadAction","target":["https:\/\/www.cuencasmineras.com\/index.php\/2021\/07\/17\/la-concejala-del-psoe-mieres-lidia-de-la-lama-diaz-dimite-por-motivos-profesionales\/"]}]},{"@type":"ImageObject","inLanguage":"es","@id":"https:\/\/www.cuencasmineras.com\/index.php\/2021\/07\/17\/la-concejala-del-psoe-mieres-lidia-de-la-lama-diaz-dimite-por-motivos-profesionales\/#primaryimage","url":"https:\/\/www.cuencasmineras.com\/wp-content\/uploads\/2021\/07\/3_lidia.jpg","contentUrl":"https:\/\/www.cuencasmineras.com\/wp-content\/uploads\/2021\/07\/3_lidia.jpg","width":480,"height":480},{"@type":"BreadcrumbList","@id":"https:\/\/www.cuencasmineras.com\/index.php\/2021\/07\/17\/la-concejala-del-psoe-mieres-lidia-de-la-lama-diaz-dimite-por-motivos-profesionales\/#breadcrumb","itemListElement":[{"@type":"ListItem","position":1,"name":"Portada","item":"https:\/\/www.cuencasmineras.com\/"},{"@type":"ListItem","position":2,"name":"La concejala del PSOE MIERES Lidia de la Lama D\u00edaz dimite por motivos profesionales"}]},{"@type":"WebSite","@id":"https:\/\/www.cuencasmineras.com\/#website","url":"https:\/\/www.cuencasmineras.com\/","name":"","description":"","potentialAction":[{"@type":"SearchAction","target":{"@type":"EntryPoint","urlTemplate":"https:\/\/www.cuencasmineras.com\/?s={search_term_string}"},"query-input":{"@type":"PropertyValueSpecification","valueRequired":true,"valueName":"search_term_string"}}],"inLanguage":"es"},{"@type":"Person","@id":"https:\/\/www.cuencasmineras.com\/#\/schema\/person\/be0691310e8496ec555f679dd688420c","name":"admin","image":{"@type":"ImageObject","inLanguage":"es","@id":"https:\/\/secure.gravatar.com\/avatar\/4afd2eed3b2fbbf36dd6707b5bd8a5b50ac648f033e36fbf85aeace2f0f859db?s=96&d=mm&r=g","url":"https:\/\/secure.gravatar.com\/avatar\/4afd2eed3b2fbbf36dd6707b5bd8a5b50ac648f033e36fbf85aeace2f0f859db?s=96&d=mm&r=g","contentUrl":"https:\/\/secure.gravatar.com\/avatar\/4afd2eed3b2fbbf36dd6707b5bd8a5b50ac648f033e36fbf85aeace2f0f859db?s=96&d=mm&r=g","caption":"admin"},"sameAs":["https:\/\/www.cuencasmineras.com"],"url":"https:\/\/www.cuencasmineras.com\/index.php\/author\/admin\/"}]}},"_links":{"self":[{"href":"https:\/\/www.cuencasmineras.com\/index.php\/wp-json\/wp\/v2\/posts\/3067","targetHints":{"allow":["GET"]}}],"collection":[{"href":"https:\/\/www.cuencasmineras.com\/index.php\/wp-json\/wp\/v2\/posts"}],"about":[{"href":"https:\/\/www.cuencasmineras.com\/index.php\/wp-json\/wp\/v2\/types\/post"}],"author":[{"embeddable":true,"href":"https:\/\/www.cuencasmineras.com\/index.php\/wp-json\/wp\/v2\/users\/1"}],"replies":[{"embeddable":true,"href":"https:\/\/www.cuencasmineras.com\/index.php\/wp-json\/wp\/v2\/comments?post=3067"}],"version-history":[{"count":1,"href":"https:\/\/www.cuencasmineras.com\/index.php\/wp-json\/wp\/v2\/posts\/3067\/revisions"}],"predecessor-version":[{"id":3069,"href":"https:\/\/www.cuencasmineras.com\/index.php\/wp-json\/wp\/v2\/posts\/3067\/revisions\/3069"}],"wp:featuredmedia":[{"embeddable":true,"href":"https:\/\/www.cuencasmineras.com\/index.php\/wp-json\/wp\/v2\/media\/3068"}],"wp:attachment":[{"href":"https:\/\/www.cuencasmineras.com\/index.php\/wp-json\/wp\/v2\/media?parent=3067"}],"wp:term":[{"taxonomy":"category","embeddable":true,"href":"https:\/\/www.cuencasmineras.com\/index.php\/wp-json\/wp\/v2\/categories?post=3067"},{"taxonomy":"post_tag","embeddable":true,"href":"https:\/\/www.cuencasmineras.com\/index.php\/wp-json\/wp\/v2\/tags?post=3067"}],"curies":[{"name":"wp","href":"https:\/\/api.w.org\/{rel}","templated":true}]}}