{"id":3128,"date":"2021-07-30T23:01:49","date_gmt":"2021-07-30T23:01:49","guid":{"rendered":"https:\/\/www.cuencasmineras.com\/?p=3128"},"modified":"2021-07-30T23:01:49","modified_gmt":"2021-07-30T23:01:49","slug":"langreo-adecua-su-pabellon-en-la-feria-de-muestras-con-27-000-euros-de-inversion","status":"publish","type":"post","link":"https:\/\/www.cuencasmineras.com\/index.php\/2021\/07\/30\/langreo-adecua-su-pabellon-en-la-feria-de-muestras-con-27-000-euros-de-inversion\/","title":{"rendered":"Langreo adecua su pabell\u00f3n en la Feria de Muestras con 27.000 euros de inversi\u00f3n"},"content":{"rendered":"<p class=\"article-body__text article-body__text--entry article-body__text-middle\" style=\"text-align: justify;\">El Ayuntamiento de Langreo acondiciona el pabell\u00f3n que tiene en la Feria Internacional de Muestras de Asturias (FIDMA). A estas obras, que se ejecutar\u00e1n en nueve d\u00edas, destina cerca de 27.000 euros. La empresa Almacenes Geyjo se encargar\u00e1 de la actuaci\u00f3n en el stand de Langreo. El Consistorio pidi\u00f3 presupuesto a varias empresas y \u00e9sta fue la \u00fanica que traslad\u00f3 la documentaci\u00f3n y que estaba en disposici\u00f3n de abordar los trabajos de adecuaci\u00f3n de la instalaci\u00f3n en el plazo de tiempo que se establec\u00eda.<\/p>\n<p><img loading=\"lazy\" decoding=\"async\" class=\"aligncenter size-full wp-image-3129\" src=\"https:\/\/www.cuencasmineras.com\/wp-content\/uploads\/2021\/07\/c11085d1-356e-46c0-8f00-1ee43937e881_16-9-aspect-ratio_default_0.jpg\" alt=\"\" width=\"880\" height=\"495\" srcset=\"https:\/\/www.cuencasmineras.com\/wp-content\/uploads\/2021\/07\/c11085d1-356e-46c0-8f00-1ee43937e881_16-9-aspect-ratio_default_0.jpg 880w, https:\/\/www.cuencasmineras.com\/wp-content\/uploads\/2021\/07\/c11085d1-356e-46c0-8f00-1ee43937e881_16-9-aspect-ratio_default_0-300x169.jpg 300w, https:\/\/www.cuencasmineras.com\/wp-content\/uploads\/2021\/07\/c11085d1-356e-46c0-8f00-1ee43937e881_16-9-aspect-ratio_default_0-768x432.jpg 768w\" sizes=\"auto, (max-width: 880px) 100vw, 880px\" \/><\/p>\n<p class=\"article-body__text \" style=\"text-align: justify;\">En 2019, el stand de Langreo en la Feria de Muestras de Asturias bati\u00f3 su mejor registro de visitantes, superando los 32.000. Antes del inicio del puente festivo del 15 de agosto, y a falta de una semana para que cerrase sus puertas la cita comercial el recinto ya hab\u00eda superado su r\u00e9cord de afluencia previo, seg\u00fan los t\u00e9cnicos municipales encargados del recuento. La mayor cifra de visitantes al pabell\u00f3n de Langreo a la Feria se registr\u00f3 en el a\u00f1o 2017.<\/p>\n<p class=\"article-body__text \" style=\"text-align: justify;\">Para el stand municipal de la Feria, Langreo prepar\u00f3 en la \u00faltima edici\u00f3n celebrada, ya que el pasado a\u00f1o fue cancelada por la pandemia, un diorama que reconstruye su historia, en la que se hace hincapi\u00e9 en su tradici\u00f3n industrial y minera, as\u00ed como los principales hitos del patrimonio heredado de la actividad econ\u00f3mica tradicional, a trav\u00e9s de los populares \u201cclicks\u201d de Playmovil. El espacio tambi\u00e9n inclu\u00eda zonas de homenaje a Pedro Duro y Luis Adaro e informaci\u00f3n sobre el concejo.<\/p>\n","protected":false},"excerpt":{"rendered":"<p>El Ayuntamiento de Langreo acondiciona el pabell\u00f3n que tiene en la Feria Internacional de Muestras de Asturias (FIDMA). A estas obras, que se ejecutar\u00e1n en nueve d\u00edas, destina cerca de 27.000 euros. La empresa Almacenes Geyjo se encargar\u00e1 de la actuaci\u00f3n en el stand de Langreo. El Consistorio pidi\u00f3 presupuesto a varias empresas y \u00e9sta [&hellip;]<\/p>\n","protected":false},"author":1,"featured_media":3129,"comment_status":"open","ping_status":"open","sticky":false,"template":"","format":"standard","meta":{"footnotes":""},"categories":[6],"tags":[],"class_list":["post-3128","post","type-post","status-publish","format-standard","has-post-thumbnail","hentry","category-noticias"],"yoast_head":"<!-- This site is optimized with the Yoast SEO plugin v27.4 - https:\/\/yoast.com\/product\/yoast-seo-wordpress\/ -->\n<title>Langreo adecua su pabell\u00f3n en la Feria de Muestras con 27.000 euros de inversi\u00f3n - cm news<\/title>\n<meta name=\"description\" content=\"El Ayuntamiento aborda reparaciones en el stand, que en 2019 logr\u00f3 su mejor registro de visitas.\" \/>\n<meta name=\"robots\" content=\"index, follow, max-snippet:-1, max-image-preview:large, max-video-preview:-1\" \/>\n<link rel=\"canonical\" href=\"https:\/\/www.cuencasmineras.com\/index.php\/2021\/07\/30\/langreo-adecua-su-pabellon-en-la-feria-de-muestras-con-27-000-euros-de-inversion\/\" \/>\n<meta property=\"og:locale\" content=\"es_ES\" \/>\n<meta property=\"og:type\" content=\"article\" \/>\n<meta property=\"og:title\" content=\"Langreo adecua su pabell\u00f3n en la Feria de Muestras con 27.000 euros de inversi\u00f3n - cm news\" \/>\n<meta property=\"og:description\" content=\"El Ayuntamiento aborda reparaciones en el stand, que en 2019 logr\u00f3 su mejor registro de visitas.\" \/>\n<meta property=\"og:url\" content=\"https:\/\/www.cuencasmineras.com\/index.php\/2021\/07\/30\/langreo-adecua-su-pabellon-en-la-feria-de-muestras-con-27-000-euros-de-inversion\/\" \/>\n<meta property=\"article:published_time\" content=\"2021-07-30T23:01:49+00:00\" \/>\n<meta property=\"og:image\" content=\"https:\/\/www.cuencasmineras.com\/wp-content\/uploads\/2021\/07\/c11085d1-356e-46c0-8f00-1ee43937e881_16-9-aspect-ratio_default_0.jpg\" \/>\n\t<meta property=\"og:image:width\" content=\"880\" \/>\n\t<meta property=\"og:image:height\" content=\"495\" \/>\n\t<meta property=\"og:image:type\" content=\"image\/jpeg\" \/>\n<meta name=\"author\" content=\"admin\" \/>\n<meta name=\"twitter:card\" content=\"summary_large_image\" \/>\n<meta name=\"twitter:label1\" content=\"Escrito por\" \/>\n\t<meta name=\"twitter:data1\" content=\"admin\" \/>\n\t<meta name=\"twitter:label2\" content=\"Tiempo de lectura\" \/>\n\t<meta name=\"twitter:data2\" content=\"2 minutos\" \/>\n<script type=\"application\/ld+json\" class=\"yoast-schema-graph\">{\"@context\":\"https:\\\/\\\/schema.org\",\"@graph\":[{\"@type\":\"Article\",\"@id\":\"https:\\\/\\\/www.cuencasmineras.com\\\/index.php\\\/2021\\\/07\\\/30\\\/langreo-adecua-su-pabellon-en-la-feria-de-muestras-con-27-000-euros-de-inversion\\\/#article\",\"isPartOf\":{\"@id\":\"https:\\\/\\\/www.cuencasmineras.com\\\/index.php\\\/2021\\\/07\\\/30\\\/langreo-adecua-su-pabellon-en-la-feria-de-muestras-con-27-000-euros-de-inversion\\\/\"},\"author\":{\"name\":\"admin\",\"@id\":\"https:\\\/\\\/www.cuencasmineras.com\\\/#\\\/schema\\\/person\\\/be0691310e8496ec555f679dd688420c\"},\"headline\":\"Langreo adecua su pabell\u00f3n en la Feria de Muestras con 27.000 euros de inversi\u00f3n\",\"datePublished\":\"2021-07-30T23:01:49+00:00\",\"mainEntityOfPage\":{\"@id\":\"https:\\\/\\\/www.cuencasmineras.com\\\/index.php\\\/2021\\\/07\\\/30\\\/langreo-adecua-su-pabellon-en-la-feria-de-muestras-con-27-000-euros-de-inversion\\\/\"},\"wordCount\":279,\"commentCount\":0,\"image\":{\"@id\":\"https:\\\/\\\/www.cuencasmineras.com\\\/index.php\\\/2021\\\/07\\\/30\\\/langreo-adecua-su-pabellon-en-la-feria-de-muestras-con-27-000-euros-de-inversion\\\/#primaryimage\"},\"thumbnailUrl\":\"https:\\\/\\\/www.cuencasmineras.com\\\/wp-content\\\/uploads\\\/2021\\\/07\\\/c11085d1-356e-46c0-8f00-1ee43937e881_16-9-aspect-ratio_default_0.jpg\",\"articleSection\":[\"CM NEWS\"],\"inLanguage\":\"es\",\"potentialAction\":[{\"@type\":\"CommentAction\",\"name\":\"Comment\",\"target\":[\"https:\\\/\\\/www.cuencasmineras.com\\\/index.php\\\/2021\\\/07\\\/30\\\/langreo-adecua-su-pabellon-en-la-feria-de-muestras-con-27-000-euros-de-inversion\\\/#respond\"]}]},{\"@type\":\"WebPage\",\"@id\":\"https:\\\/\\\/www.cuencasmineras.com\\\/index.php\\\/2021\\\/07\\\/30\\\/langreo-adecua-su-pabellon-en-la-feria-de-muestras-con-27-000-euros-de-inversion\\\/\",\"url\":\"https:\\\/\\\/www.cuencasmineras.com\\\/index.php\\\/2021\\\/07\\\/30\\\/langreo-adecua-su-pabellon-en-la-feria-de-muestras-con-27-000-euros-de-inversion\\\/\",\"name\":\"Langreo adecua su pabell\u00f3n en la Feria de Muestras con 27.000 euros de inversi\u00f3n - cm news\",\"isPartOf\":{\"@id\":\"https:\\\/\\\/www.cuencasmineras.com\\\/#website\"},\"primaryImageOfPage\":{\"@id\":\"https:\\\/\\\/www.cuencasmineras.com\\\/index.php\\\/2021\\\/07\\\/30\\\/langreo-adecua-su-pabellon-en-la-feria-de-muestras-con-27-000-euros-de-inversion\\\/#primaryimage\"},\"image\":{\"@id\":\"https:\\\/\\\/www.cuencasmineras.com\\\/index.php\\\/2021\\\/07\\\/30\\\/langreo-adecua-su-pabellon-en-la-feria-de-muestras-con-27-000-euros-de-inversion\\\/#primaryimage\"},\"thumbnailUrl\":\"https:\\\/\\\/www.cuencasmineras.com\\\/wp-content\\\/uploads\\\/2021\\\/07\\\/c11085d1-356e-46c0-8f00-1ee43937e881_16-9-aspect-ratio_default_0.jpg\",\"datePublished\":\"2021-07-30T23:01:49+00:00\",\"author\":{\"@id\":\"https:\\\/\\\/www.cuencasmineras.com\\\/#\\\/schema\\\/person\\\/be0691310e8496ec555f679dd688420c\"},\"description\":\"El Ayuntamiento aborda reparaciones en el stand, que en 2019 logr\u00f3 su mejor registro de visitas.\",\"breadcrumb\":{\"@id\":\"https:\\\/\\\/www.cuencasmineras.com\\\/index.php\\\/2021\\\/07\\\/30\\\/langreo-adecua-su-pabellon-en-la-feria-de-muestras-con-27-000-euros-de-inversion\\\/#breadcrumb\"},\"inLanguage\":\"es\",\"potentialAction\":[{\"@type\":\"ReadAction\",\"target\":[\"https:\\\/\\\/www.cuencasmineras.com\\\/index.php\\\/2021\\\/07\\\/30\\\/langreo-adecua-su-pabellon-en-la-feria-de-muestras-con-27-000-euros-de-inversion\\\/\"]}]},{\"@type\":\"ImageObject\",\"inLanguage\":\"es\",\"@id\":\"https:\\\/\\\/www.cuencasmineras.com\\\/index.php\\\/2021\\\/07\\\/30\\\/langreo-adecua-su-pabellon-en-la-feria-de-muestras-con-27-000-euros-de-inversion\\\/#primaryimage\",\"url\":\"https:\\\/\\\/www.cuencasmineras.com\\\/wp-content\\\/uploads\\\/2021\\\/07\\\/c11085d1-356e-46c0-8f00-1ee43937e881_16-9-aspect-ratio_default_0.jpg\",\"contentUrl\":\"https:\\\/\\\/www.cuencasmineras.com\\\/wp-content\\\/uploads\\\/2021\\\/07\\\/c11085d1-356e-46c0-8f00-1ee43937e881_16-9-aspect-ratio_default_0.jpg\",\"width\":880,\"height\":495},{\"@type\":\"BreadcrumbList\",\"@id\":\"https:\\\/\\\/www.cuencasmineras.com\\\/index.php\\\/2021\\\/07\\\/30\\\/langreo-adecua-su-pabellon-en-la-feria-de-muestras-con-27-000-euros-de-inversion\\\/#breadcrumb\",\"itemListElement\":[{\"@type\":\"ListItem\",\"position\":1,\"name\":\"Portada\",\"item\":\"https:\\\/\\\/www.cuencasmineras.com\\\/\"},{\"@type\":\"ListItem\",\"position\":2,\"name\":\"Langreo adecua su pabell\u00f3n en la Feria de Muestras con 27.000 euros de inversi\u00f3n\"}]},{\"@type\":\"WebSite\",\"@id\":\"https:\\\/\\\/www.cuencasmineras.com\\\/#website\",\"url\":\"https:\\\/\\\/www.cuencasmineras.com\\\/\",\"name\":\"\",\"description\":\"\",\"potentialAction\":[{\"@type\":\"SearchAction\",\"target\":{\"@type\":\"EntryPoint\",\"urlTemplate\":\"https:\\\/\\\/www.cuencasmineras.com\\\/?s={search_term_string}\"},\"query-input\":{\"@type\":\"PropertyValueSpecification\",\"valueRequired\":true,\"valueName\":\"search_term_string\"}}],\"inLanguage\":\"es\"},{\"@type\":\"Person\",\"@id\":\"https:\\\/\\\/www.cuencasmineras.com\\\/#\\\/schema\\\/person\\\/be0691310e8496ec555f679dd688420c\",\"name\":\"admin\",\"image\":{\"@type\":\"ImageObject\",\"inLanguage\":\"es\",\"@id\":\"https:\\\/\\\/secure.gravatar.com\\\/avatar\\\/4afd2eed3b2fbbf36dd6707b5bd8a5b50ac648f033e36fbf85aeace2f0f859db?s=96&d=mm&r=g\",\"url\":\"https:\\\/\\\/secure.gravatar.com\\\/avatar\\\/4afd2eed3b2fbbf36dd6707b5bd8a5b50ac648f033e36fbf85aeace2f0f859db?s=96&d=mm&r=g\",\"contentUrl\":\"https:\\\/\\\/secure.gravatar.com\\\/avatar\\\/4afd2eed3b2fbbf36dd6707b5bd8a5b50ac648f033e36fbf85aeace2f0f859db?s=96&d=mm&r=g\",\"caption\":\"admin\"},\"sameAs\":[\"https:\\\/\\\/www.cuencasmineras.com\"],\"url\":\"https:\\\/\\\/www.cuencasmineras.com\\\/index.php\\\/author\\\/admin\\\/\"}]}<\/script>\n<!-- \/ Yoast SEO plugin. -->","yoast_head_json":{"title":"Langreo adecua su pabell\u00f3n en la Feria de Muestras con 27.000 euros de inversi\u00f3n - cm news","description":"El Ayuntamiento aborda reparaciones en el stand, que en 2019 logr\u00f3 su mejor registro de visitas.","robots":{"index":"index","follow":"follow","max-snippet":"max-snippet:-1","max-image-preview":"max-image-preview:large","max-video-preview":"max-video-preview:-1"},"canonical":"https:\/\/www.cuencasmineras.com\/index.php\/2021\/07\/30\/langreo-adecua-su-pabellon-en-la-feria-de-muestras-con-27-000-euros-de-inversion\/","og_locale":"es_ES","og_type":"article","og_title":"Langreo adecua su pabell\u00f3n en la Feria de Muestras con 27.000 euros de inversi\u00f3n - cm news","og_description":"El Ayuntamiento aborda reparaciones en el stand, que en 2019 logr\u00f3 su mejor registro de visitas.","og_url":"https:\/\/www.cuencasmineras.com\/index.php\/2021\/07\/30\/langreo-adecua-su-pabellon-en-la-feria-de-muestras-con-27-000-euros-de-inversion\/","article_published_time":"2021-07-30T23:01:49+00:00","og_image":[{"width":880,"height":495,"url":"https:\/\/www.cuencasmineras.com\/wp-content\/uploads\/2021\/07\/c11085d1-356e-46c0-8f00-1ee43937e881_16-9-aspect-ratio_default_0.jpg","type":"image\/jpeg"}],"author":"admin","twitter_card":"summary_large_image","twitter_misc":{"Escrito por":"admin","Tiempo de lectura":"2 minutos"},"schema":{"@context":"https:\/\/schema.org","@graph":[{"@type":"Article","@id":"https:\/\/www.cuencasmineras.com\/index.php\/2021\/07\/30\/langreo-adecua-su-pabellon-en-la-feria-de-muestras-con-27-000-euros-de-inversion\/#article","isPartOf":{"@id":"https:\/\/www.cuencasmineras.com\/index.php\/2021\/07\/30\/langreo-adecua-su-pabellon-en-la-feria-de-muestras-con-27-000-euros-de-inversion\/"},"author":{"name":"admin","@id":"https:\/\/www.cuencasmineras.com\/#\/schema\/person\/be0691310e8496ec555f679dd688420c"},"headline":"Langreo adecua su pabell\u00f3n en la Feria de Muestras con 27.000 euros de inversi\u00f3n","datePublished":"2021-07-30T23:01:49+00:00","mainEntityOfPage":{"@id":"https:\/\/www.cuencasmineras.com\/index.php\/2021\/07\/30\/langreo-adecua-su-pabellon-en-la-feria-de-muestras-con-27-000-euros-de-inversion\/"},"wordCount":279,"commentCount":0,"image":{"@id":"https:\/\/www.cuencasmineras.com\/index.php\/2021\/07\/30\/langreo-adecua-su-pabellon-en-la-feria-de-muestras-con-27-000-euros-de-inversion\/#primaryimage"},"thumbnailUrl":"https:\/\/www.cuencasmineras.com\/wp-content\/uploads\/2021\/07\/c11085d1-356e-46c0-8f00-1ee43937e881_16-9-aspect-ratio_default_0.jpg","articleSection":["CM NEWS"],"inLanguage":"es","potentialAction":[{"@type":"CommentAction","name":"Comment","target":["https:\/\/www.cuencasmineras.com\/index.php\/2021\/07\/30\/langreo-adecua-su-pabellon-en-la-feria-de-muestras-con-27-000-euros-de-inversion\/#respond"]}]},{"@type":"WebPage","@id":"https:\/\/www.cuencasmineras.com\/index.php\/2021\/07\/30\/langreo-adecua-su-pabellon-en-la-feria-de-muestras-con-27-000-euros-de-inversion\/","url":"https:\/\/www.cuencasmineras.com\/index.php\/2021\/07\/30\/langreo-adecua-su-pabellon-en-la-feria-de-muestras-con-27-000-euros-de-inversion\/","name":"Langreo adecua su pabell\u00f3n en la Feria de Muestras con 27.000 euros de inversi\u00f3n - cm news","isPartOf":{"@id":"https:\/\/www.cuencasmineras.com\/#website"},"primaryImageOfPage":{"@id":"https:\/\/www.cuencasmineras.com\/index.php\/2021\/07\/30\/langreo-adecua-su-pabellon-en-la-feria-de-muestras-con-27-000-euros-de-inversion\/#primaryimage"},"image":{"@id":"https:\/\/www.cuencasmineras.com\/index.php\/2021\/07\/30\/langreo-adecua-su-pabellon-en-la-feria-de-muestras-con-27-000-euros-de-inversion\/#primaryimage"},"thumbnailUrl":"https:\/\/www.cuencasmineras.com\/wp-content\/uploads\/2021\/07\/c11085d1-356e-46c0-8f00-1ee43937e881_16-9-aspect-ratio_default_0.jpg","datePublished":"2021-07-30T23:01:49+00:00","author":{"@id":"https:\/\/www.cuencasmineras.com\/#\/schema\/person\/be0691310e8496ec555f679dd688420c"},"description":"El Ayuntamiento aborda reparaciones en el stand, que en 2019 logr\u00f3 su mejor registro de visitas.","breadcrumb":{"@id":"https:\/\/www.cuencasmineras.com\/index.php\/2021\/07\/30\/langreo-adecua-su-pabellon-en-la-feria-de-muestras-con-27-000-euros-de-inversion\/#breadcrumb"},"inLanguage":"es","potentialAction":[{"@type":"ReadAction","target":["https:\/\/www.cuencasmineras.com\/index.php\/2021\/07\/30\/langreo-adecua-su-pabellon-en-la-feria-de-muestras-con-27-000-euros-de-inversion\/"]}]},{"@type":"ImageObject","inLanguage":"es","@id":"https:\/\/www.cuencasmineras.com\/index.php\/2021\/07\/30\/langreo-adecua-su-pabellon-en-la-feria-de-muestras-con-27-000-euros-de-inversion\/#primaryimage","url":"https:\/\/www.cuencasmineras.com\/wp-content\/uploads\/2021\/07\/c11085d1-356e-46c0-8f00-1ee43937e881_16-9-aspect-ratio_default_0.jpg","contentUrl":"https:\/\/www.cuencasmineras.com\/wp-content\/uploads\/2021\/07\/c11085d1-356e-46c0-8f00-1ee43937e881_16-9-aspect-ratio_default_0.jpg","width":880,"height":495},{"@type":"BreadcrumbList","@id":"https:\/\/www.cuencasmineras.com\/index.php\/2021\/07\/30\/langreo-adecua-su-pabellon-en-la-feria-de-muestras-con-27-000-euros-de-inversion\/#breadcrumb","itemListElement":[{"@type":"ListItem","position":1,"name":"Portada","item":"https:\/\/www.cuencasmineras.com\/"},{"@type":"ListItem","position":2,"name":"Langreo adecua su pabell\u00f3n en la Feria de Muestras con 27.000 euros de inversi\u00f3n"}]},{"@type":"WebSite","@id":"https:\/\/www.cuencasmineras.com\/#website","url":"https:\/\/www.cuencasmineras.com\/","name":"","description":"","potentialAction":[{"@type":"SearchAction","target":{"@type":"EntryPoint","urlTemplate":"https:\/\/www.cuencasmineras.com\/?s={search_term_string}"},"query-input":{"@type":"PropertyValueSpecification","valueRequired":true,"valueName":"search_term_string"}}],"inLanguage":"es"},{"@type":"Person","@id":"https:\/\/www.cuencasmineras.com\/#\/schema\/person\/be0691310e8496ec555f679dd688420c","name":"admin","image":{"@type":"ImageObject","inLanguage":"es","@id":"https:\/\/secure.gravatar.com\/avatar\/4afd2eed3b2fbbf36dd6707b5bd8a5b50ac648f033e36fbf85aeace2f0f859db?s=96&d=mm&r=g","url":"https:\/\/secure.gravatar.com\/avatar\/4afd2eed3b2fbbf36dd6707b5bd8a5b50ac648f033e36fbf85aeace2f0f859db?s=96&d=mm&r=g","contentUrl":"https:\/\/secure.gravatar.com\/avatar\/4afd2eed3b2fbbf36dd6707b5bd8a5b50ac648f033e36fbf85aeace2f0f859db?s=96&d=mm&r=g","caption":"admin"},"sameAs":["https:\/\/www.cuencasmineras.com"],"url":"https:\/\/www.cuencasmineras.com\/index.php\/author\/admin\/"}]}},"_links":{"self":[{"href":"https:\/\/www.cuencasmineras.com\/index.php\/wp-json\/wp\/v2\/posts\/3128","targetHints":{"allow":["GET"]}}],"collection":[{"href":"https:\/\/www.cuencasmineras.com\/index.php\/wp-json\/wp\/v2\/posts"}],"about":[{"href":"https:\/\/www.cuencasmineras.com\/index.php\/wp-json\/wp\/v2\/types\/post"}],"author":[{"embeddable":true,"href":"https:\/\/www.cuencasmineras.com\/index.php\/wp-json\/wp\/v2\/users\/1"}],"replies":[{"embeddable":true,"href":"https:\/\/www.cuencasmineras.com\/index.php\/wp-json\/wp\/v2\/comments?post=3128"}],"version-history":[{"count":1,"href":"https:\/\/www.cuencasmineras.com\/index.php\/wp-json\/wp\/v2\/posts\/3128\/revisions"}],"predecessor-version":[{"id":3130,"href":"https:\/\/www.cuencasmineras.com\/index.php\/wp-json\/wp\/v2\/posts\/3128\/revisions\/3130"}],"wp:featuredmedia":[{"embeddable":true,"href":"https:\/\/www.cuencasmineras.com\/index.php\/wp-json\/wp\/v2\/media\/3129"}],"wp:attachment":[{"href":"https:\/\/www.cuencasmineras.com\/index.php\/wp-json\/wp\/v2\/media?parent=3128"}],"wp:term":[{"taxonomy":"category","embeddable":true,"href":"https:\/\/www.cuencasmineras.com\/index.php\/wp-json\/wp\/v2\/categories?post=3128"},{"taxonomy":"post_tag","embeddable":true,"href":"https:\/\/www.cuencasmineras.com\/index.php\/wp-json\/wp\/v2\/tags?post=3128"}],"curies":[{"name":"wp","href":"https:\/\/api.w.org\/{rel}","templated":true}]}}