{"id":3131,"date":"2021-07-30T23:04:03","date_gmt":"2021-07-30T23:04:03","guid":{"rendered":"https:\/\/www.cuencasmineras.com\/?p=3131"},"modified":"2021-07-30T23:04:03","modified_gmt":"2021-07-30T23:04:03","slug":"piden-22-anos-de-carcel-para-el-hombre-que-mato-a-su-yerno-en-mieres-con-25-punaladas","status":"publish","type":"post","link":"https:\/\/www.cuencasmineras.com\/index.php\/2021\/07\/30\/piden-22-anos-de-carcel-para-el-hombre-que-mato-a-su-yerno-en-mieres-con-25-punaladas\/","title":{"rendered":"Piden 22 a\u00f1os de c\u00e1rcel para el hombre que mat\u00f3 a su yerno en Mieres con 25 pu\u00f1aladas"},"content":{"rendered":"<p style=\"text-align: justify;\">La Fiscal\u00eda del Principado de Asturias ha solicitado 22 a\u00f1os de prisi\u00f3n y 10 de libertad vigilada para el mierense acusado de asesinar de 25 pu\u00f1aladas a su yerno, del que su hija se estaba divorciando, porque no quer\u00eda que su nieto de 2 a\u00f1os, hijo de la pareja, pasara con \u00e9l el fin de semana, tal y como hab\u00eda establecido el Juzgado en el proceso de separaci\u00f3n. El escrito de acusaci\u00f3n provisional del Fiscal ya ha sido presentado ante el Juzgado de Instrucci\u00f3n n\u00famero 3 de Mieres.<\/p>\n<p><img loading=\"lazy\" decoding=\"async\" class=\"aligncenter size-large wp-image-3132\" src=\"https:\/\/www.cuencasmineras.com\/wp-content\/uploads\/2021\/07\/b795baed-4bfb-4e31-8b1f-0992c18bdabd_21-9-aspect-ratio_default_0-1024x438.jpg\" alt=\"\" width=\"640\" height=\"274\" srcset=\"https:\/\/www.cuencasmineras.com\/wp-content\/uploads\/2021\/07\/b795baed-4bfb-4e31-8b1f-0992c18bdabd_21-9-aspect-ratio_default_0-1024x438.jpg 1024w, https:\/\/www.cuencasmineras.com\/wp-content\/uploads\/2021\/07\/b795baed-4bfb-4e31-8b1f-0992c18bdabd_21-9-aspect-ratio_default_0-300x128.jpg 300w, https:\/\/www.cuencasmineras.com\/wp-content\/uploads\/2021\/07\/b795baed-4bfb-4e31-8b1f-0992c18bdabd_21-9-aspect-ratio_default_0-768x329.jpg 768w, https:\/\/www.cuencasmineras.com\/wp-content\/uploads\/2021\/07\/b795baed-4bfb-4e31-8b1f-0992c18bdabd_21-9-aspect-ratio_default_0.jpg 1280w\" sizes=\"auto, (max-width: 640px) 100vw, 640px\" \/><\/p>\n<p style=\"text-align: justify;\">El Ministerio Fiscal sostiene que el acusado decidi\u00f3 terminar con la vida de su yerno, con el que su hija se encontraba en tr\u00e1mites de divorcio y a sabiendas de la mala relaci\u00f3n que exist\u00eda entre ambos. Seg\u00fan se explica en el escrito \u201cel acusado tom\u00f3 esta determinaci\u00f3n con el prop\u00f3sito de intentar impedir a toda costa que la v\u00edctima pasara el fin de semana con el hijo de la pareja, de 2 a\u00f1os, su nieto, tal y como hab\u00eda establecido el Juzgado, que atribuy\u00f3 la guarda y custodia del menor a la madre y el derecho de visita del padre los fines de semana alternos de cada mes, con pernocta desde el viernes por la tarde hasta el lunes por la ma\u00f1ana\u201d. \u201cAnte la idea de que la v\u00edctima pudiera hacer uso de este derecho de visitas por primera vez ese mismo fin de semana, el acusado decidi\u00f3 matarlo\u201d, a\u00f1ade el Fiscal.<\/p>\n<p style=\"text-align: justify;\">El escrito de acusaci\u00f3n relata de forma cruda los hechos: \u201cMinutos antes de las ocho de la ma\u00f1ana del 12 de noviembre de 2019, el acusado se dirigi\u00f3 al domicilio de la v\u00edctima, en Mieres, y pic\u00f3 al telefonillo. \u00c9ste le abri\u00f3 la puerta y, ya en la vivienda, le invit\u00f3 a charlar en la cocina. En ese momento, de forma absolutamente sorpresiva, sin que mediara palabra alguna y sin que la v\u00edctima pudiera imaginarse en ning\u00fan momento el ataque, el acusado sac\u00f3 de entre su ropa un arma blanca, tipo cuchillo o machete, con una hoja de gran tama\u00f1o, y se lo clav\u00f3 en el abdomen con gran violencia y, a continuaci\u00f3n, brutalmente, en la mu\u00f1eca\u201d.<\/p>\n<p>Fuente: LNE<\/p>\n<p>&nbsp;<\/p>\n","protected":false},"excerpt":{"rendered":"<p>La Fiscal\u00eda del Principado de Asturias ha solicitado 22 a\u00f1os de prisi\u00f3n y 10 de libertad vigilada para el mierense acusado de asesinar de 25 pu\u00f1aladas a su yerno, del que su hija se estaba divorciando, porque no quer\u00eda que su nieto de 2 a\u00f1os, hijo de la pareja, pasara con \u00e9l el fin de [&hellip;]<\/p>\n","protected":false},"author":1,"featured_media":0,"comment_status":"open","ping_status":"open","sticky":false,"template":"","format":"standard","meta":{"footnotes":""},"categories":[7,6],"tags":[],"class_list":["post-3131","post","type-post","status-publish","format-standard","hentry","category-caudal","category-noticias"],"yoast_head":"<!-- This site is optimized with the Yoast SEO plugin v27.4 - https:\/\/yoast.com\/product\/yoast-seo-wordpress\/ -->\n<title>Piden 22 a\u00f1os de c\u00e1rcel para el hombre que mat\u00f3 a su yerno en Mieres con 25 pu\u00f1aladas - cm news<\/title>\n<meta name=\"description\" content=\"La Fiscal\u00eda solicita cerca de medio mill\u00f3n de euros en indemnizaciones para los familiares de la v\u00edctima, que se estaba divorciando.\" \/>\n<meta name=\"robots\" content=\"index, follow, max-snippet:-1, max-image-preview:large, max-video-preview:-1\" \/>\n<link rel=\"canonical\" href=\"https:\/\/www.cuencasmineras.com\/index.php\/2021\/07\/30\/piden-22-anos-de-carcel-para-el-hombre-que-mato-a-su-yerno-en-mieres-con-25-punaladas\/\" \/>\n<meta property=\"og:locale\" content=\"es_ES\" \/>\n<meta property=\"og:type\" content=\"article\" \/>\n<meta property=\"og:title\" content=\"Piden 22 a\u00f1os de c\u00e1rcel para el hombre que mat\u00f3 a su yerno en Mieres con 25 pu\u00f1aladas - cm news\" \/>\n<meta property=\"og:description\" content=\"La Fiscal\u00eda solicita cerca de medio mill\u00f3n de euros en indemnizaciones para los familiares de la v\u00edctima, que se estaba divorciando.\" \/>\n<meta property=\"og:url\" content=\"https:\/\/www.cuencasmineras.com\/index.php\/2021\/07\/30\/piden-22-anos-de-carcel-para-el-hombre-que-mato-a-su-yerno-en-mieres-con-25-punaladas\/\" \/>\n<meta property=\"article:published_time\" content=\"2021-07-30T23:04:03+00:00\" \/>\n<meta property=\"og:image\" content=\"https:\/\/www.cuencasmineras.com\/wp-content\/uploads\/2021\/07\/b795baed-4bfb-4e31-8b1f-0992c18bdabd_21-9-aspect-ratio_default_0-1024x438.jpg\" \/>\n<meta name=\"author\" content=\"admin\" \/>\n<meta name=\"twitter:card\" content=\"summary_large_image\" \/>\n<meta name=\"twitter:label1\" content=\"Escrito por\" \/>\n\t<meta name=\"twitter:data1\" content=\"admin\" \/>\n\t<meta name=\"twitter:label2\" content=\"Tiempo de lectura\" \/>\n\t<meta name=\"twitter:data2\" content=\"2 minutos\" \/>\n<script type=\"application\/ld+json\" class=\"yoast-schema-graph\">{\"@context\":\"https:\\\/\\\/schema.org\",\"@graph\":[{\"@type\":\"Article\",\"@id\":\"https:\\\/\\\/www.cuencasmineras.com\\\/index.php\\\/2021\\\/07\\\/30\\\/piden-22-anos-de-carcel-para-el-hombre-que-mato-a-su-yerno-en-mieres-con-25-punaladas\\\/#article\",\"isPartOf\":{\"@id\":\"https:\\\/\\\/www.cuencasmineras.com\\\/index.php\\\/2021\\\/07\\\/30\\\/piden-22-anos-de-carcel-para-el-hombre-que-mato-a-su-yerno-en-mieres-con-25-punaladas\\\/\"},\"author\":{\"name\":\"admin\",\"@id\":\"https:\\\/\\\/www.cuencasmineras.com\\\/#\\\/schema\\\/person\\\/be0691310e8496ec555f679dd688420c\"},\"headline\":\"Piden 22 a\u00f1os de c\u00e1rcel para el hombre que mat\u00f3 a su yerno en Mieres con 25 pu\u00f1aladas\",\"datePublished\":\"2021-07-30T23:04:03+00:00\",\"mainEntityOfPage\":{\"@id\":\"https:\\\/\\\/www.cuencasmineras.com\\\/index.php\\\/2021\\\/07\\\/30\\\/piden-22-anos-de-carcel-para-el-hombre-que-mato-a-su-yerno-en-mieres-con-25-punaladas\\\/\"},\"wordCount\":403,\"commentCount\":0,\"image\":{\"@id\":\"https:\\\/\\\/www.cuencasmineras.com\\\/index.php\\\/2021\\\/07\\\/30\\\/piden-22-anos-de-carcel-para-el-hombre-que-mato-a-su-yerno-en-mieres-con-25-punaladas\\\/#primaryimage\"},\"thumbnailUrl\":\"https:\\\/\\\/www.cuencasmineras.com\\\/wp-content\\\/uploads\\\/2021\\\/07\\\/b795baed-4bfb-4e31-8b1f-0992c18bdabd_21-9-aspect-ratio_default_0-1024x438.jpg\",\"articleSection\":[\"Caudal\",\"CM NEWS\"],\"inLanguage\":\"es\",\"potentialAction\":[{\"@type\":\"CommentAction\",\"name\":\"Comment\",\"target\":[\"https:\\\/\\\/www.cuencasmineras.com\\\/index.php\\\/2021\\\/07\\\/30\\\/piden-22-anos-de-carcel-para-el-hombre-que-mato-a-su-yerno-en-mieres-con-25-punaladas\\\/#respond\"]}]},{\"@type\":\"WebPage\",\"@id\":\"https:\\\/\\\/www.cuencasmineras.com\\\/index.php\\\/2021\\\/07\\\/30\\\/piden-22-anos-de-carcel-para-el-hombre-que-mato-a-su-yerno-en-mieres-con-25-punaladas\\\/\",\"url\":\"https:\\\/\\\/www.cuencasmineras.com\\\/index.php\\\/2021\\\/07\\\/30\\\/piden-22-anos-de-carcel-para-el-hombre-que-mato-a-su-yerno-en-mieres-con-25-punaladas\\\/\",\"name\":\"Piden 22 a\u00f1os de c\u00e1rcel para el hombre que mat\u00f3 a su yerno en Mieres con 25 pu\u00f1aladas - cm news\",\"isPartOf\":{\"@id\":\"https:\\\/\\\/www.cuencasmineras.com\\\/#website\"},\"primaryImageOfPage\":{\"@id\":\"https:\\\/\\\/www.cuencasmineras.com\\\/index.php\\\/2021\\\/07\\\/30\\\/piden-22-anos-de-carcel-para-el-hombre-que-mato-a-su-yerno-en-mieres-con-25-punaladas\\\/#primaryimage\"},\"image\":{\"@id\":\"https:\\\/\\\/www.cuencasmineras.com\\\/index.php\\\/2021\\\/07\\\/30\\\/piden-22-anos-de-carcel-para-el-hombre-que-mato-a-su-yerno-en-mieres-con-25-punaladas\\\/#primaryimage\"},\"thumbnailUrl\":\"https:\\\/\\\/www.cuencasmineras.com\\\/wp-content\\\/uploads\\\/2021\\\/07\\\/b795baed-4bfb-4e31-8b1f-0992c18bdabd_21-9-aspect-ratio_default_0-1024x438.jpg\",\"datePublished\":\"2021-07-30T23:04:03+00:00\",\"author\":{\"@id\":\"https:\\\/\\\/www.cuencasmineras.com\\\/#\\\/schema\\\/person\\\/be0691310e8496ec555f679dd688420c\"},\"description\":\"La Fiscal\u00eda solicita cerca de medio mill\u00f3n de euros en indemnizaciones para los familiares de la v\u00edctima, que se estaba divorciando.\",\"breadcrumb\":{\"@id\":\"https:\\\/\\\/www.cuencasmineras.com\\\/index.php\\\/2021\\\/07\\\/30\\\/piden-22-anos-de-carcel-para-el-hombre-que-mato-a-su-yerno-en-mieres-con-25-punaladas\\\/#breadcrumb\"},\"inLanguage\":\"es\",\"potentialAction\":[{\"@type\":\"ReadAction\",\"target\":[\"https:\\\/\\\/www.cuencasmineras.com\\\/index.php\\\/2021\\\/07\\\/30\\\/piden-22-anos-de-carcel-para-el-hombre-que-mato-a-su-yerno-en-mieres-con-25-punaladas\\\/\"]}]},{\"@type\":\"ImageObject\",\"inLanguage\":\"es\",\"@id\":\"https:\\\/\\\/www.cuencasmineras.com\\\/index.php\\\/2021\\\/07\\\/30\\\/piden-22-anos-de-carcel-para-el-hombre-que-mato-a-su-yerno-en-mieres-con-25-punaladas\\\/#primaryimage\",\"url\":\"https:\\\/\\\/www.cuencasmineras.com\\\/wp-content\\\/uploads\\\/2021\\\/07\\\/b795baed-4bfb-4e31-8b1f-0992c18bdabd_21-9-aspect-ratio_default_0.jpg\",\"contentUrl\":\"https:\\\/\\\/www.cuencasmineras.com\\\/wp-content\\\/uploads\\\/2021\\\/07\\\/b795baed-4bfb-4e31-8b1f-0992c18bdabd_21-9-aspect-ratio_default_0.jpg\",\"width\":1280,\"height\":548},{\"@type\":\"BreadcrumbList\",\"@id\":\"https:\\\/\\\/www.cuencasmineras.com\\\/index.php\\\/2021\\\/07\\\/30\\\/piden-22-anos-de-carcel-para-el-hombre-que-mato-a-su-yerno-en-mieres-con-25-punaladas\\\/#breadcrumb\",\"itemListElement\":[{\"@type\":\"ListItem\",\"position\":1,\"name\":\"Portada\",\"item\":\"https:\\\/\\\/www.cuencasmineras.com\\\/\"},{\"@type\":\"ListItem\",\"position\":2,\"name\":\"Piden 22 a\u00f1os de c\u00e1rcel para el hombre que mat\u00f3 a su yerno en Mieres con 25 pu\u00f1aladas\"}]},{\"@type\":\"WebSite\",\"@id\":\"https:\\\/\\\/www.cuencasmineras.com\\\/#website\",\"url\":\"https:\\\/\\\/www.cuencasmineras.com\\\/\",\"name\":\"\",\"description\":\"\",\"potentialAction\":[{\"@type\":\"SearchAction\",\"target\":{\"@type\":\"EntryPoint\",\"urlTemplate\":\"https:\\\/\\\/www.cuencasmineras.com\\\/?s={search_term_string}\"},\"query-input\":{\"@type\":\"PropertyValueSpecification\",\"valueRequired\":true,\"valueName\":\"search_term_string\"}}],\"inLanguage\":\"es\"},{\"@type\":\"Person\",\"@id\":\"https:\\\/\\\/www.cuencasmineras.com\\\/#\\\/schema\\\/person\\\/be0691310e8496ec555f679dd688420c\",\"name\":\"admin\",\"image\":{\"@type\":\"ImageObject\",\"inLanguage\":\"es\",\"@id\":\"https:\\\/\\\/secure.gravatar.com\\\/avatar\\\/4afd2eed3b2fbbf36dd6707b5bd8a5b50ac648f033e36fbf85aeace2f0f859db?s=96&d=mm&r=g\",\"url\":\"https:\\\/\\\/secure.gravatar.com\\\/avatar\\\/4afd2eed3b2fbbf36dd6707b5bd8a5b50ac648f033e36fbf85aeace2f0f859db?s=96&d=mm&r=g\",\"contentUrl\":\"https:\\\/\\\/secure.gravatar.com\\\/avatar\\\/4afd2eed3b2fbbf36dd6707b5bd8a5b50ac648f033e36fbf85aeace2f0f859db?s=96&d=mm&r=g\",\"caption\":\"admin\"},\"sameAs\":[\"https:\\\/\\\/www.cuencasmineras.com\"],\"url\":\"https:\\\/\\\/www.cuencasmineras.com\\\/index.php\\\/author\\\/admin\\\/\"}]}<\/script>\n<!-- \/ Yoast SEO plugin. -->","yoast_head_json":{"title":"Piden 22 a\u00f1os de c\u00e1rcel para el hombre que mat\u00f3 a su yerno en Mieres con 25 pu\u00f1aladas - cm news","description":"La Fiscal\u00eda solicita cerca de medio mill\u00f3n de euros en indemnizaciones para los familiares de la v\u00edctima, que se estaba divorciando.","robots":{"index":"index","follow":"follow","max-snippet":"max-snippet:-1","max-image-preview":"max-image-preview:large","max-video-preview":"max-video-preview:-1"},"canonical":"https:\/\/www.cuencasmineras.com\/index.php\/2021\/07\/30\/piden-22-anos-de-carcel-para-el-hombre-que-mato-a-su-yerno-en-mieres-con-25-punaladas\/","og_locale":"es_ES","og_type":"article","og_title":"Piden 22 a\u00f1os de c\u00e1rcel para el hombre que mat\u00f3 a su yerno en Mieres con 25 pu\u00f1aladas - cm news","og_description":"La Fiscal\u00eda solicita cerca de medio mill\u00f3n de euros en indemnizaciones para los familiares de la v\u00edctima, que se estaba divorciando.","og_url":"https:\/\/www.cuencasmineras.com\/index.php\/2021\/07\/30\/piden-22-anos-de-carcel-para-el-hombre-que-mato-a-su-yerno-en-mieres-con-25-punaladas\/","article_published_time":"2021-07-30T23:04:03+00:00","og_image":[{"url":"https:\/\/www.cuencasmineras.com\/wp-content\/uploads\/2021\/07\/b795baed-4bfb-4e31-8b1f-0992c18bdabd_21-9-aspect-ratio_default_0-1024x438.jpg","type":"","width":"","height":""}],"author":"admin","twitter_card":"summary_large_image","twitter_misc":{"Escrito por":"admin","Tiempo de lectura":"2 minutos"},"schema":{"@context":"https:\/\/schema.org","@graph":[{"@type":"Article","@id":"https:\/\/www.cuencasmineras.com\/index.php\/2021\/07\/30\/piden-22-anos-de-carcel-para-el-hombre-que-mato-a-su-yerno-en-mieres-con-25-punaladas\/#article","isPartOf":{"@id":"https:\/\/www.cuencasmineras.com\/index.php\/2021\/07\/30\/piden-22-anos-de-carcel-para-el-hombre-que-mato-a-su-yerno-en-mieres-con-25-punaladas\/"},"author":{"name":"admin","@id":"https:\/\/www.cuencasmineras.com\/#\/schema\/person\/be0691310e8496ec555f679dd688420c"},"headline":"Piden 22 a\u00f1os de c\u00e1rcel para el hombre que mat\u00f3 a su yerno en Mieres con 25 pu\u00f1aladas","datePublished":"2021-07-30T23:04:03+00:00","mainEntityOfPage":{"@id":"https:\/\/www.cuencasmineras.com\/index.php\/2021\/07\/30\/piden-22-anos-de-carcel-para-el-hombre-que-mato-a-su-yerno-en-mieres-con-25-punaladas\/"},"wordCount":403,"commentCount":0,"image":{"@id":"https:\/\/www.cuencasmineras.com\/index.php\/2021\/07\/30\/piden-22-anos-de-carcel-para-el-hombre-que-mato-a-su-yerno-en-mieres-con-25-punaladas\/#primaryimage"},"thumbnailUrl":"https:\/\/www.cuencasmineras.com\/wp-content\/uploads\/2021\/07\/b795baed-4bfb-4e31-8b1f-0992c18bdabd_21-9-aspect-ratio_default_0-1024x438.jpg","articleSection":["Caudal","CM NEWS"],"inLanguage":"es","potentialAction":[{"@type":"CommentAction","name":"Comment","target":["https:\/\/www.cuencasmineras.com\/index.php\/2021\/07\/30\/piden-22-anos-de-carcel-para-el-hombre-que-mato-a-su-yerno-en-mieres-con-25-punaladas\/#respond"]}]},{"@type":"WebPage","@id":"https:\/\/www.cuencasmineras.com\/index.php\/2021\/07\/30\/piden-22-anos-de-carcel-para-el-hombre-que-mato-a-su-yerno-en-mieres-con-25-punaladas\/","url":"https:\/\/www.cuencasmineras.com\/index.php\/2021\/07\/30\/piden-22-anos-de-carcel-para-el-hombre-que-mato-a-su-yerno-en-mieres-con-25-punaladas\/","name":"Piden 22 a\u00f1os de c\u00e1rcel para el hombre que mat\u00f3 a su yerno en Mieres con 25 pu\u00f1aladas - cm news","isPartOf":{"@id":"https:\/\/www.cuencasmineras.com\/#website"},"primaryImageOfPage":{"@id":"https:\/\/www.cuencasmineras.com\/index.php\/2021\/07\/30\/piden-22-anos-de-carcel-para-el-hombre-que-mato-a-su-yerno-en-mieres-con-25-punaladas\/#primaryimage"},"image":{"@id":"https:\/\/www.cuencasmineras.com\/index.php\/2021\/07\/30\/piden-22-anos-de-carcel-para-el-hombre-que-mato-a-su-yerno-en-mieres-con-25-punaladas\/#primaryimage"},"thumbnailUrl":"https:\/\/www.cuencasmineras.com\/wp-content\/uploads\/2021\/07\/b795baed-4bfb-4e31-8b1f-0992c18bdabd_21-9-aspect-ratio_default_0-1024x438.jpg","datePublished":"2021-07-30T23:04:03+00:00","author":{"@id":"https:\/\/www.cuencasmineras.com\/#\/schema\/person\/be0691310e8496ec555f679dd688420c"},"description":"La Fiscal\u00eda solicita cerca de medio mill\u00f3n de euros en indemnizaciones para los familiares de la v\u00edctima, que se estaba divorciando.","breadcrumb":{"@id":"https:\/\/www.cuencasmineras.com\/index.php\/2021\/07\/30\/piden-22-anos-de-carcel-para-el-hombre-que-mato-a-su-yerno-en-mieres-con-25-punaladas\/#breadcrumb"},"inLanguage":"es","potentialAction":[{"@type":"ReadAction","target":["https:\/\/www.cuencasmineras.com\/index.php\/2021\/07\/30\/piden-22-anos-de-carcel-para-el-hombre-que-mato-a-su-yerno-en-mieres-con-25-punaladas\/"]}]},{"@type":"ImageObject","inLanguage":"es","@id":"https:\/\/www.cuencasmineras.com\/index.php\/2021\/07\/30\/piden-22-anos-de-carcel-para-el-hombre-que-mato-a-su-yerno-en-mieres-con-25-punaladas\/#primaryimage","url":"https:\/\/www.cuencasmineras.com\/wp-content\/uploads\/2021\/07\/b795baed-4bfb-4e31-8b1f-0992c18bdabd_21-9-aspect-ratio_default_0.jpg","contentUrl":"https:\/\/www.cuencasmineras.com\/wp-content\/uploads\/2021\/07\/b795baed-4bfb-4e31-8b1f-0992c18bdabd_21-9-aspect-ratio_default_0.jpg","width":1280,"height":548},{"@type":"BreadcrumbList","@id":"https:\/\/www.cuencasmineras.com\/index.php\/2021\/07\/30\/piden-22-anos-de-carcel-para-el-hombre-que-mato-a-su-yerno-en-mieres-con-25-punaladas\/#breadcrumb","itemListElement":[{"@type":"ListItem","position":1,"name":"Portada","item":"https:\/\/www.cuencasmineras.com\/"},{"@type":"ListItem","position":2,"name":"Piden 22 a\u00f1os de c\u00e1rcel para el hombre que mat\u00f3 a su yerno en Mieres con 25 pu\u00f1aladas"}]},{"@type":"WebSite","@id":"https:\/\/www.cuencasmineras.com\/#website","url":"https:\/\/www.cuencasmineras.com\/","name":"","description":"","potentialAction":[{"@type":"SearchAction","target":{"@type":"EntryPoint","urlTemplate":"https:\/\/www.cuencasmineras.com\/?s={search_term_string}"},"query-input":{"@type":"PropertyValueSpecification","valueRequired":true,"valueName":"search_term_string"}}],"inLanguage":"es"},{"@type":"Person","@id":"https:\/\/www.cuencasmineras.com\/#\/schema\/person\/be0691310e8496ec555f679dd688420c","name":"admin","image":{"@type":"ImageObject","inLanguage":"es","@id":"https:\/\/secure.gravatar.com\/avatar\/4afd2eed3b2fbbf36dd6707b5bd8a5b50ac648f033e36fbf85aeace2f0f859db?s=96&d=mm&r=g","url":"https:\/\/secure.gravatar.com\/avatar\/4afd2eed3b2fbbf36dd6707b5bd8a5b50ac648f033e36fbf85aeace2f0f859db?s=96&d=mm&r=g","contentUrl":"https:\/\/secure.gravatar.com\/avatar\/4afd2eed3b2fbbf36dd6707b5bd8a5b50ac648f033e36fbf85aeace2f0f859db?s=96&d=mm&r=g","caption":"admin"},"sameAs":["https:\/\/www.cuencasmineras.com"],"url":"https:\/\/www.cuencasmineras.com\/index.php\/author\/admin\/"}]}},"_links":{"self":[{"href":"https:\/\/www.cuencasmineras.com\/index.php\/wp-json\/wp\/v2\/posts\/3131","targetHints":{"allow":["GET"]}}],"collection":[{"href":"https:\/\/www.cuencasmineras.com\/index.php\/wp-json\/wp\/v2\/posts"}],"about":[{"href":"https:\/\/www.cuencasmineras.com\/index.php\/wp-json\/wp\/v2\/types\/post"}],"author":[{"embeddable":true,"href":"https:\/\/www.cuencasmineras.com\/index.php\/wp-json\/wp\/v2\/users\/1"}],"replies":[{"embeddable":true,"href":"https:\/\/www.cuencasmineras.com\/index.php\/wp-json\/wp\/v2\/comments?post=3131"}],"version-history":[{"count":1,"href":"https:\/\/www.cuencasmineras.com\/index.php\/wp-json\/wp\/v2\/posts\/3131\/revisions"}],"predecessor-version":[{"id":3133,"href":"https:\/\/www.cuencasmineras.com\/index.php\/wp-json\/wp\/v2\/posts\/3131\/revisions\/3133"}],"wp:attachment":[{"href":"https:\/\/www.cuencasmineras.com\/index.php\/wp-json\/wp\/v2\/media?parent=3131"}],"wp:term":[{"taxonomy":"category","embeddable":true,"href":"https:\/\/www.cuencasmineras.com\/index.php\/wp-json\/wp\/v2\/categories?post=3131"},{"taxonomy":"post_tag","embeddable":true,"href":"https:\/\/www.cuencasmineras.com\/index.php\/wp-json\/wp\/v2\/tags?post=3131"}],"curies":[{"name":"wp","href":"https:\/\/api.w.org\/{rel}","templated":true}]}}