{"id":3156,"date":"2021-07-31T12:55:08","date_gmt":"2021-07-31T12:55:08","guid":{"rendered":"https:\/\/www.cuencasmineras.com\/?p=3156"},"modified":"2021-07-31T12:55:08","modified_gmt":"2021-07-31T12:55:08","slug":"riosa-reclama-que-se-senalicen-los-accesos-al-angliru-desde-la-autovia","status":"publish","type":"post","link":"https:\/\/www.cuencasmineras.com\/index.php\/2021\/07\/31\/riosa-reclama-que-se-senalicen-los-accesos-al-angliru-desde-la-autovia\/","title":{"rendered":"Riosa reclama que se se\u00f1alicen los accesos al Angliru desde la autov\u00eda"},"content":{"rendered":"<p style=\"text-align: justify;\">Es, sin lugar a dudas, el enclave tur\u00edstico m\u00e1s internacional del concejo de Riosa, y uno de los recursos m\u00e1s importantes del Principado de Asturias. El alto del Angliru supone uno de los mayores atractivos para el mundo del ciclismo y del cicloturismo, y tambi\u00e9n para senderistas. Pero el acceso hasta el coloso riosano no es sencillo, y no porque las carreteras sean malas, que no lo son, sino por la falta de indicaciones y se\u00f1alizaci\u00f3n, especialmente desde las principales v\u00edas de comunicaci\u00f3n del Principado. Por ello, desde el Ayuntamiento de Riosa reclaman al Gobierno regional que se\u00f1alice en la A-66, tanto para los que llegan de la meseta como para los que salen, las entradas desde la autov\u00eda hacia el concejo de Riosa y concretamente el Angliru.<\/p>\n<p><img loading=\"lazy\" decoding=\"async\" class=\"aligncenter size-large wp-image-3157\" src=\"https:\/\/www.cuencasmineras.com\/wp-content\/uploads\/2021\/07\/DA97401-k1YE-U120642241446PpD-1248x770@El-Comercio-1024x632.jpg\" alt=\"\" width=\"640\" height=\"395\" srcset=\"https:\/\/www.cuencasmineras.com\/wp-content\/uploads\/2021\/07\/DA97401-k1YE-U120642241446PpD-1248x770@El-Comercio-1024x632.jpg 1024w, https:\/\/www.cuencasmineras.com\/wp-content\/uploads\/2021\/07\/DA97401-k1YE-U120642241446PpD-1248x770@El-Comercio-300x185.jpg 300w, https:\/\/www.cuencasmineras.com\/wp-content\/uploads\/2021\/07\/DA97401-k1YE-U120642241446PpD-1248x770@El-Comercio-768x474.jpg 768w, https:\/\/www.cuencasmineras.com\/wp-content\/uploads\/2021\/07\/DA97401-k1YE-U120642241446PpD-1248x770@El-Comercio.jpg 1248w\" sizes=\"auto, (max-width: 640px) 100vw, 640px\" \/><\/p>\n<p style=\"text-align: justify;\">\u201cNuestro Angliru no es solo un atractivo tur\u00edstico para Riosa, sino que tambi\u00e9n pone a Asturias en el mapa de los aficionados al ciclismo, que son millones en todo el mundo, y que saben que nuestra monta\u00f1a es una de las m\u00e1s duras del mundo, un desaf\u00edo que muchos quieren probar\u201d, explica la alcaldesa, Ana D\u00edaz. Sin embargo, y a pesar de que casi cada d\u00eda hay numerosas personas que se acercan a tratar de ascender con sus bicicletas \u2013tambi\u00e9n a pie, e incluso en moto\u2013, hasta la cima, lo cierto es que muchos de ellos encuentran dificultades para llegar a la zona debido a la falta de informaci\u00f3n en la principal autov\u00eda de la regi\u00f3n, la A-66. \u201cEs verdad que con los GPS, ahora es m\u00e1s f\u00e1cil llegar a todos los sitios, pero a\u00fan as\u00ed hay turistas que nos comentan que se pierden\u201d, se\u00f1ala la regidora.<\/p>\n<p style=\"text-align: justify;\">Ese es el motivo por el que desde el Ayuntamiento se va a pedir oficialmente al Principado que coloque paneles informativos en la A-66, tanto para los que entran en Asturias como para los que van en direcci\u00f3n a la meseta. \u201cPensamos que esa se\u00f1alizaci\u00f3n es lo que necesitamos para atraer a m\u00e1s gente, y que puedan disfrutar de este emblema natural que tenemos\u201d, comenta la regidora, que agreg\u00f3 que el concejal de Turismo, Juan Carlos \u00c1lvarez, est\u00e1 especialmente involucrado en la iniciativa.<\/p>\n","protected":false},"excerpt":{"rendered":"<p>Es, sin lugar a dudas, el enclave tur\u00edstico m\u00e1s internacional del concejo de Riosa, y uno de los recursos m\u00e1s importantes del Principado de Asturias. El alto del Angliru supone uno de los mayores atractivos para el mundo del ciclismo y del cicloturismo, y tambi\u00e9n para senderistas. Pero el acceso hasta el coloso riosano no [&hellip;]<\/p>\n","protected":false},"author":1,"featured_media":3157,"comment_status":"open","ping_status":"open","sticky":false,"template":"","format":"standard","meta":{"footnotes":""},"categories":[7,6],"tags":[],"class_list":["post-3156","post","type-post","status-publish","format-standard","has-post-thumbnail","hentry","category-caudal","category-noticias"],"yoast_head":"<!-- This site is optimized with the Yoast SEO plugin v27.4 - https:\/\/yoast.com\/product\/yoast-seo-wordpress\/ -->\n<title>Riosa reclama que se se\u00f1alicen los accesos al Angliru desde la autov\u00eda - cm news<\/title>\n<meta name=\"description\" content=\"El gobierno local afirma que los turistas dan \u201crodeos innecesarios\u201d para llegar a la cima riosana desde la A-66 debido a la falta de indicaciones.\" \/>\n<meta name=\"robots\" content=\"index, follow, max-snippet:-1, max-image-preview:large, max-video-preview:-1\" \/>\n<link rel=\"canonical\" href=\"https:\/\/www.cuencasmineras.com\/index.php\/2021\/07\/31\/riosa-reclama-que-se-senalicen-los-accesos-al-angliru-desde-la-autovia\/\" \/>\n<meta property=\"og:locale\" content=\"es_ES\" \/>\n<meta property=\"og:type\" content=\"article\" \/>\n<meta property=\"og:title\" content=\"Riosa reclama que se se\u00f1alicen los accesos al Angliru desde la autov\u00eda - cm news\" \/>\n<meta property=\"og:description\" content=\"El gobierno local afirma que los turistas dan \u201crodeos innecesarios\u201d para llegar a la cima riosana desde la A-66 debido a la falta de indicaciones.\" \/>\n<meta property=\"og:url\" content=\"https:\/\/www.cuencasmineras.com\/index.php\/2021\/07\/31\/riosa-reclama-que-se-senalicen-los-accesos-al-angliru-desde-la-autovia\/\" \/>\n<meta property=\"article:published_time\" content=\"2021-07-31T12:55:08+00:00\" \/>\n<meta property=\"og:image\" content=\"https:\/\/www.cuencasmineras.com\/wp-content\/uploads\/2021\/07\/DA97401-k1YE-U120642241446PpD-1248x770@El-Comercio.jpg\" \/>\n\t<meta property=\"og:image:width\" content=\"1248\" \/>\n\t<meta property=\"og:image:height\" content=\"770\" \/>\n\t<meta property=\"og:image:type\" content=\"image\/jpeg\" \/>\n<meta name=\"author\" content=\"admin\" \/>\n<meta name=\"twitter:card\" content=\"summary_large_image\" \/>\n<meta name=\"twitter:label1\" content=\"Escrito por\" \/>\n\t<meta name=\"twitter:data1\" content=\"admin\" \/>\n\t<meta name=\"twitter:label2\" content=\"Tiempo de lectura\" \/>\n\t<meta name=\"twitter:data2\" content=\"2 minutos\" \/>\n<script type=\"application\/ld+json\" class=\"yoast-schema-graph\">{\"@context\":\"https:\\\/\\\/schema.org\",\"@graph\":[{\"@type\":\"Article\",\"@id\":\"https:\\\/\\\/www.cuencasmineras.com\\\/index.php\\\/2021\\\/07\\\/31\\\/riosa-reclama-que-se-senalicen-los-accesos-al-angliru-desde-la-autovia\\\/#article\",\"isPartOf\":{\"@id\":\"https:\\\/\\\/www.cuencasmineras.com\\\/index.php\\\/2021\\\/07\\\/31\\\/riosa-reclama-que-se-senalicen-los-accesos-al-angliru-desde-la-autovia\\\/\"},\"author\":{\"name\":\"admin\",\"@id\":\"https:\\\/\\\/www.cuencasmineras.com\\\/#\\\/schema\\\/person\\\/be0691310e8496ec555f679dd688420c\"},\"headline\":\"Riosa reclama que se se\u00f1alicen los accesos al Angliru desde la autov\u00eda\",\"datePublished\":\"2021-07-31T12:55:08+00:00\",\"mainEntityOfPage\":{\"@id\":\"https:\\\/\\\/www.cuencasmineras.com\\\/index.php\\\/2021\\\/07\\\/31\\\/riosa-reclama-que-se-senalicen-los-accesos-al-angliru-desde-la-autovia\\\/\"},\"wordCount\":401,\"commentCount\":0,\"image\":{\"@id\":\"https:\\\/\\\/www.cuencasmineras.com\\\/index.php\\\/2021\\\/07\\\/31\\\/riosa-reclama-que-se-senalicen-los-accesos-al-angliru-desde-la-autovia\\\/#primaryimage\"},\"thumbnailUrl\":\"https:\\\/\\\/www.cuencasmineras.com\\\/wp-content\\\/uploads\\\/2021\\\/07\\\/DA97401-k1YE-U120642241446PpD-1248x770@El-Comercio.jpg\",\"articleSection\":[\"Caudal\",\"CM NEWS\"],\"inLanguage\":\"es\",\"potentialAction\":[{\"@type\":\"CommentAction\",\"name\":\"Comment\",\"target\":[\"https:\\\/\\\/www.cuencasmineras.com\\\/index.php\\\/2021\\\/07\\\/31\\\/riosa-reclama-que-se-senalicen-los-accesos-al-angliru-desde-la-autovia\\\/#respond\"]}]},{\"@type\":\"WebPage\",\"@id\":\"https:\\\/\\\/www.cuencasmineras.com\\\/index.php\\\/2021\\\/07\\\/31\\\/riosa-reclama-que-se-senalicen-los-accesos-al-angliru-desde-la-autovia\\\/\",\"url\":\"https:\\\/\\\/www.cuencasmineras.com\\\/index.php\\\/2021\\\/07\\\/31\\\/riosa-reclama-que-se-senalicen-los-accesos-al-angliru-desde-la-autovia\\\/\",\"name\":\"Riosa reclama que se se\u00f1alicen los accesos al Angliru desde la autov\u00eda - cm news\",\"isPartOf\":{\"@id\":\"https:\\\/\\\/www.cuencasmineras.com\\\/#website\"},\"primaryImageOfPage\":{\"@id\":\"https:\\\/\\\/www.cuencasmineras.com\\\/index.php\\\/2021\\\/07\\\/31\\\/riosa-reclama-que-se-senalicen-los-accesos-al-angliru-desde-la-autovia\\\/#primaryimage\"},\"image\":{\"@id\":\"https:\\\/\\\/www.cuencasmineras.com\\\/index.php\\\/2021\\\/07\\\/31\\\/riosa-reclama-que-se-senalicen-los-accesos-al-angliru-desde-la-autovia\\\/#primaryimage\"},\"thumbnailUrl\":\"https:\\\/\\\/www.cuencasmineras.com\\\/wp-content\\\/uploads\\\/2021\\\/07\\\/DA97401-k1YE-U120642241446PpD-1248x770@El-Comercio.jpg\",\"datePublished\":\"2021-07-31T12:55:08+00:00\",\"author\":{\"@id\":\"https:\\\/\\\/www.cuencasmineras.com\\\/#\\\/schema\\\/person\\\/be0691310e8496ec555f679dd688420c\"},\"description\":\"El gobierno local afirma que los turistas dan \u201crodeos innecesarios\u201d para llegar a la cima riosana desde la A-66 debido a la falta de indicaciones.\",\"breadcrumb\":{\"@id\":\"https:\\\/\\\/www.cuencasmineras.com\\\/index.php\\\/2021\\\/07\\\/31\\\/riosa-reclama-que-se-senalicen-los-accesos-al-angliru-desde-la-autovia\\\/#breadcrumb\"},\"inLanguage\":\"es\",\"potentialAction\":[{\"@type\":\"ReadAction\",\"target\":[\"https:\\\/\\\/www.cuencasmineras.com\\\/index.php\\\/2021\\\/07\\\/31\\\/riosa-reclama-que-se-senalicen-los-accesos-al-angliru-desde-la-autovia\\\/\"]}]},{\"@type\":\"ImageObject\",\"inLanguage\":\"es\",\"@id\":\"https:\\\/\\\/www.cuencasmineras.com\\\/index.php\\\/2021\\\/07\\\/31\\\/riosa-reclama-que-se-senalicen-los-accesos-al-angliru-desde-la-autovia\\\/#primaryimage\",\"url\":\"https:\\\/\\\/www.cuencasmineras.com\\\/wp-content\\\/uploads\\\/2021\\\/07\\\/DA97401-k1YE-U120642241446PpD-1248x770@El-Comercio.jpg\",\"contentUrl\":\"https:\\\/\\\/www.cuencasmineras.com\\\/wp-content\\\/uploads\\\/2021\\\/07\\\/DA97401-k1YE-U120642241446PpD-1248x770@El-Comercio.jpg\",\"width\":1248,\"height\":770},{\"@type\":\"BreadcrumbList\",\"@id\":\"https:\\\/\\\/www.cuencasmineras.com\\\/index.php\\\/2021\\\/07\\\/31\\\/riosa-reclama-que-se-senalicen-los-accesos-al-angliru-desde-la-autovia\\\/#breadcrumb\",\"itemListElement\":[{\"@type\":\"ListItem\",\"position\":1,\"name\":\"Portada\",\"item\":\"https:\\\/\\\/www.cuencasmineras.com\\\/\"},{\"@type\":\"ListItem\",\"position\":2,\"name\":\"Riosa reclama que se se\u00f1alicen los accesos al Angliru desde la autov\u00eda\"}]},{\"@type\":\"WebSite\",\"@id\":\"https:\\\/\\\/www.cuencasmineras.com\\\/#website\",\"url\":\"https:\\\/\\\/www.cuencasmineras.com\\\/\",\"name\":\"\",\"description\":\"\",\"potentialAction\":[{\"@type\":\"SearchAction\",\"target\":{\"@type\":\"EntryPoint\",\"urlTemplate\":\"https:\\\/\\\/www.cuencasmineras.com\\\/?s={search_term_string}\"},\"query-input\":{\"@type\":\"PropertyValueSpecification\",\"valueRequired\":true,\"valueName\":\"search_term_string\"}}],\"inLanguage\":\"es\"},{\"@type\":\"Person\",\"@id\":\"https:\\\/\\\/www.cuencasmineras.com\\\/#\\\/schema\\\/person\\\/be0691310e8496ec555f679dd688420c\",\"name\":\"admin\",\"image\":{\"@type\":\"ImageObject\",\"inLanguage\":\"es\",\"@id\":\"https:\\\/\\\/secure.gravatar.com\\\/avatar\\\/4afd2eed3b2fbbf36dd6707b5bd8a5b50ac648f033e36fbf85aeace2f0f859db?s=96&d=mm&r=g\",\"url\":\"https:\\\/\\\/secure.gravatar.com\\\/avatar\\\/4afd2eed3b2fbbf36dd6707b5bd8a5b50ac648f033e36fbf85aeace2f0f859db?s=96&d=mm&r=g\",\"contentUrl\":\"https:\\\/\\\/secure.gravatar.com\\\/avatar\\\/4afd2eed3b2fbbf36dd6707b5bd8a5b50ac648f033e36fbf85aeace2f0f859db?s=96&d=mm&r=g\",\"caption\":\"admin\"},\"sameAs\":[\"https:\\\/\\\/www.cuencasmineras.com\"],\"url\":\"https:\\\/\\\/www.cuencasmineras.com\\\/index.php\\\/author\\\/admin\\\/\"}]}<\/script>\n<!-- \/ Yoast SEO plugin. -->","yoast_head_json":{"title":"Riosa reclama que se se\u00f1alicen los accesos al Angliru desde la autov\u00eda - cm news","description":"El gobierno local afirma que los turistas dan \u201crodeos innecesarios\u201d para llegar a la cima riosana desde la A-66 debido a la falta de indicaciones.","robots":{"index":"index","follow":"follow","max-snippet":"max-snippet:-1","max-image-preview":"max-image-preview:large","max-video-preview":"max-video-preview:-1"},"canonical":"https:\/\/www.cuencasmineras.com\/index.php\/2021\/07\/31\/riosa-reclama-que-se-senalicen-los-accesos-al-angliru-desde-la-autovia\/","og_locale":"es_ES","og_type":"article","og_title":"Riosa reclama que se se\u00f1alicen los accesos al Angliru desde la autov\u00eda - cm news","og_description":"El gobierno local afirma que los turistas dan \u201crodeos innecesarios\u201d para llegar a la cima riosana desde la A-66 debido a la falta de indicaciones.","og_url":"https:\/\/www.cuencasmineras.com\/index.php\/2021\/07\/31\/riosa-reclama-que-se-senalicen-los-accesos-al-angliru-desde-la-autovia\/","article_published_time":"2021-07-31T12:55:08+00:00","og_image":[{"width":1248,"height":770,"url":"https:\/\/www.cuencasmineras.com\/wp-content\/uploads\/2021\/07\/DA97401-k1YE-U120642241446PpD-1248x770@El-Comercio.jpg","type":"image\/jpeg"}],"author":"admin","twitter_card":"summary_large_image","twitter_misc":{"Escrito por":"admin","Tiempo de lectura":"2 minutos"},"schema":{"@context":"https:\/\/schema.org","@graph":[{"@type":"Article","@id":"https:\/\/www.cuencasmineras.com\/index.php\/2021\/07\/31\/riosa-reclama-que-se-senalicen-los-accesos-al-angliru-desde-la-autovia\/#article","isPartOf":{"@id":"https:\/\/www.cuencasmineras.com\/index.php\/2021\/07\/31\/riosa-reclama-que-se-senalicen-los-accesos-al-angliru-desde-la-autovia\/"},"author":{"name":"admin","@id":"https:\/\/www.cuencasmineras.com\/#\/schema\/person\/be0691310e8496ec555f679dd688420c"},"headline":"Riosa reclama que se se\u00f1alicen los accesos al Angliru desde la autov\u00eda","datePublished":"2021-07-31T12:55:08+00:00","mainEntityOfPage":{"@id":"https:\/\/www.cuencasmineras.com\/index.php\/2021\/07\/31\/riosa-reclama-que-se-senalicen-los-accesos-al-angliru-desde-la-autovia\/"},"wordCount":401,"commentCount":0,"image":{"@id":"https:\/\/www.cuencasmineras.com\/index.php\/2021\/07\/31\/riosa-reclama-que-se-senalicen-los-accesos-al-angliru-desde-la-autovia\/#primaryimage"},"thumbnailUrl":"https:\/\/www.cuencasmineras.com\/wp-content\/uploads\/2021\/07\/DA97401-k1YE-U120642241446PpD-1248x770@El-Comercio.jpg","articleSection":["Caudal","CM NEWS"],"inLanguage":"es","potentialAction":[{"@type":"CommentAction","name":"Comment","target":["https:\/\/www.cuencasmineras.com\/index.php\/2021\/07\/31\/riosa-reclama-que-se-senalicen-los-accesos-al-angliru-desde-la-autovia\/#respond"]}]},{"@type":"WebPage","@id":"https:\/\/www.cuencasmineras.com\/index.php\/2021\/07\/31\/riosa-reclama-que-se-senalicen-los-accesos-al-angliru-desde-la-autovia\/","url":"https:\/\/www.cuencasmineras.com\/index.php\/2021\/07\/31\/riosa-reclama-que-se-senalicen-los-accesos-al-angliru-desde-la-autovia\/","name":"Riosa reclama que se se\u00f1alicen los accesos al Angliru desde la autov\u00eda - cm news","isPartOf":{"@id":"https:\/\/www.cuencasmineras.com\/#website"},"primaryImageOfPage":{"@id":"https:\/\/www.cuencasmineras.com\/index.php\/2021\/07\/31\/riosa-reclama-que-se-senalicen-los-accesos-al-angliru-desde-la-autovia\/#primaryimage"},"image":{"@id":"https:\/\/www.cuencasmineras.com\/index.php\/2021\/07\/31\/riosa-reclama-que-se-senalicen-los-accesos-al-angliru-desde-la-autovia\/#primaryimage"},"thumbnailUrl":"https:\/\/www.cuencasmineras.com\/wp-content\/uploads\/2021\/07\/DA97401-k1YE-U120642241446PpD-1248x770@El-Comercio.jpg","datePublished":"2021-07-31T12:55:08+00:00","author":{"@id":"https:\/\/www.cuencasmineras.com\/#\/schema\/person\/be0691310e8496ec555f679dd688420c"},"description":"El gobierno local afirma que los turistas dan \u201crodeos innecesarios\u201d para llegar a la cima riosana desde la A-66 debido a la falta de indicaciones.","breadcrumb":{"@id":"https:\/\/www.cuencasmineras.com\/index.php\/2021\/07\/31\/riosa-reclama-que-se-senalicen-los-accesos-al-angliru-desde-la-autovia\/#breadcrumb"},"inLanguage":"es","potentialAction":[{"@type":"ReadAction","target":["https:\/\/www.cuencasmineras.com\/index.php\/2021\/07\/31\/riosa-reclama-que-se-senalicen-los-accesos-al-angliru-desde-la-autovia\/"]}]},{"@type":"ImageObject","inLanguage":"es","@id":"https:\/\/www.cuencasmineras.com\/index.php\/2021\/07\/31\/riosa-reclama-que-se-senalicen-los-accesos-al-angliru-desde-la-autovia\/#primaryimage","url":"https:\/\/www.cuencasmineras.com\/wp-content\/uploads\/2021\/07\/DA97401-k1YE-U120642241446PpD-1248x770@El-Comercio.jpg","contentUrl":"https:\/\/www.cuencasmineras.com\/wp-content\/uploads\/2021\/07\/DA97401-k1YE-U120642241446PpD-1248x770@El-Comercio.jpg","width":1248,"height":770},{"@type":"BreadcrumbList","@id":"https:\/\/www.cuencasmineras.com\/index.php\/2021\/07\/31\/riosa-reclama-que-se-senalicen-los-accesos-al-angliru-desde-la-autovia\/#breadcrumb","itemListElement":[{"@type":"ListItem","position":1,"name":"Portada","item":"https:\/\/www.cuencasmineras.com\/"},{"@type":"ListItem","position":2,"name":"Riosa reclama que se se\u00f1alicen los accesos al Angliru desde la autov\u00eda"}]},{"@type":"WebSite","@id":"https:\/\/www.cuencasmineras.com\/#website","url":"https:\/\/www.cuencasmineras.com\/","name":"","description":"","potentialAction":[{"@type":"SearchAction","target":{"@type":"EntryPoint","urlTemplate":"https:\/\/www.cuencasmineras.com\/?s={search_term_string}"},"query-input":{"@type":"PropertyValueSpecification","valueRequired":true,"valueName":"search_term_string"}}],"inLanguage":"es"},{"@type":"Person","@id":"https:\/\/www.cuencasmineras.com\/#\/schema\/person\/be0691310e8496ec555f679dd688420c","name":"admin","image":{"@type":"ImageObject","inLanguage":"es","@id":"https:\/\/secure.gravatar.com\/avatar\/4afd2eed3b2fbbf36dd6707b5bd8a5b50ac648f033e36fbf85aeace2f0f859db?s=96&d=mm&r=g","url":"https:\/\/secure.gravatar.com\/avatar\/4afd2eed3b2fbbf36dd6707b5bd8a5b50ac648f033e36fbf85aeace2f0f859db?s=96&d=mm&r=g","contentUrl":"https:\/\/secure.gravatar.com\/avatar\/4afd2eed3b2fbbf36dd6707b5bd8a5b50ac648f033e36fbf85aeace2f0f859db?s=96&d=mm&r=g","caption":"admin"},"sameAs":["https:\/\/www.cuencasmineras.com"],"url":"https:\/\/www.cuencasmineras.com\/index.php\/author\/admin\/"}]}},"_links":{"self":[{"href":"https:\/\/www.cuencasmineras.com\/index.php\/wp-json\/wp\/v2\/posts\/3156","targetHints":{"allow":["GET"]}}],"collection":[{"href":"https:\/\/www.cuencasmineras.com\/index.php\/wp-json\/wp\/v2\/posts"}],"about":[{"href":"https:\/\/www.cuencasmineras.com\/index.php\/wp-json\/wp\/v2\/types\/post"}],"author":[{"embeddable":true,"href":"https:\/\/www.cuencasmineras.com\/index.php\/wp-json\/wp\/v2\/users\/1"}],"replies":[{"embeddable":true,"href":"https:\/\/www.cuencasmineras.com\/index.php\/wp-json\/wp\/v2\/comments?post=3156"}],"version-history":[{"count":1,"href":"https:\/\/www.cuencasmineras.com\/index.php\/wp-json\/wp\/v2\/posts\/3156\/revisions"}],"predecessor-version":[{"id":3158,"href":"https:\/\/www.cuencasmineras.com\/index.php\/wp-json\/wp\/v2\/posts\/3156\/revisions\/3158"}],"wp:featuredmedia":[{"embeddable":true,"href":"https:\/\/www.cuencasmineras.com\/index.php\/wp-json\/wp\/v2\/media\/3157"}],"wp:attachment":[{"href":"https:\/\/www.cuencasmineras.com\/index.php\/wp-json\/wp\/v2\/media?parent=3156"}],"wp:term":[{"taxonomy":"category","embeddable":true,"href":"https:\/\/www.cuencasmineras.com\/index.php\/wp-json\/wp\/v2\/categories?post=3156"},{"taxonomy":"post_tag","embeddable":true,"href":"https:\/\/www.cuencasmineras.com\/index.php\/wp-json\/wp\/v2\/tags?post=3156"}],"curies":[{"name":"wp","href":"https:\/\/api.w.org\/{rel}","templated":true}]}}