{"id":3168,"date":"2021-07-31T13:04:14","date_gmt":"2021-07-31T13:04:14","guid":{"rendered":"https:\/\/www.cuencasmineras.com\/?p=3168"},"modified":"2021-07-31T13:04:14","modified_gmt":"2021-07-31T13:04:14","slug":"el-pp-denuncia-el-abandono-del-area-recreativa-de-tartiere-en-figaredo","status":"publish","type":"post","link":"https:\/\/www.cuencasmineras.com\/index.php\/2021\/07\/31\/el-pp-denuncia-el-abandono-del-area-recreativa-de-tartiere-en-figaredo\/","title":{"rendered":"El PP denuncia el abandono del \u00e1rea recreativa de Tartiere, en Figaredo"},"content":{"rendered":"<p style=\"text-align: justify;\">El PP de Mieres denunci\u00f3 ayer el estado \u201cdeplorable\u201d del \u00e1rea recreativa de Tartiere, en Figaredo. \u201cDecir aqu\u00ed que los pueblos del concejo est\u00e1n abandonados y mal cuidados, no es algo distinto a lo que pasa en el casco urbano, es un mal end\u00e9mico del municipio con el gobierno de IU\u201d, asegur\u00f3 su portavoz municipal, Fernando Hern\u00e1ndez.<\/p>\n<p><img loading=\"lazy\" decoding=\"async\" class=\"aligncenter size-full wp-image-3169\" src=\"https:\/\/www.cuencasmineras.com\/wp-content\/uploads\/2021\/07\/76ccfa10-0ab6-4606-b8a1-33d52d28b529_16-9-aspect-ratio_default_0.jpg\" alt=\"\" width=\"880\" height=\"495\" srcset=\"https:\/\/www.cuencasmineras.com\/wp-content\/uploads\/2021\/07\/76ccfa10-0ab6-4606-b8a1-33d52d28b529_16-9-aspect-ratio_default_0.jpg 880w, https:\/\/www.cuencasmineras.com\/wp-content\/uploads\/2021\/07\/76ccfa10-0ab6-4606-b8a1-33d52d28b529_16-9-aspect-ratio_default_0-300x169.jpg 300w, https:\/\/www.cuencasmineras.com\/wp-content\/uploads\/2021\/07\/76ccfa10-0ab6-4606-b8a1-33d52d28b529_16-9-aspect-ratio_default_0-768x432.jpg 768w\" sizes=\"auto, (max-width: 880px) 100vw, 880px\" \/><\/p>\n<p style=\"text-align: justify;\">Los populares indicaron que \u201cel \u00e1rea recreativa de Figaredo se encuentra en un estado deplorable, abandonada y comida por la maleza\u201d. \u201cPara m\u00e1s ofensa en este caso, van dos veces que se presentan mociones en el Pleno, en 2018 y el pasado febrero, donde se aprueba el arreglo integral y un plan de mantenimiento anual y a fecha de hoy todav\u00eda no se hizo nada\u201d, agregan.<\/p>\n<p style=\"text-align: justify;\">El PP remarca que el espacio \u201cnecesita que se mantengan sus instalaciones en condiciones \u00f3ptimas\u201d. \u201cNo podemos permitir que nos pasemos el pr\u00f3ximo a\u00f1o sufriendo abandono generalizado, para que, justo antes de las elecciones de 2023 se le d\u00e9 una mano de limpieza y pintura generalizada a Mieres para volver a enga\u00f1ar a los vecinos de Mieres\u201d, finaliz\u00f3 la formaci\u00f3n popular.<\/p>\n","protected":false},"excerpt":{"rendered":"<p>El PP de Mieres denunci\u00f3 ayer el estado \u201cdeplorable\u201d del \u00e1rea recreativa de Tartiere, en Figaredo. \u201cDecir aqu\u00ed que los pueblos del concejo est\u00e1n abandonados y mal cuidados, no es algo distinto a lo que pasa en el casco urbano, es un mal end\u00e9mico del municipio con el gobierno de IU\u201d, asegur\u00f3 su portavoz municipal, [&hellip;]<\/p>\n","protected":false},"author":1,"featured_media":3169,"comment_status":"open","ping_status":"open","sticky":false,"template":"","format":"standard","meta":{"footnotes":""},"categories":[7,6],"tags":[],"class_list":["post-3168","post","type-post","status-publish","format-standard","has-post-thumbnail","hentry","category-caudal","category-noticias"],"yoast_head":"<!-- This site is optimized with the Yoast SEO plugin v27.4 - https:\/\/yoast.com\/product\/yoast-seo-wordpress\/ -->\n<title>El PP denuncia el abandono del \u00e1rea recreativa de Tartiere, en Figaredo - cm news<\/title>\n<meta name=\"description\" content=\"La formaci\u00f3n critica el estado \u201cdeplorable\u201d de las instalaciones y exige al Gobierno municipal un plan de actuaci\u00f3n urgente.\" \/>\n<meta name=\"robots\" content=\"index, follow, max-snippet:-1, max-image-preview:large, max-video-preview:-1\" \/>\n<link rel=\"canonical\" href=\"https:\/\/www.cuencasmineras.com\/index.php\/2021\/07\/31\/el-pp-denuncia-el-abandono-del-area-recreativa-de-tartiere-en-figaredo\/\" \/>\n<meta property=\"og:locale\" content=\"es_ES\" \/>\n<meta property=\"og:type\" content=\"article\" \/>\n<meta property=\"og:title\" content=\"El PP denuncia el abandono del \u00e1rea recreativa de Tartiere, en Figaredo - cm news\" \/>\n<meta property=\"og:description\" content=\"La formaci\u00f3n critica el estado \u201cdeplorable\u201d de las instalaciones y exige al Gobierno municipal un plan de actuaci\u00f3n urgente.\" \/>\n<meta property=\"og:url\" content=\"https:\/\/www.cuencasmineras.com\/index.php\/2021\/07\/31\/el-pp-denuncia-el-abandono-del-area-recreativa-de-tartiere-en-figaredo\/\" \/>\n<meta property=\"article:published_time\" content=\"2021-07-31T13:04:14+00:00\" \/>\n<meta property=\"og:image\" content=\"https:\/\/www.cuencasmineras.com\/wp-content\/uploads\/2021\/07\/76ccfa10-0ab6-4606-b8a1-33d52d28b529_16-9-aspect-ratio_default_0.jpg\" \/>\n\t<meta property=\"og:image:width\" content=\"880\" \/>\n\t<meta property=\"og:image:height\" content=\"495\" \/>\n\t<meta property=\"og:image:type\" content=\"image\/jpeg\" \/>\n<meta name=\"author\" content=\"admin\" \/>\n<meta name=\"twitter:card\" content=\"summary_large_image\" \/>\n<meta name=\"twitter:label1\" content=\"Escrito por\" \/>\n\t<meta name=\"twitter:data1\" content=\"admin\" \/>\n\t<meta name=\"twitter:label2\" content=\"Tiempo de lectura\" \/>\n\t<meta name=\"twitter:data2\" content=\"2 minutos\" \/>\n<script type=\"application\/ld+json\" class=\"yoast-schema-graph\">{\"@context\":\"https:\\\/\\\/schema.org\",\"@graph\":[{\"@type\":\"Article\",\"@id\":\"https:\\\/\\\/www.cuencasmineras.com\\\/index.php\\\/2021\\\/07\\\/31\\\/el-pp-denuncia-el-abandono-del-area-recreativa-de-tartiere-en-figaredo\\\/#article\",\"isPartOf\":{\"@id\":\"https:\\\/\\\/www.cuencasmineras.com\\\/index.php\\\/2021\\\/07\\\/31\\\/el-pp-denuncia-el-abandono-del-area-recreativa-de-tartiere-en-figaredo\\\/\"},\"author\":{\"name\":\"admin\",\"@id\":\"https:\\\/\\\/www.cuencasmineras.com\\\/#\\\/schema\\\/person\\\/be0691310e8496ec555f679dd688420c\"},\"headline\":\"El PP denuncia el abandono del \u00e1rea recreativa de Tartiere, en Figaredo\",\"datePublished\":\"2021-07-31T13:04:14+00:00\",\"mainEntityOfPage\":{\"@id\":\"https:\\\/\\\/www.cuencasmineras.com\\\/index.php\\\/2021\\\/07\\\/31\\\/el-pp-denuncia-el-abandono-del-area-recreativa-de-tartiere-en-figaredo\\\/\"},\"wordCount\":203,\"commentCount\":0,\"image\":{\"@id\":\"https:\\\/\\\/www.cuencasmineras.com\\\/index.php\\\/2021\\\/07\\\/31\\\/el-pp-denuncia-el-abandono-del-area-recreativa-de-tartiere-en-figaredo\\\/#primaryimage\"},\"thumbnailUrl\":\"https:\\\/\\\/www.cuencasmineras.com\\\/wp-content\\\/uploads\\\/2021\\\/07\\\/76ccfa10-0ab6-4606-b8a1-33d52d28b529_16-9-aspect-ratio_default_0.jpg\",\"articleSection\":[\"Caudal\",\"CM NEWS\"],\"inLanguage\":\"es\",\"potentialAction\":[{\"@type\":\"CommentAction\",\"name\":\"Comment\",\"target\":[\"https:\\\/\\\/www.cuencasmineras.com\\\/index.php\\\/2021\\\/07\\\/31\\\/el-pp-denuncia-el-abandono-del-area-recreativa-de-tartiere-en-figaredo\\\/#respond\"]}]},{\"@type\":\"WebPage\",\"@id\":\"https:\\\/\\\/www.cuencasmineras.com\\\/index.php\\\/2021\\\/07\\\/31\\\/el-pp-denuncia-el-abandono-del-area-recreativa-de-tartiere-en-figaredo\\\/\",\"url\":\"https:\\\/\\\/www.cuencasmineras.com\\\/index.php\\\/2021\\\/07\\\/31\\\/el-pp-denuncia-el-abandono-del-area-recreativa-de-tartiere-en-figaredo\\\/\",\"name\":\"El PP denuncia el abandono del \u00e1rea recreativa de Tartiere, en Figaredo - cm news\",\"isPartOf\":{\"@id\":\"https:\\\/\\\/www.cuencasmineras.com\\\/#website\"},\"primaryImageOfPage\":{\"@id\":\"https:\\\/\\\/www.cuencasmineras.com\\\/index.php\\\/2021\\\/07\\\/31\\\/el-pp-denuncia-el-abandono-del-area-recreativa-de-tartiere-en-figaredo\\\/#primaryimage\"},\"image\":{\"@id\":\"https:\\\/\\\/www.cuencasmineras.com\\\/index.php\\\/2021\\\/07\\\/31\\\/el-pp-denuncia-el-abandono-del-area-recreativa-de-tartiere-en-figaredo\\\/#primaryimage\"},\"thumbnailUrl\":\"https:\\\/\\\/www.cuencasmineras.com\\\/wp-content\\\/uploads\\\/2021\\\/07\\\/76ccfa10-0ab6-4606-b8a1-33d52d28b529_16-9-aspect-ratio_default_0.jpg\",\"datePublished\":\"2021-07-31T13:04:14+00:00\",\"author\":{\"@id\":\"https:\\\/\\\/www.cuencasmineras.com\\\/#\\\/schema\\\/person\\\/be0691310e8496ec555f679dd688420c\"},\"description\":\"La formaci\u00f3n critica el estado \u201cdeplorable\u201d de las instalaciones y exige al Gobierno municipal un plan de actuaci\u00f3n urgente.\",\"breadcrumb\":{\"@id\":\"https:\\\/\\\/www.cuencasmineras.com\\\/index.php\\\/2021\\\/07\\\/31\\\/el-pp-denuncia-el-abandono-del-area-recreativa-de-tartiere-en-figaredo\\\/#breadcrumb\"},\"inLanguage\":\"es\",\"potentialAction\":[{\"@type\":\"ReadAction\",\"target\":[\"https:\\\/\\\/www.cuencasmineras.com\\\/index.php\\\/2021\\\/07\\\/31\\\/el-pp-denuncia-el-abandono-del-area-recreativa-de-tartiere-en-figaredo\\\/\"]}]},{\"@type\":\"ImageObject\",\"inLanguage\":\"es\",\"@id\":\"https:\\\/\\\/www.cuencasmineras.com\\\/index.php\\\/2021\\\/07\\\/31\\\/el-pp-denuncia-el-abandono-del-area-recreativa-de-tartiere-en-figaredo\\\/#primaryimage\",\"url\":\"https:\\\/\\\/www.cuencasmineras.com\\\/wp-content\\\/uploads\\\/2021\\\/07\\\/76ccfa10-0ab6-4606-b8a1-33d52d28b529_16-9-aspect-ratio_default_0.jpg\",\"contentUrl\":\"https:\\\/\\\/www.cuencasmineras.com\\\/wp-content\\\/uploads\\\/2021\\\/07\\\/76ccfa10-0ab6-4606-b8a1-33d52d28b529_16-9-aspect-ratio_default_0.jpg\",\"width\":880,\"height\":495},{\"@type\":\"BreadcrumbList\",\"@id\":\"https:\\\/\\\/www.cuencasmineras.com\\\/index.php\\\/2021\\\/07\\\/31\\\/el-pp-denuncia-el-abandono-del-area-recreativa-de-tartiere-en-figaredo\\\/#breadcrumb\",\"itemListElement\":[{\"@type\":\"ListItem\",\"position\":1,\"name\":\"Portada\",\"item\":\"https:\\\/\\\/www.cuencasmineras.com\\\/\"},{\"@type\":\"ListItem\",\"position\":2,\"name\":\"El PP denuncia el abandono del \u00e1rea recreativa de Tartiere, en Figaredo\"}]},{\"@type\":\"WebSite\",\"@id\":\"https:\\\/\\\/www.cuencasmineras.com\\\/#website\",\"url\":\"https:\\\/\\\/www.cuencasmineras.com\\\/\",\"name\":\"\",\"description\":\"\",\"potentialAction\":[{\"@type\":\"SearchAction\",\"target\":{\"@type\":\"EntryPoint\",\"urlTemplate\":\"https:\\\/\\\/www.cuencasmineras.com\\\/?s={search_term_string}\"},\"query-input\":{\"@type\":\"PropertyValueSpecification\",\"valueRequired\":true,\"valueName\":\"search_term_string\"}}],\"inLanguage\":\"es\"},{\"@type\":\"Person\",\"@id\":\"https:\\\/\\\/www.cuencasmineras.com\\\/#\\\/schema\\\/person\\\/be0691310e8496ec555f679dd688420c\",\"name\":\"admin\",\"image\":{\"@type\":\"ImageObject\",\"inLanguage\":\"es\",\"@id\":\"https:\\\/\\\/secure.gravatar.com\\\/avatar\\\/4afd2eed3b2fbbf36dd6707b5bd8a5b50ac648f033e36fbf85aeace2f0f859db?s=96&d=mm&r=g\",\"url\":\"https:\\\/\\\/secure.gravatar.com\\\/avatar\\\/4afd2eed3b2fbbf36dd6707b5bd8a5b50ac648f033e36fbf85aeace2f0f859db?s=96&d=mm&r=g\",\"contentUrl\":\"https:\\\/\\\/secure.gravatar.com\\\/avatar\\\/4afd2eed3b2fbbf36dd6707b5bd8a5b50ac648f033e36fbf85aeace2f0f859db?s=96&d=mm&r=g\",\"caption\":\"admin\"},\"sameAs\":[\"https:\\\/\\\/www.cuencasmineras.com\"],\"url\":\"https:\\\/\\\/www.cuencasmineras.com\\\/index.php\\\/author\\\/admin\\\/\"}]}<\/script>\n<!-- \/ Yoast SEO plugin. -->","yoast_head_json":{"title":"El PP denuncia el abandono del \u00e1rea recreativa de Tartiere, en Figaredo - cm news","description":"La formaci\u00f3n critica el estado \u201cdeplorable\u201d de las instalaciones y exige al Gobierno municipal un plan de actuaci\u00f3n urgente.","robots":{"index":"index","follow":"follow","max-snippet":"max-snippet:-1","max-image-preview":"max-image-preview:large","max-video-preview":"max-video-preview:-1"},"canonical":"https:\/\/www.cuencasmineras.com\/index.php\/2021\/07\/31\/el-pp-denuncia-el-abandono-del-area-recreativa-de-tartiere-en-figaredo\/","og_locale":"es_ES","og_type":"article","og_title":"El PP denuncia el abandono del \u00e1rea recreativa de Tartiere, en Figaredo - cm news","og_description":"La formaci\u00f3n critica el estado \u201cdeplorable\u201d de las instalaciones y exige al Gobierno municipal un plan de actuaci\u00f3n urgente.","og_url":"https:\/\/www.cuencasmineras.com\/index.php\/2021\/07\/31\/el-pp-denuncia-el-abandono-del-area-recreativa-de-tartiere-en-figaredo\/","article_published_time":"2021-07-31T13:04:14+00:00","og_image":[{"width":880,"height":495,"url":"https:\/\/www.cuencasmineras.com\/wp-content\/uploads\/2021\/07\/76ccfa10-0ab6-4606-b8a1-33d52d28b529_16-9-aspect-ratio_default_0.jpg","type":"image\/jpeg"}],"author":"admin","twitter_card":"summary_large_image","twitter_misc":{"Escrito por":"admin","Tiempo de lectura":"2 minutos"},"schema":{"@context":"https:\/\/schema.org","@graph":[{"@type":"Article","@id":"https:\/\/www.cuencasmineras.com\/index.php\/2021\/07\/31\/el-pp-denuncia-el-abandono-del-area-recreativa-de-tartiere-en-figaredo\/#article","isPartOf":{"@id":"https:\/\/www.cuencasmineras.com\/index.php\/2021\/07\/31\/el-pp-denuncia-el-abandono-del-area-recreativa-de-tartiere-en-figaredo\/"},"author":{"name":"admin","@id":"https:\/\/www.cuencasmineras.com\/#\/schema\/person\/be0691310e8496ec555f679dd688420c"},"headline":"El PP denuncia el abandono del \u00e1rea recreativa de Tartiere, en Figaredo","datePublished":"2021-07-31T13:04:14+00:00","mainEntityOfPage":{"@id":"https:\/\/www.cuencasmineras.com\/index.php\/2021\/07\/31\/el-pp-denuncia-el-abandono-del-area-recreativa-de-tartiere-en-figaredo\/"},"wordCount":203,"commentCount":0,"image":{"@id":"https:\/\/www.cuencasmineras.com\/index.php\/2021\/07\/31\/el-pp-denuncia-el-abandono-del-area-recreativa-de-tartiere-en-figaredo\/#primaryimage"},"thumbnailUrl":"https:\/\/www.cuencasmineras.com\/wp-content\/uploads\/2021\/07\/76ccfa10-0ab6-4606-b8a1-33d52d28b529_16-9-aspect-ratio_default_0.jpg","articleSection":["Caudal","CM NEWS"],"inLanguage":"es","potentialAction":[{"@type":"CommentAction","name":"Comment","target":["https:\/\/www.cuencasmineras.com\/index.php\/2021\/07\/31\/el-pp-denuncia-el-abandono-del-area-recreativa-de-tartiere-en-figaredo\/#respond"]}]},{"@type":"WebPage","@id":"https:\/\/www.cuencasmineras.com\/index.php\/2021\/07\/31\/el-pp-denuncia-el-abandono-del-area-recreativa-de-tartiere-en-figaredo\/","url":"https:\/\/www.cuencasmineras.com\/index.php\/2021\/07\/31\/el-pp-denuncia-el-abandono-del-area-recreativa-de-tartiere-en-figaredo\/","name":"El PP denuncia el abandono del \u00e1rea recreativa de Tartiere, en Figaredo - cm news","isPartOf":{"@id":"https:\/\/www.cuencasmineras.com\/#website"},"primaryImageOfPage":{"@id":"https:\/\/www.cuencasmineras.com\/index.php\/2021\/07\/31\/el-pp-denuncia-el-abandono-del-area-recreativa-de-tartiere-en-figaredo\/#primaryimage"},"image":{"@id":"https:\/\/www.cuencasmineras.com\/index.php\/2021\/07\/31\/el-pp-denuncia-el-abandono-del-area-recreativa-de-tartiere-en-figaredo\/#primaryimage"},"thumbnailUrl":"https:\/\/www.cuencasmineras.com\/wp-content\/uploads\/2021\/07\/76ccfa10-0ab6-4606-b8a1-33d52d28b529_16-9-aspect-ratio_default_0.jpg","datePublished":"2021-07-31T13:04:14+00:00","author":{"@id":"https:\/\/www.cuencasmineras.com\/#\/schema\/person\/be0691310e8496ec555f679dd688420c"},"description":"La formaci\u00f3n critica el estado \u201cdeplorable\u201d de las instalaciones y exige al Gobierno municipal un plan de actuaci\u00f3n urgente.","breadcrumb":{"@id":"https:\/\/www.cuencasmineras.com\/index.php\/2021\/07\/31\/el-pp-denuncia-el-abandono-del-area-recreativa-de-tartiere-en-figaredo\/#breadcrumb"},"inLanguage":"es","potentialAction":[{"@type":"ReadAction","target":["https:\/\/www.cuencasmineras.com\/index.php\/2021\/07\/31\/el-pp-denuncia-el-abandono-del-area-recreativa-de-tartiere-en-figaredo\/"]}]},{"@type":"ImageObject","inLanguage":"es","@id":"https:\/\/www.cuencasmineras.com\/index.php\/2021\/07\/31\/el-pp-denuncia-el-abandono-del-area-recreativa-de-tartiere-en-figaredo\/#primaryimage","url":"https:\/\/www.cuencasmineras.com\/wp-content\/uploads\/2021\/07\/76ccfa10-0ab6-4606-b8a1-33d52d28b529_16-9-aspect-ratio_default_0.jpg","contentUrl":"https:\/\/www.cuencasmineras.com\/wp-content\/uploads\/2021\/07\/76ccfa10-0ab6-4606-b8a1-33d52d28b529_16-9-aspect-ratio_default_0.jpg","width":880,"height":495},{"@type":"BreadcrumbList","@id":"https:\/\/www.cuencasmineras.com\/index.php\/2021\/07\/31\/el-pp-denuncia-el-abandono-del-area-recreativa-de-tartiere-en-figaredo\/#breadcrumb","itemListElement":[{"@type":"ListItem","position":1,"name":"Portada","item":"https:\/\/www.cuencasmineras.com\/"},{"@type":"ListItem","position":2,"name":"El PP denuncia el abandono del \u00e1rea recreativa de Tartiere, en Figaredo"}]},{"@type":"WebSite","@id":"https:\/\/www.cuencasmineras.com\/#website","url":"https:\/\/www.cuencasmineras.com\/","name":"","description":"","potentialAction":[{"@type":"SearchAction","target":{"@type":"EntryPoint","urlTemplate":"https:\/\/www.cuencasmineras.com\/?s={search_term_string}"},"query-input":{"@type":"PropertyValueSpecification","valueRequired":true,"valueName":"search_term_string"}}],"inLanguage":"es"},{"@type":"Person","@id":"https:\/\/www.cuencasmineras.com\/#\/schema\/person\/be0691310e8496ec555f679dd688420c","name":"admin","image":{"@type":"ImageObject","inLanguage":"es","@id":"https:\/\/secure.gravatar.com\/avatar\/4afd2eed3b2fbbf36dd6707b5bd8a5b50ac648f033e36fbf85aeace2f0f859db?s=96&d=mm&r=g","url":"https:\/\/secure.gravatar.com\/avatar\/4afd2eed3b2fbbf36dd6707b5bd8a5b50ac648f033e36fbf85aeace2f0f859db?s=96&d=mm&r=g","contentUrl":"https:\/\/secure.gravatar.com\/avatar\/4afd2eed3b2fbbf36dd6707b5bd8a5b50ac648f033e36fbf85aeace2f0f859db?s=96&d=mm&r=g","caption":"admin"},"sameAs":["https:\/\/www.cuencasmineras.com"],"url":"https:\/\/www.cuencasmineras.com\/index.php\/author\/admin\/"}]}},"_links":{"self":[{"href":"https:\/\/www.cuencasmineras.com\/index.php\/wp-json\/wp\/v2\/posts\/3168","targetHints":{"allow":["GET"]}}],"collection":[{"href":"https:\/\/www.cuencasmineras.com\/index.php\/wp-json\/wp\/v2\/posts"}],"about":[{"href":"https:\/\/www.cuencasmineras.com\/index.php\/wp-json\/wp\/v2\/types\/post"}],"author":[{"embeddable":true,"href":"https:\/\/www.cuencasmineras.com\/index.php\/wp-json\/wp\/v2\/users\/1"}],"replies":[{"embeddable":true,"href":"https:\/\/www.cuencasmineras.com\/index.php\/wp-json\/wp\/v2\/comments?post=3168"}],"version-history":[{"count":1,"href":"https:\/\/www.cuencasmineras.com\/index.php\/wp-json\/wp\/v2\/posts\/3168\/revisions"}],"predecessor-version":[{"id":3170,"href":"https:\/\/www.cuencasmineras.com\/index.php\/wp-json\/wp\/v2\/posts\/3168\/revisions\/3170"}],"wp:featuredmedia":[{"embeddable":true,"href":"https:\/\/www.cuencasmineras.com\/index.php\/wp-json\/wp\/v2\/media\/3169"}],"wp:attachment":[{"href":"https:\/\/www.cuencasmineras.com\/index.php\/wp-json\/wp\/v2\/media?parent=3168"}],"wp:term":[{"taxonomy":"category","embeddable":true,"href":"https:\/\/www.cuencasmineras.com\/index.php\/wp-json\/wp\/v2\/categories?post=3168"},{"taxonomy":"post_tag","embeddable":true,"href":"https:\/\/www.cuencasmineras.com\/index.php\/wp-json\/wp\/v2\/tags?post=3168"}],"curies":[{"name":"wp","href":"https:\/\/api.w.org\/{rel}","templated":true}]}}