{"id":3175,"date":"2021-08-01T09:07:38","date_gmt":"2021-08-01T09:07:38","guid":{"rendered":"https:\/\/www.cuencasmineras.com\/?p=3175"},"modified":"2021-08-01T09:07:38","modified_gmt":"2021-08-01T09:07:38","slug":"pp-de-mieres-denuncia-el-abandono-del-parque-tartiere-de-figaredo","status":"publish","type":"post","link":"https:\/\/www.cuencasmineras.com\/index.php\/2021\/08\/01\/pp-de-mieres-denuncia-el-abandono-del-parque-tartiere-de-figaredo\/","title":{"rendered":"PP de MIERES denuncia el abandono del PARQUE TARTIERE de FIGAREDO"},"content":{"rendered":"<p style=\"text-align: justify;\">En el mes de febrero se present\u00f3 una moci\u00f3n POR SEGUNDA VEZ para un arreglo integral del parque y a\u00fan no se hecho nada:<\/p>\n<p style=\"text-align: justify;\"><strong>EL ESTADO DE ABANDONO Y DEJADEZ DEL PARQUE TARTIERE DE FIGAREDO ES LAMENTABLE, EL GRUPO MUNICIPAL DEL PARTIDO POPULAR PIDE UNA ACTUACI\u00d3N URGENTE E INMEDIATA. <\/strong><\/p>\n<p style=\"text-align: justify;\"><strong>\u00a0<\/strong><\/p>\n<ul style=\"text-align: justify;\">\n<li><strong>En el a\u00f1o 2018 y febrero de 2021 se presentar\u00f3n la misma moci\u00f3n para una reparaci\u00f3n integral, fue aprobada, pero se \u201cperdi\u00f3 en el camino\u201d ante la inacci\u00f3n de IU.<\/strong><\/li>\n<\/ul>\n<p style=\"text-align: justify;\">\n<p style=\"text-align: justify;\"><strong><u>30, Julio 2021.-<\/u><\/strong><\/p>\n<p style=\"text-align: justify;\">\u00a0\u00a0\u00a0\u00a0\u00a0\u00a0\u00a0\u00a0\u00a0\u00a0\u00a0 Decir aqu\u00ed que <strong>los pueblos del Concejo de Mieres est\u00e1n abandonados<\/strong> y mal cuidados, no es algo distinto a lo que pasa en el n\u00facleo urbano de Mieres. Es un mal end\u00e9mico de este Concejo con la actual corporaci\u00f3n mayoritaria de IU.<\/p>\n<p style=\"text-align: justify;\">\n<p style=\"text-align: justify;\">\u00a0\u00a0\u00a0\u00a0\u00a0\u00a0\u00a0\u00a0 <strong>El \u00e1rea recreativa de Tartiere en Figaredo<\/strong> es una de tantas \u00e1reas recreativas de nuestro concejo que llega el verano, supuestamente momento de mayor uso, y <strong>se encuentran en un estado deplorable, abandonada y comida por la maleza<\/strong>.<\/p>\n<p style=\"text-align: justify;\">\n<p style=\"text-align: justify;\">\u00a0\u00a0\u00a0\u00a0\u00a0\u00a0\u00a0\u00a0 Para m\u00e1s ofensa en este caso, <strong>van dos veces que se presentan sendas mociones en el pleno municipal<\/strong>, a\u00f1os 2018 y febrero de 2021, <strong>donde se aprueba el arreglo integral<\/strong> y un plan de mantenimiento anual y a fecha de hoy aun no se hizo nada. La inacci\u00f3n del Equipo de Gobierno de IU y de su Alcalde a la cabeza es pasmosa, est\u00e1n dejando que todo se convierta en un secarral castellano y monte profundo. <strong>Con este Alcalde ecologista, los parques se convierten en montes v\u00edrgenes y los paseos en pistas forestales montunas, <\/strong>sin preocuparse de nada.<\/p>\n<p style=\"text-align: justify;\">\n<p style=\"text-align: justify;\">Ciertamente, cualquier persona que se acerque al \u00e1rea recreativa mencionada puede observar una gran zona verde que normalmente parece una selva por falta de siega, una zona infantil con falta de mantenimiento, papeleras llenas sin recoger y una pista deportiva cuyo cierre est\u00e1 totalmente roto y con unas porter\u00edas y canastas deterioradas.<\/p>\n<p style=\"text-align: justify;\">\n<p style=\"text-align: justify;\">Dado que es una gran \u00e1rea recreativa y municipal, <strong>creemos que vecinos y visitantes tienen derecho a que se pueda disfrutar en condiciones \u00f3ptimas<\/strong>, el Partido Popular va a seguir insistiendo en que el Concejo de Mieres necesita que se mantengan sus instalaciones en condiciones \u00f3ptimas. No podemos permitir que nos pasemos el pr\u00f3ximo a\u00f1o sufriendo abandono generalizado, para que, justo <strong>antes de las elecciones del 2023<\/strong> se le de una mano de limpieza y pintura generalizada a Mieres para <strong>volver a enga\u00f1ar a los vecinos de Mieres con falsas promesas electoralistas<\/strong>.<\/p>\n<p>&nbsp;<\/p>\n<p><img loading=\"lazy\" decoding=\"async\" class=\"aligncenter size-large wp-image-3181\" src=\"https:\/\/www.cuencasmineras.com\/wp-content\/uploads\/2021\/08\/IMG_20210730_100137-1-1024x576.jpg\" alt=\"\" width=\"640\" height=\"360\" srcset=\"https:\/\/www.cuencasmineras.com\/wp-content\/uploads\/2021\/08\/IMG_20210730_100137-1-1024x576.jpg 1024w, https:\/\/www.cuencasmineras.com\/wp-content\/uploads\/2021\/08\/IMG_20210730_100137-1-300x169.jpg 300w, https:\/\/www.cuencasmineras.com\/wp-content\/uploads\/2021\/08\/IMG_20210730_100137-1-768x432.jpg 768w, https:\/\/www.cuencasmineras.com\/wp-content\/uploads\/2021\/08\/IMG_20210730_100137-1.jpg 1333w\" sizes=\"auto, (max-width: 640px) 100vw, 640px\" \/> <img loading=\"lazy\" decoding=\"async\" class=\"aligncenter size-large wp-image-3182\" src=\"https:\/\/www.cuencasmineras.com\/wp-content\/uploads\/2021\/08\/IMG_20210730_100227-1-1024x576.jpg\" alt=\"\" width=\"640\" height=\"360\" srcset=\"https:\/\/www.cuencasmineras.com\/wp-content\/uploads\/2021\/08\/IMG_20210730_100227-1-1024x576.jpg 1024w, https:\/\/www.cuencasmineras.com\/wp-content\/uploads\/2021\/08\/IMG_20210730_100227-1-300x169.jpg 300w, https:\/\/www.cuencasmineras.com\/wp-content\/uploads\/2021\/08\/IMG_20210730_100227-1-768x432.jpg 768w, https:\/\/www.cuencasmineras.com\/wp-content\/uploads\/2021\/08\/IMG_20210730_100227-1.jpg 1220w\" sizes=\"auto, (max-width: 640px) 100vw, 640px\" \/> <img loading=\"lazy\" decoding=\"async\" class=\"aligncenter size-large wp-image-3183\" src=\"https:\/\/www.cuencasmineras.com\/wp-content\/uploads\/2021\/08\/IMG_20210730_100117_1-1-1024x576.jpg\" alt=\"\" width=\"640\" height=\"360\" srcset=\"https:\/\/www.cuencasmineras.com\/wp-content\/uploads\/2021\/08\/IMG_20210730_100117_1-1-1024x576.jpg 1024w, https:\/\/www.cuencasmineras.com\/wp-content\/uploads\/2021\/08\/IMG_20210730_100117_1-1-300x169.jpg 300w, https:\/\/www.cuencasmineras.com\/wp-content\/uploads\/2021\/08\/IMG_20210730_100117_1-1-768x432.jpg 768w, https:\/\/www.cuencasmineras.com\/wp-content\/uploads\/2021\/08\/IMG_20210730_100117_1-1.jpg 1208w\" sizes=\"auto, (max-width: 640px) 100vw, 640px\" \/><\/p>\n","protected":false},"excerpt":{"rendered":"<p>En el mes de febrero se present\u00f3 una moci\u00f3n POR SEGUNDA VEZ para un arreglo integral del parque y a\u00fan no se hecho nada: EL ESTADO DE ABANDONO Y DEJADEZ DEL PARQUE TARTIERE DE FIGAREDO ES LAMENTABLE, EL GRUPO MUNICIPAL DEL PARTIDO POPULAR PIDE UNA ACTUACI\u00d3N URGENTE E INMEDIATA. \u00a0 En el a\u00f1o 2018 y [&hellip;]<\/p>\n","protected":false},"author":1,"featured_media":0,"comment_status":"open","ping_status":"open","sticky":false,"template":"","format":"standard","meta":{"footnotes":""},"categories":[7,6],"tags":[176,125],"class_list":["post-3175","post","type-post","status-publish","format-standard","hentry","category-caudal","category-noticias","tag-figaredo","tag-pp-mieres"],"yoast_head":"<!-- This site is optimized with the Yoast SEO plugin v27.4 - https:\/\/yoast.com\/product\/yoast-seo-wordpress\/ -->\n<title>PP de MIERES denuncia el abandono del PARQUE TARTIERE de FIGAREDO<\/title>\n<meta name=\"robots\" content=\"index, follow, max-snippet:-1, max-image-preview:large, max-video-preview:-1\" \/>\n<link rel=\"canonical\" href=\"https:\/\/www.cuencasmineras.com\/index.php\/2021\/08\/01\/pp-de-mieres-denuncia-el-abandono-del-parque-tartiere-de-figaredo\/\" \/>\n<meta property=\"og:locale\" content=\"es_ES\" \/>\n<meta property=\"og:type\" content=\"article\" \/>\n<meta property=\"og:title\" content=\"PP de MIERES denuncia el abandono del PARQUE TARTIERE de FIGAREDO\" \/>\n<meta property=\"og:description\" content=\"En el mes de febrero se present\u00f3 una moci\u00f3n POR SEGUNDA VEZ para un arreglo integral del parque y a\u00fan no se hecho nada: EL ESTADO DE ABANDONO Y DEJADEZ DEL PARQUE TARTIERE DE FIGAREDO ES LAMENTABLE, EL GRUPO MUNICIPAL DEL PARTIDO POPULAR PIDE UNA ACTUACI\u00d3N URGENTE E INMEDIATA. \u00a0 En el a\u00f1o 2018 y [&hellip;]\" \/>\n<meta property=\"og:url\" content=\"https:\/\/www.cuencasmineras.com\/index.php\/2021\/08\/01\/pp-de-mieres-denuncia-el-abandono-del-parque-tartiere-de-figaredo\/\" \/>\n<meta property=\"article:published_time\" content=\"2021-08-01T09:07:38+00:00\" \/>\n<meta property=\"og:image\" content=\"https:\/\/www.cuencasmineras.com\/wp-content\/uploads\/2021\/08\/IMG_20210730_100137-1-1024x576.jpg\" \/>\n<meta name=\"author\" content=\"admin\" \/>\n<meta name=\"twitter:card\" content=\"summary_large_image\" \/>\n<meta name=\"twitter:label1\" content=\"Escrito por\" \/>\n\t<meta name=\"twitter:data1\" content=\"admin\" \/>\n\t<meta name=\"twitter:label2\" content=\"Tiempo de lectura\" \/>\n\t<meta name=\"twitter:data2\" content=\"3 minutos\" \/>\n<script type=\"application\/ld+json\" class=\"yoast-schema-graph\">{\"@context\":\"https:\\\/\\\/schema.org\",\"@graph\":[{\"@type\":\"Article\",\"@id\":\"https:\\\/\\\/www.cuencasmineras.com\\\/index.php\\\/2021\\\/08\\\/01\\\/pp-de-mieres-denuncia-el-abandono-del-parque-tartiere-de-figaredo\\\/#article\",\"isPartOf\":{\"@id\":\"https:\\\/\\\/www.cuencasmineras.com\\\/index.php\\\/2021\\\/08\\\/01\\\/pp-de-mieres-denuncia-el-abandono-del-parque-tartiere-de-figaredo\\\/\"},\"author\":{\"name\":\"admin\",\"@id\":\"https:\\\/\\\/www.cuencasmineras.com\\\/#\\\/schema\\\/person\\\/be0691310e8496ec555f679dd688420c\"},\"headline\":\"PP de MIERES denuncia el abandono del PARQUE TARTIERE de FIGAREDO\",\"datePublished\":\"2021-08-01T09:07:38+00:00\",\"mainEntityOfPage\":{\"@id\":\"https:\\\/\\\/www.cuencasmineras.com\\\/index.php\\\/2021\\\/08\\\/01\\\/pp-de-mieres-denuncia-el-abandono-del-parque-tartiere-de-figaredo\\\/\"},\"wordCount\":431,\"commentCount\":0,\"image\":{\"@id\":\"https:\\\/\\\/www.cuencasmineras.com\\\/index.php\\\/2021\\\/08\\\/01\\\/pp-de-mieres-denuncia-el-abandono-del-parque-tartiere-de-figaredo\\\/#primaryimage\"},\"thumbnailUrl\":\"https:\\\/\\\/www.cuencasmineras.com\\\/wp-content\\\/uploads\\\/2021\\\/08\\\/IMG_20210730_100137-1-1024x576.jpg\",\"keywords\":[\"FIGAREDO\",\"PP MIERES\"],\"articleSection\":[\"Caudal\",\"CM NEWS\"],\"inLanguage\":\"es\",\"potentialAction\":[{\"@type\":\"CommentAction\",\"name\":\"Comment\",\"target\":[\"https:\\\/\\\/www.cuencasmineras.com\\\/index.php\\\/2021\\\/08\\\/01\\\/pp-de-mieres-denuncia-el-abandono-del-parque-tartiere-de-figaredo\\\/#respond\"]}]},{\"@type\":\"WebPage\",\"@id\":\"https:\\\/\\\/www.cuencasmineras.com\\\/index.php\\\/2021\\\/08\\\/01\\\/pp-de-mieres-denuncia-el-abandono-del-parque-tartiere-de-figaredo\\\/\",\"url\":\"https:\\\/\\\/www.cuencasmineras.com\\\/index.php\\\/2021\\\/08\\\/01\\\/pp-de-mieres-denuncia-el-abandono-del-parque-tartiere-de-figaredo\\\/\",\"name\":\"PP de MIERES denuncia el abandono del PARQUE TARTIERE de FIGAREDO\",\"isPartOf\":{\"@id\":\"https:\\\/\\\/www.cuencasmineras.com\\\/#website\"},\"primaryImageOfPage\":{\"@id\":\"https:\\\/\\\/www.cuencasmineras.com\\\/index.php\\\/2021\\\/08\\\/01\\\/pp-de-mieres-denuncia-el-abandono-del-parque-tartiere-de-figaredo\\\/#primaryimage\"},\"image\":{\"@id\":\"https:\\\/\\\/www.cuencasmineras.com\\\/index.php\\\/2021\\\/08\\\/01\\\/pp-de-mieres-denuncia-el-abandono-del-parque-tartiere-de-figaredo\\\/#primaryimage\"},\"thumbnailUrl\":\"https:\\\/\\\/www.cuencasmineras.com\\\/wp-content\\\/uploads\\\/2021\\\/08\\\/IMG_20210730_100137-1-1024x576.jpg\",\"datePublished\":\"2021-08-01T09:07:38+00:00\",\"author\":{\"@id\":\"https:\\\/\\\/www.cuencasmineras.com\\\/#\\\/schema\\\/person\\\/be0691310e8496ec555f679dd688420c\"},\"breadcrumb\":{\"@id\":\"https:\\\/\\\/www.cuencasmineras.com\\\/index.php\\\/2021\\\/08\\\/01\\\/pp-de-mieres-denuncia-el-abandono-del-parque-tartiere-de-figaredo\\\/#breadcrumb\"},\"inLanguage\":\"es\",\"potentialAction\":[{\"@type\":\"ReadAction\",\"target\":[\"https:\\\/\\\/www.cuencasmineras.com\\\/index.php\\\/2021\\\/08\\\/01\\\/pp-de-mieres-denuncia-el-abandono-del-parque-tartiere-de-figaredo\\\/\"]}]},{\"@type\":\"ImageObject\",\"inLanguage\":\"es\",\"@id\":\"https:\\\/\\\/www.cuencasmineras.com\\\/index.php\\\/2021\\\/08\\\/01\\\/pp-de-mieres-denuncia-el-abandono-del-parque-tartiere-de-figaredo\\\/#primaryimage\",\"url\":\"https:\\\/\\\/www.cuencasmineras.com\\\/wp-content\\\/uploads\\\/2021\\\/08\\\/IMG_20210730_100137-1.jpg\",\"contentUrl\":\"https:\\\/\\\/www.cuencasmineras.com\\\/wp-content\\\/uploads\\\/2021\\\/08\\\/IMG_20210730_100137-1.jpg\",\"width\":1333,\"height\":750},{\"@type\":\"BreadcrumbList\",\"@id\":\"https:\\\/\\\/www.cuencasmineras.com\\\/index.php\\\/2021\\\/08\\\/01\\\/pp-de-mieres-denuncia-el-abandono-del-parque-tartiere-de-figaredo\\\/#breadcrumb\",\"itemListElement\":[{\"@type\":\"ListItem\",\"position\":1,\"name\":\"Portada\",\"item\":\"https:\\\/\\\/www.cuencasmineras.com\\\/\"},{\"@type\":\"ListItem\",\"position\":2,\"name\":\"PP de MIERES denuncia el abandono del PARQUE TARTIERE de FIGAREDO\"}]},{\"@type\":\"WebSite\",\"@id\":\"https:\\\/\\\/www.cuencasmineras.com\\\/#website\",\"url\":\"https:\\\/\\\/www.cuencasmineras.com\\\/\",\"name\":\"\",\"description\":\"\",\"potentialAction\":[{\"@type\":\"SearchAction\",\"target\":{\"@type\":\"EntryPoint\",\"urlTemplate\":\"https:\\\/\\\/www.cuencasmineras.com\\\/?s={search_term_string}\"},\"query-input\":{\"@type\":\"PropertyValueSpecification\",\"valueRequired\":true,\"valueName\":\"search_term_string\"}}],\"inLanguage\":\"es\"},{\"@type\":\"Person\",\"@id\":\"https:\\\/\\\/www.cuencasmineras.com\\\/#\\\/schema\\\/person\\\/be0691310e8496ec555f679dd688420c\",\"name\":\"admin\",\"image\":{\"@type\":\"ImageObject\",\"inLanguage\":\"es\",\"@id\":\"https:\\\/\\\/secure.gravatar.com\\\/avatar\\\/4afd2eed3b2fbbf36dd6707b5bd8a5b50ac648f033e36fbf85aeace2f0f859db?s=96&d=mm&r=g\",\"url\":\"https:\\\/\\\/secure.gravatar.com\\\/avatar\\\/4afd2eed3b2fbbf36dd6707b5bd8a5b50ac648f033e36fbf85aeace2f0f859db?s=96&d=mm&r=g\",\"contentUrl\":\"https:\\\/\\\/secure.gravatar.com\\\/avatar\\\/4afd2eed3b2fbbf36dd6707b5bd8a5b50ac648f033e36fbf85aeace2f0f859db?s=96&d=mm&r=g\",\"caption\":\"admin\"},\"sameAs\":[\"https:\\\/\\\/www.cuencasmineras.com\"],\"url\":\"https:\\\/\\\/www.cuencasmineras.com\\\/index.php\\\/author\\\/admin\\\/\"}]}<\/script>\n<!-- \/ Yoast SEO plugin. -->","yoast_head_json":{"title":"PP de MIERES denuncia el abandono del PARQUE TARTIERE de FIGAREDO","robots":{"index":"index","follow":"follow","max-snippet":"max-snippet:-1","max-image-preview":"max-image-preview:large","max-video-preview":"max-video-preview:-1"},"canonical":"https:\/\/www.cuencasmineras.com\/index.php\/2021\/08\/01\/pp-de-mieres-denuncia-el-abandono-del-parque-tartiere-de-figaredo\/","og_locale":"es_ES","og_type":"article","og_title":"PP de MIERES denuncia el abandono del PARQUE TARTIERE de FIGAREDO","og_description":"En el mes de febrero se present\u00f3 una moci\u00f3n POR SEGUNDA VEZ para un arreglo integral del parque y a\u00fan no se hecho nada: EL ESTADO DE ABANDONO Y DEJADEZ DEL PARQUE TARTIERE DE FIGAREDO ES LAMENTABLE, EL GRUPO MUNICIPAL DEL PARTIDO POPULAR PIDE UNA ACTUACI\u00d3N URGENTE E INMEDIATA. \u00a0 En el a\u00f1o 2018 y [&hellip;]","og_url":"https:\/\/www.cuencasmineras.com\/index.php\/2021\/08\/01\/pp-de-mieres-denuncia-el-abandono-del-parque-tartiere-de-figaredo\/","article_published_time":"2021-08-01T09:07:38+00:00","og_image":[{"url":"https:\/\/www.cuencasmineras.com\/wp-content\/uploads\/2021\/08\/IMG_20210730_100137-1-1024x576.jpg","type":"","width":"","height":""}],"author":"admin","twitter_card":"summary_large_image","twitter_misc":{"Escrito por":"admin","Tiempo de lectura":"3 minutos"},"schema":{"@context":"https:\/\/schema.org","@graph":[{"@type":"Article","@id":"https:\/\/www.cuencasmineras.com\/index.php\/2021\/08\/01\/pp-de-mieres-denuncia-el-abandono-del-parque-tartiere-de-figaredo\/#article","isPartOf":{"@id":"https:\/\/www.cuencasmineras.com\/index.php\/2021\/08\/01\/pp-de-mieres-denuncia-el-abandono-del-parque-tartiere-de-figaredo\/"},"author":{"name":"admin","@id":"https:\/\/www.cuencasmineras.com\/#\/schema\/person\/be0691310e8496ec555f679dd688420c"},"headline":"PP de MIERES denuncia el abandono del PARQUE TARTIERE de FIGAREDO","datePublished":"2021-08-01T09:07:38+00:00","mainEntityOfPage":{"@id":"https:\/\/www.cuencasmineras.com\/index.php\/2021\/08\/01\/pp-de-mieres-denuncia-el-abandono-del-parque-tartiere-de-figaredo\/"},"wordCount":431,"commentCount":0,"image":{"@id":"https:\/\/www.cuencasmineras.com\/index.php\/2021\/08\/01\/pp-de-mieres-denuncia-el-abandono-del-parque-tartiere-de-figaredo\/#primaryimage"},"thumbnailUrl":"https:\/\/www.cuencasmineras.com\/wp-content\/uploads\/2021\/08\/IMG_20210730_100137-1-1024x576.jpg","keywords":["FIGAREDO","PP MIERES"],"articleSection":["Caudal","CM NEWS"],"inLanguage":"es","potentialAction":[{"@type":"CommentAction","name":"Comment","target":["https:\/\/www.cuencasmineras.com\/index.php\/2021\/08\/01\/pp-de-mieres-denuncia-el-abandono-del-parque-tartiere-de-figaredo\/#respond"]}]},{"@type":"WebPage","@id":"https:\/\/www.cuencasmineras.com\/index.php\/2021\/08\/01\/pp-de-mieres-denuncia-el-abandono-del-parque-tartiere-de-figaredo\/","url":"https:\/\/www.cuencasmineras.com\/index.php\/2021\/08\/01\/pp-de-mieres-denuncia-el-abandono-del-parque-tartiere-de-figaredo\/","name":"PP de MIERES denuncia el abandono del PARQUE TARTIERE de FIGAREDO","isPartOf":{"@id":"https:\/\/www.cuencasmineras.com\/#website"},"primaryImageOfPage":{"@id":"https:\/\/www.cuencasmineras.com\/index.php\/2021\/08\/01\/pp-de-mieres-denuncia-el-abandono-del-parque-tartiere-de-figaredo\/#primaryimage"},"image":{"@id":"https:\/\/www.cuencasmineras.com\/index.php\/2021\/08\/01\/pp-de-mieres-denuncia-el-abandono-del-parque-tartiere-de-figaredo\/#primaryimage"},"thumbnailUrl":"https:\/\/www.cuencasmineras.com\/wp-content\/uploads\/2021\/08\/IMG_20210730_100137-1-1024x576.jpg","datePublished":"2021-08-01T09:07:38+00:00","author":{"@id":"https:\/\/www.cuencasmineras.com\/#\/schema\/person\/be0691310e8496ec555f679dd688420c"},"breadcrumb":{"@id":"https:\/\/www.cuencasmineras.com\/index.php\/2021\/08\/01\/pp-de-mieres-denuncia-el-abandono-del-parque-tartiere-de-figaredo\/#breadcrumb"},"inLanguage":"es","potentialAction":[{"@type":"ReadAction","target":["https:\/\/www.cuencasmineras.com\/index.php\/2021\/08\/01\/pp-de-mieres-denuncia-el-abandono-del-parque-tartiere-de-figaredo\/"]}]},{"@type":"ImageObject","inLanguage":"es","@id":"https:\/\/www.cuencasmineras.com\/index.php\/2021\/08\/01\/pp-de-mieres-denuncia-el-abandono-del-parque-tartiere-de-figaredo\/#primaryimage","url":"https:\/\/www.cuencasmineras.com\/wp-content\/uploads\/2021\/08\/IMG_20210730_100137-1.jpg","contentUrl":"https:\/\/www.cuencasmineras.com\/wp-content\/uploads\/2021\/08\/IMG_20210730_100137-1.jpg","width":1333,"height":750},{"@type":"BreadcrumbList","@id":"https:\/\/www.cuencasmineras.com\/index.php\/2021\/08\/01\/pp-de-mieres-denuncia-el-abandono-del-parque-tartiere-de-figaredo\/#breadcrumb","itemListElement":[{"@type":"ListItem","position":1,"name":"Portada","item":"https:\/\/www.cuencasmineras.com\/"},{"@type":"ListItem","position":2,"name":"PP de MIERES denuncia el abandono del PARQUE TARTIERE de FIGAREDO"}]},{"@type":"WebSite","@id":"https:\/\/www.cuencasmineras.com\/#website","url":"https:\/\/www.cuencasmineras.com\/","name":"","description":"","potentialAction":[{"@type":"SearchAction","target":{"@type":"EntryPoint","urlTemplate":"https:\/\/www.cuencasmineras.com\/?s={search_term_string}"},"query-input":{"@type":"PropertyValueSpecification","valueRequired":true,"valueName":"search_term_string"}}],"inLanguage":"es"},{"@type":"Person","@id":"https:\/\/www.cuencasmineras.com\/#\/schema\/person\/be0691310e8496ec555f679dd688420c","name":"admin","image":{"@type":"ImageObject","inLanguage":"es","@id":"https:\/\/secure.gravatar.com\/avatar\/4afd2eed3b2fbbf36dd6707b5bd8a5b50ac648f033e36fbf85aeace2f0f859db?s=96&d=mm&r=g","url":"https:\/\/secure.gravatar.com\/avatar\/4afd2eed3b2fbbf36dd6707b5bd8a5b50ac648f033e36fbf85aeace2f0f859db?s=96&d=mm&r=g","contentUrl":"https:\/\/secure.gravatar.com\/avatar\/4afd2eed3b2fbbf36dd6707b5bd8a5b50ac648f033e36fbf85aeace2f0f859db?s=96&d=mm&r=g","caption":"admin"},"sameAs":["https:\/\/www.cuencasmineras.com"],"url":"https:\/\/www.cuencasmineras.com\/index.php\/author\/admin\/"}]}},"_links":{"self":[{"href":"https:\/\/www.cuencasmineras.com\/index.php\/wp-json\/wp\/v2\/posts\/3175","targetHints":{"allow":["GET"]}}],"collection":[{"href":"https:\/\/www.cuencasmineras.com\/index.php\/wp-json\/wp\/v2\/posts"}],"about":[{"href":"https:\/\/www.cuencasmineras.com\/index.php\/wp-json\/wp\/v2\/types\/post"}],"author":[{"embeddable":true,"href":"https:\/\/www.cuencasmineras.com\/index.php\/wp-json\/wp\/v2\/users\/1"}],"replies":[{"embeddable":true,"href":"https:\/\/www.cuencasmineras.com\/index.php\/wp-json\/wp\/v2\/comments?post=3175"}],"version-history":[{"count":1,"href":"https:\/\/www.cuencasmineras.com\/index.php\/wp-json\/wp\/v2\/posts\/3175\/revisions"}],"predecessor-version":[{"id":3184,"href":"https:\/\/www.cuencasmineras.com\/index.php\/wp-json\/wp\/v2\/posts\/3175\/revisions\/3184"}],"wp:attachment":[{"href":"https:\/\/www.cuencasmineras.com\/index.php\/wp-json\/wp\/v2\/media?parent=3175"}],"wp:term":[{"taxonomy":"category","embeddable":true,"href":"https:\/\/www.cuencasmineras.com\/index.php\/wp-json\/wp\/v2\/categories?post=3175"},{"taxonomy":"post_tag","embeddable":true,"href":"https:\/\/www.cuencasmineras.com\/index.php\/wp-json\/wp\/v2\/tags?post=3175"}],"curies":[{"name":"wp","href":"https:\/\/api.w.org\/{rel}","templated":true}]}}