{"id":3191,"date":"2021-08-01T17:57:05","date_gmt":"2021-08-01T17:57:05","guid":{"rendered":"https:\/\/www.cuencasmineras.com\/?p=3191"},"modified":"2021-08-01T17:57:05","modified_gmt":"2021-08-01T17:57:05","slug":"murias-de-aller-lleno-de-colores","status":"publish","type":"post","link":"https:\/\/www.cuencasmineras.com\/index.php\/2021\/08\/01\/murias-de-aller-lleno-de-colores\/","title":{"rendered":"Murias de Aller lleno de colores"},"content":{"rendered":"<p style=\"text-align: justify;\">M\u00e1s de trescientas plantas engalanan desde ayer los rincones de la localidad allerana de Murias. Se trata de una iniciativa de la asociaci\u00f3n cultural \u201cLa Colegiata de Murias\u201d, que tiene el objetivo de contribuir al embellecimiento del concejo como destino tur\u00edstico y que cuenta con la colaboraci\u00f3n del Ayuntamiento. La decoraci\u00f3n floral fue inaugurada en un acto en el que estuvieron presentes la concejala de Turismo de Aller, Elena Zapico Pando, y la presidenta de \u201cLa Colegiata de Murias\u201d, Mar Gonz\u00e1lez Fern\u00e1ndez, as\u00ed como un buen n\u00famero de vecinos, quienes respaldaron esta iniciativa.<\/p>\n<p><img loading=\"lazy\" decoding=\"async\" class=\"aligncenter size-full wp-image-3192\" src=\"https:\/\/www.cuencasmineras.com\/wp-content\/uploads\/2021\/08\/cd8e39e8-2050-4bf7-af81-d08ba51622dc_16-9-aspect-ratio_default_0.jpg\" alt=\"\" width=\"880\" height=\"495\" srcset=\"https:\/\/www.cuencasmineras.com\/wp-content\/uploads\/2021\/08\/cd8e39e8-2050-4bf7-af81-d08ba51622dc_16-9-aspect-ratio_default_0.jpg 880w, https:\/\/www.cuencasmineras.com\/wp-content\/uploads\/2021\/08\/cd8e39e8-2050-4bf7-af81-d08ba51622dc_16-9-aspect-ratio_default_0-300x169.jpg 300w, https:\/\/www.cuencasmineras.com\/wp-content\/uploads\/2021\/08\/cd8e39e8-2050-4bf7-af81-d08ba51622dc_16-9-aspect-ratio_default_0-768x432.jpg 768w\" sizes=\"auto, (max-width: 880px) 100vw, 880px\" \/><\/p>\n<p style=\"text-align: justify;\">M\u00e1s de trescientas plantas engalanan desde ayer los rincones de la localidad allerana de Murias. Se trata de una iniciativa de la asociaci\u00f3n cultural \u201cLa Colegiata de Murias\u201d, que tiene el objetivo de contribuir al embellecimiento del concejo como destino tur\u00edstico y que cuenta con la colaboraci\u00f3n del Ayuntamiento. La decoraci\u00f3n floral fue inaugurada en un acto en el que estuvieron presentes la concejala de Turismo de Aller, Elena Zapico Pando, y la presidenta de \u201cLa Colegiata de Murias\u201d, Mar Gonz\u00e1lez Fern\u00e1ndez, as\u00ed como un buen n\u00famero de vecinos, quienes respaldaron esta iniciativa.<\/p>\n<p>&nbsp;<\/p>\n<p>LNE<\/p>\n","protected":false},"excerpt":{"rendered":"<p>M\u00e1s de trescientas plantas engalanan desde ayer los rincones de la localidad allerana de Murias. Se trata de una iniciativa de la asociaci\u00f3n cultural \u201cLa Colegiata de Murias\u201d, que tiene el objetivo de contribuir al embellecimiento del concejo como destino tur\u00edstico y que cuenta con la colaboraci\u00f3n del Ayuntamiento. La decoraci\u00f3n floral fue inaugurada en [&hellip;]<\/p>\n","protected":false},"author":1,"featured_media":3192,"comment_status":"open","ping_status":"open","sticky":false,"template":"","format":"standard","meta":{"footnotes":""},"categories":[7,6,48],"tags":[],"class_list":["post-3191","post","type-post","status-publish","format-standard","has-post-thumbnail","hentry","category-caudal","category-noticias","category-fiestas"],"yoast_head":"<!-- This site is optimized with the Yoast SEO plugin v27.4 - https:\/\/yoast.com\/product\/yoast-seo-wordpress\/ -->\n<title>Murias de Aller lleno de colores - cm news<\/title>\n<meta name=\"description\" content=\"Fuentes, lavaderos y calles del pueblo allerano se engalanan con trescientas plantas para atraer a los visitantes\" \/>\n<meta name=\"robots\" content=\"index, follow, max-snippet:-1, max-image-preview:large, max-video-preview:-1\" \/>\n<link rel=\"canonical\" href=\"https:\/\/www.cuencasmineras.com\/index.php\/2021\/08\/01\/murias-de-aller-lleno-de-colores\/\" \/>\n<meta property=\"og:locale\" content=\"es_ES\" \/>\n<meta property=\"og:type\" content=\"article\" \/>\n<meta property=\"og:title\" content=\"Murias de Aller lleno de colores - cm news\" \/>\n<meta property=\"og:description\" content=\"Fuentes, lavaderos y calles del pueblo allerano se engalanan con trescientas plantas para atraer a los visitantes\" \/>\n<meta property=\"og:url\" content=\"https:\/\/www.cuencasmineras.com\/index.php\/2021\/08\/01\/murias-de-aller-lleno-de-colores\/\" \/>\n<meta property=\"article:published_time\" content=\"2021-08-01T17:57:05+00:00\" \/>\n<meta property=\"og:image\" content=\"https:\/\/www.cuencasmineras.com\/wp-content\/uploads\/2021\/08\/cd8e39e8-2050-4bf7-af81-d08ba51622dc_16-9-aspect-ratio_default_0.jpg\" \/>\n\t<meta property=\"og:image:width\" content=\"880\" \/>\n\t<meta property=\"og:image:height\" content=\"495\" \/>\n\t<meta property=\"og:image:type\" content=\"image\/jpeg\" \/>\n<meta name=\"author\" content=\"admin\" \/>\n<meta name=\"twitter:card\" content=\"summary_large_image\" \/>\n<meta name=\"twitter:label1\" content=\"Escrito por\" \/>\n\t<meta name=\"twitter:data1\" content=\"admin\" \/>\n\t<meta name=\"twitter:label2\" content=\"Tiempo de lectura\" \/>\n\t<meta name=\"twitter:data2\" content=\"2 minutos\" \/>\n<script type=\"application\/ld+json\" class=\"yoast-schema-graph\">{\"@context\":\"https:\\\/\\\/schema.org\",\"@graph\":[{\"@type\":\"Article\",\"@id\":\"https:\\\/\\\/www.cuencasmineras.com\\\/index.php\\\/2021\\\/08\\\/01\\\/murias-de-aller-lleno-de-colores\\\/#article\",\"isPartOf\":{\"@id\":\"https:\\\/\\\/www.cuencasmineras.com\\\/index.php\\\/2021\\\/08\\\/01\\\/murias-de-aller-lleno-de-colores\\\/\"},\"author\":{\"name\":\"admin\",\"@id\":\"https:\\\/\\\/www.cuencasmineras.com\\\/#\\\/schema\\\/person\\\/be0691310e8496ec555f679dd688420c\"},\"headline\":\"Murias de Aller lleno de colores\",\"datePublished\":\"2021-08-01T17:57:05+00:00\",\"mainEntityOfPage\":{\"@id\":\"https:\\\/\\\/www.cuencasmineras.com\\\/index.php\\\/2021\\\/08\\\/01\\\/murias-de-aller-lleno-de-colores\\\/\"},\"wordCount\":210,\"commentCount\":0,\"image\":{\"@id\":\"https:\\\/\\\/www.cuencasmineras.com\\\/index.php\\\/2021\\\/08\\\/01\\\/murias-de-aller-lleno-de-colores\\\/#primaryimage\"},\"thumbnailUrl\":\"https:\\\/\\\/www.cuencasmineras.com\\\/wp-content\\\/uploads\\\/2021\\\/08\\\/cd8e39e8-2050-4bf7-af81-d08ba51622dc_16-9-aspect-ratio_default_0.jpg\",\"articleSection\":[\"Caudal\",\"CM NEWS\",\"Fiestas\"],\"inLanguage\":\"es\",\"potentialAction\":[{\"@type\":\"CommentAction\",\"name\":\"Comment\",\"target\":[\"https:\\\/\\\/www.cuencasmineras.com\\\/index.php\\\/2021\\\/08\\\/01\\\/murias-de-aller-lleno-de-colores\\\/#respond\"]}]},{\"@type\":\"WebPage\",\"@id\":\"https:\\\/\\\/www.cuencasmineras.com\\\/index.php\\\/2021\\\/08\\\/01\\\/murias-de-aller-lleno-de-colores\\\/\",\"url\":\"https:\\\/\\\/www.cuencasmineras.com\\\/index.php\\\/2021\\\/08\\\/01\\\/murias-de-aller-lleno-de-colores\\\/\",\"name\":\"Murias de Aller lleno de colores - cm news\",\"isPartOf\":{\"@id\":\"https:\\\/\\\/www.cuencasmineras.com\\\/#website\"},\"primaryImageOfPage\":{\"@id\":\"https:\\\/\\\/www.cuencasmineras.com\\\/index.php\\\/2021\\\/08\\\/01\\\/murias-de-aller-lleno-de-colores\\\/#primaryimage\"},\"image\":{\"@id\":\"https:\\\/\\\/www.cuencasmineras.com\\\/index.php\\\/2021\\\/08\\\/01\\\/murias-de-aller-lleno-de-colores\\\/#primaryimage\"},\"thumbnailUrl\":\"https:\\\/\\\/www.cuencasmineras.com\\\/wp-content\\\/uploads\\\/2021\\\/08\\\/cd8e39e8-2050-4bf7-af81-d08ba51622dc_16-9-aspect-ratio_default_0.jpg\",\"datePublished\":\"2021-08-01T17:57:05+00:00\",\"author\":{\"@id\":\"https:\\\/\\\/www.cuencasmineras.com\\\/#\\\/schema\\\/person\\\/be0691310e8496ec555f679dd688420c\"},\"description\":\"Fuentes, lavaderos y calles del pueblo allerano se engalanan con trescientas plantas para atraer a los visitantes\",\"breadcrumb\":{\"@id\":\"https:\\\/\\\/www.cuencasmineras.com\\\/index.php\\\/2021\\\/08\\\/01\\\/murias-de-aller-lleno-de-colores\\\/#breadcrumb\"},\"inLanguage\":\"es\",\"potentialAction\":[{\"@type\":\"ReadAction\",\"target\":[\"https:\\\/\\\/www.cuencasmineras.com\\\/index.php\\\/2021\\\/08\\\/01\\\/murias-de-aller-lleno-de-colores\\\/\"]}]},{\"@type\":\"ImageObject\",\"inLanguage\":\"es\",\"@id\":\"https:\\\/\\\/www.cuencasmineras.com\\\/index.php\\\/2021\\\/08\\\/01\\\/murias-de-aller-lleno-de-colores\\\/#primaryimage\",\"url\":\"https:\\\/\\\/www.cuencasmineras.com\\\/wp-content\\\/uploads\\\/2021\\\/08\\\/cd8e39e8-2050-4bf7-af81-d08ba51622dc_16-9-aspect-ratio_default_0.jpg\",\"contentUrl\":\"https:\\\/\\\/www.cuencasmineras.com\\\/wp-content\\\/uploads\\\/2021\\\/08\\\/cd8e39e8-2050-4bf7-af81-d08ba51622dc_16-9-aspect-ratio_default_0.jpg\",\"width\":880,\"height\":495},{\"@type\":\"BreadcrumbList\",\"@id\":\"https:\\\/\\\/www.cuencasmineras.com\\\/index.php\\\/2021\\\/08\\\/01\\\/murias-de-aller-lleno-de-colores\\\/#breadcrumb\",\"itemListElement\":[{\"@type\":\"ListItem\",\"position\":1,\"name\":\"Portada\",\"item\":\"https:\\\/\\\/www.cuencasmineras.com\\\/\"},{\"@type\":\"ListItem\",\"position\":2,\"name\":\"Murias de Aller lleno de colores\"}]},{\"@type\":\"WebSite\",\"@id\":\"https:\\\/\\\/www.cuencasmineras.com\\\/#website\",\"url\":\"https:\\\/\\\/www.cuencasmineras.com\\\/\",\"name\":\"\",\"description\":\"\",\"potentialAction\":[{\"@type\":\"SearchAction\",\"target\":{\"@type\":\"EntryPoint\",\"urlTemplate\":\"https:\\\/\\\/www.cuencasmineras.com\\\/?s={search_term_string}\"},\"query-input\":{\"@type\":\"PropertyValueSpecification\",\"valueRequired\":true,\"valueName\":\"search_term_string\"}}],\"inLanguage\":\"es\"},{\"@type\":\"Person\",\"@id\":\"https:\\\/\\\/www.cuencasmineras.com\\\/#\\\/schema\\\/person\\\/be0691310e8496ec555f679dd688420c\",\"name\":\"admin\",\"image\":{\"@type\":\"ImageObject\",\"inLanguage\":\"es\",\"@id\":\"https:\\\/\\\/secure.gravatar.com\\\/avatar\\\/4afd2eed3b2fbbf36dd6707b5bd8a5b50ac648f033e36fbf85aeace2f0f859db?s=96&d=mm&r=g\",\"url\":\"https:\\\/\\\/secure.gravatar.com\\\/avatar\\\/4afd2eed3b2fbbf36dd6707b5bd8a5b50ac648f033e36fbf85aeace2f0f859db?s=96&d=mm&r=g\",\"contentUrl\":\"https:\\\/\\\/secure.gravatar.com\\\/avatar\\\/4afd2eed3b2fbbf36dd6707b5bd8a5b50ac648f033e36fbf85aeace2f0f859db?s=96&d=mm&r=g\",\"caption\":\"admin\"},\"sameAs\":[\"https:\\\/\\\/www.cuencasmineras.com\"],\"url\":\"https:\\\/\\\/www.cuencasmineras.com\\\/index.php\\\/author\\\/admin\\\/\"}]}<\/script>\n<!-- \/ Yoast SEO plugin. -->","yoast_head_json":{"title":"Murias de Aller lleno de colores - cm news","description":"Fuentes, lavaderos y calles del pueblo allerano se engalanan con trescientas plantas para atraer a los visitantes","robots":{"index":"index","follow":"follow","max-snippet":"max-snippet:-1","max-image-preview":"max-image-preview:large","max-video-preview":"max-video-preview:-1"},"canonical":"https:\/\/www.cuencasmineras.com\/index.php\/2021\/08\/01\/murias-de-aller-lleno-de-colores\/","og_locale":"es_ES","og_type":"article","og_title":"Murias de Aller lleno de colores - cm news","og_description":"Fuentes, lavaderos y calles del pueblo allerano se engalanan con trescientas plantas para atraer a los visitantes","og_url":"https:\/\/www.cuencasmineras.com\/index.php\/2021\/08\/01\/murias-de-aller-lleno-de-colores\/","article_published_time":"2021-08-01T17:57:05+00:00","og_image":[{"width":880,"height":495,"url":"https:\/\/www.cuencasmineras.com\/wp-content\/uploads\/2021\/08\/cd8e39e8-2050-4bf7-af81-d08ba51622dc_16-9-aspect-ratio_default_0.jpg","type":"image\/jpeg"}],"author":"admin","twitter_card":"summary_large_image","twitter_misc":{"Escrito por":"admin","Tiempo de lectura":"2 minutos"},"schema":{"@context":"https:\/\/schema.org","@graph":[{"@type":"Article","@id":"https:\/\/www.cuencasmineras.com\/index.php\/2021\/08\/01\/murias-de-aller-lleno-de-colores\/#article","isPartOf":{"@id":"https:\/\/www.cuencasmineras.com\/index.php\/2021\/08\/01\/murias-de-aller-lleno-de-colores\/"},"author":{"name":"admin","@id":"https:\/\/www.cuencasmineras.com\/#\/schema\/person\/be0691310e8496ec555f679dd688420c"},"headline":"Murias de Aller lleno de colores","datePublished":"2021-08-01T17:57:05+00:00","mainEntityOfPage":{"@id":"https:\/\/www.cuencasmineras.com\/index.php\/2021\/08\/01\/murias-de-aller-lleno-de-colores\/"},"wordCount":210,"commentCount":0,"image":{"@id":"https:\/\/www.cuencasmineras.com\/index.php\/2021\/08\/01\/murias-de-aller-lleno-de-colores\/#primaryimage"},"thumbnailUrl":"https:\/\/www.cuencasmineras.com\/wp-content\/uploads\/2021\/08\/cd8e39e8-2050-4bf7-af81-d08ba51622dc_16-9-aspect-ratio_default_0.jpg","articleSection":["Caudal","CM NEWS","Fiestas"],"inLanguage":"es","potentialAction":[{"@type":"CommentAction","name":"Comment","target":["https:\/\/www.cuencasmineras.com\/index.php\/2021\/08\/01\/murias-de-aller-lleno-de-colores\/#respond"]}]},{"@type":"WebPage","@id":"https:\/\/www.cuencasmineras.com\/index.php\/2021\/08\/01\/murias-de-aller-lleno-de-colores\/","url":"https:\/\/www.cuencasmineras.com\/index.php\/2021\/08\/01\/murias-de-aller-lleno-de-colores\/","name":"Murias de Aller lleno de colores - cm news","isPartOf":{"@id":"https:\/\/www.cuencasmineras.com\/#website"},"primaryImageOfPage":{"@id":"https:\/\/www.cuencasmineras.com\/index.php\/2021\/08\/01\/murias-de-aller-lleno-de-colores\/#primaryimage"},"image":{"@id":"https:\/\/www.cuencasmineras.com\/index.php\/2021\/08\/01\/murias-de-aller-lleno-de-colores\/#primaryimage"},"thumbnailUrl":"https:\/\/www.cuencasmineras.com\/wp-content\/uploads\/2021\/08\/cd8e39e8-2050-4bf7-af81-d08ba51622dc_16-9-aspect-ratio_default_0.jpg","datePublished":"2021-08-01T17:57:05+00:00","author":{"@id":"https:\/\/www.cuencasmineras.com\/#\/schema\/person\/be0691310e8496ec555f679dd688420c"},"description":"Fuentes, lavaderos y calles del pueblo allerano se engalanan con trescientas plantas para atraer a los visitantes","breadcrumb":{"@id":"https:\/\/www.cuencasmineras.com\/index.php\/2021\/08\/01\/murias-de-aller-lleno-de-colores\/#breadcrumb"},"inLanguage":"es","potentialAction":[{"@type":"ReadAction","target":["https:\/\/www.cuencasmineras.com\/index.php\/2021\/08\/01\/murias-de-aller-lleno-de-colores\/"]}]},{"@type":"ImageObject","inLanguage":"es","@id":"https:\/\/www.cuencasmineras.com\/index.php\/2021\/08\/01\/murias-de-aller-lleno-de-colores\/#primaryimage","url":"https:\/\/www.cuencasmineras.com\/wp-content\/uploads\/2021\/08\/cd8e39e8-2050-4bf7-af81-d08ba51622dc_16-9-aspect-ratio_default_0.jpg","contentUrl":"https:\/\/www.cuencasmineras.com\/wp-content\/uploads\/2021\/08\/cd8e39e8-2050-4bf7-af81-d08ba51622dc_16-9-aspect-ratio_default_0.jpg","width":880,"height":495},{"@type":"BreadcrumbList","@id":"https:\/\/www.cuencasmineras.com\/index.php\/2021\/08\/01\/murias-de-aller-lleno-de-colores\/#breadcrumb","itemListElement":[{"@type":"ListItem","position":1,"name":"Portada","item":"https:\/\/www.cuencasmineras.com\/"},{"@type":"ListItem","position":2,"name":"Murias de Aller lleno de colores"}]},{"@type":"WebSite","@id":"https:\/\/www.cuencasmineras.com\/#website","url":"https:\/\/www.cuencasmineras.com\/","name":"","description":"","potentialAction":[{"@type":"SearchAction","target":{"@type":"EntryPoint","urlTemplate":"https:\/\/www.cuencasmineras.com\/?s={search_term_string}"},"query-input":{"@type":"PropertyValueSpecification","valueRequired":true,"valueName":"search_term_string"}}],"inLanguage":"es"},{"@type":"Person","@id":"https:\/\/www.cuencasmineras.com\/#\/schema\/person\/be0691310e8496ec555f679dd688420c","name":"admin","image":{"@type":"ImageObject","inLanguage":"es","@id":"https:\/\/secure.gravatar.com\/avatar\/4afd2eed3b2fbbf36dd6707b5bd8a5b50ac648f033e36fbf85aeace2f0f859db?s=96&d=mm&r=g","url":"https:\/\/secure.gravatar.com\/avatar\/4afd2eed3b2fbbf36dd6707b5bd8a5b50ac648f033e36fbf85aeace2f0f859db?s=96&d=mm&r=g","contentUrl":"https:\/\/secure.gravatar.com\/avatar\/4afd2eed3b2fbbf36dd6707b5bd8a5b50ac648f033e36fbf85aeace2f0f859db?s=96&d=mm&r=g","caption":"admin"},"sameAs":["https:\/\/www.cuencasmineras.com"],"url":"https:\/\/www.cuencasmineras.com\/index.php\/author\/admin\/"}]}},"_links":{"self":[{"href":"https:\/\/www.cuencasmineras.com\/index.php\/wp-json\/wp\/v2\/posts\/3191","targetHints":{"allow":["GET"]}}],"collection":[{"href":"https:\/\/www.cuencasmineras.com\/index.php\/wp-json\/wp\/v2\/posts"}],"about":[{"href":"https:\/\/www.cuencasmineras.com\/index.php\/wp-json\/wp\/v2\/types\/post"}],"author":[{"embeddable":true,"href":"https:\/\/www.cuencasmineras.com\/index.php\/wp-json\/wp\/v2\/users\/1"}],"replies":[{"embeddable":true,"href":"https:\/\/www.cuencasmineras.com\/index.php\/wp-json\/wp\/v2\/comments?post=3191"}],"version-history":[{"count":1,"href":"https:\/\/www.cuencasmineras.com\/index.php\/wp-json\/wp\/v2\/posts\/3191\/revisions"}],"predecessor-version":[{"id":3193,"href":"https:\/\/www.cuencasmineras.com\/index.php\/wp-json\/wp\/v2\/posts\/3191\/revisions\/3193"}],"wp:featuredmedia":[{"embeddable":true,"href":"https:\/\/www.cuencasmineras.com\/index.php\/wp-json\/wp\/v2\/media\/3192"}],"wp:attachment":[{"href":"https:\/\/www.cuencasmineras.com\/index.php\/wp-json\/wp\/v2\/media?parent=3191"}],"wp:term":[{"taxonomy":"category","embeddable":true,"href":"https:\/\/www.cuencasmineras.com\/index.php\/wp-json\/wp\/v2\/categories?post=3191"},{"taxonomy":"post_tag","embeddable":true,"href":"https:\/\/www.cuencasmineras.com\/index.php\/wp-json\/wp\/v2\/tags?post=3191"}],"curies":[{"name":"wp","href":"https:\/\/api.w.org\/{rel}","templated":true}]}}