{"id":3207,"date":"2021-08-03T10:42:06","date_gmt":"2021-08-03T10:42:06","guid":{"rendered":"https:\/\/www.cuencasmineras.com\/?p=3207"},"modified":"2021-08-03T10:42:06","modified_gmt":"2021-08-03T10:42:06","slug":"la-urbanizacion-del-poligono-lenense-de-villallana-arrancara-a-finales-de-este-ano","status":"publish","type":"post","link":"https:\/\/www.cuencasmineras.com\/index.php\/2021\/08\/03\/la-urbanizacion-del-poligono-lenense-de-villallana-arrancara-a-finales-de-este-ano\/","title":{"rendered":"La urbanizaci\u00f3n del pol\u00edgono lenense de Villallana arrancar\u00e1 a finales de este a\u00f1o"},"content":{"rendered":"<p style=\"text-align: justify;\">Las obras de urbanizaci\u00f3n del pol\u00edgono industrial de Villallana, en Lena, comenzar\u00e1n entre finales de a\u00f1o y principios del siguiente. Esas son las previsiones que manejan en el Ayuntamiento de Lena tras firmar el pasado viernes el convenio espec\u00edfico de este proyecto con el Principado de Asturias, que recibir\u00e1 cinco millones de euros del plan minero 2013-2018. El Consistorio ya hab\u00eda hecho los deberes de forma previa. El proyecto tiene aprobado ya el plan parcial y cuenta con la autorizaci\u00f3n de la Comisi\u00f3n de Urbanismo y Ordenaci\u00f3n del Territorio (CUOTA), con lo que ya se ha iniciado la tramitaci\u00f3n para llevar a cabo su licitaci\u00f3n.<\/p>\n<p><img loading=\"lazy\" decoding=\"async\" class=\"aligncenter size-large wp-image-3208\" src=\"https:\/\/www.cuencasmineras.com\/wp-content\/uploads\/2021\/08\/29853f53-0cd4-4b27-8d50-40d9157c0557_21-9-aspect-ratio_default_0-1024x438.jpg\" alt=\"\" width=\"640\" height=\"274\" srcset=\"https:\/\/www.cuencasmineras.com\/wp-content\/uploads\/2021\/08\/29853f53-0cd4-4b27-8d50-40d9157c0557_21-9-aspect-ratio_default_0-1024x438.jpg 1024w, https:\/\/www.cuencasmineras.com\/wp-content\/uploads\/2021\/08\/29853f53-0cd4-4b27-8d50-40d9157c0557_21-9-aspect-ratio_default_0-300x128.jpg 300w, https:\/\/www.cuencasmineras.com\/wp-content\/uploads\/2021\/08\/29853f53-0cd4-4b27-8d50-40d9157c0557_21-9-aspect-ratio_default_0-768x329.jpg 768w, https:\/\/www.cuencasmineras.com\/wp-content\/uploads\/2021\/08\/29853f53-0cd4-4b27-8d50-40d9157c0557_21-9-aspect-ratio_default_0.jpg 1280w\" sizes=\"auto, (max-width: 640px) 100vw, 640px\" \/><\/p>\n<p style=\"text-align: justify;\">La alcaldesa de Lena, Gema \u00c1lvarez, explic\u00f3 ayer que el plazo de ejecuci\u00f3n del proyecto es menor de dos a\u00f1os, con lo que llegar\u00e1n a tiempo para cumplir con la fecha l\u00edmite de finalizaci\u00f3n, fijada para septiembre de 2023. La iniciativa supone dotar al pol\u00edgono industrial, con empresas asentadas desde 2006, de los servicios b\u00e1sicos como luz, agua o fibra \u00f3ptica. Tambi\u00e9n se llevar\u00e1n a cabo labores de asfaltado, se crear\u00e1n aceras y un paseo. El proyecto incluye adem\u00e1s el desarrollo de un \u00e1rea recreativa en este entorno de la que podr\u00e1n disfrutar vecinos y visitantes.<\/p>\n<p style=\"text-align: justify;\">En cuanto a los accesos al pol\u00edgono industrial \u2013actualmente hay un paso desde el \u00e1rea de servicio de Villallana y tambi\u00e9n desde La Pola\u2013, se trata de un proyecto a parte que ya realizar\u00eda el Gobierno central. Este acceso ir\u00eda de la mano del aparcamiento de emergencia para camiones que est\u00e1 proyectado en Villallana. \u201cLa idea ser\u00eda hacer un enlace desde la autov\u00eda que permitiese acceder tanto al pol\u00edgono como al aparcamiento de emergencia\u201d, explic\u00f3 la regidora, quien destac\u00f3 que han solicitado una reuni\u00f3n en Madrid para conocer el avance de estas dos iniciativas para el concejo.<\/p>\n<p style=\"text-align: justify;\">Con la urbanizaci\u00f3n del pol\u00edgono de Villallana se pondr\u00e1 fin a una situaci\u00f3n irregular que acumula m\u00e1s de quince a\u00f1os. Todo comenz\u00f3 durante el \u00faltimo mandato socialista en el concejo (encabezado por Hugo Mor\u00e1n, hasta 2007). Fue entonces cuando se asentaron en el suelo sin urbanizar dos empresas de envergadura: Asturiana de Laminados y Rioglass. Y no s\u00f3lo eso, sino que los terrenos ni siquiera eran de propiedad municipal. Durante el primer mandato de IU, entonces en coalici\u00f3n con el Bloque por Asturies, consiguieron cerrar la operaci\u00f3n. Pero la urbanizaci\u00f3n segu\u00eda en el aire. Hubo fondos mineros, que se perdieron con el recorte del Gobierno central encabezado por el popular Mariano Rajoy. En esta nueva convocatoria, el proyecto del \u00e1rea industrial fue lo primero que el Ayuntamiento de Lena puso sobre la mesa y, ahora s\u00ed, es una realidad. \u201cNo me lo voy a creer hasta que entren las primeras m\u00e1quinas\u201d, apuntaba la alcaldesa tras esta larga espera.<\/p>\n<p>&nbsp;<\/p>\n<p>LNE<\/p>\n","protected":false},"excerpt":{"rendered":"<p>Las obras de urbanizaci\u00f3n del pol\u00edgono industrial de Villallana, en Lena, comenzar\u00e1n entre finales de a\u00f1o y principios del siguiente. Esas son las previsiones que manejan en el Ayuntamiento de Lena tras firmar el pasado viernes el convenio espec\u00edfico de este proyecto con el Principado de Asturias, que recibir\u00e1 cinco millones de euros del plan [&hellip;]<\/p>\n","protected":false},"author":1,"featured_media":3208,"comment_status":"open","ping_status":"open","sticky":false,"template":"","format":"standard","meta":{"footnotes":""},"categories":[7,6],"tags":[],"class_list":["post-3207","post","type-post","status-publish","format-standard","has-post-thumbnail","hentry","category-caudal","category-noticias"],"yoast_head":"<!-- This site is optimized with the Yoast SEO plugin v27.4 - https:\/\/yoast.com\/product\/yoast-seo-wordpress\/ -->\n<title>La urbanizaci\u00f3n del pol\u00edgono lenense de Villallana arrancar\u00e1 a finales de este a\u00f1o - cm news<\/title>\n<meta name=\"description\" content=\"El proyecto est\u00e1 dotado con cinco millones de euros del plan minero 2013-2018 y cuenta con un plazo de ejecuci\u00f3n inferior a dos a\u00f1os.\" \/>\n<meta name=\"robots\" content=\"index, follow, max-snippet:-1, max-image-preview:large, max-video-preview:-1\" \/>\n<link rel=\"canonical\" href=\"https:\/\/www.cuencasmineras.com\/index.php\/2021\/08\/03\/la-urbanizacion-del-poligono-lenense-de-villallana-arrancara-a-finales-de-este-ano\/\" \/>\n<meta property=\"og:locale\" content=\"es_ES\" \/>\n<meta property=\"og:type\" content=\"article\" \/>\n<meta property=\"og:title\" content=\"La urbanizaci\u00f3n del pol\u00edgono lenense de Villallana arrancar\u00e1 a finales de este a\u00f1o - cm news\" \/>\n<meta property=\"og:description\" content=\"El proyecto est\u00e1 dotado con cinco millones de euros del plan minero 2013-2018 y cuenta con un plazo de ejecuci\u00f3n inferior a dos a\u00f1os.\" \/>\n<meta property=\"og:url\" content=\"https:\/\/www.cuencasmineras.com\/index.php\/2021\/08\/03\/la-urbanizacion-del-poligono-lenense-de-villallana-arrancara-a-finales-de-este-ano\/\" \/>\n<meta property=\"article:published_time\" content=\"2021-08-03T10:42:06+00:00\" \/>\n<meta property=\"og:image\" content=\"https:\/\/www.cuencasmineras.com\/wp-content\/uploads\/2021\/08\/29853f53-0cd4-4b27-8d50-40d9157c0557_21-9-aspect-ratio_default_0.jpg\" \/>\n\t<meta property=\"og:image:width\" content=\"1280\" \/>\n\t<meta property=\"og:image:height\" content=\"548\" \/>\n\t<meta property=\"og:image:type\" content=\"image\/jpeg\" \/>\n<meta name=\"author\" content=\"admin\" \/>\n<meta name=\"twitter:card\" content=\"summary_large_image\" \/>\n<meta name=\"twitter:label1\" content=\"Escrito por\" \/>\n\t<meta name=\"twitter:data1\" content=\"admin\" \/>\n\t<meta name=\"twitter:label2\" content=\"Tiempo de lectura\" \/>\n\t<meta name=\"twitter:data2\" content=\"3 minutos\" \/>\n<script type=\"application\/ld+json\" class=\"yoast-schema-graph\">{\"@context\":\"https:\\\/\\\/schema.org\",\"@graph\":[{\"@type\":\"Article\",\"@id\":\"https:\\\/\\\/www.cuencasmineras.com\\\/index.php\\\/2021\\\/08\\\/03\\\/la-urbanizacion-del-poligono-lenense-de-villallana-arrancara-a-finales-de-este-ano\\\/#article\",\"isPartOf\":{\"@id\":\"https:\\\/\\\/www.cuencasmineras.com\\\/index.php\\\/2021\\\/08\\\/03\\\/la-urbanizacion-del-poligono-lenense-de-villallana-arrancara-a-finales-de-este-ano\\\/\"},\"author\":{\"name\":\"admin\",\"@id\":\"https:\\\/\\\/www.cuencasmineras.com\\\/#\\\/schema\\\/person\\\/be0691310e8496ec555f679dd688420c\"},\"headline\":\"La urbanizaci\u00f3n del pol\u00edgono lenense de Villallana arrancar\u00e1 a finales de este a\u00f1o\",\"datePublished\":\"2021-08-03T10:42:06+00:00\",\"mainEntityOfPage\":{\"@id\":\"https:\\\/\\\/www.cuencasmineras.com\\\/index.php\\\/2021\\\/08\\\/03\\\/la-urbanizacion-del-poligono-lenense-de-villallana-arrancara-a-finales-de-este-ano\\\/\"},\"wordCount\":514,\"commentCount\":0,\"image\":{\"@id\":\"https:\\\/\\\/www.cuencasmineras.com\\\/index.php\\\/2021\\\/08\\\/03\\\/la-urbanizacion-del-poligono-lenense-de-villallana-arrancara-a-finales-de-este-ano\\\/#primaryimage\"},\"thumbnailUrl\":\"https:\\\/\\\/www.cuencasmineras.com\\\/wp-content\\\/uploads\\\/2021\\\/08\\\/29853f53-0cd4-4b27-8d50-40d9157c0557_21-9-aspect-ratio_default_0.jpg\",\"articleSection\":[\"Caudal\",\"CM NEWS\"],\"inLanguage\":\"es\",\"potentialAction\":[{\"@type\":\"CommentAction\",\"name\":\"Comment\",\"target\":[\"https:\\\/\\\/www.cuencasmineras.com\\\/index.php\\\/2021\\\/08\\\/03\\\/la-urbanizacion-del-poligono-lenense-de-villallana-arrancara-a-finales-de-este-ano\\\/#respond\"]}]},{\"@type\":\"WebPage\",\"@id\":\"https:\\\/\\\/www.cuencasmineras.com\\\/index.php\\\/2021\\\/08\\\/03\\\/la-urbanizacion-del-poligono-lenense-de-villallana-arrancara-a-finales-de-este-ano\\\/\",\"url\":\"https:\\\/\\\/www.cuencasmineras.com\\\/index.php\\\/2021\\\/08\\\/03\\\/la-urbanizacion-del-poligono-lenense-de-villallana-arrancara-a-finales-de-este-ano\\\/\",\"name\":\"La urbanizaci\u00f3n del pol\u00edgono lenense de Villallana arrancar\u00e1 a finales de este a\u00f1o - cm news\",\"isPartOf\":{\"@id\":\"https:\\\/\\\/www.cuencasmineras.com\\\/#website\"},\"primaryImageOfPage\":{\"@id\":\"https:\\\/\\\/www.cuencasmineras.com\\\/index.php\\\/2021\\\/08\\\/03\\\/la-urbanizacion-del-poligono-lenense-de-villallana-arrancara-a-finales-de-este-ano\\\/#primaryimage\"},\"image\":{\"@id\":\"https:\\\/\\\/www.cuencasmineras.com\\\/index.php\\\/2021\\\/08\\\/03\\\/la-urbanizacion-del-poligono-lenense-de-villallana-arrancara-a-finales-de-este-ano\\\/#primaryimage\"},\"thumbnailUrl\":\"https:\\\/\\\/www.cuencasmineras.com\\\/wp-content\\\/uploads\\\/2021\\\/08\\\/29853f53-0cd4-4b27-8d50-40d9157c0557_21-9-aspect-ratio_default_0.jpg\",\"datePublished\":\"2021-08-03T10:42:06+00:00\",\"author\":{\"@id\":\"https:\\\/\\\/www.cuencasmineras.com\\\/#\\\/schema\\\/person\\\/be0691310e8496ec555f679dd688420c\"},\"description\":\"El proyecto est\u00e1 dotado con cinco millones de euros del plan minero 2013-2018 y cuenta con un plazo de ejecuci\u00f3n inferior a dos a\u00f1os.\",\"breadcrumb\":{\"@id\":\"https:\\\/\\\/www.cuencasmineras.com\\\/index.php\\\/2021\\\/08\\\/03\\\/la-urbanizacion-del-poligono-lenense-de-villallana-arrancara-a-finales-de-este-ano\\\/#breadcrumb\"},\"inLanguage\":\"es\",\"potentialAction\":[{\"@type\":\"ReadAction\",\"target\":[\"https:\\\/\\\/www.cuencasmineras.com\\\/index.php\\\/2021\\\/08\\\/03\\\/la-urbanizacion-del-poligono-lenense-de-villallana-arrancara-a-finales-de-este-ano\\\/\"]}]},{\"@type\":\"ImageObject\",\"inLanguage\":\"es\",\"@id\":\"https:\\\/\\\/www.cuencasmineras.com\\\/index.php\\\/2021\\\/08\\\/03\\\/la-urbanizacion-del-poligono-lenense-de-villallana-arrancara-a-finales-de-este-ano\\\/#primaryimage\",\"url\":\"https:\\\/\\\/www.cuencasmineras.com\\\/wp-content\\\/uploads\\\/2021\\\/08\\\/29853f53-0cd4-4b27-8d50-40d9157c0557_21-9-aspect-ratio_default_0.jpg\",\"contentUrl\":\"https:\\\/\\\/www.cuencasmineras.com\\\/wp-content\\\/uploads\\\/2021\\\/08\\\/29853f53-0cd4-4b27-8d50-40d9157c0557_21-9-aspect-ratio_default_0.jpg\",\"width\":1280,\"height\":548},{\"@type\":\"BreadcrumbList\",\"@id\":\"https:\\\/\\\/www.cuencasmineras.com\\\/index.php\\\/2021\\\/08\\\/03\\\/la-urbanizacion-del-poligono-lenense-de-villallana-arrancara-a-finales-de-este-ano\\\/#breadcrumb\",\"itemListElement\":[{\"@type\":\"ListItem\",\"position\":1,\"name\":\"Portada\",\"item\":\"https:\\\/\\\/www.cuencasmineras.com\\\/\"},{\"@type\":\"ListItem\",\"position\":2,\"name\":\"La urbanizaci\u00f3n del pol\u00edgono lenense de Villallana arrancar\u00e1 a finales de este a\u00f1o\"}]},{\"@type\":\"WebSite\",\"@id\":\"https:\\\/\\\/www.cuencasmineras.com\\\/#website\",\"url\":\"https:\\\/\\\/www.cuencasmineras.com\\\/\",\"name\":\"\",\"description\":\"\",\"potentialAction\":[{\"@type\":\"SearchAction\",\"target\":{\"@type\":\"EntryPoint\",\"urlTemplate\":\"https:\\\/\\\/www.cuencasmineras.com\\\/?s={search_term_string}\"},\"query-input\":{\"@type\":\"PropertyValueSpecification\",\"valueRequired\":true,\"valueName\":\"search_term_string\"}}],\"inLanguage\":\"es\"},{\"@type\":\"Person\",\"@id\":\"https:\\\/\\\/www.cuencasmineras.com\\\/#\\\/schema\\\/person\\\/be0691310e8496ec555f679dd688420c\",\"name\":\"admin\",\"image\":{\"@type\":\"ImageObject\",\"inLanguage\":\"es\",\"@id\":\"https:\\\/\\\/secure.gravatar.com\\\/avatar\\\/4afd2eed3b2fbbf36dd6707b5bd8a5b50ac648f033e36fbf85aeace2f0f859db?s=96&d=mm&r=g\",\"url\":\"https:\\\/\\\/secure.gravatar.com\\\/avatar\\\/4afd2eed3b2fbbf36dd6707b5bd8a5b50ac648f033e36fbf85aeace2f0f859db?s=96&d=mm&r=g\",\"contentUrl\":\"https:\\\/\\\/secure.gravatar.com\\\/avatar\\\/4afd2eed3b2fbbf36dd6707b5bd8a5b50ac648f033e36fbf85aeace2f0f859db?s=96&d=mm&r=g\",\"caption\":\"admin\"},\"sameAs\":[\"https:\\\/\\\/www.cuencasmineras.com\"],\"url\":\"https:\\\/\\\/www.cuencasmineras.com\\\/index.php\\\/author\\\/admin\\\/\"}]}<\/script>\n<!-- \/ Yoast SEO plugin. -->","yoast_head_json":{"title":"La urbanizaci\u00f3n del pol\u00edgono lenense de Villallana arrancar\u00e1 a finales de este a\u00f1o - cm news","description":"El proyecto est\u00e1 dotado con cinco millones de euros del plan minero 2013-2018 y cuenta con un plazo de ejecuci\u00f3n inferior a dos a\u00f1os.","robots":{"index":"index","follow":"follow","max-snippet":"max-snippet:-1","max-image-preview":"max-image-preview:large","max-video-preview":"max-video-preview:-1"},"canonical":"https:\/\/www.cuencasmineras.com\/index.php\/2021\/08\/03\/la-urbanizacion-del-poligono-lenense-de-villallana-arrancara-a-finales-de-este-ano\/","og_locale":"es_ES","og_type":"article","og_title":"La urbanizaci\u00f3n del pol\u00edgono lenense de Villallana arrancar\u00e1 a finales de este a\u00f1o - cm news","og_description":"El proyecto est\u00e1 dotado con cinco millones de euros del plan minero 2013-2018 y cuenta con un plazo de ejecuci\u00f3n inferior a dos a\u00f1os.","og_url":"https:\/\/www.cuencasmineras.com\/index.php\/2021\/08\/03\/la-urbanizacion-del-poligono-lenense-de-villallana-arrancara-a-finales-de-este-ano\/","article_published_time":"2021-08-03T10:42:06+00:00","og_image":[{"width":1280,"height":548,"url":"https:\/\/www.cuencasmineras.com\/wp-content\/uploads\/2021\/08\/29853f53-0cd4-4b27-8d50-40d9157c0557_21-9-aspect-ratio_default_0.jpg","type":"image\/jpeg"}],"author":"admin","twitter_card":"summary_large_image","twitter_misc":{"Escrito por":"admin","Tiempo de lectura":"3 minutos"},"schema":{"@context":"https:\/\/schema.org","@graph":[{"@type":"Article","@id":"https:\/\/www.cuencasmineras.com\/index.php\/2021\/08\/03\/la-urbanizacion-del-poligono-lenense-de-villallana-arrancara-a-finales-de-este-ano\/#article","isPartOf":{"@id":"https:\/\/www.cuencasmineras.com\/index.php\/2021\/08\/03\/la-urbanizacion-del-poligono-lenense-de-villallana-arrancara-a-finales-de-este-ano\/"},"author":{"name":"admin","@id":"https:\/\/www.cuencasmineras.com\/#\/schema\/person\/be0691310e8496ec555f679dd688420c"},"headline":"La urbanizaci\u00f3n del pol\u00edgono lenense de Villallana arrancar\u00e1 a finales de este a\u00f1o","datePublished":"2021-08-03T10:42:06+00:00","mainEntityOfPage":{"@id":"https:\/\/www.cuencasmineras.com\/index.php\/2021\/08\/03\/la-urbanizacion-del-poligono-lenense-de-villallana-arrancara-a-finales-de-este-ano\/"},"wordCount":514,"commentCount":0,"image":{"@id":"https:\/\/www.cuencasmineras.com\/index.php\/2021\/08\/03\/la-urbanizacion-del-poligono-lenense-de-villallana-arrancara-a-finales-de-este-ano\/#primaryimage"},"thumbnailUrl":"https:\/\/www.cuencasmineras.com\/wp-content\/uploads\/2021\/08\/29853f53-0cd4-4b27-8d50-40d9157c0557_21-9-aspect-ratio_default_0.jpg","articleSection":["Caudal","CM NEWS"],"inLanguage":"es","potentialAction":[{"@type":"CommentAction","name":"Comment","target":["https:\/\/www.cuencasmineras.com\/index.php\/2021\/08\/03\/la-urbanizacion-del-poligono-lenense-de-villallana-arrancara-a-finales-de-este-ano\/#respond"]}]},{"@type":"WebPage","@id":"https:\/\/www.cuencasmineras.com\/index.php\/2021\/08\/03\/la-urbanizacion-del-poligono-lenense-de-villallana-arrancara-a-finales-de-este-ano\/","url":"https:\/\/www.cuencasmineras.com\/index.php\/2021\/08\/03\/la-urbanizacion-del-poligono-lenense-de-villallana-arrancara-a-finales-de-este-ano\/","name":"La urbanizaci\u00f3n del pol\u00edgono lenense de Villallana arrancar\u00e1 a finales de este a\u00f1o - cm news","isPartOf":{"@id":"https:\/\/www.cuencasmineras.com\/#website"},"primaryImageOfPage":{"@id":"https:\/\/www.cuencasmineras.com\/index.php\/2021\/08\/03\/la-urbanizacion-del-poligono-lenense-de-villallana-arrancara-a-finales-de-este-ano\/#primaryimage"},"image":{"@id":"https:\/\/www.cuencasmineras.com\/index.php\/2021\/08\/03\/la-urbanizacion-del-poligono-lenense-de-villallana-arrancara-a-finales-de-este-ano\/#primaryimage"},"thumbnailUrl":"https:\/\/www.cuencasmineras.com\/wp-content\/uploads\/2021\/08\/29853f53-0cd4-4b27-8d50-40d9157c0557_21-9-aspect-ratio_default_0.jpg","datePublished":"2021-08-03T10:42:06+00:00","author":{"@id":"https:\/\/www.cuencasmineras.com\/#\/schema\/person\/be0691310e8496ec555f679dd688420c"},"description":"El proyecto est\u00e1 dotado con cinco millones de euros del plan minero 2013-2018 y cuenta con un plazo de ejecuci\u00f3n inferior a dos a\u00f1os.","breadcrumb":{"@id":"https:\/\/www.cuencasmineras.com\/index.php\/2021\/08\/03\/la-urbanizacion-del-poligono-lenense-de-villallana-arrancara-a-finales-de-este-ano\/#breadcrumb"},"inLanguage":"es","potentialAction":[{"@type":"ReadAction","target":["https:\/\/www.cuencasmineras.com\/index.php\/2021\/08\/03\/la-urbanizacion-del-poligono-lenense-de-villallana-arrancara-a-finales-de-este-ano\/"]}]},{"@type":"ImageObject","inLanguage":"es","@id":"https:\/\/www.cuencasmineras.com\/index.php\/2021\/08\/03\/la-urbanizacion-del-poligono-lenense-de-villallana-arrancara-a-finales-de-este-ano\/#primaryimage","url":"https:\/\/www.cuencasmineras.com\/wp-content\/uploads\/2021\/08\/29853f53-0cd4-4b27-8d50-40d9157c0557_21-9-aspect-ratio_default_0.jpg","contentUrl":"https:\/\/www.cuencasmineras.com\/wp-content\/uploads\/2021\/08\/29853f53-0cd4-4b27-8d50-40d9157c0557_21-9-aspect-ratio_default_0.jpg","width":1280,"height":548},{"@type":"BreadcrumbList","@id":"https:\/\/www.cuencasmineras.com\/index.php\/2021\/08\/03\/la-urbanizacion-del-poligono-lenense-de-villallana-arrancara-a-finales-de-este-ano\/#breadcrumb","itemListElement":[{"@type":"ListItem","position":1,"name":"Portada","item":"https:\/\/www.cuencasmineras.com\/"},{"@type":"ListItem","position":2,"name":"La urbanizaci\u00f3n del pol\u00edgono lenense de Villallana arrancar\u00e1 a finales de este a\u00f1o"}]},{"@type":"WebSite","@id":"https:\/\/www.cuencasmineras.com\/#website","url":"https:\/\/www.cuencasmineras.com\/","name":"","description":"","potentialAction":[{"@type":"SearchAction","target":{"@type":"EntryPoint","urlTemplate":"https:\/\/www.cuencasmineras.com\/?s={search_term_string}"},"query-input":{"@type":"PropertyValueSpecification","valueRequired":true,"valueName":"search_term_string"}}],"inLanguage":"es"},{"@type":"Person","@id":"https:\/\/www.cuencasmineras.com\/#\/schema\/person\/be0691310e8496ec555f679dd688420c","name":"admin","image":{"@type":"ImageObject","inLanguage":"es","@id":"https:\/\/secure.gravatar.com\/avatar\/4afd2eed3b2fbbf36dd6707b5bd8a5b50ac648f033e36fbf85aeace2f0f859db?s=96&d=mm&r=g","url":"https:\/\/secure.gravatar.com\/avatar\/4afd2eed3b2fbbf36dd6707b5bd8a5b50ac648f033e36fbf85aeace2f0f859db?s=96&d=mm&r=g","contentUrl":"https:\/\/secure.gravatar.com\/avatar\/4afd2eed3b2fbbf36dd6707b5bd8a5b50ac648f033e36fbf85aeace2f0f859db?s=96&d=mm&r=g","caption":"admin"},"sameAs":["https:\/\/www.cuencasmineras.com"],"url":"https:\/\/www.cuencasmineras.com\/index.php\/author\/admin\/"}]}},"_links":{"self":[{"href":"https:\/\/www.cuencasmineras.com\/index.php\/wp-json\/wp\/v2\/posts\/3207","targetHints":{"allow":["GET"]}}],"collection":[{"href":"https:\/\/www.cuencasmineras.com\/index.php\/wp-json\/wp\/v2\/posts"}],"about":[{"href":"https:\/\/www.cuencasmineras.com\/index.php\/wp-json\/wp\/v2\/types\/post"}],"author":[{"embeddable":true,"href":"https:\/\/www.cuencasmineras.com\/index.php\/wp-json\/wp\/v2\/users\/1"}],"replies":[{"embeddable":true,"href":"https:\/\/www.cuencasmineras.com\/index.php\/wp-json\/wp\/v2\/comments?post=3207"}],"version-history":[{"count":1,"href":"https:\/\/www.cuencasmineras.com\/index.php\/wp-json\/wp\/v2\/posts\/3207\/revisions"}],"predecessor-version":[{"id":3209,"href":"https:\/\/www.cuencasmineras.com\/index.php\/wp-json\/wp\/v2\/posts\/3207\/revisions\/3209"}],"wp:featuredmedia":[{"embeddable":true,"href":"https:\/\/www.cuencasmineras.com\/index.php\/wp-json\/wp\/v2\/media\/3208"}],"wp:attachment":[{"href":"https:\/\/www.cuencasmineras.com\/index.php\/wp-json\/wp\/v2\/media?parent=3207"}],"wp:term":[{"taxonomy":"category","embeddable":true,"href":"https:\/\/www.cuencasmineras.com\/index.php\/wp-json\/wp\/v2\/categories?post=3207"},{"taxonomy":"post_tag","embeddable":true,"href":"https:\/\/www.cuencasmineras.com\/index.php\/wp-json\/wp\/v2\/tags?post=3207"}],"curies":[{"name":"wp","href":"https:\/\/api.w.org\/{rel}","templated":true}]}}