{"id":3254,"date":"2021-08-06T12:27:35","date_gmt":"2021-08-06T12:27:35","guid":{"rendered":"https:\/\/www.cuencasmineras.com\/?p=3254"},"modified":"2021-08-06T12:27:35","modified_gmt":"2021-08-06T12:27:35","slug":"san-martin-estrena-paneles-para-conocer-el-tiempo-de-llegada-de-los-autobuses","status":"publish","type":"post","link":"https:\/\/www.cuencasmineras.com\/index.php\/2021\/08\/06\/san-martin-estrena-paneles-para-conocer-el-tiempo-de-llegada-de-los-autobuses\/","title":{"rendered":"San Mart\u00edn estrena paneles para conocer el tiempo de llegada de los autobuses"},"content":{"rendered":"<p style=\"text-align: justify;\">El Consorcio de Transportes de Asturias (CTA) ha comenzado a instalar nuevos paneles digitales en las paradas de autob\u00fas de las localidades urbanas de San Mart\u00edn del Rey Aurelio para informar del tiempo de llegada de cada autob\u00fas. Este avance se da gracias a la instalaci\u00f3n de sistemas GPS en los diferentes autobuses que van a permitir conocer en tiempo real su ubicaci\u00f3n en ruta dentro de las diferentes l\u00edneas de transporte de viajeros que discurren por la comarca del Nal\u00f3n y hacen parada en el concejo.<\/p>\n<p><img loading=\"lazy\" decoding=\"async\" class=\"aligncenter size-large wp-image-3255\" src=\"https:\/\/www.cuencasmineras.com\/wp-content\/uploads\/2021\/08\/47608df8-9a80-4787-99e9-4c7c360ed47f_16-9-discover-aspect-ratio_default_0-1024x576.jpg\" alt=\"\" width=\"640\" height=\"360\" srcset=\"https:\/\/www.cuencasmineras.com\/wp-content\/uploads\/2021\/08\/47608df8-9a80-4787-99e9-4c7c360ed47f_16-9-discover-aspect-ratio_default_0-1024x576.jpg 1024w, https:\/\/www.cuencasmineras.com\/wp-content\/uploads\/2021\/08\/47608df8-9a80-4787-99e9-4c7c360ed47f_16-9-discover-aspect-ratio_default_0-300x169.jpg 300w, https:\/\/www.cuencasmineras.com\/wp-content\/uploads\/2021\/08\/47608df8-9a80-4787-99e9-4c7c360ed47f_16-9-discover-aspect-ratio_default_0-768x432.jpg 768w, https:\/\/www.cuencasmineras.com\/wp-content\/uploads\/2021\/08\/47608df8-9a80-4787-99e9-4c7c360ed47f_16-9-discover-aspect-ratio_default_0.jpg 1200w\" sizes=\"auto, (max-width: 640px) 100vw, 640px\" \/><\/p>\n<p style=\"text-align: justify;\">San Mart\u00edn del Rey Aurelio es el primer municipio del Principado donde el Consorcio de Transportes de Asturias est\u00e1 acometiendo este proyecto de modernizaci\u00f3n del servicio que se extender\u00e1 por m\u00e1s concejos. En concreto, las pantallas digitales se est\u00e1n instalando en paradas ubicadas en las localidades de Blimea, Sotrondio, Serrallo y El Entrego. Eso s\u00ed, de momento est\u00e1n apagadas, ya que la previsi\u00f3n es que los sistemas de informaci\u00f3n digital para los usuarios est\u00e9n operativos a corto plazo.<\/p>\n<p style=\"text-align: justify;\">Esta medida, seg\u00fan informaron al Ayuntamiento fuentes del Consorcio de Transportes de Asturias, est\u00e1 enmarcada en el proceso de implementaci\u00f3n del billete \u00fanico, sin fecha de caducidad ni sujeci\u00f3n a zonas, a trav\u00e9s de una \u00fanica tarjeta monedero.<\/p>\n<p style=\"text-align: justify;\">Desde el equipo de gobierno socialista de San Mart\u00edn del Rey Aurelio se ha aplaudido la instalaci\u00f3n de los paneles digitales \u201cpor su sentido pr\u00e1ctico e informativo para los usuarios del transporte que se desplazan por la comarca del Nal\u00f3n y a las ciudades de Oviedo y Gij\u00f3n principalmente, as\u00ed como por la mejora cualitativa que supone para este servicio p\u00fablico\u201d. Las principales l\u00edneas de transporte que discurren por el concejo son las que hacen Villa-Pola de Laviana, as\u00ed como las que conectan las principales localidades de San Mart\u00edn del Rey Aurelio con las ciudades de Oviedo y Gij\u00f3n.<\/p>\n","protected":false},"excerpt":{"rendered":"<p>El Consorcio de Transportes de Asturias (CTA) ha comenzado a instalar nuevos paneles digitales en las paradas de autob\u00fas de las localidades urbanas de San Mart\u00edn del Rey Aurelio para informar del tiempo de llegada de cada autob\u00fas. Este avance se da gracias a la instalaci\u00f3n de sistemas GPS en los diferentes autobuses que van [&hellip;]<\/p>\n","protected":false},"author":1,"featured_media":3255,"comment_status":"open","ping_status":"open","sticky":false,"template":"","format":"standard","meta":{"footnotes":""},"categories":[7,6,8],"tags":[],"class_list":["post-3254","post","type-post","status-publish","format-standard","has-post-thumbnail","hentry","category-caudal","category-noticias","category-nalon"],"yoast_head":"<!-- This site is optimized with the Yoast SEO plugin v27.4 - https:\/\/yoast.com\/product\/yoast-seo-wordpress\/ -->\n<title>San Mart\u00edn estrena paneles para conocer el tiempo de llegada de los autobuses - cm news<\/title>\n<meta name=\"description\" content=\"La iniciativa, impulsada desde el Principado, se implantar\u00e1 pr\u00f3ximamente en otros concejos\" \/>\n<meta name=\"robots\" content=\"index, follow, max-snippet:-1, max-image-preview:large, max-video-preview:-1\" \/>\n<link rel=\"canonical\" href=\"https:\/\/www.cuencasmineras.com\/index.php\/2021\/08\/06\/san-martin-estrena-paneles-para-conocer-el-tiempo-de-llegada-de-los-autobuses\/\" \/>\n<meta property=\"og:locale\" content=\"es_ES\" \/>\n<meta property=\"og:type\" content=\"article\" \/>\n<meta property=\"og:title\" content=\"San Mart\u00edn estrena paneles para conocer el tiempo de llegada de los autobuses - cm news\" \/>\n<meta property=\"og:description\" content=\"La iniciativa, impulsada desde el Principado, se implantar\u00e1 pr\u00f3ximamente en otros concejos\" \/>\n<meta property=\"og:url\" content=\"https:\/\/www.cuencasmineras.com\/index.php\/2021\/08\/06\/san-martin-estrena-paneles-para-conocer-el-tiempo-de-llegada-de-los-autobuses\/\" \/>\n<meta property=\"article:published_time\" content=\"2021-08-06T12:27:35+00:00\" \/>\n<meta property=\"og:image\" content=\"https:\/\/www.cuencasmineras.com\/wp-content\/uploads\/2021\/08\/47608df8-9a80-4787-99e9-4c7c360ed47f_16-9-discover-aspect-ratio_default_0.jpg\" \/>\n\t<meta property=\"og:image:width\" content=\"1200\" \/>\n\t<meta property=\"og:image:height\" content=\"675\" \/>\n\t<meta property=\"og:image:type\" content=\"image\/jpeg\" \/>\n<meta name=\"author\" content=\"admin\" \/>\n<meta name=\"twitter:card\" content=\"summary_large_image\" \/>\n<meta name=\"twitter:label1\" content=\"Escrito por\" \/>\n\t<meta name=\"twitter:data1\" content=\"admin\" \/>\n\t<meta name=\"twitter:label2\" content=\"Tiempo de lectura\" \/>\n\t<meta name=\"twitter:data2\" content=\"2 minutos\" \/>\n<script type=\"application\/ld+json\" class=\"yoast-schema-graph\">{\"@context\":\"https:\\\/\\\/schema.org\",\"@graph\":[{\"@type\":\"Article\",\"@id\":\"https:\\\/\\\/www.cuencasmineras.com\\\/index.php\\\/2021\\\/08\\\/06\\\/san-martin-estrena-paneles-para-conocer-el-tiempo-de-llegada-de-los-autobuses\\\/#article\",\"isPartOf\":{\"@id\":\"https:\\\/\\\/www.cuencasmineras.com\\\/index.php\\\/2021\\\/08\\\/06\\\/san-martin-estrena-paneles-para-conocer-el-tiempo-de-llegada-de-los-autobuses\\\/\"},\"author\":{\"name\":\"admin\",\"@id\":\"https:\\\/\\\/www.cuencasmineras.com\\\/#\\\/schema\\\/person\\\/be0691310e8496ec555f679dd688420c\"},\"headline\":\"San Mart\u00edn estrena paneles para conocer el tiempo de llegada de los autobuses\",\"datePublished\":\"2021-08-06T12:27:35+00:00\",\"mainEntityOfPage\":{\"@id\":\"https:\\\/\\\/www.cuencasmineras.com\\\/index.php\\\/2021\\\/08\\\/06\\\/san-martin-estrena-paneles-para-conocer-el-tiempo-de-llegada-de-los-autobuses\\\/\"},\"wordCount\":344,\"commentCount\":0,\"image\":{\"@id\":\"https:\\\/\\\/www.cuencasmineras.com\\\/index.php\\\/2021\\\/08\\\/06\\\/san-martin-estrena-paneles-para-conocer-el-tiempo-de-llegada-de-los-autobuses\\\/#primaryimage\"},\"thumbnailUrl\":\"https:\\\/\\\/www.cuencasmineras.com\\\/wp-content\\\/uploads\\\/2021\\\/08\\\/47608df8-9a80-4787-99e9-4c7c360ed47f_16-9-discover-aspect-ratio_default_0.jpg\",\"articleSection\":[\"Caudal\",\"CM NEWS\",\"Nal\u00f3n\"],\"inLanguage\":\"es\",\"potentialAction\":[{\"@type\":\"CommentAction\",\"name\":\"Comment\",\"target\":[\"https:\\\/\\\/www.cuencasmineras.com\\\/index.php\\\/2021\\\/08\\\/06\\\/san-martin-estrena-paneles-para-conocer-el-tiempo-de-llegada-de-los-autobuses\\\/#respond\"]}]},{\"@type\":\"WebPage\",\"@id\":\"https:\\\/\\\/www.cuencasmineras.com\\\/index.php\\\/2021\\\/08\\\/06\\\/san-martin-estrena-paneles-para-conocer-el-tiempo-de-llegada-de-los-autobuses\\\/\",\"url\":\"https:\\\/\\\/www.cuencasmineras.com\\\/index.php\\\/2021\\\/08\\\/06\\\/san-martin-estrena-paneles-para-conocer-el-tiempo-de-llegada-de-los-autobuses\\\/\",\"name\":\"San Mart\u00edn estrena paneles para conocer el tiempo de llegada de los autobuses - cm news\",\"isPartOf\":{\"@id\":\"https:\\\/\\\/www.cuencasmineras.com\\\/#website\"},\"primaryImageOfPage\":{\"@id\":\"https:\\\/\\\/www.cuencasmineras.com\\\/index.php\\\/2021\\\/08\\\/06\\\/san-martin-estrena-paneles-para-conocer-el-tiempo-de-llegada-de-los-autobuses\\\/#primaryimage\"},\"image\":{\"@id\":\"https:\\\/\\\/www.cuencasmineras.com\\\/index.php\\\/2021\\\/08\\\/06\\\/san-martin-estrena-paneles-para-conocer-el-tiempo-de-llegada-de-los-autobuses\\\/#primaryimage\"},\"thumbnailUrl\":\"https:\\\/\\\/www.cuencasmineras.com\\\/wp-content\\\/uploads\\\/2021\\\/08\\\/47608df8-9a80-4787-99e9-4c7c360ed47f_16-9-discover-aspect-ratio_default_0.jpg\",\"datePublished\":\"2021-08-06T12:27:35+00:00\",\"author\":{\"@id\":\"https:\\\/\\\/www.cuencasmineras.com\\\/#\\\/schema\\\/person\\\/be0691310e8496ec555f679dd688420c\"},\"description\":\"La iniciativa, impulsada desde el Principado, se implantar\u00e1 pr\u00f3ximamente en otros concejos\",\"breadcrumb\":{\"@id\":\"https:\\\/\\\/www.cuencasmineras.com\\\/index.php\\\/2021\\\/08\\\/06\\\/san-martin-estrena-paneles-para-conocer-el-tiempo-de-llegada-de-los-autobuses\\\/#breadcrumb\"},\"inLanguage\":\"es\",\"potentialAction\":[{\"@type\":\"ReadAction\",\"target\":[\"https:\\\/\\\/www.cuencasmineras.com\\\/index.php\\\/2021\\\/08\\\/06\\\/san-martin-estrena-paneles-para-conocer-el-tiempo-de-llegada-de-los-autobuses\\\/\"]}]},{\"@type\":\"ImageObject\",\"inLanguage\":\"es\",\"@id\":\"https:\\\/\\\/www.cuencasmineras.com\\\/index.php\\\/2021\\\/08\\\/06\\\/san-martin-estrena-paneles-para-conocer-el-tiempo-de-llegada-de-los-autobuses\\\/#primaryimage\",\"url\":\"https:\\\/\\\/www.cuencasmineras.com\\\/wp-content\\\/uploads\\\/2021\\\/08\\\/47608df8-9a80-4787-99e9-4c7c360ed47f_16-9-discover-aspect-ratio_default_0.jpg\",\"contentUrl\":\"https:\\\/\\\/www.cuencasmineras.com\\\/wp-content\\\/uploads\\\/2021\\\/08\\\/47608df8-9a80-4787-99e9-4c7c360ed47f_16-9-discover-aspect-ratio_default_0.jpg\",\"width\":1200,\"height\":675},{\"@type\":\"BreadcrumbList\",\"@id\":\"https:\\\/\\\/www.cuencasmineras.com\\\/index.php\\\/2021\\\/08\\\/06\\\/san-martin-estrena-paneles-para-conocer-el-tiempo-de-llegada-de-los-autobuses\\\/#breadcrumb\",\"itemListElement\":[{\"@type\":\"ListItem\",\"position\":1,\"name\":\"Portada\",\"item\":\"https:\\\/\\\/www.cuencasmineras.com\\\/\"},{\"@type\":\"ListItem\",\"position\":2,\"name\":\"San Mart\u00edn estrena paneles para conocer el tiempo de llegada de los autobuses\"}]},{\"@type\":\"WebSite\",\"@id\":\"https:\\\/\\\/www.cuencasmineras.com\\\/#website\",\"url\":\"https:\\\/\\\/www.cuencasmineras.com\\\/\",\"name\":\"\",\"description\":\"\",\"potentialAction\":[{\"@type\":\"SearchAction\",\"target\":{\"@type\":\"EntryPoint\",\"urlTemplate\":\"https:\\\/\\\/www.cuencasmineras.com\\\/?s={search_term_string}\"},\"query-input\":{\"@type\":\"PropertyValueSpecification\",\"valueRequired\":true,\"valueName\":\"search_term_string\"}}],\"inLanguage\":\"es\"},{\"@type\":\"Person\",\"@id\":\"https:\\\/\\\/www.cuencasmineras.com\\\/#\\\/schema\\\/person\\\/be0691310e8496ec555f679dd688420c\",\"name\":\"admin\",\"image\":{\"@type\":\"ImageObject\",\"inLanguage\":\"es\",\"@id\":\"https:\\\/\\\/secure.gravatar.com\\\/avatar\\\/4afd2eed3b2fbbf36dd6707b5bd8a5b50ac648f033e36fbf85aeace2f0f859db?s=96&d=mm&r=g\",\"url\":\"https:\\\/\\\/secure.gravatar.com\\\/avatar\\\/4afd2eed3b2fbbf36dd6707b5bd8a5b50ac648f033e36fbf85aeace2f0f859db?s=96&d=mm&r=g\",\"contentUrl\":\"https:\\\/\\\/secure.gravatar.com\\\/avatar\\\/4afd2eed3b2fbbf36dd6707b5bd8a5b50ac648f033e36fbf85aeace2f0f859db?s=96&d=mm&r=g\",\"caption\":\"admin\"},\"sameAs\":[\"https:\\\/\\\/www.cuencasmineras.com\"],\"url\":\"https:\\\/\\\/www.cuencasmineras.com\\\/index.php\\\/author\\\/admin\\\/\"}]}<\/script>\n<!-- \/ Yoast SEO plugin. -->","yoast_head_json":{"title":"San Mart\u00edn estrena paneles para conocer el tiempo de llegada de los autobuses - cm news","description":"La iniciativa, impulsada desde el Principado, se implantar\u00e1 pr\u00f3ximamente en otros concejos","robots":{"index":"index","follow":"follow","max-snippet":"max-snippet:-1","max-image-preview":"max-image-preview:large","max-video-preview":"max-video-preview:-1"},"canonical":"https:\/\/www.cuencasmineras.com\/index.php\/2021\/08\/06\/san-martin-estrena-paneles-para-conocer-el-tiempo-de-llegada-de-los-autobuses\/","og_locale":"es_ES","og_type":"article","og_title":"San Mart\u00edn estrena paneles para conocer el tiempo de llegada de los autobuses - cm news","og_description":"La iniciativa, impulsada desde el Principado, se implantar\u00e1 pr\u00f3ximamente en otros concejos","og_url":"https:\/\/www.cuencasmineras.com\/index.php\/2021\/08\/06\/san-martin-estrena-paneles-para-conocer-el-tiempo-de-llegada-de-los-autobuses\/","article_published_time":"2021-08-06T12:27:35+00:00","og_image":[{"width":1200,"height":675,"url":"https:\/\/www.cuencasmineras.com\/wp-content\/uploads\/2021\/08\/47608df8-9a80-4787-99e9-4c7c360ed47f_16-9-discover-aspect-ratio_default_0.jpg","type":"image\/jpeg"}],"author":"admin","twitter_card":"summary_large_image","twitter_misc":{"Escrito por":"admin","Tiempo de lectura":"2 minutos"},"schema":{"@context":"https:\/\/schema.org","@graph":[{"@type":"Article","@id":"https:\/\/www.cuencasmineras.com\/index.php\/2021\/08\/06\/san-martin-estrena-paneles-para-conocer-el-tiempo-de-llegada-de-los-autobuses\/#article","isPartOf":{"@id":"https:\/\/www.cuencasmineras.com\/index.php\/2021\/08\/06\/san-martin-estrena-paneles-para-conocer-el-tiempo-de-llegada-de-los-autobuses\/"},"author":{"name":"admin","@id":"https:\/\/www.cuencasmineras.com\/#\/schema\/person\/be0691310e8496ec555f679dd688420c"},"headline":"San Mart\u00edn estrena paneles para conocer el tiempo de llegada de los autobuses","datePublished":"2021-08-06T12:27:35+00:00","mainEntityOfPage":{"@id":"https:\/\/www.cuencasmineras.com\/index.php\/2021\/08\/06\/san-martin-estrena-paneles-para-conocer-el-tiempo-de-llegada-de-los-autobuses\/"},"wordCount":344,"commentCount":0,"image":{"@id":"https:\/\/www.cuencasmineras.com\/index.php\/2021\/08\/06\/san-martin-estrena-paneles-para-conocer-el-tiempo-de-llegada-de-los-autobuses\/#primaryimage"},"thumbnailUrl":"https:\/\/www.cuencasmineras.com\/wp-content\/uploads\/2021\/08\/47608df8-9a80-4787-99e9-4c7c360ed47f_16-9-discover-aspect-ratio_default_0.jpg","articleSection":["Caudal","CM NEWS","Nal\u00f3n"],"inLanguage":"es","potentialAction":[{"@type":"CommentAction","name":"Comment","target":["https:\/\/www.cuencasmineras.com\/index.php\/2021\/08\/06\/san-martin-estrena-paneles-para-conocer-el-tiempo-de-llegada-de-los-autobuses\/#respond"]}]},{"@type":"WebPage","@id":"https:\/\/www.cuencasmineras.com\/index.php\/2021\/08\/06\/san-martin-estrena-paneles-para-conocer-el-tiempo-de-llegada-de-los-autobuses\/","url":"https:\/\/www.cuencasmineras.com\/index.php\/2021\/08\/06\/san-martin-estrena-paneles-para-conocer-el-tiempo-de-llegada-de-los-autobuses\/","name":"San Mart\u00edn estrena paneles para conocer el tiempo de llegada de los autobuses - cm news","isPartOf":{"@id":"https:\/\/www.cuencasmineras.com\/#website"},"primaryImageOfPage":{"@id":"https:\/\/www.cuencasmineras.com\/index.php\/2021\/08\/06\/san-martin-estrena-paneles-para-conocer-el-tiempo-de-llegada-de-los-autobuses\/#primaryimage"},"image":{"@id":"https:\/\/www.cuencasmineras.com\/index.php\/2021\/08\/06\/san-martin-estrena-paneles-para-conocer-el-tiempo-de-llegada-de-los-autobuses\/#primaryimage"},"thumbnailUrl":"https:\/\/www.cuencasmineras.com\/wp-content\/uploads\/2021\/08\/47608df8-9a80-4787-99e9-4c7c360ed47f_16-9-discover-aspect-ratio_default_0.jpg","datePublished":"2021-08-06T12:27:35+00:00","author":{"@id":"https:\/\/www.cuencasmineras.com\/#\/schema\/person\/be0691310e8496ec555f679dd688420c"},"description":"La iniciativa, impulsada desde el Principado, se implantar\u00e1 pr\u00f3ximamente en otros concejos","breadcrumb":{"@id":"https:\/\/www.cuencasmineras.com\/index.php\/2021\/08\/06\/san-martin-estrena-paneles-para-conocer-el-tiempo-de-llegada-de-los-autobuses\/#breadcrumb"},"inLanguage":"es","potentialAction":[{"@type":"ReadAction","target":["https:\/\/www.cuencasmineras.com\/index.php\/2021\/08\/06\/san-martin-estrena-paneles-para-conocer-el-tiempo-de-llegada-de-los-autobuses\/"]}]},{"@type":"ImageObject","inLanguage":"es","@id":"https:\/\/www.cuencasmineras.com\/index.php\/2021\/08\/06\/san-martin-estrena-paneles-para-conocer-el-tiempo-de-llegada-de-los-autobuses\/#primaryimage","url":"https:\/\/www.cuencasmineras.com\/wp-content\/uploads\/2021\/08\/47608df8-9a80-4787-99e9-4c7c360ed47f_16-9-discover-aspect-ratio_default_0.jpg","contentUrl":"https:\/\/www.cuencasmineras.com\/wp-content\/uploads\/2021\/08\/47608df8-9a80-4787-99e9-4c7c360ed47f_16-9-discover-aspect-ratio_default_0.jpg","width":1200,"height":675},{"@type":"BreadcrumbList","@id":"https:\/\/www.cuencasmineras.com\/index.php\/2021\/08\/06\/san-martin-estrena-paneles-para-conocer-el-tiempo-de-llegada-de-los-autobuses\/#breadcrumb","itemListElement":[{"@type":"ListItem","position":1,"name":"Portada","item":"https:\/\/www.cuencasmineras.com\/"},{"@type":"ListItem","position":2,"name":"San Mart\u00edn estrena paneles para conocer el tiempo de llegada de los autobuses"}]},{"@type":"WebSite","@id":"https:\/\/www.cuencasmineras.com\/#website","url":"https:\/\/www.cuencasmineras.com\/","name":"","description":"","potentialAction":[{"@type":"SearchAction","target":{"@type":"EntryPoint","urlTemplate":"https:\/\/www.cuencasmineras.com\/?s={search_term_string}"},"query-input":{"@type":"PropertyValueSpecification","valueRequired":true,"valueName":"search_term_string"}}],"inLanguage":"es"},{"@type":"Person","@id":"https:\/\/www.cuencasmineras.com\/#\/schema\/person\/be0691310e8496ec555f679dd688420c","name":"admin","image":{"@type":"ImageObject","inLanguage":"es","@id":"https:\/\/secure.gravatar.com\/avatar\/4afd2eed3b2fbbf36dd6707b5bd8a5b50ac648f033e36fbf85aeace2f0f859db?s=96&d=mm&r=g","url":"https:\/\/secure.gravatar.com\/avatar\/4afd2eed3b2fbbf36dd6707b5bd8a5b50ac648f033e36fbf85aeace2f0f859db?s=96&d=mm&r=g","contentUrl":"https:\/\/secure.gravatar.com\/avatar\/4afd2eed3b2fbbf36dd6707b5bd8a5b50ac648f033e36fbf85aeace2f0f859db?s=96&d=mm&r=g","caption":"admin"},"sameAs":["https:\/\/www.cuencasmineras.com"],"url":"https:\/\/www.cuencasmineras.com\/index.php\/author\/admin\/"}]}},"_links":{"self":[{"href":"https:\/\/www.cuencasmineras.com\/index.php\/wp-json\/wp\/v2\/posts\/3254","targetHints":{"allow":["GET"]}}],"collection":[{"href":"https:\/\/www.cuencasmineras.com\/index.php\/wp-json\/wp\/v2\/posts"}],"about":[{"href":"https:\/\/www.cuencasmineras.com\/index.php\/wp-json\/wp\/v2\/types\/post"}],"author":[{"embeddable":true,"href":"https:\/\/www.cuencasmineras.com\/index.php\/wp-json\/wp\/v2\/users\/1"}],"replies":[{"embeddable":true,"href":"https:\/\/www.cuencasmineras.com\/index.php\/wp-json\/wp\/v2\/comments?post=3254"}],"version-history":[{"count":1,"href":"https:\/\/www.cuencasmineras.com\/index.php\/wp-json\/wp\/v2\/posts\/3254\/revisions"}],"predecessor-version":[{"id":3256,"href":"https:\/\/www.cuencasmineras.com\/index.php\/wp-json\/wp\/v2\/posts\/3254\/revisions\/3256"}],"wp:featuredmedia":[{"embeddable":true,"href":"https:\/\/www.cuencasmineras.com\/index.php\/wp-json\/wp\/v2\/media\/3255"}],"wp:attachment":[{"href":"https:\/\/www.cuencasmineras.com\/index.php\/wp-json\/wp\/v2\/media?parent=3254"}],"wp:term":[{"taxonomy":"category","embeddable":true,"href":"https:\/\/www.cuencasmineras.com\/index.php\/wp-json\/wp\/v2\/categories?post=3254"},{"taxonomy":"post_tag","embeddable":true,"href":"https:\/\/www.cuencasmineras.com\/index.php\/wp-json\/wp\/v2\/tags?post=3254"}],"curies":[{"name":"wp","href":"https:\/\/api.w.org\/{rel}","templated":true}]}}