{"id":3264,"date":"2021-08-08T22:46:29","date_gmt":"2021-08-08T22:46:29","guid":{"rendered":"https:\/\/www.cuencasmineras.com\/?p=3264"},"modified":"2021-08-08T22:46:29","modified_gmt":"2021-08-08T22:46:29","slug":"la-guardia-civil-investiga-la-muerte-a-tiros-de-una-vaca-en-los-montes-de-sobrescobio","status":"publish","type":"post","link":"https:\/\/www.cuencasmineras.com\/index.php\/2021\/08\/08\/la-guardia-civil-investiga-la-muerte-a-tiros-de-una-vaca-en-los-montes-de-sobrescobio\/","title":{"rendered":"La Guardia Civil investiga la muerte a tiros de una vaca en los montes de Sobrescobio"},"content":{"rendered":"<p style=\"text-align: justify;\">Un ganadero de Sobrescobio ha denunciado ante la Guardia Civil la muerte a tiros de uno de sus animales, una vaca adulta, que presentaba dos disparos, uno en la cabeza y otro \u201cen la barriga\u201d. El certificado veterinario oficial atestigua que \u201cel animal presenta una herida en la zona frontal que penetra en el cr\u00e1neo al menos 5 cent\u00edmetros, y el di\u00e1metro del orificio coincide con el de una bala del calibre 22\u201d. El animal fue encontrado en el paraje conocido como Fresnu, en el entorno de la Ruta del Alba y de Soto de Agues.<\/p>\n<p><img loading=\"lazy\" decoding=\"async\" class=\"aligncenter size-large wp-image-3265\" src=\"https:\/\/www.cuencasmineras.com\/wp-content\/uploads\/2021\/08\/e7f36853-8be7-44c9-bd22-a8c089de399b_21-9-aspect-ratio_default_0-1024x438.jpg\" alt=\"\" width=\"640\" height=\"274\" srcset=\"https:\/\/www.cuencasmineras.com\/wp-content\/uploads\/2021\/08\/e7f36853-8be7-44c9-bd22-a8c089de399b_21-9-aspect-ratio_default_0-1024x438.jpg 1024w, https:\/\/www.cuencasmineras.com\/wp-content\/uploads\/2021\/08\/e7f36853-8be7-44c9-bd22-a8c089de399b_21-9-aspect-ratio_default_0-300x128.jpg 300w, https:\/\/www.cuencasmineras.com\/wp-content\/uploads\/2021\/08\/e7f36853-8be7-44c9-bd22-a8c089de399b_21-9-aspect-ratio_default_0-768x329.jpg 768w, https:\/\/www.cuencasmineras.com\/wp-content\/uploads\/2021\/08\/e7f36853-8be7-44c9-bd22-a8c089de399b_21-9-aspect-ratio_default_0.jpg 1280w\" sizes=\"auto, (max-width: 640px) 100vw, 640px\" \/><\/p>\n<p style=\"text-align: justify;\">La denuncia, realizada en el cuartel de la Guardia Civil de Pola de Laviana, ser\u00e1 investigada con casi total probabilidad por el equipo del Seprona, el Servicio de Protecci\u00f3n a la Naturaleza. El denunciante, Belarmino Canella Barb\u00f3n, explic\u00f3 que ha llevado a cabo todo el proceso asesorado por su abogado, Arturo Le\u00f3n. Tal y como relata en la denuncia, el ganadero, que cuenta con unas 150 reses en total, observ\u00f3 el 1 de agosto que una de su vacas, que se encontraba en Fresnu, presentaba un mal estado de salud. Pidi\u00f3 el consejo de un veterinario, que le dijo que le pusiese una inyecci\u00f3n al animal, cosa que hizo. Detect\u00f3 una herida en la cabeza, \u201csin saber qu\u00e9 la hab\u00eda producido\u201d, y el aplic\u00f3 \u201cbetadine\u201d. El d\u00eda 2 un vecino le alert\u00f3 de que en esa campa hab\u00eda una vaca en mal estado, y que pod\u00eda ser suya. Acudi\u00f3 al paraje a atenderla, y en ese momento, con una exploraci\u00f3n m\u00e1s exhaustiva, comprob\u00f3 que la vaca ten\u00eda \u201cdos impactos de bala, uno en la cabeza y otro en el costado derecho\u201d. La visita del veterinario certific\u00f3 la herida en la cabeza, con una profundidad \u201cde al menos 5 cent\u00edmetros\u201d (medida con unas tijeras de trabajo) y con un di\u00e1metro \u201cdel orificio que coincide con el de una bala del calibre 22\u201d, una medida muy habitual tanto en armas de caza como de tiro deportivo.<\/p>\n<p>&nbsp;<\/p>\n","protected":false},"excerpt":{"rendered":"<p>Un ganadero de Sobrescobio ha denunciado ante la Guardia Civil la muerte a tiros de uno de sus animales, una vaca adulta, que presentaba dos disparos, uno en la cabeza y otro \u201cen la barriga\u201d. El certificado veterinario oficial atestigua que \u201cel animal presenta una herida en la zona frontal que penetra en el cr\u00e1neo [&hellip;]<\/p>\n","protected":false},"author":1,"featured_media":3265,"comment_status":"open","ping_status":"open","sticky":false,"template":"","format":"standard","meta":{"footnotes":""},"categories":[7,6,8],"tags":[],"class_list":["post-3264","post","type-post","status-publish","format-standard","has-post-thumbnail","hentry","category-caudal","category-noticias","category-nalon"],"yoast_head":"<!-- This site is optimized with the Yoast SEO plugin v27.4 - https:\/\/yoast.com\/product\/yoast-seo-wordpress\/ -->\n<title>La Guardia Civil investiga la muerte a tiros de una vaca en los montes de Sobrescobio -<\/title>\n<meta name=\"description\" content=\"El gobierno local plantea modernizar el polideportivo y la construcci\u00f3n de un parking subterr\u00e1neo para continuar con la remodelaci\u00f3n de la zona.\" \/>\n<meta name=\"robots\" content=\"index, follow, max-snippet:-1, max-image-preview:large, max-video-preview:-1\" \/>\n<link rel=\"canonical\" href=\"https:\/\/www.cuencasmineras.com\/index.php\/2021\/08\/08\/la-guardia-civil-investiga-la-muerte-a-tiros-de-una-vaca-en-los-montes-de-sobrescobio\/\" \/>\n<meta property=\"og:locale\" content=\"es_ES\" \/>\n<meta property=\"og:type\" content=\"article\" \/>\n<meta property=\"og:title\" content=\"La Guardia Civil investiga la muerte a tiros de una vaca en los montes de Sobrescobio -\" \/>\n<meta property=\"og:description\" content=\"El gobierno local plantea modernizar el polideportivo y la construcci\u00f3n de un parking subterr\u00e1neo para continuar con la remodelaci\u00f3n de la zona.\" \/>\n<meta property=\"og:url\" content=\"https:\/\/www.cuencasmineras.com\/index.php\/2021\/08\/08\/la-guardia-civil-investiga-la-muerte-a-tiros-de-una-vaca-en-los-montes-de-sobrescobio\/\" \/>\n<meta property=\"article:published_time\" content=\"2021-08-08T22:46:29+00:00\" \/>\n<meta property=\"og:image\" content=\"https:\/\/www.cuencasmineras.com\/wp-content\/uploads\/2021\/08\/e7f36853-8be7-44c9-bd22-a8c089de399b_21-9-aspect-ratio_default_0.jpg\" \/>\n\t<meta property=\"og:image:width\" content=\"1280\" \/>\n\t<meta property=\"og:image:height\" content=\"548\" \/>\n\t<meta property=\"og:image:type\" content=\"image\/jpeg\" \/>\n<meta name=\"author\" content=\"admin\" \/>\n<meta name=\"twitter:card\" content=\"summary_large_image\" \/>\n<meta name=\"twitter:label1\" content=\"Escrito por\" \/>\n\t<meta name=\"twitter:data1\" content=\"admin\" \/>\n\t<meta name=\"twitter:label2\" content=\"Tiempo de lectura\" \/>\n\t<meta name=\"twitter:data2\" content=\"2 minutos\" \/>\n<script type=\"application\/ld+json\" class=\"yoast-schema-graph\">{\"@context\":\"https:\\\/\\\/schema.org\",\"@graph\":[{\"@type\":\"Article\",\"@id\":\"https:\\\/\\\/www.cuencasmineras.com\\\/index.php\\\/2021\\\/08\\\/08\\\/la-guardia-civil-investiga-la-muerte-a-tiros-de-una-vaca-en-los-montes-de-sobrescobio\\\/#article\",\"isPartOf\":{\"@id\":\"https:\\\/\\\/www.cuencasmineras.com\\\/index.php\\\/2021\\\/08\\\/08\\\/la-guardia-civil-investiga-la-muerte-a-tiros-de-una-vaca-en-los-montes-de-sobrescobio\\\/\"},\"author\":{\"name\":\"admin\",\"@id\":\"https:\\\/\\\/www.cuencasmineras.com\\\/#\\\/schema\\\/person\\\/be0691310e8496ec555f679dd688420c\"},\"headline\":\"La Guardia Civil investiga la muerte a tiros de una vaca en los montes de Sobrescobio\",\"datePublished\":\"2021-08-08T22:46:29+00:00\",\"mainEntityOfPage\":{\"@id\":\"https:\\\/\\\/www.cuencasmineras.com\\\/index.php\\\/2021\\\/08\\\/08\\\/la-guardia-civil-investiga-la-muerte-a-tiros-de-una-vaca-en-los-montes-de-sobrescobio\\\/\"},\"wordCount\":356,\"commentCount\":0,\"image\":{\"@id\":\"https:\\\/\\\/www.cuencasmineras.com\\\/index.php\\\/2021\\\/08\\\/08\\\/la-guardia-civil-investiga-la-muerte-a-tiros-de-una-vaca-en-los-montes-de-sobrescobio\\\/#primaryimage\"},\"thumbnailUrl\":\"https:\\\/\\\/www.cuencasmineras.com\\\/wp-content\\\/uploads\\\/2021\\\/08\\\/e7f36853-8be7-44c9-bd22-a8c089de399b_21-9-aspect-ratio_default_0.jpg\",\"articleSection\":[\"Caudal\",\"CM NEWS\",\"Nal\u00f3n\"],\"inLanguage\":\"es\",\"potentialAction\":[{\"@type\":\"CommentAction\",\"name\":\"Comment\",\"target\":[\"https:\\\/\\\/www.cuencasmineras.com\\\/index.php\\\/2021\\\/08\\\/08\\\/la-guardia-civil-investiga-la-muerte-a-tiros-de-una-vaca-en-los-montes-de-sobrescobio\\\/#respond\"]}]},{\"@type\":\"WebPage\",\"@id\":\"https:\\\/\\\/www.cuencasmineras.com\\\/index.php\\\/2021\\\/08\\\/08\\\/la-guardia-civil-investiga-la-muerte-a-tiros-de-una-vaca-en-los-montes-de-sobrescobio\\\/\",\"url\":\"https:\\\/\\\/www.cuencasmineras.com\\\/index.php\\\/2021\\\/08\\\/08\\\/la-guardia-civil-investiga-la-muerte-a-tiros-de-una-vaca-en-los-montes-de-sobrescobio\\\/\",\"name\":\"La Guardia Civil investiga la muerte a tiros de una vaca en los montes de Sobrescobio -\",\"isPartOf\":{\"@id\":\"https:\\\/\\\/www.cuencasmineras.com\\\/#website\"},\"primaryImageOfPage\":{\"@id\":\"https:\\\/\\\/www.cuencasmineras.com\\\/index.php\\\/2021\\\/08\\\/08\\\/la-guardia-civil-investiga-la-muerte-a-tiros-de-una-vaca-en-los-montes-de-sobrescobio\\\/#primaryimage\"},\"image\":{\"@id\":\"https:\\\/\\\/www.cuencasmineras.com\\\/index.php\\\/2021\\\/08\\\/08\\\/la-guardia-civil-investiga-la-muerte-a-tiros-de-una-vaca-en-los-montes-de-sobrescobio\\\/#primaryimage\"},\"thumbnailUrl\":\"https:\\\/\\\/www.cuencasmineras.com\\\/wp-content\\\/uploads\\\/2021\\\/08\\\/e7f36853-8be7-44c9-bd22-a8c089de399b_21-9-aspect-ratio_default_0.jpg\",\"datePublished\":\"2021-08-08T22:46:29+00:00\",\"author\":{\"@id\":\"https:\\\/\\\/www.cuencasmineras.com\\\/#\\\/schema\\\/person\\\/be0691310e8496ec555f679dd688420c\"},\"description\":\"El gobierno local plantea modernizar el polideportivo y la construcci\u00f3n de un parking subterr\u00e1neo para continuar con la remodelaci\u00f3n de la zona.\",\"breadcrumb\":{\"@id\":\"https:\\\/\\\/www.cuencasmineras.com\\\/index.php\\\/2021\\\/08\\\/08\\\/la-guardia-civil-investiga-la-muerte-a-tiros-de-una-vaca-en-los-montes-de-sobrescobio\\\/#breadcrumb\"},\"inLanguage\":\"es\",\"potentialAction\":[{\"@type\":\"ReadAction\",\"target\":[\"https:\\\/\\\/www.cuencasmineras.com\\\/index.php\\\/2021\\\/08\\\/08\\\/la-guardia-civil-investiga-la-muerte-a-tiros-de-una-vaca-en-los-montes-de-sobrescobio\\\/\"]}]},{\"@type\":\"ImageObject\",\"inLanguage\":\"es\",\"@id\":\"https:\\\/\\\/www.cuencasmineras.com\\\/index.php\\\/2021\\\/08\\\/08\\\/la-guardia-civil-investiga-la-muerte-a-tiros-de-una-vaca-en-los-montes-de-sobrescobio\\\/#primaryimage\",\"url\":\"https:\\\/\\\/www.cuencasmineras.com\\\/wp-content\\\/uploads\\\/2021\\\/08\\\/e7f36853-8be7-44c9-bd22-a8c089de399b_21-9-aspect-ratio_default_0.jpg\",\"contentUrl\":\"https:\\\/\\\/www.cuencasmineras.com\\\/wp-content\\\/uploads\\\/2021\\\/08\\\/e7f36853-8be7-44c9-bd22-a8c089de399b_21-9-aspect-ratio_default_0.jpg\",\"width\":1280,\"height\":548},{\"@type\":\"BreadcrumbList\",\"@id\":\"https:\\\/\\\/www.cuencasmineras.com\\\/index.php\\\/2021\\\/08\\\/08\\\/la-guardia-civil-investiga-la-muerte-a-tiros-de-una-vaca-en-los-montes-de-sobrescobio\\\/#breadcrumb\",\"itemListElement\":[{\"@type\":\"ListItem\",\"position\":1,\"name\":\"Portada\",\"item\":\"https:\\\/\\\/www.cuencasmineras.com\\\/\"},{\"@type\":\"ListItem\",\"position\":2,\"name\":\"La Guardia Civil investiga la muerte a tiros de una vaca en los montes de Sobrescobio\"}]},{\"@type\":\"WebSite\",\"@id\":\"https:\\\/\\\/www.cuencasmineras.com\\\/#website\",\"url\":\"https:\\\/\\\/www.cuencasmineras.com\\\/\",\"name\":\"\",\"description\":\"\",\"potentialAction\":[{\"@type\":\"SearchAction\",\"target\":{\"@type\":\"EntryPoint\",\"urlTemplate\":\"https:\\\/\\\/www.cuencasmineras.com\\\/?s={search_term_string}\"},\"query-input\":{\"@type\":\"PropertyValueSpecification\",\"valueRequired\":true,\"valueName\":\"search_term_string\"}}],\"inLanguage\":\"es\"},{\"@type\":\"Person\",\"@id\":\"https:\\\/\\\/www.cuencasmineras.com\\\/#\\\/schema\\\/person\\\/be0691310e8496ec555f679dd688420c\",\"name\":\"admin\",\"image\":{\"@type\":\"ImageObject\",\"inLanguage\":\"es\",\"@id\":\"https:\\\/\\\/secure.gravatar.com\\\/avatar\\\/4afd2eed3b2fbbf36dd6707b5bd8a5b50ac648f033e36fbf85aeace2f0f859db?s=96&d=mm&r=g\",\"url\":\"https:\\\/\\\/secure.gravatar.com\\\/avatar\\\/4afd2eed3b2fbbf36dd6707b5bd8a5b50ac648f033e36fbf85aeace2f0f859db?s=96&d=mm&r=g\",\"contentUrl\":\"https:\\\/\\\/secure.gravatar.com\\\/avatar\\\/4afd2eed3b2fbbf36dd6707b5bd8a5b50ac648f033e36fbf85aeace2f0f859db?s=96&d=mm&r=g\",\"caption\":\"admin\"},\"sameAs\":[\"https:\\\/\\\/www.cuencasmineras.com\"],\"url\":\"https:\\\/\\\/www.cuencasmineras.com\\\/index.php\\\/author\\\/admin\\\/\"}]}<\/script>\n<!-- \/ Yoast SEO plugin. -->","yoast_head_json":{"title":"La Guardia Civil investiga la muerte a tiros de una vaca en los montes de Sobrescobio -","description":"El gobierno local plantea modernizar el polideportivo y la construcci\u00f3n de un parking subterr\u00e1neo para continuar con la remodelaci\u00f3n de la zona.","robots":{"index":"index","follow":"follow","max-snippet":"max-snippet:-1","max-image-preview":"max-image-preview:large","max-video-preview":"max-video-preview:-1"},"canonical":"https:\/\/www.cuencasmineras.com\/index.php\/2021\/08\/08\/la-guardia-civil-investiga-la-muerte-a-tiros-de-una-vaca-en-los-montes-de-sobrescobio\/","og_locale":"es_ES","og_type":"article","og_title":"La Guardia Civil investiga la muerte a tiros de una vaca en los montes de Sobrescobio -","og_description":"El gobierno local plantea modernizar el polideportivo y la construcci\u00f3n de un parking subterr\u00e1neo para continuar con la remodelaci\u00f3n de la zona.","og_url":"https:\/\/www.cuencasmineras.com\/index.php\/2021\/08\/08\/la-guardia-civil-investiga-la-muerte-a-tiros-de-una-vaca-en-los-montes-de-sobrescobio\/","article_published_time":"2021-08-08T22:46:29+00:00","og_image":[{"width":1280,"height":548,"url":"https:\/\/www.cuencasmineras.com\/wp-content\/uploads\/2021\/08\/e7f36853-8be7-44c9-bd22-a8c089de399b_21-9-aspect-ratio_default_0.jpg","type":"image\/jpeg"}],"author":"admin","twitter_card":"summary_large_image","twitter_misc":{"Escrito por":"admin","Tiempo de lectura":"2 minutos"},"schema":{"@context":"https:\/\/schema.org","@graph":[{"@type":"Article","@id":"https:\/\/www.cuencasmineras.com\/index.php\/2021\/08\/08\/la-guardia-civil-investiga-la-muerte-a-tiros-de-una-vaca-en-los-montes-de-sobrescobio\/#article","isPartOf":{"@id":"https:\/\/www.cuencasmineras.com\/index.php\/2021\/08\/08\/la-guardia-civil-investiga-la-muerte-a-tiros-de-una-vaca-en-los-montes-de-sobrescobio\/"},"author":{"name":"admin","@id":"https:\/\/www.cuencasmineras.com\/#\/schema\/person\/be0691310e8496ec555f679dd688420c"},"headline":"La Guardia Civil investiga la muerte a tiros de una vaca en los montes de Sobrescobio","datePublished":"2021-08-08T22:46:29+00:00","mainEntityOfPage":{"@id":"https:\/\/www.cuencasmineras.com\/index.php\/2021\/08\/08\/la-guardia-civil-investiga-la-muerte-a-tiros-de-una-vaca-en-los-montes-de-sobrescobio\/"},"wordCount":356,"commentCount":0,"image":{"@id":"https:\/\/www.cuencasmineras.com\/index.php\/2021\/08\/08\/la-guardia-civil-investiga-la-muerte-a-tiros-de-una-vaca-en-los-montes-de-sobrescobio\/#primaryimage"},"thumbnailUrl":"https:\/\/www.cuencasmineras.com\/wp-content\/uploads\/2021\/08\/e7f36853-8be7-44c9-bd22-a8c089de399b_21-9-aspect-ratio_default_0.jpg","articleSection":["Caudal","CM NEWS","Nal\u00f3n"],"inLanguage":"es","potentialAction":[{"@type":"CommentAction","name":"Comment","target":["https:\/\/www.cuencasmineras.com\/index.php\/2021\/08\/08\/la-guardia-civil-investiga-la-muerte-a-tiros-de-una-vaca-en-los-montes-de-sobrescobio\/#respond"]}]},{"@type":"WebPage","@id":"https:\/\/www.cuencasmineras.com\/index.php\/2021\/08\/08\/la-guardia-civil-investiga-la-muerte-a-tiros-de-una-vaca-en-los-montes-de-sobrescobio\/","url":"https:\/\/www.cuencasmineras.com\/index.php\/2021\/08\/08\/la-guardia-civil-investiga-la-muerte-a-tiros-de-una-vaca-en-los-montes-de-sobrescobio\/","name":"La Guardia Civil investiga la muerte a tiros de una vaca en los montes de Sobrescobio -","isPartOf":{"@id":"https:\/\/www.cuencasmineras.com\/#website"},"primaryImageOfPage":{"@id":"https:\/\/www.cuencasmineras.com\/index.php\/2021\/08\/08\/la-guardia-civil-investiga-la-muerte-a-tiros-de-una-vaca-en-los-montes-de-sobrescobio\/#primaryimage"},"image":{"@id":"https:\/\/www.cuencasmineras.com\/index.php\/2021\/08\/08\/la-guardia-civil-investiga-la-muerte-a-tiros-de-una-vaca-en-los-montes-de-sobrescobio\/#primaryimage"},"thumbnailUrl":"https:\/\/www.cuencasmineras.com\/wp-content\/uploads\/2021\/08\/e7f36853-8be7-44c9-bd22-a8c089de399b_21-9-aspect-ratio_default_0.jpg","datePublished":"2021-08-08T22:46:29+00:00","author":{"@id":"https:\/\/www.cuencasmineras.com\/#\/schema\/person\/be0691310e8496ec555f679dd688420c"},"description":"El gobierno local plantea modernizar el polideportivo y la construcci\u00f3n de un parking subterr\u00e1neo para continuar con la remodelaci\u00f3n de la zona.","breadcrumb":{"@id":"https:\/\/www.cuencasmineras.com\/index.php\/2021\/08\/08\/la-guardia-civil-investiga-la-muerte-a-tiros-de-una-vaca-en-los-montes-de-sobrescobio\/#breadcrumb"},"inLanguage":"es","potentialAction":[{"@type":"ReadAction","target":["https:\/\/www.cuencasmineras.com\/index.php\/2021\/08\/08\/la-guardia-civil-investiga-la-muerte-a-tiros-de-una-vaca-en-los-montes-de-sobrescobio\/"]}]},{"@type":"ImageObject","inLanguage":"es","@id":"https:\/\/www.cuencasmineras.com\/index.php\/2021\/08\/08\/la-guardia-civil-investiga-la-muerte-a-tiros-de-una-vaca-en-los-montes-de-sobrescobio\/#primaryimage","url":"https:\/\/www.cuencasmineras.com\/wp-content\/uploads\/2021\/08\/e7f36853-8be7-44c9-bd22-a8c089de399b_21-9-aspect-ratio_default_0.jpg","contentUrl":"https:\/\/www.cuencasmineras.com\/wp-content\/uploads\/2021\/08\/e7f36853-8be7-44c9-bd22-a8c089de399b_21-9-aspect-ratio_default_0.jpg","width":1280,"height":548},{"@type":"BreadcrumbList","@id":"https:\/\/www.cuencasmineras.com\/index.php\/2021\/08\/08\/la-guardia-civil-investiga-la-muerte-a-tiros-de-una-vaca-en-los-montes-de-sobrescobio\/#breadcrumb","itemListElement":[{"@type":"ListItem","position":1,"name":"Portada","item":"https:\/\/www.cuencasmineras.com\/"},{"@type":"ListItem","position":2,"name":"La Guardia Civil investiga la muerte a tiros de una vaca en los montes de Sobrescobio"}]},{"@type":"WebSite","@id":"https:\/\/www.cuencasmineras.com\/#website","url":"https:\/\/www.cuencasmineras.com\/","name":"","description":"","potentialAction":[{"@type":"SearchAction","target":{"@type":"EntryPoint","urlTemplate":"https:\/\/www.cuencasmineras.com\/?s={search_term_string}"},"query-input":{"@type":"PropertyValueSpecification","valueRequired":true,"valueName":"search_term_string"}}],"inLanguage":"es"},{"@type":"Person","@id":"https:\/\/www.cuencasmineras.com\/#\/schema\/person\/be0691310e8496ec555f679dd688420c","name":"admin","image":{"@type":"ImageObject","inLanguage":"es","@id":"https:\/\/secure.gravatar.com\/avatar\/4afd2eed3b2fbbf36dd6707b5bd8a5b50ac648f033e36fbf85aeace2f0f859db?s=96&d=mm&r=g","url":"https:\/\/secure.gravatar.com\/avatar\/4afd2eed3b2fbbf36dd6707b5bd8a5b50ac648f033e36fbf85aeace2f0f859db?s=96&d=mm&r=g","contentUrl":"https:\/\/secure.gravatar.com\/avatar\/4afd2eed3b2fbbf36dd6707b5bd8a5b50ac648f033e36fbf85aeace2f0f859db?s=96&d=mm&r=g","caption":"admin"},"sameAs":["https:\/\/www.cuencasmineras.com"],"url":"https:\/\/www.cuencasmineras.com\/index.php\/author\/admin\/"}]}},"_links":{"self":[{"href":"https:\/\/www.cuencasmineras.com\/index.php\/wp-json\/wp\/v2\/posts\/3264","targetHints":{"allow":["GET"]}}],"collection":[{"href":"https:\/\/www.cuencasmineras.com\/index.php\/wp-json\/wp\/v2\/posts"}],"about":[{"href":"https:\/\/www.cuencasmineras.com\/index.php\/wp-json\/wp\/v2\/types\/post"}],"author":[{"embeddable":true,"href":"https:\/\/www.cuencasmineras.com\/index.php\/wp-json\/wp\/v2\/users\/1"}],"replies":[{"embeddable":true,"href":"https:\/\/www.cuencasmineras.com\/index.php\/wp-json\/wp\/v2\/comments?post=3264"}],"version-history":[{"count":2,"href":"https:\/\/www.cuencasmineras.com\/index.php\/wp-json\/wp\/v2\/posts\/3264\/revisions"}],"predecessor-version":[{"id":3267,"href":"https:\/\/www.cuencasmineras.com\/index.php\/wp-json\/wp\/v2\/posts\/3264\/revisions\/3267"}],"wp:featuredmedia":[{"embeddable":true,"href":"https:\/\/www.cuencasmineras.com\/index.php\/wp-json\/wp\/v2\/media\/3265"}],"wp:attachment":[{"href":"https:\/\/www.cuencasmineras.com\/index.php\/wp-json\/wp\/v2\/media?parent=3264"}],"wp:term":[{"taxonomy":"category","embeddable":true,"href":"https:\/\/www.cuencasmineras.com\/index.php\/wp-json\/wp\/v2\/categories?post=3264"},{"taxonomy":"post_tag","embeddable":true,"href":"https:\/\/www.cuencasmineras.com\/index.php\/wp-json\/wp\/v2\/tags?post=3264"}],"curies":[{"name":"wp","href":"https:\/\/api.w.org\/{rel}","templated":true}]}}