{"id":3295,"date":"2021-08-10T10:03:46","date_gmt":"2021-08-10T10:03:46","guid":{"rendered":"https:\/\/www.cuencasmineras.com\/?p=3295"},"modified":"2021-08-10T10:03:46","modified_gmt":"2021-08-10T10:03:46","slug":"la-obra-para-evitar-goteras-en-el-refugio-de-branagallones-se-iniciara-en-septiembre","status":"publish","type":"post","link":"https:\/\/www.cuencasmineras.com\/index.php\/2021\/08\/10\/la-obra-para-evitar-goteras-en-el-refugio-de-branagallones-se-iniciara-en-septiembre\/","title":{"rendered":"La obra para evitar goteras en el refugio de Bra\u00f1agallones se iniciar\u00e1 en septiembre"},"content":{"rendered":"<p style=\"text-align: justify;\">La reparaci\u00f3n integral del tejado del refugio de monta\u00f1a de Bra\u00f1agallones, uno de los emblemas del parque natural de Redes, comenzar\u00e1 en septiembre. La actuaci\u00f3n permitir\u00e1 acabar con los problemas de humedades y goteras que sufre el inmueble, as\u00ed como mejorar la climatizaci\u00f3n, mediante la utilizaci\u00f3n de materiales aislantes. La previsi\u00f3n es utilizar paneles de chapa galvanizada, que probablemente tendr\u00e1n que ser trasladados hasta el refugio en helic\u00f3ptero, dadas sus dimensiones, seg\u00fan indic\u00f3 a este diario el guarda de la instalaci\u00f3n, Jos\u00e9 Manuel Prado.<\/p>\n<p style=\"text-align: justify;\"><img loading=\"lazy\" decoding=\"async\" class=\"aligncenter size-large wp-image-3296\" src=\"https:\/\/www.cuencasmineras.com\/wp-content\/uploads\/2021\/08\/c6707414-c2b3-4fc6-9d42-e3795ea57626_21-9-aspect-ratio_default_0-1024x438.jpg\" alt=\"\" width=\"640\" height=\"274\" srcset=\"https:\/\/www.cuencasmineras.com\/wp-content\/uploads\/2021\/08\/c6707414-c2b3-4fc6-9d42-e3795ea57626_21-9-aspect-ratio_default_0-1024x438.jpg 1024w, https:\/\/www.cuencasmineras.com\/wp-content\/uploads\/2021\/08\/c6707414-c2b3-4fc6-9d42-e3795ea57626_21-9-aspect-ratio_default_0-300x128.jpg 300w, https:\/\/www.cuencasmineras.com\/wp-content\/uploads\/2021\/08\/c6707414-c2b3-4fc6-9d42-e3795ea57626_21-9-aspect-ratio_default_0-768x329.jpg 768w, https:\/\/www.cuencasmineras.com\/wp-content\/uploads\/2021\/08\/c6707414-c2b3-4fc6-9d42-e3795ea57626_21-9-aspect-ratio_default_0.jpg 1280w\" sizes=\"auto, (max-width: 640px) 100vw, 640px\" \/><br \/>\nEl Principado, propietario del edificio, ya hab\u00eda anunciado la pasado primavera su intenci\u00f3n de acometer la renovaci\u00f3n total del tejado para solucionar \u201clos problemas que eventualmente est\u00e1n surgiendo causados por la antig\u00fcedad de la cubierta, as\u00ed como por los temporales de viento y nieve\u201d, indic\u00f3 entonces la consejera de Cultura, Pol\u00edtica Ling\u00fc\u00edstica y Turismo, Berta Pi\u00f1\u00e1n, en respuesta a una pregunta del portavoz de Foro.<\/p>\n<p style=\"text-align: justify;\">La idea es asumir una \u201creparaci\u00f3n integral del sistema de tejado, es decir tejas, impermeabilizaci\u00f3n y estructura soporte (rastreles) incluidos, as\u00ed como ventilaciones, chimeneas y ventanas oscilobatientes tipo \u2018velux\u2019 en mal estado\u201d. La estimaci\u00f3n era ya entonces ejecutar la obra este a\u00f1o. No se contemplaban m\u00e1s actuaciones previas al desarrollo de este proyecto de reparaci\u00f3n integral, \u201cdado el bajo riesgo a corto plazo por filtraciones de agua importantes hacia el interior del edificio principal\u201d.<\/p>\n<p style=\"text-align: justify;\">La obra tendr\u00e1 una duraci\u00f3n de unos dos meses aproximadamente y se acometer\u00e1 en una semanas.<\/p>\n","protected":false},"excerpt":{"rendered":"<p>La reparaci\u00f3n integral del tejado del refugio de monta\u00f1a de Bra\u00f1agallones, uno de los emblemas del parque natural de Redes, comenzar\u00e1 en septiembre. La actuaci\u00f3n permitir\u00e1 acabar con los problemas de humedades y goteras que sufre el inmueble, as\u00ed como mejorar la climatizaci\u00f3n, mediante la utilizaci\u00f3n de materiales aislantes. La previsi\u00f3n es utilizar paneles de [&hellip;]<\/p>\n","protected":false},"author":1,"featured_media":3296,"comment_status":"open","ping_status":"open","sticky":false,"template":"","format":"standard","meta":{"footnotes":""},"categories":[6,8],"tags":[],"class_list":["post-3295","post","type-post","status-publish","format-standard","has-post-thumbnail","hentry","category-noticias","category-nalon"],"yoast_head":"<!-- This site is optimized with the Yoast SEO plugin v27.4 - https:\/\/yoast.com\/product\/yoast-seo-wordpress\/ -->\n<title>La obra para evitar goteras en el refugio de Bra\u00f1agallones se iniciar\u00e1 en septiembre - cm news<\/title>\n<meta name=\"description\" content=\"La reforma integral del tejado se har\u00e1 con placas de chapa galvanizada de hasta once metros que ser\u00e1 necesario trasladar en helic\u00f3ptero.\" \/>\n<meta name=\"robots\" content=\"index, follow, max-snippet:-1, max-image-preview:large, max-video-preview:-1\" \/>\n<link rel=\"canonical\" href=\"https:\/\/www.cuencasmineras.com\/index.php\/2021\/08\/10\/la-obra-para-evitar-goteras-en-el-refugio-de-branagallones-se-iniciara-en-septiembre\/\" \/>\n<meta property=\"og:locale\" content=\"es_ES\" \/>\n<meta property=\"og:type\" content=\"article\" \/>\n<meta property=\"og:title\" content=\"La obra para evitar goteras en el refugio de Bra\u00f1agallones se iniciar\u00e1 en septiembre - cm news\" \/>\n<meta property=\"og:description\" content=\"La reforma integral del tejado se har\u00e1 con placas de chapa galvanizada de hasta once metros que ser\u00e1 necesario trasladar en helic\u00f3ptero.\" \/>\n<meta property=\"og:url\" content=\"https:\/\/www.cuencasmineras.com\/index.php\/2021\/08\/10\/la-obra-para-evitar-goteras-en-el-refugio-de-branagallones-se-iniciara-en-septiembre\/\" \/>\n<meta property=\"article:published_time\" content=\"2021-08-10T10:03:46+00:00\" \/>\n<meta property=\"og:image\" content=\"https:\/\/www.cuencasmineras.com\/wp-content\/uploads\/2021\/08\/c6707414-c2b3-4fc6-9d42-e3795ea57626_21-9-aspect-ratio_default_0.jpg\" \/>\n\t<meta property=\"og:image:width\" content=\"1280\" \/>\n\t<meta property=\"og:image:height\" content=\"548\" \/>\n\t<meta property=\"og:image:type\" content=\"image\/jpeg\" \/>\n<meta name=\"author\" content=\"admin\" \/>\n<meta name=\"twitter:card\" content=\"summary_large_image\" \/>\n<meta name=\"twitter:label1\" content=\"Escrito por\" \/>\n\t<meta name=\"twitter:data1\" content=\"admin\" \/>\n\t<meta name=\"twitter:label2\" content=\"Tiempo de lectura\" \/>\n\t<meta name=\"twitter:data2\" content=\"2 minutos\" \/>\n<script type=\"application\/ld+json\" class=\"yoast-schema-graph\">{\"@context\":\"https:\\\/\\\/schema.org\",\"@graph\":[{\"@type\":\"Article\",\"@id\":\"https:\\\/\\\/www.cuencasmineras.com\\\/index.php\\\/2021\\\/08\\\/10\\\/la-obra-para-evitar-goteras-en-el-refugio-de-branagallones-se-iniciara-en-septiembre\\\/#article\",\"isPartOf\":{\"@id\":\"https:\\\/\\\/www.cuencasmineras.com\\\/index.php\\\/2021\\\/08\\\/10\\\/la-obra-para-evitar-goteras-en-el-refugio-de-branagallones-se-iniciara-en-septiembre\\\/\"},\"author\":{\"name\":\"admin\",\"@id\":\"https:\\\/\\\/www.cuencasmineras.com\\\/#\\\/schema\\\/person\\\/be0691310e8496ec555f679dd688420c\"},\"headline\":\"La obra para evitar goteras en el refugio de Bra\u00f1agallones se iniciar\u00e1 en septiembre\",\"datePublished\":\"2021-08-10T10:03:46+00:00\",\"mainEntityOfPage\":{\"@id\":\"https:\\\/\\\/www.cuencasmineras.com\\\/index.php\\\/2021\\\/08\\\/10\\\/la-obra-para-evitar-goteras-en-el-refugio-de-branagallones-se-iniciara-en-septiembre\\\/\"},\"wordCount\":280,\"commentCount\":0,\"image\":{\"@id\":\"https:\\\/\\\/www.cuencasmineras.com\\\/index.php\\\/2021\\\/08\\\/10\\\/la-obra-para-evitar-goteras-en-el-refugio-de-branagallones-se-iniciara-en-septiembre\\\/#primaryimage\"},\"thumbnailUrl\":\"https:\\\/\\\/www.cuencasmineras.com\\\/wp-content\\\/uploads\\\/2021\\\/08\\\/c6707414-c2b3-4fc6-9d42-e3795ea57626_21-9-aspect-ratio_default_0.jpg\",\"articleSection\":[\"CM NEWS\",\"Nal\u00f3n\"],\"inLanguage\":\"es\",\"potentialAction\":[{\"@type\":\"CommentAction\",\"name\":\"Comment\",\"target\":[\"https:\\\/\\\/www.cuencasmineras.com\\\/index.php\\\/2021\\\/08\\\/10\\\/la-obra-para-evitar-goteras-en-el-refugio-de-branagallones-se-iniciara-en-septiembre\\\/#respond\"]}]},{\"@type\":\"WebPage\",\"@id\":\"https:\\\/\\\/www.cuencasmineras.com\\\/index.php\\\/2021\\\/08\\\/10\\\/la-obra-para-evitar-goteras-en-el-refugio-de-branagallones-se-iniciara-en-septiembre\\\/\",\"url\":\"https:\\\/\\\/www.cuencasmineras.com\\\/index.php\\\/2021\\\/08\\\/10\\\/la-obra-para-evitar-goteras-en-el-refugio-de-branagallones-se-iniciara-en-septiembre\\\/\",\"name\":\"La obra para evitar goteras en el refugio de Bra\u00f1agallones se iniciar\u00e1 en septiembre - cm news\",\"isPartOf\":{\"@id\":\"https:\\\/\\\/www.cuencasmineras.com\\\/#website\"},\"primaryImageOfPage\":{\"@id\":\"https:\\\/\\\/www.cuencasmineras.com\\\/index.php\\\/2021\\\/08\\\/10\\\/la-obra-para-evitar-goteras-en-el-refugio-de-branagallones-se-iniciara-en-septiembre\\\/#primaryimage\"},\"image\":{\"@id\":\"https:\\\/\\\/www.cuencasmineras.com\\\/index.php\\\/2021\\\/08\\\/10\\\/la-obra-para-evitar-goteras-en-el-refugio-de-branagallones-se-iniciara-en-septiembre\\\/#primaryimage\"},\"thumbnailUrl\":\"https:\\\/\\\/www.cuencasmineras.com\\\/wp-content\\\/uploads\\\/2021\\\/08\\\/c6707414-c2b3-4fc6-9d42-e3795ea57626_21-9-aspect-ratio_default_0.jpg\",\"datePublished\":\"2021-08-10T10:03:46+00:00\",\"author\":{\"@id\":\"https:\\\/\\\/www.cuencasmineras.com\\\/#\\\/schema\\\/person\\\/be0691310e8496ec555f679dd688420c\"},\"description\":\"La reforma integral del tejado se har\u00e1 con placas de chapa galvanizada de hasta once metros que ser\u00e1 necesario trasladar en helic\u00f3ptero.\",\"breadcrumb\":{\"@id\":\"https:\\\/\\\/www.cuencasmineras.com\\\/index.php\\\/2021\\\/08\\\/10\\\/la-obra-para-evitar-goteras-en-el-refugio-de-branagallones-se-iniciara-en-septiembre\\\/#breadcrumb\"},\"inLanguage\":\"es\",\"potentialAction\":[{\"@type\":\"ReadAction\",\"target\":[\"https:\\\/\\\/www.cuencasmineras.com\\\/index.php\\\/2021\\\/08\\\/10\\\/la-obra-para-evitar-goteras-en-el-refugio-de-branagallones-se-iniciara-en-septiembre\\\/\"]}]},{\"@type\":\"ImageObject\",\"inLanguage\":\"es\",\"@id\":\"https:\\\/\\\/www.cuencasmineras.com\\\/index.php\\\/2021\\\/08\\\/10\\\/la-obra-para-evitar-goteras-en-el-refugio-de-branagallones-se-iniciara-en-septiembre\\\/#primaryimage\",\"url\":\"https:\\\/\\\/www.cuencasmineras.com\\\/wp-content\\\/uploads\\\/2021\\\/08\\\/c6707414-c2b3-4fc6-9d42-e3795ea57626_21-9-aspect-ratio_default_0.jpg\",\"contentUrl\":\"https:\\\/\\\/www.cuencasmineras.com\\\/wp-content\\\/uploads\\\/2021\\\/08\\\/c6707414-c2b3-4fc6-9d42-e3795ea57626_21-9-aspect-ratio_default_0.jpg\",\"width\":1280,\"height\":548},{\"@type\":\"BreadcrumbList\",\"@id\":\"https:\\\/\\\/www.cuencasmineras.com\\\/index.php\\\/2021\\\/08\\\/10\\\/la-obra-para-evitar-goteras-en-el-refugio-de-branagallones-se-iniciara-en-septiembre\\\/#breadcrumb\",\"itemListElement\":[{\"@type\":\"ListItem\",\"position\":1,\"name\":\"Portada\",\"item\":\"https:\\\/\\\/www.cuencasmineras.com\\\/\"},{\"@type\":\"ListItem\",\"position\":2,\"name\":\"La obra para evitar goteras en el refugio de Bra\u00f1agallones se iniciar\u00e1 en septiembre\"}]},{\"@type\":\"WebSite\",\"@id\":\"https:\\\/\\\/www.cuencasmineras.com\\\/#website\",\"url\":\"https:\\\/\\\/www.cuencasmineras.com\\\/\",\"name\":\"\",\"description\":\"\",\"potentialAction\":[{\"@type\":\"SearchAction\",\"target\":{\"@type\":\"EntryPoint\",\"urlTemplate\":\"https:\\\/\\\/www.cuencasmineras.com\\\/?s={search_term_string}\"},\"query-input\":{\"@type\":\"PropertyValueSpecification\",\"valueRequired\":true,\"valueName\":\"search_term_string\"}}],\"inLanguage\":\"es\"},{\"@type\":\"Person\",\"@id\":\"https:\\\/\\\/www.cuencasmineras.com\\\/#\\\/schema\\\/person\\\/be0691310e8496ec555f679dd688420c\",\"name\":\"admin\",\"image\":{\"@type\":\"ImageObject\",\"inLanguage\":\"es\",\"@id\":\"https:\\\/\\\/secure.gravatar.com\\\/avatar\\\/4afd2eed3b2fbbf36dd6707b5bd8a5b50ac648f033e36fbf85aeace2f0f859db?s=96&d=mm&r=g\",\"url\":\"https:\\\/\\\/secure.gravatar.com\\\/avatar\\\/4afd2eed3b2fbbf36dd6707b5bd8a5b50ac648f033e36fbf85aeace2f0f859db?s=96&d=mm&r=g\",\"contentUrl\":\"https:\\\/\\\/secure.gravatar.com\\\/avatar\\\/4afd2eed3b2fbbf36dd6707b5bd8a5b50ac648f033e36fbf85aeace2f0f859db?s=96&d=mm&r=g\",\"caption\":\"admin\"},\"sameAs\":[\"https:\\\/\\\/www.cuencasmineras.com\"],\"url\":\"https:\\\/\\\/www.cuencasmineras.com\\\/index.php\\\/author\\\/admin\\\/\"}]}<\/script>\n<!-- \/ Yoast SEO plugin. -->","yoast_head_json":{"title":"La obra para evitar goteras en el refugio de Bra\u00f1agallones se iniciar\u00e1 en septiembre - cm news","description":"La reforma integral del tejado se har\u00e1 con placas de chapa galvanizada de hasta once metros que ser\u00e1 necesario trasladar en helic\u00f3ptero.","robots":{"index":"index","follow":"follow","max-snippet":"max-snippet:-1","max-image-preview":"max-image-preview:large","max-video-preview":"max-video-preview:-1"},"canonical":"https:\/\/www.cuencasmineras.com\/index.php\/2021\/08\/10\/la-obra-para-evitar-goteras-en-el-refugio-de-branagallones-se-iniciara-en-septiembre\/","og_locale":"es_ES","og_type":"article","og_title":"La obra para evitar goteras en el refugio de Bra\u00f1agallones se iniciar\u00e1 en septiembre - cm news","og_description":"La reforma integral del tejado se har\u00e1 con placas de chapa galvanizada de hasta once metros que ser\u00e1 necesario trasladar en helic\u00f3ptero.","og_url":"https:\/\/www.cuencasmineras.com\/index.php\/2021\/08\/10\/la-obra-para-evitar-goteras-en-el-refugio-de-branagallones-se-iniciara-en-septiembre\/","article_published_time":"2021-08-10T10:03:46+00:00","og_image":[{"width":1280,"height":548,"url":"https:\/\/www.cuencasmineras.com\/wp-content\/uploads\/2021\/08\/c6707414-c2b3-4fc6-9d42-e3795ea57626_21-9-aspect-ratio_default_0.jpg","type":"image\/jpeg"}],"author":"admin","twitter_card":"summary_large_image","twitter_misc":{"Escrito por":"admin","Tiempo de lectura":"2 minutos"},"schema":{"@context":"https:\/\/schema.org","@graph":[{"@type":"Article","@id":"https:\/\/www.cuencasmineras.com\/index.php\/2021\/08\/10\/la-obra-para-evitar-goteras-en-el-refugio-de-branagallones-se-iniciara-en-septiembre\/#article","isPartOf":{"@id":"https:\/\/www.cuencasmineras.com\/index.php\/2021\/08\/10\/la-obra-para-evitar-goteras-en-el-refugio-de-branagallones-se-iniciara-en-septiembre\/"},"author":{"name":"admin","@id":"https:\/\/www.cuencasmineras.com\/#\/schema\/person\/be0691310e8496ec555f679dd688420c"},"headline":"La obra para evitar goteras en el refugio de Bra\u00f1agallones se iniciar\u00e1 en septiembre","datePublished":"2021-08-10T10:03:46+00:00","mainEntityOfPage":{"@id":"https:\/\/www.cuencasmineras.com\/index.php\/2021\/08\/10\/la-obra-para-evitar-goteras-en-el-refugio-de-branagallones-se-iniciara-en-septiembre\/"},"wordCount":280,"commentCount":0,"image":{"@id":"https:\/\/www.cuencasmineras.com\/index.php\/2021\/08\/10\/la-obra-para-evitar-goteras-en-el-refugio-de-branagallones-se-iniciara-en-septiembre\/#primaryimage"},"thumbnailUrl":"https:\/\/www.cuencasmineras.com\/wp-content\/uploads\/2021\/08\/c6707414-c2b3-4fc6-9d42-e3795ea57626_21-9-aspect-ratio_default_0.jpg","articleSection":["CM NEWS","Nal\u00f3n"],"inLanguage":"es","potentialAction":[{"@type":"CommentAction","name":"Comment","target":["https:\/\/www.cuencasmineras.com\/index.php\/2021\/08\/10\/la-obra-para-evitar-goteras-en-el-refugio-de-branagallones-se-iniciara-en-septiembre\/#respond"]}]},{"@type":"WebPage","@id":"https:\/\/www.cuencasmineras.com\/index.php\/2021\/08\/10\/la-obra-para-evitar-goteras-en-el-refugio-de-branagallones-se-iniciara-en-septiembre\/","url":"https:\/\/www.cuencasmineras.com\/index.php\/2021\/08\/10\/la-obra-para-evitar-goteras-en-el-refugio-de-branagallones-se-iniciara-en-septiembre\/","name":"La obra para evitar goteras en el refugio de Bra\u00f1agallones se iniciar\u00e1 en septiembre - cm news","isPartOf":{"@id":"https:\/\/www.cuencasmineras.com\/#website"},"primaryImageOfPage":{"@id":"https:\/\/www.cuencasmineras.com\/index.php\/2021\/08\/10\/la-obra-para-evitar-goteras-en-el-refugio-de-branagallones-se-iniciara-en-septiembre\/#primaryimage"},"image":{"@id":"https:\/\/www.cuencasmineras.com\/index.php\/2021\/08\/10\/la-obra-para-evitar-goteras-en-el-refugio-de-branagallones-se-iniciara-en-septiembre\/#primaryimage"},"thumbnailUrl":"https:\/\/www.cuencasmineras.com\/wp-content\/uploads\/2021\/08\/c6707414-c2b3-4fc6-9d42-e3795ea57626_21-9-aspect-ratio_default_0.jpg","datePublished":"2021-08-10T10:03:46+00:00","author":{"@id":"https:\/\/www.cuencasmineras.com\/#\/schema\/person\/be0691310e8496ec555f679dd688420c"},"description":"La reforma integral del tejado se har\u00e1 con placas de chapa galvanizada de hasta once metros que ser\u00e1 necesario trasladar en helic\u00f3ptero.","breadcrumb":{"@id":"https:\/\/www.cuencasmineras.com\/index.php\/2021\/08\/10\/la-obra-para-evitar-goteras-en-el-refugio-de-branagallones-se-iniciara-en-septiembre\/#breadcrumb"},"inLanguage":"es","potentialAction":[{"@type":"ReadAction","target":["https:\/\/www.cuencasmineras.com\/index.php\/2021\/08\/10\/la-obra-para-evitar-goteras-en-el-refugio-de-branagallones-se-iniciara-en-septiembre\/"]}]},{"@type":"ImageObject","inLanguage":"es","@id":"https:\/\/www.cuencasmineras.com\/index.php\/2021\/08\/10\/la-obra-para-evitar-goteras-en-el-refugio-de-branagallones-se-iniciara-en-septiembre\/#primaryimage","url":"https:\/\/www.cuencasmineras.com\/wp-content\/uploads\/2021\/08\/c6707414-c2b3-4fc6-9d42-e3795ea57626_21-9-aspect-ratio_default_0.jpg","contentUrl":"https:\/\/www.cuencasmineras.com\/wp-content\/uploads\/2021\/08\/c6707414-c2b3-4fc6-9d42-e3795ea57626_21-9-aspect-ratio_default_0.jpg","width":1280,"height":548},{"@type":"BreadcrumbList","@id":"https:\/\/www.cuencasmineras.com\/index.php\/2021\/08\/10\/la-obra-para-evitar-goteras-en-el-refugio-de-branagallones-se-iniciara-en-septiembre\/#breadcrumb","itemListElement":[{"@type":"ListItem","position":1,"name":"Portada","item":"https:\/\/www.cuencasmineras.com\/"},{"@type":"ListItem","position":2,"name":"La obra para evitar goteras en el refugio de Bra\u00f1agallones se iniciar\u00e1 en septiembre"}]},{"@type":"WebSite","@id":"https:\/\/www.cuencasmineras.com\/#website","url":"https:\/\/www.cuencasmineras.com\/","name":"","description":"","potentialAction":[{"@type":"SearchAction","target":{"@type":"EntryPoint","urlTemplate":"https:\/\/www.cuencasmineras.com\/?s={search_term_string}"},"query-input":{"@type":"PropertyValueSpecification","valueRequired":true,"valueName":"search_term_string"}}],"inLanguage":"es"},{"@type":"Person","@id":"https:\/\/www.cuencasmineras.com\/#\/schema\/person\/be0691310e8496ec555f679dd688420c","name":"admin","image":{"@type":"ImageObject","inLanguage":"es","@id":"https:\/\/secure.gravatar.com\/avatar\/4afd2eed3b2fbbf36dd6707b5bd8a5b50ac648f033e36fbf85aeace2f0f859db?s=96&d=mm&r=g","url":"https:\/\/secure.gravatar.com\/avatar\/4afd2eed3b2fbbf36dd6707b5bd8a5b50ac648f033e36fbf85aeace2f0f859db?s=96&d=mm&r=g","contentUrl":"https:\/\/secure.gravatar.com\/avatar\/4afd2eed3b2fbbf36dd6707b5bd8a5b50ac648f033e36fbf85aeace2f0f859db?s=96&d=mm&r=g","caption":"admin"},"sameAs":["https:\/\/www.cuencasmineras.com"],"url":"https:\/\/www.cuencasmineras.com\/index.php\/author\/admin\/"}]}},"_links":{"self":[{"href":"https:\/\/www.cuencasmineras.com\/index.php\/wp-json\/wp\/v2\/posts\/3295","targetHints":{"allow":["GET"]}}],"collection":[{"href":"https:\/\/www.cuencasmineras.com\/index.php\/wp-json\/wp\/v2\/posts"}],"about":[{"href":"https:\/\/www.cuencasmineras.com\/index.php\/wp-json\/wp\/v2\/types\/post"}],"author":[{"embeddable":true,"href":"https:\/\/www.cuencasmineras.com\/index.php\/wp-json\/wp\/v2\/users\/1"}],"replies":[{"embeddable":true,"href":"https:\/\/www.cuencasmineras.com\/index.php\/wp-json\/wp\/v2\/comments?post=3295"}],"version-history":[{"count":2,"href":"https:\/\/www.cuencasmineras.com\/index.php\/wp-json\/wp\/v2\/posts\/3295\/revisions"}],"predecessor-version":[{"id":3298,"href":"https:\/\/www.cuencasmineras.com\/index.php\/wp-json\/wp\/v2\/posts\/3295\/revisions\/3298"}],"wp:featuredmedia":[{"embeddable":true,"href":"https:\/\/www.cuencasmineras.com\/index.php\/wp-json\/wp\/v2\/media\/3296"}],"wp:attachment":[{"href":"https:\/\/www.cuencasmineras.com\/index.php\/wp-json\/wp\/v2\/media?parent=3295"}],"wp:term":[{"taxonomy":"category","embeddable":true,"href":"https:\/\/www.cuencasmineras.com\/index.php\/wp-json\/wp\/v2\/categories?post=3295"},{"taxonomy":"post_tag","embeddable":true,"href":"https:\/\/www.cuencasmineras.com\/index.php\/wp-json\/wp\/v2\/tags?post=3295"}],"curies":[{"name":"wp","href":"https:\/\/api.w.org\/{rel}","templated":true}]}}