{"id":3299,"date":"2021-08-10T10:06:34","date_gmt":"2021-08-10T10:06:34","guid":{"rendered":"https:\/\/www.cuencasmineras.com\/?p=3299"},"modified":"2021-08-10T10:06:34","modified_gmt":"2021-08-10T10:06:34","slug":"laviana-se-queda-por-segundo-ano-sin-descenso-folklorico-del-nalon-por-la-pandemia","status":"publish","type":"post","link":"https:\/\/www.cuencasmineras.com\/index.php\/2021\/08\/10\/laviana-se-queda-por-segundo-ano-sin-descenso-folklorico-del-nalon-por-la-pandemia\/","title":{"rendered":"Laviana se queda por segundo a\u00f1o sin Descenso Folkl\u00f3rico del Nal\u00f3n por la pandemia"},"content":{"rendered":"<p>Laviana se quedar\u00e1 este verano, por segundo a\u00f1o consecutivo, sin su celebraci\u00f3n m\u00e1s representativa. El Descenso Folkl\u00f3rico del Nal\u00f3n, declarado como Fiesta de Inter\u00e9s Tur\u00edstico Nacional, ha sido suspendido por la alta incidencia de contagios en el municipio, que le han puesto en el estado de alerta 4 Plus. El gobierno local preve\u00eda que aunque las embarcaciones no surcaran el cauce fluvial, se pudiera llevar a cabo alguna actividad alternativa. Sin embargo, la aplicaci\u00f3n de medidas extraordinarias impuesta al concejo hace algo m\u00e1s de una semana ha terminado por dilapidar cualquier evento festivo.<\/p>\n<p><img loading=\"lazy\" decoding=\"async\" class=\"aligncenter size-large wp-image-3300\" src=\"https:\/\/www.cuencasmineras.com\/wp-content\/uploads\/2021\/08\/479926a9-d286-4656-b55d-182c9c747d10_21-9-aspect-ratio_default_0-1024x438.jpg\" alt=\"\" width=\"640\" height=\"274\" srcset=\"https:\/\/www.cuencasmineras.com\/wp-content\/uploads\/2021\/08\/479926a9-d286-4656-b55d-182c9c747d10_21-9-aspect-ratio_default_0-1024x438.jpg 1024w, https:\/\/www.cuencasmineras.com\/wp-content\/uploads\/2021\/08\/479926a9-d286-4656-b55d-182c9c747d10_21-9-aspect-ratio_default_0-300x128.jpg 300w, https:\/\/www.cuencasmineras.com\/wp-content\/uploads\/2021\/08\/479926a9-d286-4656-b55d-182c9c747d10_21-9-aspect-ratio_default_0-768x329.jpg 768w, https:\/\/www.cuencasmineras.com\/wp-content\/uploads\/2021\/08\/479926a9-d286-4656-b55d-182c9c747d10_21-9-aspect-ratio_default_0.jpg 1280w\" sizes=\"auto, (max-width: 640px) 100vw, 640px\" \/><\/p>\n<p style=\"text-align: justify;\">Pese a que no vaya a haber ning\u00fan tipo de evento multitudinario, desde el Ayuntamiento si est\u00e1n barajando tener al menos alg\u00fan peque\u00f1o detalle. Aunque no hay nada cerrado a\u00fan, y la decisi\u00f3n final depender\u00e1 de la evoluci\u00f3n pand\u00e9mica en los pr\u00f3ximos d\u00edas en el municipio, la idea es que los ni\u00f1os puedan disfrutar al menos de una peque\u00f1a feria con atracciones. Adem\u00e1s, tambi\u00e9n se baraja la posibilidad de contratar alguna charanga para que recorra las calles, pero hasta ah\u00ed. \u201cNo podemos estar pidiendo responsabilidad a los hosteleros y a los vecinos y luego ser nosotros desde una administraci\u00f3n p\u00fablica los que organicemos alg\u00fan evento que conlleve aglomeraciones\u201d, indicaba Pablo V\u00e1zquez.<\/p>\n","protected":false},"excerpt":{"rendered":"<p>Laviana se quedar\u00e1 este verano, por segundo a\u00f1o consecutivo, sin su celebraci\u00f3n m\u00e1s representativa. El Descenso Folkl\u00f3rico del Nal\u00f3n, declarado como Fiesta de Inter\u00e9s Tur\u00edstico Nacional, ha sido suspendido por la alta incidencia de contagios en el municipio, que le han puesto en el estado de alerta 4 Plus. El gobierno local preve\u00eda que aunque [&hellip;]<\/p>\n","protected":false},"author":1,"featured_media":3300,"comment_status":"open","ping_status":"open","sticky":false,"template":"","format":"standard","meta":{"footnotes":""},"categories":[6,48,8],"tags":[],"class_list":["post-3299","post","type-post","status-publish","format-standard","has-post-thumbnail","hentry","category-noticias","category-fiestas","category-nalon"],"yoast_head":"<!-- This site is optimized with the Yoast SEO plugin v27.4 - https:\/\/yoast.com\/product\/yoast-seo-wordpress\/ -->\n<title>Laviana se queda por segundo a\u00f1o sin Descenso Folkl\u00f3rico del Nal\u00f3n por la pandemia - cm news<\/title>\n<meta name=\"description\" content=\"El Ayuntamiento evitar\u00e1, por responsabilidad, actividades \u201cmultitudinarias\u201d en torno a la fiesta, aunque baraja traer caballitos o una charanga.\" \/>\n<meta name=\"robots\" content=\"index, follow, max-snippet:-1, max-image-preview:large, max-video-preview:-1\" \/>\n<link rel=\"canonical\" href=\"https:\/\/www.cuencasmineras.com\/index.php\/2021\/08\/10\/laviana-se-queda-por-segundo-ano-sin-descenso-folklorico-del-nalon-por-la-pandemia\/\" \/>\n<meta property=\"og:locale\" content=\"es_ES\" \/>\n<meta property=\"og:type\" content=\"article\" \/>\n<meta property=\"og:title\" content=\"Laviana se queda por segundo a\u00f1o sin Descenso Folkl\u00f3rico del Nal\u00f3n por la pandemia - cm news\" \/>\n<meta property=\"og:description\" content=\"El Ayuntamiento evitar\u00e1, por responsabilidad, actividades \u201cmultitudinarias\u201d en torno a la fiesta, aunque baraja traer caballitos o una charanga.\" \/>\n<meta property=\"og:url\" content=\"https:\/\/www.cuencasmineras.com\/index.php\/2021\/08\/10\/laviana-se-queda-por-segundo-ano-sin-descenso-folklorico-del-nalon-por-la-pandemia\/\" \/>\n<meta property=\"article:published_time\" content=\"2021-08-10T10:06:34+00:00\" \/>\n<meta property=\"og:image\" content=\"https:\/\/www.cuencasmineras.com\/wp-content\/uploads\/2021\/08\/479926a9-d286-4656-b55d-182c9c747d10_21-9-aspect-ratio_default_0.jpg\" \/>\n\t<meta property=\"og:image:width\" content=\"1280\" \/>\n\t<meta property=\"og:image:height\" content=\"548\" \/>\n\t<meta property=\"og:image:type\" content=\"image\/jpeg\" \/>\n<meta name=\"author\" content=\"admin\" \/>\n<meta name=\"twitter:card\" content=\"summary_large_image\" \/>\n<meta name=\"twitter:label1\" content=\"Escrito por\" \/>\n\t<meta name=\"twitter:data1\" content=\"admin\" \/>\n\t<meta name=\"twitter:label2\" content=\"Tiempo de lectura\" \/>\n\t<meta name=\"twitter:data2\" content=\"2 minutos\" \/>\n<script type=\"application\/ld+json\" class=\"yoast-schema-graph\">{\"@context\":\"https:\\\/\\\/schema.org\",\"@graph\":[{\"@type\":\"Article\",\"@id\":\"https:\\\/\\\/www.cuencasmineras.com\\\/index.php\\\/2021\\\/08\\\/10\\\/laviana-se-queda-por-segundo-ano-sin-descenso-folklorico-del-nalon-por-la-pandemia\\\/#article\",\"isPartOf\":{\"@id\":\"https:\\\/\\\/www.cuencasmineras.com\\\/index.php\\\/2021\\\/08\\\/10\\\/laviana-se-queda-por-segundo-ano-sin-descenso-folklorico-del-nalon-por-la-pandemia\\\/\"},\"author\":{\"name\":\"admin\",\"@id\":\"https:\\\/\\\/www.cuencasmineras.com\\\/#\\\/schema\\\/person\\\/be0691310e8496ec555f679dd688420c\"},\"headline\":\"Laviana se queda por segundo a\u00f1o sin Descenso Folkl\u00f3rico del Nal\u00f3n por la pandemia\",\"datePublished\":\"2021-08-10T10:06:34+00:00\",\"mainEntityOfPage\":{\"@id\":\"https:\\\/\\\/www.cuencasmineras.com\\\/index.php\\\/2021\\\/08\\\/10\\\/laviana-se-queda-por-segundo-ano-sin-descenso-folklorico-del-nalon-por-la-pandemia\\\/\"},\"wordCount\":248,\"commentCount\":0,\"image\":{\"@id\":\"https:\\\/\\\/www.cuencasmineras.com\\\/index.php\\\/2021\\\/08\\\/10\\\/laviana-se-queda-por-segundo-ano-sin-descenso-folklorico-del-nalon-por-la-pandemia\\\/#primaryimage\"},\"thumbnailUrl\":\"https:\\\/\\\/www.cuencasmineras.com\\\/wp-content\\\/uploads\\\/2021\\\/08\\\/479926a9-d286-4656-b55d-182c9c747d10_21-9-aspect-ratio_default_0.jpg\",\"articleSection\":[\"CM NEWS\",\"Fiestas\",\"Nal\u00f3n\"],\"inLanguage\":\"es\",\"potentialAction\":[{\"@type\":\"CommentAction\",\"name\":\"Comment\",\"target\":[\"https:\\\/\\\/www.cuencasmineras.com\\\/index.php\\\/2021\\\/08\\\/10\\\/laviana-se-queda-por-segundo-ano-sin-descenso-folklorico-del-nalon-por-la-pandemia\\\/#respond\"]}]},{\"@type\":\"WebPage\",\"@id\":\"https:\\\/\\\/www.cuencasmineras.com\\\/index.php\\\/2021\\\/08\\\/10\\\/laviana-se-queda-por-segundo-ano-sin-descenso-folklorico-del-nalon-por-la-pandemia\\\/\",\"url\":\"https:\\\/\\\/www.cuencasmineras.com\\\/index.php\\\/2021\\\/08\\\/10\\\/laviana-se-queda-por-segundo-ano-sin-descenso-folklorico-del-nalon-por-la-pandemia\\\/\",\"name\":\"Laviana se queda por segundo a\u00f1o sin Descenso Folkl\u00f3rico del Nal\u00f3n por la pandemia - cm news\",\"isPartOf\":{\"@id\":\"https:\\\/\\\/www.cuencasmineras.com\\\/#website\"},\"primaryImageOfPage\":{\"@id\":\"https:\\\/\\\/www.cuencasmineras.com\\\/index.php\\\/2021\\\/08\\\/10\\\/laviana-se-queda-por-segundo-ano-sin-descenso-folklorico-del-nalon-por-la-pandemia\\\/#primaryimage\"},\"image\":{\"@id\":\"https:\\\/\\\/www.cuencasmineras.com\\\/index.php\\\/2021\\\/08\\\/10\\\/laviana-se-queda-por-segundo-ano-sin-descenso-folklorico-del-nalon-por-la-pandemia\\\/#primaryimage\"},\"thumbnailUrl\":\"https:\\\/\\\/www.cuencasmineras.com\\\/wp-content\\\/uploads\\\/2021\\\/08\\\/479926a9-d286-4656-b55d-182c9c747d10_21-9-aspect-ratio_default_0.jpg\",\"datePublished\":\"2021-08-10T10:06:34+00:00\",\"author\":{\"@id\":\"https:\\\/\\\/www.cuencasmineras.com\\\/#\\\/schema\\\/person\\\/be0691310e8496ec555f679dd688420c\"},\"description\":\"El Ayuntamiento evitar\u00e1, por responsabilidad, actividades \u201cmultitudinarias\u201d en torno a la fiesta, aunque baraja traer caballitos o una charanga.\",\"breadcrumb\":{\"@id\":\"https:\\\/\\\/www.cuencasmineras.com\\\/index.php\\\/2021\\\/08\\\/10\\\/laviana-se-queda-por-segundo-ano-sin-descenso-folklorico-del-nalon-por-la-pandemia\\\/#breadcrumb\"},\"inLanguage\":\"es\",\"potentialAction\":[{\"@type\":\"ReadAction\",\"target\":[\"https:\\\/\\\/www.cuencasmineras.com\\\/index.php\\\/2021\\\/08\\\/10\\\/laviana-se-queda-por-segundo-ano-sin-descenso-folklorico-del-nalon-por-la-pandemia\\\/\"]}]},{\"@type\":\"ImageObject\",\"inLanguage\":\"es\",\"@id\":\"https:\\\/\\\/www.cuencasmineras.com\\\/index.php\\\/2021\\\/08\\\/10\\\/laviana-se-queda-por-segundo-ano-sin-descenso-folklorico-del-nalon-por-la-pandemia\\\/#primaryimage\",\"url\":\"https:\\\/\\\/www.cuencasmineras.com\\\/wp-content\\\/uploads\\\/2021\\\/08\\\/479926a9-d286-4656-b55d-182c9c747d10_21-9-aspect-ratio_default_0.jpg\",\"contentUrl\":\"https:\\\/\\\/www.cuencasmineras.com\\\/wp-content\\\/uploads\\\/2021\\\/08\\\/479926a9-d286-4656-b55d-182c9c747d10_21-9-aspect-ratio_default_0.jpg\",\"width\":1280,\"height\":548},{\"@type\":\"BreadcrumbList\",\"@id\":\"https:\\\/\\\/www.cuencasmineras.com\\\/index.php\\\/2021\\\/08\\\/10\\\/laviana-se-queda-por-segundo-ano-sin-descenso-folklorico-del-nalon-por-la-pandemia\\\/#breadcrumb\",\"itemListElement\":[{\"@type\":\"ListItem\",\"position\":1,\"name\":\"Portada\",\"item\":\"https:\\\/\\\/www.cuencasmineras.com\\\/\"},{\"@type\":\"ListItem\",\"position\":2,\"name\":\"Laviana se queda por segundo a\u00f1o sin Descenso Folkl\u00f3rico del Nal\u00f3n por la pandemia\"}]},{\"@type\":\"WebSite\",\"@id\":\"https:\\\/\\\/www.cuencasmineras.com\\\/#website\",\"url\":\"https:\\\/\\\/www.cuencasmineras.com\\\/\",\"name\":\"\",\"description\":\"\",\"potentialAction\":[{\"@type\":\"SearchAction\",\"target\":{\"@type\":\"EntryPoint\",\"urlTemplate\":\"https:\\\/\\\/www.cuencasmineras.com\\\/?s={search_term_string}\"},\"query-input\":{\"@type\":\"PropertyValueSpecification\",\"valueRequired\":true,\"valueName\":\"search_term_string\"}}],\"inLanguage\":\"es\"},{\"@type\":\"Person\",\"@id\":\"https:\\\/\\\/www.cuencasmineras.com\\\/#\\\/schema\\\/person\\\/be0691310e8496ec555f679dd688420c\",\"name\":\"admin\",\"image\":{\"@type\":\"ImageObject\",\"inLanguage\":\"es\",\"@id\":\"https:\\\/\\\/secure.gravatar.com\\\/avatar\\\/4afd2eed3b2fbbf36dd6707b5bd8a5b50ac648f033e36fbf85aeace2f0f859db?s=96&d=mm&r=g\",\"url\":\"https:\\\/\\\/secure.gravatar.com\\\/avatar\\\/4afd2eed3b2fbbf36dd6707b5bd8a5b50ac648f033e36fbf85aeace2f0f859db?s=96&d=mm&r=g\",\"contentUrl\":\"https:\\\/\\\/secure.gravatar.com\\\/avatar\\\/4afd2eed3b2fbbf36dd6707b5bd8a5b50ac648f033e36fbf85aeace2f0f859db?s=96&d=mm&r=g\",\"caption\":\"admin\"},\"sameAs\":[\"https:\\\/\\\/www.cuencasmineras.com\"],\"url\":\"https:\\\/\\\/www.cuencasmineras.com\\\/index.php\\\/author\\\/admin\\\/\"}]}<\/script>\n<!-- \/ Yoast SEO plugin. -->","yoast_head_json":{"title":"Laviana se queda por segundo a\u00f1o sin Descenso Folkl\u00f3rico del Nal\u00f3n por la pandemia - cm news","description":"El Ayuntamiento evitar\u00e1, por responsabilidad, actividades \u201cmultitudinarias\u201d en torno a la fiesta, aunque baraja traer caballitos o una charanga.","robots":{"index":"index","follow":"follow","max-snippet":"max-snippet:-1","max-image-preview":"max-image-preview:large","max-video-preview":"max-video-preview:-1"},"canonical":"https:\/\/www.cuencasmineras.com\/index.php\/2021\/08\/10\/laviana-se-queda-por-segundo-ano-sin-descenso-folklorico-del-nalon-por-la-pandemia\/","og_locale":"es_ES","og_type":"article","og_title":"Laviana se queda por segundo a\u00f1o sin Descenso Folkl\u00f3rico del Nal\u00f3n por la pandemia - cm news","og_description":"El Ayuntamiento evitar\u00e1, por responsabilidad, actividades \u201cmultitudinarias\u201d en torno a la fiesta, aunque baraja traer caballitos o una charanga.","og_url":"https:\/\/www.cuencasmineras.com\/index.php\/2021\/08\/10\/laviana-se-queda-por-segundo-ano-sin-descenso-folklorico-del-nalon-por-la-pandemia\/","article_published_time":"2021-08-10T10:06:34+00:00","og_image":[{"width":1280,"height":548,"url":"https:\/\/www.cuencasmineras.com\/wp-content\/uploads\/2021\/08\/479926a9-d286-4656-b55d-182c9c747d10_21-9-aspect-ratio_default_0.jpg","type":"image\/jpeg"}],"author":"admin","twitter_card":"summary_large_image","twitter_misc":{"Escrito por":"admin","Tiempo de lectura":"2 minutos"},"schema":{"@context":"https:\/\/schema.org","@graph":[{"@type":"Article","@id":"https:\/\/www.cuencasmineras.com\/index.php\/2021\/08\/10\/laviana-se-queda-por-segundo-ano-sin-descenso-folklorico-del-nalon-por-la-pandemia\/#article","isPartOf":{"@id":"https:\/\/www.cuencasmineras.com\/index.php\/2021\/08\/10\/laviana-se-queda-por-segundo-ano-sin-descenso-folklorico-del-nalon-por-la-pandemia\/"},"author":{"name":"admin","@id":"https:\/\/www.cuencasmineras.com\/#\/schema\/person\/be0691310e8496ec555f679dd688420c"},"headline":"Laviana se queda por segundo a\u00f1o sin Descenso Folkl\u00f3rico del Nal\u00f3n por la pandemia","datePublished":"2021-08-10T10:06:34+00:00","mainEntityOfPage":{"@id":"https:\/\/www.cuencasmineras.com\/index.php\/2021\/08\/10\/laviana-se-queda-por-segundo-ano-sin-descenso-folklorico-del-nalon-por-la-pandemia\/"},"wordCount":248,"commentCount":0,"image":{"@id":"https:\/\/www.cuencasmineras.com\/index.php\/2021\/08\/10\/laviana-se-queda-por-segundo-ano-sin-descenso-folklorico-del-nalon-por-la-pandemia\/#primaryimage"},"thumbnailUrl":"https:\/\/www.cuencasmineras.com\/wp-content\/uploads\/2021\/08\/479926a9-d286-4656-b55d-182c9c747d10_21-9-aspect-ratio_default_0.jpg","articleSection":["CM NEWS","Fiestas","Nal\u00f3n"],"inLanguage":"es","potentialAction":[{"@type":"CommentAction","name":"Comment","target":["https:\/\/www.cuencasmineras.com\/index.php\/2021\/08\/10\/laviana-se-queda-por-segundo-ano-sin-descenso-folklorico-del-nalon-por-la-pandemia\/#respond"]}]},{"@type":"WebPage","@id":"https:\/\/www.cuencasmineras.com\/index.php\/2021\/08\/10\/laviana-se-queda-por-segundo-ano-sin-descenso-folklorico-del-nalon-por-la-pandemia\/","url":"https:\/\/www.cuencasmineras.com\/index.php\/2021\/08\/10\/laviana-se-queda-por-segundo-ano-sin-descenso-folklorico-del-nalon-por-la-pandemia\/","name":"Laviana se queda por segundo a\u00f1o sin Descenso Folkl\u00f3rico del Nal\u00f3n por la pandemia - cm news","isPartOf":{"@id":"https:\/\/www.cuencasmineras.com\/#website"},"primaryImageOfPage":{"@id":"https:\/\/www.cuencasmineras.com\/index.php\/2021\/08\/10\/laviana-se-queda-por-segundo-ano-sin-descenso-folklorico-del-nalon-por-la-pandemia\/#primaryimage"},"image":{"@id":"https:\/\/www.cuencasmineras.com\/index.php\/2021\/08\/10\/laviana-se-queda-por-segundo-ano-sin-descenso-folklorico-del-nalon-por-la-pandemia\/#primaryimage"},"thumbnailUrl":"https:\/\/www.cuencasmineras.com\/wp-content\/uploads\/2021\/08\/479926a9-d286-4656-b55d-182c9c747d10_21-9-aspect-ratio_default_0.jpg","datePublished":"2021-08-10T10:06:34+00:00","author":{"@id":"https:\/\/www.cuencasmineras.com\/#\/schema\/person\/be0691310e8496ec555f679dd688420c"},"description":"El Ayuntamiento evitar\u00e1, por responsabilidad, actividades \u201cmultitudinarias\u201d en torno a la fiesta, aunque baraja traer caballitos o una charanga.","breadcrumb":{"@id":"https:\/\/www.cuencasmineras.com\/index.php\/2021\/08\/10\/laviana-se-queda-por-segundo-ano-sin-descenso-folklorico-del-nalon-por-la-pandemia\/#breadcrumb"},"inLanguage":"es","potentialAction":[{"@type":"ReadAction","target":["https:\/\/www.cuencasmineras.com\/index.php\/2021\/08\/10\/laviana-se-queda-por-segundo-ano-sin-descenso-folklorico-del-nalon-por-la-pandemia\/"]}]},{"@type":"ImageObject","inLanguage":"es","@id":"https:\/\/www.cuencasmineras.com\/index.php\/2021\/08\/10\/laviana-se-queda-por-segundo-ano-sin-descenso-folklorico-del-nalon-por-la-pandemia\/#primaryimage","url":"https:\/\/www.cuencasmineras.com\/wp-content\/uploads\/2021\/08\/479926a9-d286-4656-b55d-182c9c747d10_21-9-aspect-ratio_default_0.jpg","contentUrl":"https:\/\/www.cuencasmineras.com\/wp-content\/uploads\/2021\/08\/479926a9-d286-4656-b55d-182c9c747d10_21-9-aspect-ratio_default_0.jpg","width":1280,"height":548},{"@type":"BreadcrumbList","@id":"https:\/\/www.cuencasmineras.com\/index.php\/2021\/08\/10\/laviana-se-queda-por-segundo-ano-sin-descenso-folklorico-del-nalon-por-la-pandemia\/#breadcrumb","itemListElement":[{"@type":"ListItem","position":1,"name":"Portada","item":"https:\/\/www.cuencasmineras.com\/"},{"@type":"ListItem","position":2,"name":"Laviana se queda por segundo a\u00f1o sin Descenso Folkl\u00f3rico del Nal\u00f3n por la pandemia"}]},{"@type":"WebSite","@id":"https:\/\/www.cuencasmineras.com\/#website","url":"https:\/\/www.cuencasmineras.com\/","name":"","description":"","potentialAction":[{"@type":"SearchAction","target":{"@type":"EntryPoint","urlTemplate":"https:\/\/www.cuencasmineras.com\/?s={search_term_string}"},"query-input":{"@type":"PropertyValueSpecification","valueRequired":true,"valueName":"search_term_string"}}],"inLanguage":"es"},{"@type":"Person","@id":"https:\/\/www.cuencasmineras.com\/#\/schema\/person\/be0691310e8496ec555f679dd688420c","name":"admin","image":{"@type":"ImageObject","inLanguage":"es","@id":"https:\/\/secure.gravatar.com\/avatar\/4afd2eed3b2fbbf36dd6707b5bd8a5b50ac648f033e36fbf85aeace2f0f859db?s=96&d=mm&r=g","url":"https:\/\/secure.gravatar.com\/avatar\/4afd2eed3b2fbbf36dd6707b5bd8a5b50ac648f033e36fbf85aeace2f0f859db?s=96&d=mm&r=g","contentUrl":"https:\/\/secure.gravatar.com\/avatar\/4afd2eed3b2fbbf36dd6707b5bd8a5b50ac648f033e36fbf85aeace2f0f859db?s=96&d=mm&r=g","caption":"admin"},"sameAs":["https:\/\/www.cuencasmineras.com"],"url":"https:\/\/www.cuencasmineras.com\/index.php\/author\/admin\/"}]}},"_links":{"self":[{"href":"https:\/\/www.cuencasmineras.com\/index.php\/wp-json\/wp\/v2\/posts\/3299","targetHints":{"allow":["GET"]}}],"collection":[{"href":"https:\/\/www.cuencasmineras.com\/index.php\/wp-json\/wp\/v2\/posts"}],"about":[{"href":"https:\/\/www.cuencasmineras.com\/index.php\/wp-json\/wp\/v2\/types\/post"}],"author":[{"embeddable":true,"href":"https:\/\/www.cuencasmineras.com\/index.php\/wp-json\/wp\/v2\/users\/1"}],"replies":[{"embeddable":true,"href":"https:\/\/www.cuencasmineras.com\/index.php\/wp-json\/wp\/v2\/comments?post=3299"}],"version-history":[{"count":1,"href":"https:\/\/www.cuencasmineras.com\/index.php\/wp-json\/wp\/v2\/posts\/3299\/revisions"}],"predecessor-version":[{"id":3301,"href":"https:\/\/www.cuencasmineras.com\/index.php\/wp-json\/wp\/v2\/posts\/3299\/revisions\/3301"}],"wp:featuredmedia":[{"embeddable":true,"href":"https:\/\/www.cuencasmineras.com\/index.php\/wp-json\/wp\/v2\/media\/3300"}],"wp:attachment":[{"href":"https:\/\/www.cuencasmineras.com\/index.php\/wp-json\/wp\/v2\/media?parent=3299"}],"wp:term":[{"taxonomy":"category","embeddable":true,"href":"https:\/\/www.cuencasmineras.com\/index.php\/wp-json\/wp\/v2\/categories?post=3299"},{"taxonomy":"post_tag","embeddable":true,"href":"https:\/\/www.cuencasmineras.com\/index.php\/wp-json\/wp\/v2\/tags?post=3299"}],"curies":[{"name":"wp","href":"https:\/\/api.w.org\/{rel}","templated":true}]}}