{"id":3302,"date":"2021-08-10T10:12:33","date_gmt":"2021-08-10T10:12:33","guid":{"rendered":"https:\/\/www.cuencasmineras.com\/?p=3302"},"modified":"2021-08-10T10:12:33","modified_gmt":"2021-08-10T10:12:33","slug":"los-vecinos-exigen-la-reapertura-al-publico-del-parking-del-hospital-de-mieres","status":"publish","type":"post","link":"https:\/\/www.cuencasmineras.com\/index.php\/2021\/08\/10\/los-vecinos-exigen-la-reapertura-al-publico-del-parking-del-hospital-de-mieres\/","title":{"rendered":"Los vecinos exigen la reapertura al p\u00fablico del parking del hospital de Mieres"},"content":{"rendered":"<p style=\"text-align: justify;\">Tiene que abrir ya, porque no es de recibo que se tenga un \u00e1rea cerrada cuando apenas hay usuarios y cuando hay alternativas de aparcamiento\u201d. As\u00ed de tajante se mostraba ayer el presidente de la Agrupaci\u00f3n Vecinal de Mieres, Arsenio D\u00edaz Marentes, para exigir al Ayuntamiento la reapertura del parking exterior del hospital \u00c1lvarez-Buylla, cerrado desde hace meses solo para los ciudadanos que se vayan a vacunar al recinto ferial de Nuevo Santullano.<\/p>\n<p><img loading=\"lazy\" decoding=\"async\" class=\"aligncenter size-full wp-image-3062\" src=\"https:\/\/www.cuencasmineras.com\/wp-content\/uploads\/2021\/07\/20210330092349_RTPA595981.jpg\" alt=\"\" width=\"853\" height=\"480\" srcset=\"https:\/\/www.cuencasmineras.com\/wp-content\/uploads\/2021\/07\/20210330092349_RTPA595981.jpg 853w, https:\/\/www.cuencasmineras.com\/wp-content\/uploads\/2021\/07\/20210330092349_RTPA595981-300x169.jpg 300w, https:\/\/www.cuencasmineras.com\/wp-content\/uploads\/2021\/07\/20210330092349_RTPA595981-768x432.jpg 768w\" sizes=\"auto, (max-width: 853px) 100vw, 853px\" \/><\/p>\n<p style=\"text-align: justify;\">El portavoz vecinal explic\u00f3 que la Agrupaci\u00f3n lleva d\u00edas recibiendo quejas por parte de vecinos, que se encuentran con que al ir a aparcar para asistir a alguna consulta o bien para hacer alguna visita hospitalaria, se encuentran con el espacio cerrado, tanto por la ma\u00f1ana, cuando a\u00fan se vacuna en Nuevo Santullano, como por la tarde o los fines de semana, horarios en los que el \u201cvacun\u00f3dromo\u201d permanece cerrado. \u201cNo entendemos por qu\u00e9 se da esta situaci\u00f3n, cuando todo es una cuesti\u00f3n de organizaci\u00f3n y de sentido com\u00fan\u201d, explic\u00f3 D\u00edaz Marentes. Las quejas de los ciudadanos van m\u00e1s all\u00e1, incluso en los \u00faltimos d\u00edas, en horario de ma\u00f1ana, apenas una decena de coches son los que ocupan todo el aparcamiento exterior del hospital, que corresponder\u00edan a personas que se est\u00e1n vacunando.<\/p>\n<p style=\"text-align: justify;\">\u201cCon la campa\u00f1a de vacunaci\u00f3n contra el coronavirus ya muy avanzada, y sin las aglomeraciones de personas y veh\u00edculos que acud\u00edan cada d\u00eda al recinto ferial, ya no tiene sentido tener este aparcamiento cerrado al p\u00fablico\u201d, apunta el responsable vecinal.<\/p>\n<p style=\"text-align: justify;\">Adem\u00e1s, D\u00edaz Marentes plantea otras alternativas. \u201cEn el propio recinto ferial hay espacio libre suficiente como para asumir la carga de veh\u00edculos de los que ahora van a vacunarse\u201d, apunta el representante vecinal, que agrega que adem\u00e1s en la franja de edad en la que se mueve ahora la campa\u00f1a de inmunizaci\u00f3n \u2013j\u00f3venes en su mayor\u00eda\u2013, \u201cpermitir\u00eda que quienes se fueran a vacunar no tuvieran problema en aparcar algo m\u00e1s lejos e ir andando, no como al principio, que esencialmente se vacunaba a personas mayores, muchas con movilidad reducida\u201d.<\/p>\n<p style=\"text-align: justify;\">Desde que se reservase el aparcamiento del hospital solo para las personas que se fueran a vacunar, son los miembros de Protecci\u00f3n Civil los encargados de organizar el tr\u00e1fico en la zona por las ma\u00f1anas. De hecho, son los encargados de avisar a la Polic\u00eda Local para que multe a los veh\u00edculos que est\u00e9n en el aparcamiento y que se hayan colado en las horas en las que no hay vacunaciones o no hay personal presente. En los d\u00edas de m\u00e1xima afluencia de ciudadanos para vacunarse, no solamente se utilizaba el aparcamiento hospitalario, sino que se enviaba a los veh\u00edculos a una de las calles \u2013peatonales\u2013 de la barriada de Nuevo Santullano.<\/p>\n<p style=\"text-align: justify;\">\u201cLo que est\u00e1 claro es que ahora lo \u00fanico que sucede es que se est\u00e1 perjudicando a los usuarios del hospital, ya que no hay motivo ninguno para tener el aparcamiento cerrado, y mucho menos para que se pongan multas cuando apenas tiene ocupaci\u00f3n de la gente que se va a vacunar\u201d, dijo Marentes, que exigi\u00f3 la \u201capertura inmediata\u201d del parking exterior del hospital.<\/p>\n","protected":false},"excerpt":{"rendered":"<p>Tiene que abrir ya, porque no es de recibo que se tenga un \u00e1rea cerrada cuando apenas hay usuarios y cuando hay alternativas de aparcamiento\u201d. As\u00ed de tajante se mostraba ayer el presidente de la Agrupaci\u00f3n Vecinal de Mieres, Arsenio D\u00edaz Marentes, para exigir al Ayuntamiento la reapertura del parking exterior del hospital \u00c1lvarez-Buylla, cerrado [&hellip;]<\/p>\n","protected":false},"author":1,"featured_media":3062,"comment_status":"open","ping_status":"open","sticky":false,"template":"","format":"standard","meta":{"footnotes":""},"categories":[7,6,49],"tags":[],"class_list":["post-3302","post","type-post","status-publish","format-standard","has-post-thumbnail","hentry","category-caudal","category-noticias","category-covid"],"yoast_head":"<!-- This site is optimized with the Yoast SEO plugin v27.4 - https:\/\/yoast.com\/product\/yoast-seo-wordpress\/ -->\n<title>Los vecinos exigen la reapertura al p\u00fablico del parking del hospital de Mieres - cm news<\/title>\n<meta name=\"description\" content=\"La Agrupaci\u00f3n denuncia que el n\u00famero de personas que ahora se va a vacunar diariamente no justifica tener el espacio cerrado todo el d\u00eda.\" \/>\n<meta name=\"robots\" content=\"index, follow, max-snippet:-1, max-image-preview:large, max-video-preview:-1\" \/>\n<link rel=\"canonical\" href=\"https:\/\/www.cuencasmineras.com\/index.php\/2021\/08\/10\/los-vecinos-exigen-la-reapertura-al-publico-del-parking-del-hospital-de-mieres\/\" \/>\n<meta property=\"og:locale\" content=\"es_ES\" \/>\n<meta property=\"og:type\" content=\"article\" \/>\n<meta property=\"og:title\" content=\"Los vecinos exigen la reapertura al p\u00fablico del parking del hospital de Mieres - cm news\" \/>\n<meta property=\"og:description\" content=\"La Agrupaci\u00f3n denuncia que el n\u00famero de personas que ahora se va a vacunar diariamente no justifica tener el espacio cerrado todo el d\u00eda.\" \/>\n<meta property=\"og:url\" content=\"https:\/\/www.cuencasmineras.com\/index.php\/2021\/08\/10\/los-vecinos-exigen-la-reapertura-al-publico-del-parking-del-hospital-de-mieres\/\" \/>\n<meta property=\"article:published_time\" content=\"2021-08-10T10:12:33+00:00\" \/>\n<meta property=\"og:image\" content=\"https:\/\/www.cuencasmineras.com\/wp-content\/uploads\/2021\/07\/20210330092349_RTPA595981.jpg\" \/>\n\t<meta property=\"og:image:width\" content=\"853\" \/>\n\t<meta property=\"og:image:height\" content=\"480\" \/>\n\t<meta property=\"og:image:type\" content=\"image\/jpeg\" \/>\n<meta name=\"author\" content=\"admin\" \/>\n<meta name=\"twitter:card\" content=\"summary_large_image\" \/>\n<meta name=\"twitter:label1\" content=\"Escrito por\" \/>\n\t<meta name=\"twitter:data1\" content=\"admin\" \/>\n\t<meta name=\"twitter:label2\" content=\"Tiempo de lectura\" \/>\n\t<meta name=\"twitter:data2\" content=\"3 minutos\" \/>\n<script type=\"application\/ld+json\" class=\"yoast-schema-graph\">{\"@context\":\"https:\\\/\\\/schema.org\",\"@graph\":[{\"@type\":\"Article\",\"@id\":\"https:\\\/\\\/www.cuencasmineras.com\\\/index.php\\\/2021\\\/08\\\/10\\\/los-vecinos-exigen-la-reapertura-al-publico-del-parking-del-hospital-de-mieres\\\/#article\",\"isPartOf\":{\"@id\":\"https:\\\/\\\/www.cuencasmineras.com\\\/index.php\\\/2021\\\/08\\\/10\\\/los-vecinos-exigen-la-reapertura-al-publico-del-parking-del-hospital-de-mieres\\\/\"},\"author\":{\"name\":\"admin\",\"@id\":\"https:\\\/\\\/www.cuencasmineras.com\\\/#\\\/schema\\\/person\\\/be0691310e8496ec555f679dd688420c\"},\"headline\":\"Los vecinos exigen la reapertura al p\u00fablico del parking del hospital de Mieres\",\"datePublished\":\"2021-08-10T10:12:33+00:00\",\"mainEntityOfPage\":{\"@id\":\"https:\\\/\\\/www.cuencasmineras.com\\\/index.php\\\/2021\\\/08\\\/10\\\/los-vecinos-exigen-la-reapertura-al-publico-del-parking-del-hospital-de-mieres\\\/\"},\"wordCount\":567,\"commentCount\":0,\"image\":{\"@id\":\"https:\\\/\\\/www.cuencasmineras.com\\\/index.php\\\/2021\\\/08\\\/10\\\/los-vecinos-exigen-la-reapertura-al-publico-del-parking-del-hospital-de-mieres\\\/#primaryimage\"},\"thumbnailUrl\":\"https:\\\/\\\/www.cuencasmineras.com\\\/wp-content\\\/uploads\\\/2021\\\/07\\\/20210330092349_RTPA595981.jpg\",\"articleSection\":[\"Caudal\",\"CM NEWS\",\"COVID-19\"],\"inLanguage\":\"es\",\"potentialAction\":[{\"@type\":\"CommentAction\",\"name\":\"Comment\",\"target\":[\"https:\\\/\\\/www.cuencasmineras.com\\\/index.php\\\/2021\\\/08\\\/10\\\/los-vecinos-exigen-la-reapertura-al-publico-del-parking-del-hospital-de-mieres\\\/#respond\"]}]},{\"@type\":\"WebPage\",\"@id\":\"https:\\\/\\\/www.cuencasmineras.com\\\/index.php\\\/2021\\\/08\\\/10\\\/los-vecinos-exigen-la-reapertura-al-publico-del-parking-del-hospital-de-mieres\\\/\",\"url\":\"https:\\\/\\\/www.cuencasmineras.com\\\/index.php\\\/2021\\\/08\\\/10\\\/los-vecinos-exigen-la-reapertura-al-publico-del-parking-del-hospital-de-mieres\\\/\",\"name\":\"Los vecinos exigen la reapertura al p\u00fablico del parking del hospital de Mieres - cm news\",\"isPartOf\":{\"@id\":\"https:\\\/\\\/www.cuencasmineras.com\\\/#website\"},\"primaryImageOfPage\":{\"@id\":\"https:\\\/\\\/www.cuencasmineras.com\\\/index.php\\\/2021\\\/08\\\/10\\\/los-vecinos-exigen-la-reapertura-al-publico-del-parking-del-hospital-de-mieres\\\/#primaryimage\"},\"image\":{\"@id\":\"https:\\\/\\\/www.cuencasmineras.com\\\/index.php\\\/2021\\\/08\\\/10\\\/los-vecinos-exigen-la-reapertura-al-publico-del-parking-del-hospital-de-mieres\\\/#primaryimage\"},\"thumbnailUrl\":\"https:\\\/\\\/www.cuencasmineras.com\\\/wp-content\\\/uploads\\\/2021\\\/07\\\/20210330092349_RTPA595981.jpg\",\"datePublished\":\"2021-08-10T10:12:33+00:00\",\"author\":{\"@id\":\"https:\\\/\\\/www.cuencasmineras.com\\\/#\\\/schema\\\/person\\\/be0691310e8496ec555f679dd688420c\"},\"description\":\"La Agrupaci\u00f3n denuncia que el n\u00famero de personas que ahora se va a vacunar diariamente no justifica tener el espacio cerrado todo el d\u00eda.\",\"breadcrumb\":{\"@id\":\"https:\\\/\\\/www.cuencasmineras.com\\\/index.php\\\/2021\\\/08\\\/10\\\/los-vecinos-exigen-la-reapertura-al-publico-del-parking-del-hospital-de-mieres\\\/#breadcrumb\"},\"inLanguage\":\"es\",\"potentialAction\":[{\"@type\":\"ReadAction\",\"target\":[\"https:\\\/\\\/www.cuencasmineras.com\\\/index.php\\\/2021\\\/08\\\/10\\\/los-vecinos-exigen-la-reapertura-al-publico-del-parking-del-hospital-de-mieres\\\/\"]}]},{\"@type\":\"ImageObject\",\"inLanguage\":\"es\",\"@id\":\"https:\\\/\\\/www.cuencasmineras.com\\\/index.php\\\/2021\\\/08\\\/10\\\/los-vecinos-exigen-la-reapertura-al-publico-del-parking-del-hospital-de-mieres\\\/#primaryimage\",\"url\":\"https:\\\/\\\/www.cuencasmineras.com\\\/wp-content\\\/uploads\\\/2021\\\/07\\\/20210330092349_RTPA595981.jpg\",\"contentUrl\":\"https:\\\/\\\/www.cuencasmineras.com\\\/wp-content\\\/uploads\\\/2021\\\/07\\\/20210330092349_RTPA595981.jpg\",\"width\":853,\"height\":480},{\"@type\":\"BreadcrumbList\",\"@id\":\"https:\\\/\\\/www.cuencasmineras.com\\\/index.php\\\/2021\\\/08\\\/10\\\/los-vecinos-exigen-la-reapertura-al-publico-del-parking-del-hospital-de-mieres\\\/#breadcrumb\",\"itemListElement\":[{\"@type\":\"ListItem\",\"position\":1,\"name\":\"Portada\",\"item\":\"https:\\\/\\\/www.cuencasmineras.com\\\/\"},{\"@type\":\"ListItem\",\"position\":2,\"name\":\"Los vecinos exigen la reapertura al p\u00fablico del parking del hospital de Mieres\"}]},{\"@type\":\"WebSite\",\"@id\":\"https:\\\/\\\/www.cuencasmineras.com\\\/#website\",\"url\":\"https:\\\/\\\/www.cuencasmineras.com\\\/\",\"name\":\"\",\"description\":\"\",\"potentialAction\":[{\"@type\":\"SearchAction\",\"target\":{\"@type\":\"EntryPoint\",\"urlTemplate\":\"https:\\\/\\\/www.cuencasmineras.com\\\/?s={search_term_string}\"},\"query-input\":{\"@type\":\"PropertyValueSpecification\",\"valueRequired\":true,\"valueName\":\"search_term_string\"}}],\"inLanguage\":\"es\"},{\"@type\":\"Person\",\"@id\":\"https:\\\/\\\/www.cuencasmineras.com\\\/#\\\/schema\\\/person\\\/be0691310e8496ec555f679dd688420c\",\"name\":\"admin\",\"image\":{\"@type\":\"ImageObject\",\"inLanguage\":\"es\",\"@id\":\"https:\\\/\\\/secure.gravatar.com\\\/avatar\\\/4afd2eed3b2fbbf36dd6707b5bd8a5b50ac648f033e36fbf85aeace2f0f859db?s=96&d=mm&r=g\",\"url\":\"https:\\\/\\\/secure.gravatar.com\\\/avatar\\\/4afd2eed3b2fbbf36dd6707b5bd8a5b50ac648f033e36fbf85aeace2f0f859db?s=96&d=mm&r=g\",\"contentUrl\":\"https:\\\/\\\/secure.gravatar.com\\\/avatar\\\/4afd2eed3b2fbbf36dd6707b5bd8a5b50ac648f033e36fbf85aeace2f0f859db?s=96&d=mm&r=g\",\"caption\":\"admin\"},\"sameAs\":[\"https:\\\/\\\/www.cuencasmineras.com\"],\"url\":\"https:\\\/\\\/www.cuencasmineras.com\\\/index.php\\\/author\\\/admin\\\/\"}]}<\/script>\n<!-- \/ Yoast SEO plugin. -->","yoast_head_json":{"title":"Los vecinos exigen la reapertura al p\u00fablico del parking del hospital de Mieres - cm news","description":"La Agrupaci\u00f3n denuncia que el n\u00famero de personas que ahora se va a vacunar diariamente no justifica tener el espacio cerrado todo el d\u00eda.","robots":{"index":"index","follow":"follow","max-snippet":"max-snippet:-1","max-image-preview":"max-image-preview:large","max-video-preview":"max-video-preview:-1"},"canonical":"https:\/\/www.cuencasmineras.com\/index.php\/2021\/08\/10\/los-vecinos-exigen-la-reapertura-al-publico-del-parking-del-hospital-de-mieres\/","og_locale":"es_ES","og_type":"article","og_title":"Los vecinos exigen la reapertura al p\u00fablico del parking del hospital de Mieres - cm news","og_description":"La Agrupaci\u00f3n denuncia que el n\u00famero de personas que ahora se va a vacunar diariamente no justifica tener el espacio cerrado todo el d\u00eda.","og_url":"https:\/\/www.cuencasmineras.com\/index.php\/2021\/08\/10\/los-vecinos-exigen-la-reapertura-al-publico-del-parking-del-hospital-de-mieres\/","article_published_time":"2021-08-10T10:12:33+00:00","og_image":[{"width":853,"height":480,"url":"https:\/\/www.cuencasmineras.com\/wp-content\/uploads\/2021\/07\/20210330092349_RTPA595981.jpg","type":"image\/jpeg"}],"author":"admin","twitter_card":"summary_large_image","twitter_misc":{"Escrito por":"admin","Tiempo de lectura":"3 minutos"},"schema":{"@context":"https:\/\/schema.org","@graph":[{"@type":"Article","@id":"https:\/\/www.cuencasmineras.com\/index.php\/2021\/08\/10\/los-vecinos-exigen-la-reapertura-al-publico-del-parking-del-hospital-de-mieres\/#article","isPartOf":{"@id":"https:\/\/www.cuencasmineras.com\/index.php\/2021\/08\/10\/los-vecinos-exigen-la-reapertura-al-publico-del-parking-del-hospital-de-mieres\/"},"author":{"name":"admin","@id":"https:\/\/www.cuencasmineras.com\/#\/schema\/person\/be0691310e8496ec555f679dd688420c"},"headline":"Los vecinos exigen la reapertura al p\u00fablico del parking del hospital de Mieres","datePublished":"2021-08-10T10:12:33+00:00","mainEntityOfPage":{"@id":"https:\/\/www.cuencasmineras.com\/index.php\/2021\/08\/10\/los-vecinos-exigen-la-reapertura-al-publico-del-parking-del-hospital-de-mieres\/"},"wordCount":567,"commentCount":0,"image":{"@id":"https:\/\/www.cuencasmineras.com\/index.php\/2021\/08\/10\/los-vecinos-exigen-la-reapertura-al-publico-del-parking-del-hospital-de-mieres\/#primaryimage"},"thumbnailUrl":"https:\/\/www.cuencasmineras.com\/wp-content\/uploads\/2021\/07\/20210330092349_RTPA595981.jpg","articleSection":["Caudal","CM NEWS","COVID-19"],"inLanguage":"es","potentialAction":[{"@type":"CommentAction","name":"Comment","target":["https:\/\/www.cuencasmineras.com\/index.php\/2021\/08\/10\/los-vecinos-exigen-la-reapertura-al-publico-del-parking-del-hospital-de-mieres\/#respond"]}]},{"@type":"WebPage","@id":"https:\/\/www.cuencasmineras.com\/index.php\/2021\/08\/10\/los-vecinos-exigen-la-reapertura-al-publico-del-parking-del-hospital-de-mieres\/","url":"https:\/\/www.cuencasmineras.com\/index.php\/2021\/08\/10\/los-vecinos-exigen-la-reapertura-al-publico-del-parking-del-hospital-de-mieres\/","name":"Los vecinos exigen la reapertura al p\u00fablico del parking del hospital de Mieres - cm news","isPartOf":{"@id":"https:\/\/www.cuencasmineras.com\/#website"},"primaryImageOfPage":{"@id":"https:\/\/www.cuencasmineras.com\/index.php\/2021\/08\/10\/los-vecinos-exigen-la-reapertura-al-publico-del-parking-del-hospital-de-mieres\/#primaryimage"},"image":{"@id":"https:\/\/www.cuencasmineras.com\/index.php\/2021\/08\/10\/los-vecinos-exigen-la-reapertura-al-publico-del-parking-del-hospital-de-mieres\/#primaryimage"},"thumbnailUrl":"https:\/\/www.cuencasmineras.com\/wp-content\/uploads\/2021\/07\/20210330092349_RTPA595981.jpg","datePublished":"2021-08-10T10:12:33+00:00","author":{"@id":"https:\/\/www.cuencasmineras.com\/#\/schema\/person\/be0691310e8496ec555f679dd688420c"},"description":"La Agrupaci\u00f3n denuncia que el n\u00famero de personas que ahora se va a vacunar diariamente no justifica tener el espacio cerrado todo el d\u00eda.","breadcrumb":{"@id":"https:\/\/www.cuencasmineras.com\/index.php\/2021\/08\/10\/los-vecinos-exigen-la-reapertura-al-publico-del-parking-del-hospital-de-mieres\/#breadcrumb"},"inLanguage":"es","potentialAction":[{"@type":"ReadAction","target":["https:\/\/www.cuencasmineras.com\/index.php\/2021\/08\/10\/los-vecinos-exigen-la-reapertura-al-publico-del-parking-del-hospital-de-mieres\/"]}]},{"@type":"ImageObject","inLanguage":"es","@id":"https:\/\/www.cuencasmineras.com\/index.php\/2021\/08\/10\/los-vecinos-exigen-la-reapertura-al-publico-del-parking-del-hospital-de-mieres\/#primaryimage","url":"https:\/\/www.cuencasmineras.com\/wp-content\/uploads\/2021\/07\/20210330092349_RTPA595981.jpg","contentUrl":"https:\/\/www.cuencasmineras.com\/wp-content\/uploads\/2021\/07\/20210330092349_RTPA595981.jpg","width":853,"height":480},{"@type":"BreadcrumbList","@id":"https:\/\/www.cuencasmineras.com\/index.php\/2021\/08\/10\/los-vecinos-exigen-la-reapertura-al-publico-del-parking-del-hospital-de-mieres\/#breadcrumb","itemListElement":[{"@type":"ListItem","position":1,"name":"Portada","item":"https:\/\/www.cuencasmineras.com\/"},{"@type":"ListItem","position":2,"name":"Los vecinos exigen la reapertura al p\u00fablico del parking del hospital de Mieres"}]},{"@type":"WebSite","@id":"https:\/\/www.cuencasmineras.com\/#website","url":"https:\/\/www.cuencasmineras.com\/","name":"","description":"","potentialAction":[{"@type":"SearchAction","target":{"@type":"EntryPoint","urlTemplate":"https:\/\/www.cuencasmineras.com\/?s={search_term_string}"},"query-input":{"@type":"PropertyValueSpecification","valueRequired":true,"valueName":"search_term_string"}}],"inLanguage":"es"},{"@type":"Person","@id":"https:\/\/www.cuencasmineras.com\/#\/schema\/person\/be0691310e8496ec555f679dd688420c","name":"admin","image":{"@type":"ImageObject","inLanguage":"es","@id":"https:\/\/secure.gravatar.com\/avatar\/4afd2eed3b2fbbf36dd6707b5bd8a5b50ac648f033e36fbf85aeace2f0f859db?s=96&d=mm&r=g","url":"https:\/\/secure.gravatar.com\/avatar\/4afd2eed3b2fbbf36dd6707b5bd8a5b50ac648f033e36fbf85aeace2f0f859db?s=96&d=mm&r=g","contentUrl":"https:\/\/secure.gravatar.com\/avatar\/4afd2eed3b2fbbf36dd6707b5bd8a5b50ac648f033e36fbf85aeace2f0f859db?s=96&d=mm&r=g","caption":"admin"},"sameAs":["https:\/\/www.cuencasmineras.com"],"url":"https:\/\/www.cuencasmineras.com\/index.php\/author\/admin\/"}]}},"_links":{"self":[{"href":"https:\/\/www.cuencasmineras.com\/index.php\/wp-json\/wp\/v2\/posts\/3302","targetHints":{"allow":["GET"]}}],"collection":[{"href":"https:\/\/www.cuencasmineras.com\/index.php\/wp-json\/wp\/v2\/posts"}],"about":[{"href":"https:\/\/www.cuencasmineras.com\/index.php\/wp-json\/wp\/v2\/types\/post"}],"author":[{"embeddable":true,"href":"https:\/\/www.cuencasmineras.com\/index.php\/wp-json\/wp\/v2\/users\/1"}],"replies":[{"embeddable":true,"href":"https:\/\/www.cuencasmineras.com\/index.php\/wp-json\/wp\/v2\/comments?post=3302"}],"version-history":[{"count":1,"href":"https:\/\/www.cuencasmineras.com\/index.php\/wp-json\/wp\/v2\/posts\/3302\/revisions"}],"predecessor-version":[{"id":3303,"href":"https:\/\/www.cuencasmineras.com\/index.php\/wp-json\/wp\/v2\/posts\/3302\/revisions\/3303"}],"wp:featuredmedia":[{"embeddable":true,"href":"https:\/\/www.cuencasmineras.com\/index.php\/wp-json\/wp\/v2\/media\/3062"}],"wp:attachment":[{"href":"https:\/\/www.cuencasmineras.com\/index.php\/wp-json\/wp\/v2\/media?parent=3302"}],"wp:term":[{"taxonomy":"category","embeddable":true,"href":"https:\/\/www.cuencasmineras.com\/index.php\/wp-json\/wp\/v2\/categories?post=3302"},{"taxonomy":"post_tag","embeddable":true,"href":"https:\/\/www.cuencasmineras.com\/index.php\/wp-json\/wp\/v2\/tags?post=3302"}],"curies":[{"name":"wp","href":"https:\/\/api.w.org\/{rel}","templated":true}]}}