{"id":3307,"date":"2021-08-10T10:20:27","date_gmt":"2021-08-10T10:20:27","guid":{"rendered":"https:\/\/www.cuencasmineras.com\/?p=3307"},"modified":"2021-08-10T10:20:27","modified_gmt":"2021-08-10T10:20:27","slug":"el-grupo-lenense-luz-de-gas-ofrece-un-concierto-el-domingo-en-pajares","status":"publish","type":"post","link":"https:\/\/www.cuencasmineras.com\/index.php\/2021\/08\/10\/el-grupo-lenense-luz-de-gas-ofrece-un-concierto-el-domingo-en-pajares\/","title":{"rendered":"El grupo lenense \u201cLuz de Gas\u201d ofrece un concierto el domingo en Pajares"},"content":{"rendered":"<p style=\"text-align: justify;\">La estaci\u00f3n lenense de Valgrande-Pajares sigue acogiendo actividades veraniegas con el fin de impulsar el turismo en el enclave. El Ayuntamiento de Lena anunci\u00f3 ayer que el pr\u00f3ximo fin de semana, concretamente el domingo 15 de agosto, tendr\u00e1 lugar un concierto del grupo lenense \u201cLuz de Gas\u201d, que presentar\u00e1 por primera vez sus versiones de canciones m\u00edticas del pop y rock de los 80 y 90 en un escenario a m\u00e1s de 1.800 metros de altitud. El Consistorio lenense quiere refrendar con la organizaci\u00f3n de este evento su implicaci\u00f3n con \u201cla promoci\u00f3n de nuestra estaci\u00f3n de Valgrande-Pajares\u201d.<\/p>\n<p><img loading=\"lazy\" decoding=\"async\" class=\"aligncenter size-full wp-image-3308\" src=\"https:\/\/www.cuencasmineras.com\/wp-content\/uploads\/2021\/08\/226554871_473012397386596_8099686145931380200_n.jpg\" alt=\"\" width=\"509\" height=\"720\" srcset=\"https:\/\/www.cuencasmineras.com\/wp-content\/uploads\/2021\/08\/226554871_473012397386596_8099686145931380200_n.jpg 509w, https:\/\/www.cuencasmineras.com\/wp-content\/uploads\/2021\/08\/226554871_473012397386596_8099686145931380200_n-212x300.jpg 212w\" sizes=\"auto, (max-width: 509px) 100vw, 509px\" \/><\/p>\n<p style=\"text-align: justify;\">El concierto se celebrar\u00e1 ante la cafeter\u00eda Cuitu Negru, en la cima de la estaci\u00f3n lenense, y la entrada al mismo ser\u00e1 libre y gratuita. Est\u00e1 previsto que la m\u00fasica comience a sonar en torno a la una de la tarde, en sesi\u00f3n verm\u00fa. Para acceder a la zona alta de la estaci\u00f3n, hay dos alternativas. Por una parte, el remonte Bra\u00f1ill\u00edn, que la estaci\u00f3n abre durante los fines de semana y festivos del verano. Entrar\u00e1 en funcionamiento a las 10.30 horas, al igual que el establecimiento hostelero de la cima, tambi\u00e9n del Principado y gestionado por un concesionario. El precio del billete del telesilla para la ida y vuelta es de 8 euros por persona.<\/p>\n<p style=\"text-align: justify;\">Adem\u00e1s, tambi\u00e9n cabe la posibilidad de cubrir a pie el recorrido, de 2,5 kil\u00f3metros, por una senda pendiente, pero sin excesiva dificultad. En caso de que las condiciones meteorol\u00f3gicas no acompa\u00f1asen el domingo, el Ayuntamiento lenense anunci\u00f3 que el concierto se aplazar\u00eda para una nueva fecha. Adem\u00e1s, el grupo lenense \u201cLuz de Gas\u201d pondr\u00e1 a la venta ese d\u00eda una serie de art\u00edculos de \u201cmerchandising\u201d del grupo y se brinda la oportunidad de adquirir su camiseta con antelaci\u00f3n en la peluquer\u00eda Manuel, en la plaza Alfonso X el Sabio, de La Pola.<\/p>\n","protected":false},"excerpt":{"rendered":"<p>La estaci\u00f3n lenense de Valgrande-Pajares sigue acogiendo actividades veraniegas con el fin de impulsar el turismo en el enclave. El Ayuntamiento de Lena anunci\u00f3 ayer que el pr\u00f3ximo fin de semana, concretamente el domingo 15 de agosto, tendr\u00e1 lugar un concierto del grupo lenense \u201cLuz de Gas\u201d, que presentar\u00e1 por primera vez sus versiones de [&hellip;]<\/p>\n","protected":false},"author":1,"featured_media":3308,"comment_status":"open","ping_status":"open","sticky":false,"template":"","format":"standard","meta":{"footnotes":""},"categories":[7,6,48],"tags":[],"class_list":["post-3307","post","type-post","status-publish","format-standard","has-post-thumbnail","hentry","category-caudal","category-noticias","category-fiestas"],"yoast_head":"<!-- This site is optimized with the Yoast SEO plugin v27.4 - https:\/\/yoast.com\/product\/yoast-seo-wordpress\/ -->\n<title>El grupo lenense \u201cLuz de Gas\u201d ofrece un concierto el domingo en Pajares - cm news<\/title>\n<meta name=\"description\" content=\"El concierto se celebrar\u00e1 ante la cafeter\u00eda Cuitu Negru, en la cima de la estaci\u00f3n lenense, y la entrada al mismo ser\u00e1 libre y gratuita.\" \/>\n<meta name=\"robots\" content=\"index, follow, max-snippet:-1, max-image-preview:large, max-video-preview:-1\" \/>\n<link rel=\"canonical\" href=\"https:\/\/www.cuencasmineras.com\/index.php\/2021\/08\/10\/el-grupo-lenense-luz-de-gas-ofrece-un-concierto-el-domingo-en-pajares\/\" \/>\n<meta property=\"og:locale\" content=\"es_ES\" \/>\n<meta property=\"og:type\" content=\"article\" \/>\n<meta property=\"og:title\" content=\"El grupo lenense \u201cLuz de Gas\u201d ofrece un concierto el domingo en Pajares - cm news\" \/>\n<meta property=\"og:description\" content=\"El concierto se celebrar\u00e1 ante la cafeter\u00eda Cuitu Negru, en la cima de la estaci\u00f3n lenense, y la entrada al mismo ser\u00e1 libre y gratuita.\" \/>\n<meta property=\"og:url\" content=\"https:\/\/www.cuencasmineras.com\/index.php\/2021\/08\/10\/el-grupo-lenense-luz-de-gas-ofrece-un-concierto-el-domingo-en-pajares\/\" \/>\n<meta property=\"article:published_time\" content=\"2021-08-10T10:20:27+00:00\" \/>\n<meta property=\"og:image\" content=\"https:\/\/www.cuencasmineras.com\/wp-content\/uploads\/2021\/08\/226554871_473012397386596_8099686145931380200_n.jpg\" \/>\n\t<meta property=\"og:image:width\" content=\"509\" \/>\n\t<meta property=\"og:image:height\" content=\"720\" \/>\n\t<meta property=\"og:image:type\" content=\"image\/jpeg\" \/>\n<meta name=\"author\" content=\"admin\" \/>\n<meta name=\"twitter:card\" content=\"summary_large_image\" \/>\n<meta name=\"twitter:label1\" content=\"Escrito por\" \/>\n\t<meta name=\"twitter:data1\" content=\"admin\" \/>\n\t<meta name=\"twitter:label2\" content=\"Tiempo de lectura\" \/>\n\t<meta name=\"twitter:data2\" content=\"2 minutos\" \/>\n<script type=\"application\/ld+json\" class=\"yoast-schema-graph\">{\"@context\":\"https:\\\/\\\/schema.org\",\"@graph\":[{\"@type\":\"Article\",\"@id\":\"https:\\\/\\\/www.cuencasmineras.com\\\/index.php\\\/2021\\\/08\\\/10\\\/el-grupo-lenense-luz-de-gas-ofrece-un-concierto-el-domingo-en-pajares\\\/#article\",\"isPartOf\":{\"@id\":\"https:\\\/\\\/www.cuencasmineras.com\\\/index.php\\\/2021\\\/08\\\/10\\\/el-grupo-lenense-luz-de-gas-ofrece-un-concierto-el-domingo-en-pajares\\\/\"},\"author\":{\"name\":\"admin\",\"@id\":\"https:\\\/\\\/www.cuencasmineras.com\\\/#\\\/schema\\\/person\\\/be0691310e8496ec555f679dd688420c\"},\"headline\":\"El grupo lenense \u201cLuz de Gas\u201d ofrece un concierto el domingo en Pajares\",\"datePublished\":\"2021-08-10T10:20:27+00:00\",\"mainEntityOfPage\":{\"@id\":\"https:\\\/\\\/www.cuencasmineras.com\\\/index.php\\\/2021\\\/08\\\/10\\\/el-grupo-lenense-luz-de-gas-ofrece-un-concierto-el-domingo-en-pajares\\\/\"},\"wordCount\":339,\"commentCount\":0,\"image\":{\"@id\":\"https:\\\/\\\/www.cuencasmineras.com\\\/index.php\\\/2021\\\/08\\\/10\\\/el-grupo-lenense-luz-de-gas-ofrece-un-concierto-el-domingo-en-pajares\\\/#primaryimage\"},\"thumbnailUrl\":\"https:\\\/\\\/www.cuencasmineras.com\\\/wp-content\\\/uploads\\\/2021\\\/08\\\/226554871_473012397386596_8099686145931380200_n.jpg\",\"articleSection\":[\"Caudal\",\"CM NEWS\",\"Fiestas\"],\"inLanguage\":\"es\",\"potentialAction\":[{\"@type\":\"CommentAction\",\"name\":\"Comment\",\"target\":[\"https:\\\/\\\/www.cuencasmineras.com\\\/index.php\\\/2021\\\/08\\\/10\\\/el-grupo-lenense-luz-de-gas-ofrece-un-concierto-el-domingo-en-pajares\\\/#respond\"]}]},{\"@type\":\"WebPage\",\"@id\":\"https:\\\/\\\/www.cuencasmineras.com\\\/index.php\\\/2021\\\/08\\\/10\\\/el-grupo-lenense-luz-de-gas-ofrece-un-concierto-el-domingo-en-pajares\\\/\",\"url\":\"https:\\\/\\\/www.cuencasmineras.com\\\/index.php\\\/2021\\\/08\\\/10\\\/el-grupo-lenense-luz-de-gas-ofrece-un-concierto-el-domingo-en-pajares\\\/\",\"name\":\"El grupo lenense \u201cLuz de Gas\u201d ofrece un concierto el domingo en Pajares - cm news\",\"isPartOf\":{\"@id\":\"https:\\\/\\\/www.cuencasmineras.com\\\/#website\"},\"primaryImageOfPage\":{\"@id\":\"https:\\\/\\\/www.cuencasmineras.com\\\/index.php\\\/2021\\\/08\\\/10\\\/el-grupo-lenense-luz-de-gas-ofrece-un-concierto-el-domingo-en-pajares\\\/#primaryimage\"},\"image\":{\"@id\":\"https:\\\/\\\/www.cuencasmineras.com\\\/index.php\\\/2021\\\/08\\\/10\\\/el-grupo-lenense-luz-de-gas-ofrece-un-concierto-el-domingo-en-pajares\\\/#primaryimage\"},\"thumbnailUrl\":\"https:\\\/\\\/www.cuencasmineras.com\\\/wp-content\\\/uploads\\\/2021\\\/08\\\/226554871_473012397386596_8099686145931380200_n.jpg\",\"datePublished\":\"2021-08-10T10:20:27+00:00\",\"author\":{\"@id\":\"https:\\\/\\\/www.cuencasmineras.com\\\/#\\\/schema\\\/person\\\/be0691310e8496ec555f679dd688420c\"},\"description\":\"El concierto se celebrar\u00e1 ante la cafeter\u00eda Cuitu Negru, en la cima de la estaci\u00f3n lenense, y la entrada al mismo ser\u00e1 libre y gratuita.\",\"breadcrumb\":{\"@id\":\"https:\\\/\\\/www.cuencasmineras.com\\\/index.php\\\/2021\\\/08\\\/10\\\/el-grupo-lenense-luz-de-gas-ofrece-un-concierto-el-domingo-en-pajares\\\/#breadcrumb\"},\"inLanguage\":\"es\",\"potentialAction\":[{\"@type\":\"ReadAction\",\"target\":[\"https:\\\/\\\/www.cuencasmineras.com\\\/index.php\\\/2021\\\/08\\\/10\\\/el-grupo-lenense-luz-de-gas-ofrece-un-concierto-el-domingo-en-pajares\\\/\"]}]},{\"@type\":\"ImageObject\",\"inLanguage\":\"es\",\"@id\":\"https:\\\/\\\/www.cuencasmineras.com\\\/index.php\\\/2021\\\/08\\\/10\\\/el-grupo-lenense-luz-de-gas-ofrece-un-concierto-el-domingo-en-pajares\\\/#primaryimage\",\"url\":\"https:\\\/\\\/www.cuencasmineras.com\\\/wp-content\\\/uploads\\\/2021\\\/08\\\/226554871_473012397386596_8099686145931380200_n.jpg\",\"contentUrl\":\"https:\\\/\\\/www.cuencasmineras.com\\\/wp-content\\\/uploads\\\/2021\\\/08\\\/226554871_473012397386596_8099686145931380200_n.jpg\",\"width\":509,\"height\":720},{\"@type\":\"BreadcrumbList\",\"@id\":\"https:\\\/\\\/www.cuencasmineras.com\\\/index.php\\\/2021\\\/08\\\/10\\\/el-grupo-lenense-luz-de-gas-ofrece-un-concierto-el-domingo-en-pajares\\\/#breadcrumb\",\"itemListElement\":[{\"@type\":\"ListItem\",\"position\":1,\"name\":\"Portada\",\"item\":\"https:\\\/\\\/www.cuencasmineras.com\\\/\"},{\"@type\":\"ListItem\",\"position\":2,\"name\":\"El grupo lenense \u201cLuz de Gas\u201d ofrece un concierto el domingo en Pajares\"}]},{\"@type\":\"WebSite\",\"@id\":\"https:\\\/\\\/www.cuencasmineras.com\\\/#website\",\"url\":\"https:\\\/\\\/www.cuencasmineras.com\\\/\",\"name\":\"\",\"description\":\"\",\"potentialAction\":[{\"@type\":\"SearchAction\",\"target\":{\"@type\":\"EntryPoint\",\"urlTemplate\":\"https:\\\/\\\/www.cuencasmineras.com\\\/?s={search_term_string}\"},\"query-input\":{\"@type\":\"PropertyValueSpecification\",\"valueRequired\":true,\"valueName\":\"search_term_string\"}}],\"inLanguage\":\"es\"},{\"@type\":\"Person\",\"@id\":\"https:\\\/\\\/www.cuencasmineras.com\\\/#\\\/schema\\\/person\\\/be0691310e8496ec555f679dd688420c\",\"name\":\"admin\",\"image\":{\"@type\":\"ImageObject\",\"inLanguage\":\"es\",\"@id\":\"https:\\\/\\\/secure.gravatar.com\\\/avatar\\\/4afd2eed3b2fbbf36dd6707b5bd8a5b50ac648f033e36fbf85aeace2f0f859db?s=96&d=mm&r=g\",\"url\":\"https:\\\/\\\/secure.gravatar.com\\\/avatar\\\/4afd2eed3b2fbbf36dd6707b5bd8a5b50ac648f033e36fbf85aeace2f0f859db?s=96&d=mm&r=g\",\"contentUrl\":\"https:\\\/\\\/secure.gravatar.com\\\/avatar\\\/4afd2eed3b2fbbf36dd6707b5bd8a5b50ac648f033e36fbf85aeace2f0f859db?s=96&d=mm&r=g\",\"caption\":\"admin\"},\"sameAs\":[\"https:\\\/\\\/www.cuencasmineras.com\"],\"url\":\"https:\\\/\\\/www.cuencasmineras.com\\\/index.php\\\/author\\\/admin\\\/\"}]}<\/script>\n<!-- \/ Yoast SEO plugin. -->","yoast_head_json":{"title":"El grupo lenense \u201cLuz de Gas\u201d ofrece un concierto el domingo en Pajares - cm news","description":"El concierto se celebrar\u00e1 ante la cafeter\u00eda Cuitu Negru, en la cima de la estaci\u00f3n lenense, y la entrada al mismo ser\u00e1 libre y gratuita.","robots":{"index":"index","follow":"follow","max-snippet":"max-snippet:-1","max-image-preview":"max-image-preview:large","max-video-preview":"max-video-preview:-1"},"canonical":"https:\/\/www.cuencasmineras.com\/index.php\/2021\/08\/10\/el-grupo-lenense-luz-de-gas-ofrece-un-concierto-el-domingo-en-pajares\/","og_locale":"es_ES","og_type":"article","og_title":"El grupo lenense \u201cLuz de Gas\u201d ofrece un concierto el domingo en Pajares - cm news","og_description":"El concierto se celebrar\u00e1 ante la cafeter\u00eda Cuitu Negru, en la cima de la estaci\u00f3n lenense, y la entrada al mismo ser\u00e1 libre y gratuita.","og_url":"https:\/\/www.cuencasmineras.com\/index.php\/2021\/08\/10\/el-grupo-lenense-luz-de-gas-ofrece-un-concierto-el-domingo-en-pajares\/","article_published_time":"2021-08-10T10:20:27+00:00","og_image":[{"width":509,"height":720,"url":"https:\/\/www.cuencasmineras.com\/wp-content\/uploads\/2021\/08\/226554871_473012397386596_8099686145931380200_n.jpg","type":"image\/jpeg"}],"author":"admin","twitter_card":"summary_large_image","twitter_misc":{"Escrito por":"admin","Tiempo de lectura":"2 minutos"},"schema":{"@context":"https:\/\/schema.org","@graph":[{"@type":"Article","@id":"https:\/\/www.cuencasmineras.com\/index.php\/2021\/08\/10\/el-grupo-lenense-luz-de-gas-ofrece-un-concierto-el-domingo-en-pajares\/#article","isPartOf":{"@id":"https:\/\/www.cuencasmineras.com\/index.php\/2021\/08\/10\/el-grupo-lenense-luz-de-gas-ofrece-un-concierto-el-domingo-en-pajares\/"},"author":{"name":"admin","@id":"https:\/\/www.cuencasmineras.com\/#\/schema\/person\/be0691310e8496ec555f679dd688420c"},"headline":"El grupo lenense \u201cLuz de Gas\u201d ofrece un concierto el domingo en Pajares","datePublished":"2021-08-10T10:20:27+00:00","mainEntityOfPage":{"@id":"https:\/\/www.cuencasmineras.com\/index.php\/2021\/08\/10\/el-grupo-lenense-luz-de-gas-ofrece-un-concierto-el-domingo-en-pajares\/"},"wordCount":339,"commentCount":0,"image":{"@id":"https:\/\/www.cuencasmineras.com\/index.php\/2021\/08\/10\/el-grupo-lenense-luz-de-gas-ofrece-un-concierto-el-domingo-en-pajares\/#primaryimage"},"thumbnailUrl":"https:\/\/www.cuencasmineras.com\/wp-content\/uploads\/2021\/08\/226554871_473012397386596_8099686145931380200_n.jpg","articleSection":["Caudal","CM NEWS","Fiestas"],"inLanguage":"es","potentialAction":[{"@type":"CommentAction","name":"Comment","target":["https:\/\/www.cuencasmineras.com\/index.php\/2021\/08\/10\/el-grupo-lenense-luz-de-gas-ofrece-un-concierto-el-domingo-en-pajares\/#respond"]}]},{"@type":"WebPage","@id":"https:\/\/www.cuencasmineras.com\/index.php\/2021\/08\/10\/el-grupo-lenense-luz-de-gas-ofrece-un-concierto-el-domingo-en-pajares\/","url":"https:\/\/www.cuencasmineras.com\/index.php\/2021\/08\/10\/el-grupo-lenense-luz-de-gas-ofrece-un-concierto-el-domingo-en-pajares\/","name":"El grupo lenense \u201cLuz de Gas\u201d ofrece un concierto el domingo en Pajares - cm news","isPartOf":{"@id":"https:\/\/www.cuencasmineras.com\/#website"},"primaryImageOfPage":{"@id":"https:\/\/www.cuencasmineras.com\/index.php\/2021\/08\/10\/el-grupo-lenense-luz-de-gas-ofrece-un-concierto-el-domingo-en-pajares\/#primaryimage"},"image":{"@id":"https:\/\/www.cuencasmineras.com\/index.php\/2021\/08\/10\/el-grupo-lenense-luz-de-gas-ofrece-un-concierto-el-domingo-en-pajares\/#primaryimage"},"thumbnailUrl":"https:\/\/www.cuencasmineras.com\/wp-content\/uploads\/2021\/08\/226554871_473012397386596_8099686145931380200_n.jpg","datePublished":"2021-08-10T10:20:27+00:00","author":{"@id":"https:\/\/www.cuencasmineras.com\/#\/schema\/person\/be0691310e8496ec555f679dd688420c"},"description":"El concierto se celebrar\u00e1 ante la cafeter\u00eda Cuitu Negru, en la cima de la estaci\u00f3n lenense, y la entrada al mismo ser\u00e1 libre y gratuita.","breadcrumb":{"@id":"https:\/\/www.cuencasmineras.com\/index.php\/2021\/08\/10\/el-grupo-lenense-luz-de-gas-ofrece-un-concierto-el-domingo-en-pajares\/#breadcrumb"},"inLanguage":"es","potentialAction":[{"@type":"ReadAction","target":["https:\/\/www.cuencasmineras.com\/index.php\/2021\/08\/10\/el-grupo-lenense-luz-de-gas-ofrece-un-concierto-el-domingo-en-pajares\/"]}]},{"@type":"ImageObject","inLanguage":"es","@id":"https:\/\/www.cuencasmineras.com\/index.php\/2021\/08\/10\/el-grupo-lenense-luz-de-gas-ofrece-un-concierto-el-domingo-en-pajares\/#primaryimage","url":"https:\/\/www.cuencasmineras.com\/wp-content\/uploads\/2021\/08\/226554871_473012397386596_8099686145931380200_n.jpg","contentUrl":"https:\/\/www.cuencasmineras.com\/wp-content\/uploads\/2021\/08\/226554871_473012397386596_8099686145931380200_n.jpg","width":509,"height":720},{"@type":"BreadcrumbList","@id":"https:\/\/www.cuencasmineras.com\/index.php\/2021\/08\/10\/el-grupo-lenense-luz-de-gas-ofrece-un-concierto-el-domingo-en-pajares\/#breadcrumb","itemListElement":[{"@type":"ListItem","position":1,"name":"Portada","item":"https:\/\/www.cuencasmineras.com\/"},{"@type":"ListItem","position":2,"name":"El grupo lenense \u201cLuz de Gas\u201d ofrece un concierto el domingo en Pajares"}]},{"@type":"WebSite","@id":"https:\/\/www.cuencasmineras.com\/#website","url":"https:\/\/www.cuencasmineras.com\/","name":"","description":"","potentialAction":[{"@type":"SearchAction","target":{"@type":"EntryPoint","urlTemplate":"https:\/\/www.cuencasmineras.com\/?s={search_term_string}"},"query-input":{"@type":"PropertyValueSpecification","valueRequired":true,"valueName":"search_term_string"}}],"inLanguage":"es"},{"@type":"Person","@id":"https:\/\/www.cuencasmineras.com\/#\/schema\/person\/be0691310e8496ec555f679dd688420c","name":"admin","image":{"@type":"ImageObject","inLanguage":"es","@id":"https:\/\/secure.gravatar.com\/avatar\/4afd2eed3b2fbbf36dd6707b5bd8a5b50ac648f033e36fbf85aeace2f0f859db?s=96&d=mm&r=g","url":"https:\/\/secure.gravatar.com\/avatar\/4afd2eed3b2fbbf36dd6707b5bd8a5b50ac648f033e36fbf85aeace2f0f859db?s=96&d=mm&r=g","contentUrl":"https:\/\/secure.gravatar.com\/avatar\/4afd2eed3b2fbbf36dd6707b5bd8a5b50ac648f033e36fbf85aeace2f0f859db?s=96&d=mm&r=g","caption":"admin"},"sameAs":["https:\/\/www.cuencasmineras.com"],"url":"https:\/\/www.cuencasmineras.com\/index.php\/author\/admin\/"}]}},"_links":{"self":[{"href":"https:\/\/www.cuencasmineras.com\/index.php\/wp-json\/wp\/v2\/posts\/3307","targetHints":{"allow":["GET"]}}],"collection":[{"href":"https:\/\/www.cuencasmineras.com\/index.php\/wp-json\/wp\/v2\/posts"}],"about":[{"href":"https:\/\/www.cuencasmineras.com\/index.php\/wp-json\/wp\/v2\/types\/post"}],"author":[{"embeddable":true,"href":"https:\/\/www.cuencasmineras.com\/index.php\/wp-json\/wp\/v2\/users\/1"}],"replies":[{"embeddable":true,"href":"https:\/\/www.cuencasmineras.com\/index.php\/wp-json\/wp\/v2\/comments?post=3307"}],"version-history":[{"count":1,"href":"https:\/\/www.cuencasmineras.com\/index.php\/wp-json\/wp\/v2\/posts\/3307\/revisions"}],"predecessor-version":[{"id":3309,"href":"https:\/\/www.cuencasmineras.com\/index.php\/wp-json\/wp\/v2\/posts\/3307\/revisions\/3309"}],"wp:featuredmedia":[{"embeddable":true,"href":"https:\/\/www.cuencasmineras.com\/index.php\/wp-json\/wp\/v2\/media\/3308"}],"wp:attachment":[{"href":"https:\/\/www.cuencasmineras.com\/index.php\/wp-json\/wp\/v2\/media?parent=3307"}],"wp:term":[{"taxonomy":"category","embeddable":true,"href":"https:\/\/www.cuencasmineras.com\/index.php\/wp-json\/wp\/v2\/categories?post=3307"},{"taxonomy":"post_tag","embeddable":true,"href":"https:\/\/www.cuencasmineras.com\/index.php\/wp-json\/wp\/v2\/tags?post=3307"}],"curies":[{"name":"wp","href":"https:\/\/api.w.org\/{rel}","templated":true}]}}