{"id":3328,"date":"2021-08-11T21:32:25","date_gmt":"2021-08-11T21:32:25","guid":{"rendered":"https:\/\/www.cuencasmineras.com\/?p=3328"},"modified":"2021-08-11T21:32:25","modified_gmt":"2021-08-11T21:32:25","slug":"el-principado-ocupara-casi-80-fincas-para-ejecutar-la-carretera-moreda-boo-bustille","status":"publish","type":"post","link":"https:\/\/www.cuencasmineras.com\/index.php\/2021\/08\/11\/el-principado-ocupara-casi-80-fincas-para-ejecutar-la-carretera-moreda-boo-bustille\/","title":{"rendered":"El Principado ocupar\u00e1 casi 80 fincas para ejecutar la carretera Moreda-Boo-Bustill\u00e9"},"content":{"rendered":"<p style=\"text-align: justify;\">Es una de las obras que m\u00e1s llevan esperando los vecinos del concejo de Aller, y especialmente los de la zona baja del municipio. Y tambi\u00e9n fue uno de los principales objetivos con los que el actual alcalde, Juan Carlos Iglesias, lleg\u00f3 al cargo hace dos a\u00f1os: desbloquear la ejecuci\u00f3n del proyecto de la carretera Moreda-Boo-Bustill\u00e9. Y ahora parece que ya por fin, todo marcha hacia adelante. El Gobierno regional publicaba ayer en el Bolet\u00edn Oficial del Principado de Asturias declaraci\u00f3n de ocupaci\u00f3n urgente de fincas para la puesta en marcha de los trabajos. En total, el listado asciende a casi 80 parcelas de las que se deber\u00e1n confiscar metros para poder ejecutar la obra.<\/p>\n<p style=\"text-align: justify;\"><img loading=\"lazy\" decoding=\"async\" class=\"aligncenter size-full wp-image-3329\" src=\"https:\/\/www.cuencasmineras.com\/wp-content\/uploads\/2021\/08\/17025_1.jpg\" alt=\"\" width=\"600\" height=\"500\" srcset=\"https:\/\/www.cuencasmineras.com\/wp-content\/uploads\/2021\/08\/17025_1.jpg 600w, https:\/\/www.cuencasmineras.com\/wp-content\/uploads\/2021\/08\/17025_1-300x250.jpg 300w\" sizes=\"auto, (max-width: 600px) 100vw, 600px\" \/>Seg\u00fan se refleja en la publicaci\u00f3n realizada ayer por la Consejer\u00eda de Medio Rural y Cohesi\u00f3n Territorial, el expediente de expropiaciones comenz\u00f3 ya en abril de este mismo, a\u00f1o, y culmina ahora con la declaraci\u00f3n de ocupaci\u00f3n forzosa de los terrenos \u201cpara la realizaci\u00f3n de las obras correspondientes a la ejecuci\u00f3n del proyecto de ensanche y mejora de la carretera AE-2, Moreda-Boo-Bustill\u00e9\u201d. Unos trabajos que tendr\u00e1n un presupuesto superior a los dos millones y medio de euros (2,6 millones), y que tendr\u00e1n un plazo de ejecuci\u00f3n de dos a\u00f1os. Para este ejercicio, el Gobierno regional hab\u00eda consignado en el presupuesto del Principado la cantidad de 220.000 euros.<\/p>\n","protected":false},"excerpt":{"rendered":"<p>Es una de las obras que m\u00e1s llevan esperando los vecinos del concejo de Aller, y especialmente los de la zona baja del municipio. Y tambi\u00e9n fue uno de los principales objetivos con los que el actual alcalde, Juan Carlos Iglesias, lleg\u00f3 al cargo hace dos a\u00f1os: desbloquear la ejecuci\u00f3n del proyecto de la carretera [&hellip;]<\/p>\n","protected":false},"author":1,"featured_media":3329,"comment_status":"open","ping_status":"open","sticky":false,"template":"","format":"standard","meta":{"footnotes":""},"categories":[7,6],"tags":[],"class_list":["post-3328","post","type-post","status-publish","format-standard","has-post-thumbnail","hentry","category-caudal","category-noticias"],"yoast_head":"<!-- This site is optimized with the Yoast SEO plugin v27.4 - https:\/\/yoast.com\/product\/yoast-seo-wordpress\/ -->\n<title>El Principado ocupar\u00e1 casi 80 fincas para ejecutar la carretera Moreda-Boo-Bustill\u00e9 - cm news<\/title>\n<meta name=\"description\" content=\"Las obras conllevan una inversi\u00f3n de 2,6 millones de euros para un tramo de tres kil\u00f3metros y est\u00e1 previsto que duren dos a\u00f1os.\" \/>\n<meta name=\"robots\" content=\"index, follow, max-snippet:-1, max-image-preview:large, max-video-preview:-1\" \/>\n<link rel=\"canonical\" href=\"https:\/\/www.cuencasmineras.com\/index.php\/2021\/08\/11\/el-principado-ocupara-casi-80-fincas-para-ejecutar-la-carretera-moreda-boo-bustille\/\" \/>\n<meta property=\"og:locale\" content=\"es_ES\" \/>\n<meta property=\"og:type\" content=\"article\" \/>\n<meta property=\"og:title\" content=\"El Principado ocupar\u00e1 casi 80 fincas para ejecutar la carretera Moreda-Boo-Bustill\u00e9 - cm news\" \/>\n<meta property=\"og:description\" content=\"Las obras conllevan una inversi\u00f3n de 2,6 millones de euros para un tramo de tres kil\u00f3metros y est\u00e1 previsto que duren dos a\u00f1os.\" \/>\n<meta property=\"og:url\" content=\"https:\/\/www.cuencasmineras.com\/index.php\/2021\/08\/11\/el-principado-ocupara-casi-80-fincas-para-ejecutar-la-carretera-moreda-boo-bustille\/\" \/>\n<meta property=\"article:published_time\" content=\"2021-08-11T21:32:25+00:00\" \/>\n<meta property=\"og:image\" content=\"https:\/\/www.cuencasmineras.com\/wp-content\/uploads\/2021\/08\/17025_1.jpg\" \/>\n\t<meta property=\"og:image:width\" content=\"600\" \/>\n\t<meta property=\"og:image:height\" content=\"500\" \/>\n\t<meta property=\"og:image:type\" content=\"image\/jpeg\" \/>\n<meta name=\"author\" content=\"admin\" \/>\n<meta name=\"twitter:card\" content=\"summary_large_image\" \/>\n<meta name=\"twitter:label1\" content=\"Escrito por\" \/>\n\t<meta name=\"twitter:data1\" content=\"admin\" \/>\n\t<meta name=\"twitter:label2\" content=\"Tiempo de lectura\" \/>\n\t<meta name=\"twitter:data2\" content=\"2 minutos\" \/>\n<script type=\"application\/ld+json\" class=\"yoast-schema-graph\">{\"@context\":\"https:\\\/\\\/schema.org\",\"@graph\":[{\"@type\":\"Article\",\"@id\":\"https:\\\/\\\/www.cuencasmineras.com\\\/index.php\\\/2021\\\/08\\\/11\\\/el-principado-ocupara-casi-80-fincas-para-ejecutar-la-carretera-moreda-boo-bustille\\\/#article\",\"isPartOf\":{\"@id\":\"https:\\\/\\\/www.cuencasmineras.com\\\/index.php\\\/2021\\\/08\\\/11\\\/el-principado-ocupara-casi-80-fincas-para-ejecutar-la-carretera-moreda-boo-bustille\\\/\"},\"author\":{\"name\":\"admin\",\"@id\":\"https:\\\/\\\/www.cuencasmineras.com\\\/#\\\/schema\\\/person\\\/be0691310e8496ec555f679dd688420c\"},\"headline\":\"El Principado ocupar\u00e1 casi 80 fincas para ejecutar la carretera Moreda-Boo-Bustill\u00e9\",\"datePublished\":\"2021-08-11T21:32:25+00:00\",\"mainEntityOfPage\":{\"@id\":\"https:\\\/\\\/www.cuencasmineras.com\\\/index.php\\\/2021\\\/08\\\/11\\\/el-principado-ocupara-casi-80-fincas-para-ejecutar-la-carretera-moreda-boo-bustille\\\/\"},\"wordCount\":251,\"commentCount\":0,\"image\":{\"@id\":\"https:\\\/\\\/www.cuencasmineras.com\\\/index.php\\\/2021\\\/08\\\/11\\\/el-principado-ocupara-casi-80-fincas-para-ejecutar-la-carretera-moreda-boo-bustille\\\/#primaryimage\"},\"thumbnailUrl\":\"https:\\\/\\\/www.cuencasmineras.com\\\/wp-content\\\/uploads\\\/2021\\\/08\\\/17025_1.jpg\",\"articleSection\":[\"Caudal\",\"CM NEWS\"],\"inLanguage\":\"es\",\"potentialAction\":[{\"@type\":\"CommentAction\",\"name\":\"Comment\",\"target\":[\"https:\\\/\\\/www.cuencasmineras.com\\\/index.php\\\/2021\\\/08\\\/11\\\/el-principado-ocupara-casi-80-fincas-para-ejecutar-la-carretera-moreda-boo-bustille\\\/#respond\"]}]},{\"@type\":\"WebPage\",\"@id\":\"https:\\\/\\\/www.cuencasmineras.com\\\/index.php\\\/2021\\\/08\\\/11\\\/el-principado-ocupara-casi-80-fincas-para-ejecutar-la-carretera-moreda-boo-bustille\\\/\",\"url\":\"https:\\\/\\\/www.cuencasmineras.com\\\/index.php\\\/2021\\\/08\\\/11\\\/el-principado-ocupara-casi-80-fincas-para-ejecutar-la-carretera-moreda-boo-bustille\\\/\",\"name\":\"El Principado ocupar\u00e1 casi 80 fincas para ejecutar la carretera Moreda-Boo-Bustill\u00e9 - cm news\",\"isPartOf\":{\"@id\":\"https:\\\/\\\/www.cuencasmineras.com\\\/#website\"},\"primaryImageOfPage\":{\"@id\":\"https:\\\/\\\/www.cuencasmineras.com\\\/index.php\\\/2021\\\/08\\\/11\\\/el-principado-ocupara-casi-80-fincas-para-ejecutar-la-carretera-moreda-boo-bustille\\\/#primaryimage\"},\"image\":{\"@id\":\"https:\\\/\\\/www.cuencasmineras.com\\\/index.php\\\/2021\\\/08\\\/11\\\/el-principado-ocupara-casi-80-fincas-para-ejecutar-la-carretera-moreda-boo-bustille\\\/#primaryimage\"},\"thumbnailUrl\":\"https:\\\/\\\/www.cuencasmineras.com\\\/wp-content\\\/uploads\\\/2021\\\/08\\\/17025_1.jpg\",\"datePublished\":\"2021-08-11T21:32:25+00:00\",\"author\":{\"@id\":\"https:\\\/\\\/www.cuencasmineras.com\\\/#\\\/schema\\\/person\\\/be0691310e8496ec555f679dd688420c\"},\"description\":\"Las obras conllevan una inversi\u00f3n de 2,6 millones de euros para un tramo de tres kil\u00f3metros y est\u00e1 previsto que duren dos a\u00f1os.\",\"breadcrumb\":{\"@id\":\"https:\\\/\\\/www.cuencasmineras.com\\\/index.php\\\/2021\\\/08\\\/11\\\/el-principado-ocupara-casi-80-fincas-para-ejecutar-la-carretera-moreda-boo-bustille\\\/#breadcrumb\"},\"inLanguage\":\"es\",\"potentialAction\":[{\"@type\":\"ReadAction\",\"target\":[\"https:\\\/\\\/www.cuencasmineras.com\\\/index.php\\\/2021\\\/08\\\/11\\\/el-principado-ocupara-casi-80-fincas-para-ejecutar-la-carretera-moreda-boo-bustille\\\/\"]}]},{\"@type\":\"ImageObject\",\"inLanguage\":\"es\",\"@id\":\"https:\\\/\\\/www.cuencasmineras.com\\\/index.php\\\/2021\\\/08\\\/11\\\/el-principado-ocupara-casi-80-fincas-para-ejecutar-la-carretera-moreda-boo-bustille\\\/#primaryimage\",\"url\":\"https:\\\/\\\/www.cuencasmineras.com\\\/wp-content\\\/uploads\\\/2021\\\/08\\\/17025_1.jpg\",\"contentUrl\":\"https:\\\/\\\/www.cuencasmineras.com\\\/wp-content\\\/uploads\\\/2021\\\/08\\\/17025_1.jpg\",\"width\":600,\"height\":500},{\"@type\":\"BreadcrumbList\",\"@id\":\"https:\\\/\\\/www.cuencasmineras.com\\\/index.php\\\/2021\\\/08\\\/11\\\/el-principado-ocupara-casi-80-fincas-para-ejecutar-la-carretera-moreda-boo-bustille\\\/#breadcrumb\",\"itemListElement\":[{\"@type\":\"ListItem\",\"position\":1,\"name\":\"Portada\",\"item\":\"https:\\\/\\\/www.cuencasmineras.com\\\/\"},{\"@type\":\"ListItem\",\"position\":2,\"name\":\"El Principado ocupar\u00e1 casi 80 fincas para ejecutar la carretera Moreda-Boo-Bustill\u00e9\"}]},{\"@type\":\"WebSite\",\"@id\":\"https:\\\/\\\/www.cuencasmineras.com\\\/#website\",\"url\":\"https:\\\/\\\/www.cuencasmineras.com\\\/\",\"name\":\"\",\"description\":\"\",\"potentialAction\":[{\"@type\":\"SearchAction\",\"target\":{\"@type\":\"EntryPoint\",\"urlTemplate\":\"https:\\\/\\\/www.cuencasmineras.com\\\/?s={search_term_string}\"},\"query-input\":{\"@type\":\"PropertyValueSpecification\",\"valueRequired\":true,\"valueName\":\"search_term_string\"}}],\"inLanguage\":\"es\"},{\"@type\":\"Person\",\"@id\":\"https:\\\/\\\/www.cuencasmineras.com\\\/#\\\/schema\\\/person\\\/be0691310e8496ec555f679dd688420c\",\"name\":\"admin\",\"image\":{\"@type\":\"ImageObject\",\"inLanguage\":\"es\",\"@id\":\"https:\\\/\\\/secure.gravatar.com\\\/avatar\\\/4afd2eed3b2fbbf36dd6707b5bd8a5b50ac648f033e36fbf85aeace2f0f859db?s=96&d=mm&r=g\",\"url\":\"https:\\\/\\\/secure.gravatar.com\\\/avatar\\\/4afd2eed3b2fbbf36dd6707b5bd8a5b50ac648f033e36fbf85aeace2f0f859db?s=96&d=mm&r=g\",\"contentUrl\":\"https:\\\/\\\/secure.gravatar.com\\\/avatar\\\/4afd2eed3b2fbbf36dd6707b5bd8a5b50ac648f033e36fbf85aeace2f0f859db?s=96&d=mm&r=g\",\"caption\":\"admin\"},\"sameAs\":[\"https:\\\/\\\/www.cuencasmineras.com\"],\"url\":\"https:\\\/\\\/www.cuencasmineras.com\\\/index.php\\\/author\\\/admin\\\/\"}]}<\/script>\n<!-- \/ Yoast SEO plugin. -->","yoast_head_json":{"title":"El Principado ocupar\u00e1 casi 80 fincas para ejecutar la carretera Moreda-Boo-Bustill\u00e9 - cm news","description":"Las obras conllevan una inversi\u00f3n de 2,6 millones de euros para un tramo de tres kil\u00f3metros y est\u00e1 previsto que duren dos a\u00f1os.","robots":{"index":"index","follow":"follow","max-snippet":"max-snippet:-1","max-image-preview":"max-image-preview:large","max-video-preview":"max-video-preview:-1"},"canonical":"https:\/\/www.cuencasmineras.com\/index.php\/2021\/08\/11\/el-principado-ocupara-casi-80-fincas-para-ejecutar-la-carretera-moreda-boo-bustille\/","og_locale":"es_ES","og_type":"article","og_title":"El Principado ocupar\u00e1 casi 80 fincas para ejecutar la carretera Moreda-Boo-Bustill\u00e9 - cm news","og_description":"Las obras conllevan una inversi\u00f3n de 2,6 millones de euros para un tramo de tres kil\u00f3metros y est\u00e1 previsto que duren dos a\u00f1os.","og_url":"https:\/\/www.cuencasmineras.com\/index.php\/2021\/08\/11\/el-principado-ocupara-casi-80-fincas-para-ejecutar-la-carretera-moreda-boo-bustille\/","article_published_time":"2021-08-11T21:32:25+00:00","og_image":[{"width":600,"height":500,"url":"https:\/\/www.cuencasmineras.com\/wp-content\/uploads\/2021\/08\/17025_1.jpg","type":"image\/jpeg"}],"author":"admin","twitter_card":"summary_large_image","twitter_misc":{"Escrito por":"admin","Tiempo de lectura":"2 minutos"},"schema":{"@context":"https:\/\/schema.org","@graph":[{"@type":"Article","@id":"https:\/\/www.cuencasmineras.com\/index.php\/2021\/08\/11\/el-principado-ocupara-casi-80-fincas-para-ejecutar-la-carretera-moreda-boo-bustille\/#article","isPartOf":{"@id":"https:\/\/www.cuencasmineras.com\/index.php\/2021\/08\/11\/el-principado-ocupara-casi-80-fincas-para-ejecutar-la-carretera-moreda-boo-bustille\/"},"author":{"name":"admin","@id":"https:\/\/www.cuencasmineras.com\/#\/schema\/person\/be0691310e8496ec555f679dd688420c"},"headline":"El Principado ocupar\u00e1 casi 80 fincas para ejecutar la carretera Moreda-Boo-Bustill\u00e9","datePublished":"2021-08-11T21:32:25+00:00","mainEntityOfPage":{"@id":"https:\/\/www.cuencasmineras.com\/index.php\/2021\/08\/11\/el-principado-ocupara-casi-80-fincas-para-ejecutar-la-carretera-moreda-boo-bustille\/"},"wordCount":251,"commentCount":0,"image":{"@id":"https:\/\/www.cuencasmineras.com\/index.php\/2021\/08\/11\/el-principado-ocupara-casi-80-fincas-para-ejecutar-la-carretera-moreda-boo-bustille\/#primaryimage"},"thumbnailUrl":"https:\/\/www.cuencasmineras.com\/wp-content\/uploads\/2021\/08\/17025_1.jpg","articleSection":["Caudal","CM NEWS"],"inLanguage":"es","potentialAction":[{"@type":"CommentAction","name":"Comment","target":["https:\/\/www.cuencasmineras.com\/index.php\/2021\/08\/11\/el-principado-ocupara-casi-80-fincas-para-ejecutar-la-carretera-moreda-boo-bustille\/#respond"]}]},{"@type":"WebPage","@id":"https:\/\/www.cuencasmineras.com\/index.php\/2021\/08\/11\/el-principado-ocupara-casi-80-fincas-para-ejecutar-la-carretera-moreda-boo-bustille\/","url":"https:\/\/www.cuencasmineras.com\/index.php\/2021\/08\/11\/el-principado-ocupara-casi-80-fincas-para-ejecutar-la-carretera-moreda-boo-bustille\/","name":"El Principado ocupar\u00e1 casi 80 fincas para ejecutar la carretera Moreda-Boo-Bustill\u00e9 - cm news","isPartOf":{"@id":"https:\/\/www.cuencasmineras.com\/#website"},"primaryImageOfPage":{"@id":"https:\/\/www.cuencasmineras.com\/index.php\/2021\/08\/11\/el-principado-ocupara-casi-80-fincas-para-ejecutar-la-carretera-moreda-boo-bustille\/#primaryimage"},"image":{"@id":"https:\/\/www.cuencasmineras.com\/index.php\/2021\/08\/11\/el-principado-ocupara-casi-80-fincas-para-ejecutar-la-carretera-moreda-boo-bustille\/#primaryimage"},"thumbnailUrl":"https:\/\/www.cuencasmineras.com\/wp-content\/uploads\/2021\/08\/17025_1.jpg","datePublished":"2021-08-11T21:32:25+00:00","author":{"@id":"https:\/\/www.cuencasmineras.com\/#\/schema\/person\/be0691310e8496ec555f679dd688420c"},"description":"Las obras conllevan una inversi\u00f3n de 2,6 millones de euros para un tramo de tres kil\u00f3metros y est\u00e1 previsto que duren dos a\u00f1os.","breadcrumb":{"@id":"https:\/\/www.cuencasmineras.com\/index.php\/2021\/08\/11\/el-principado-ocupara-casi-80-fincas-para-ejecutar-la-carretera-moreda-boo-bustille\/#breadcrumb"},"inLanguage":"es","potentialAction":[{"@type":"ReadAction","target":["https:\/\/www.cuencasmineras.com\/index.php\/2021\/08\/11\/el-principado-ocupara-casi-80-fincas-para-ejecutar-la-carretera-moreda-boo-bustille\/"]}]},{"@type":"ImageObject","inLanguage":"es","@id":"https:\/\/www.cuencasmineras.com\/index.php\/2021\/08\/11\/el-principado-ocupara-casi-80-fincas-para-ejecutar-la-carretera-moreda-boo-bustille\/#primaryimage","url":"https:\/\/www.cuencasmineras.com\/wp-content\/uploads\/2021\/08\/17025_1.jpg","contentUrl":"https:\/\/www.cuencasmineras.com\/wp-content\/uploads\/2021\/08\/17025_1.jpg","width":600,"height":500},{"@type":"BreadcrumbList","@id":"https:\/\/www.cuencasmineras.com\/index.php\/2021\/08\/11\/el-principado-ocupara-casi-80-fincas-para-ejecutar-la-carretera-moreda-boo-bustille\/#breadcrumb","itemListElement":[{"@type":"ListItem","position":1,"name":"Portada","item":"https:\/\/www.cuencasmineras.com\/"},{"@type":"ListItem","position":2,"name":"El Principado ocupar\u00e1 casi 80 fincas para ejecutar la carretera Moreda-Boo-Bustill\u00e9"}]},{"@type":"WebSite","@id":"https:\/\/www.cuencasmineras.com\/#website","url":"https:\/\/www.cuencasmineras.com\/","name":"","description":"","potentialAction":[{"@type":"SearchAction","target":{"@type":"EntryPoint","urlTemplate":"https:\/\/www.cuencasmineras.com\/?s={search_term_string}"},"query-input":{"@type":"PropertyValueSpecification","valueRequired":true,"valueName":"search_term_string"}}],"inLanguage":"es"},{"@type":"Person","@id":"https:\/\/www.cuencasmineras.com\/#\/schema\/person\/be0691310e8496ec555f679dd688420c","name":"admin","image":{"@type":"ImageObject","inLanguage":"es","@id":"https:\/\/secure.gravatar.com\/avatar\/4afd2eed3b2fbbf36dd6707b5bd8a5b50ac648f033e36fbf85aeace2f0f859db?s=96&d=mm&r=g","url":"https:\/\/secure.gravatar.com\/avatar\/4afd2eed3b2fbbf36dd6707b5bd8a5b50ac648f033e36fbf85aeace2f0f859db?s=96&d=mm&r=g","contentUrl":"https:\/\/secure.gravatar.com\/avatar\/4afd2eed3b2fbbf36dd6707b5bd8a5b50ac648f033e36fbf85aeace2f0f859db?s=96&d=mm&r=g","caption":"admin"},"sameAs":["https:\/\/www.cuencasmineras.com"],"url":"https:\/\/www.cuencasmineras.com\/index.php\/author\/admin\/"}]}},"_links":{"self":[{"href":"https:\/\/www.cuencasmineras.com\/index.php\/wp-json\/wp\/v2\/posts\/3328","targetHints":{"allow":["GET"]}}],"collection":[{"href":"https:\/\/www.cuencasmineras.com\/index.php\/wp-json\/wp\/v2\/posts"}],"about":[{"href":"https:\/\/www.cuencasmineras.com\/index.php\/wp-json\/wp\/v2\/types\/post"}],"author":[{"embeddable":true,"href":"https:\/\/www.cuencasmineras.com\/index.php\/wp-json\/wp\/v2\/users\/1"}],"replies":[{"embeddable":true,"href":"https:\/\/www.cuencasmineras.com\/index.php\/wp-json\/wp\/v2\/comments?post=3328"}],"version-history":[{"count":1,"href":"https:\/\/www.cuencasmineras.com\/index.php\/wp-json\/wp\/v2\/posts\/3328\/revisions"}],"predecessor-version":[{"id":3330,"href":"https:\/\/www.cuencasmineras.com\/index.php\/wp-json\/wp\/v2\/posts\/3328\/revisions\/3330"}],"wp:featuredmedia":[{"embeddable":true,"href":"https:\/\/www.cuencasmineras.com\/index.php\/wp-json\/wp\/v2\/media\/3329"}],"wp:attachment":[{"href":"https:\/\/www.cuencasmineras.com\/index.php\/wp-json\/wp\/v2\/media?parent=3328"}],"wp:term":[{"taxonomy":"category","embeddable":true,"href":"https:\/\/www.cuencasmineras.com\/index.php\/wp-json\/wp\/v2\/categories?post=3328"},{"taxonomy":"post_tag","embeddable":true,"href":"https:\/\/www.cuencasmineras.com\/index.php\/wp-json\/wp\/v2\/tags?post=3328"}],"curies":[{"name":"wp","href":"https:\/\/api.w.org\/{rel}","templated":true}]}}