{"id":3341,"date":"2021-08-13T12:05:32","date_gmt":"2021-08-13T12:05:32","guid":{"rendered":"https:\/\/www.cuencasmineras.com\/?p=3341"},"modified":"2021-08-13T12:05:32","modified_gmt":"2021-08-13T12:05:32","slug":"mieres-busca-operarios-para-trabajar-en-la-plantilla-municipal","status":"publish","type":"post","link":"https:\/\/www.cuencasmineras.com\/index.php\/2021\/08\/13\/mieres-busca-operarios-para-trabajar-en-la-plantilla-municipal\/","title":{"rendered":"Mieres busca operarios para trabajar en la plantilla municipal"},"content":{"rendered":"<p style=\"text-align: justify;\">El Ayuntamiento de Mieres acaba de abrir el proceso selectivo para cubrir diez plazas de operario como personal laboral fijo de plantilla. La convocatoria fue publicada ayer en el BOE, con lo que los interesados en acceder a uno de estos puestos pueden formalizar desde hoy su solicitud. Eso s\u00ed, s\u00f3lo tendr\u00e1n veinte d\u00edas h\u00e1biles para presentar su demanda.<\/p>\n<p><img loading=\"lazy\" decoding=\"async\" class=\"aligncenter size-full wp-image-3342\" src=\"https:\/\/www.cuencasmineras.com\/wp-content\/uploads\/2021\/08\/44790298-624x1009-U70880108258wkG-U80180236879HWB-624x385@El-Comercio-ElComercio.jpg\" alt=\"\" width=\"624\" height=\"385\" srcset=\"https:\/\/www.cuencasmineras.com\/wp-content\/uploads\/2021\/08\/44790298-624x1009-U70880108258wkG-U80180236879HWB-624x385@El-Comercio-ElComercio.jpg 624w, https:\/\/www.cuencasmineras.com\/wp-content\/uploads\/2021\/08\/44790298-624x1009-U70880108258wkG-U80180236879HWB-624x385@El-Comercio-ElComercio-300x185.jpg 300w\" sizes=\"auto, (max-width: 624px) 100vw, 624px\" \/><\/p>\n<p style=\"text-align: justify;\">Las diez plazas propuestas est\u00e1n incluidas en las ofertas de empleo p\u00fablico de 2018, 2019 y 2020, agrupadas en una \u00fanica convocatoria. En cuanto a las funciones que tendr\u00e1n estos trabajadores, son diversas. As\u00ed, est\u00e1 la vigilancia, funcionamiento y mantenimiento de las instalaciones municipales, v\u00edas p\u00fablicas, parques y jardines, redes de agua y alcantarillado, y mobiliario urbano. Tambi\u00e9n apertura y cierre de instalaciones municipales, preparaci\u00f3n de material y utillaje para realizar trabajos diarios, control y mantenimiento del material municipal, y colocaci\u00f3n de bandos e informaci\u00f3n p\u00fablica en los tablones. Las funciones pasan adem\u00e1s por el reparto de notificaciones y citaciones, arreglo de aver\u00edas diversas de poca entidad y ayuda a los especialistas, y la limpieza y mantenimiento de parques, jardines y zonas verdes. A esto se suma la limpieza y conservaci\u00f3n viaria y del mobiliario urbano, la conducci\u00f3n y manejo de veh\u00edculos, m\u00e1quinas y herramientas, trabajos materiales en los cementerios municipales, y la colaboraci\u00f3n en la organizaci\u00f3n de festejos, reuniones y actos organizados u autorizados por el Ayuntamiento, adem\u00e1s de la preparaci\u00f3n de infraestructuras para eventos municipales, entre otras.<\/p>\n<p style=\"text-align: justify;\">Los interesados en optar a esta oferta de empleo tienen que tener cumplidos los 16 a\u00f1os y no exceder la edad m\u00e1xima de jubilaci\u00f3n forzosa, adem\u00e1s de tener el certificad de escolaridad o equivalente y tener la capacidad funcional para desempe\u00f1ar las tareas de la plaza descrita. Tambi\u00e9n deber\u00e1n estar en posesi\u00f3n del permiso de conducir B y no haber sido separados mediante expediente disciplinario del servicio de cualquier de las administraciones p\u00fablicas, ni hallarse inhabilitado para el ejercicio de funciones p\u00fablicas. Los admitidos deber\u00e1n pasar por una fase de oposici\u00f3n con dos ejercicios obligatorios y eliminatorios, despu\u00e9s habr\u00e1 otra fase de concurso donde se valorar\u00e1 la experiencia laboral y la formaci\u00f3n. Concluido este proceso se publicar\u00e1n las listas con los aspirantes seleccionados para la contrataci\u00f3n.<\/p>\n","protected":false},"excerpt":{"rendered":"<p>El Ayuntamiento de Mieres acaba de abrir el proceso selectivo para cubrir diez plazas de operario como personal laboral fijo de plantilla. La convocatoria fue publicada ayer en el BOE, con lo que los interesados en acceder a uno de estos puestos pueden formalizar desde hoy su solicitud. Eso s\u00ed, s\u00f3lo tendr\u00e1n veinte d\u00edas h\u00e1biles [&hellip;]<\/p>\n","protected":false},"author":1,"featured_media":3342,"comment_status":"open","ping_status":"open","sticky":false,"template":"","format":"standard","meta":{"footnotes":""},"categories":[7,6],"tags":[],"class_list":["post-3341","post","type-post","status-publish","format-standard","has-post-thumbnail","hentry","category-caudal","category-noticias"],"yoast_head":"<!-- This site is optimized with the Yoast SEO plugin v27.4 - https:\/\/yoast.com\/product\/yoast-seo-wordpress\/ -->\n<title>Mieres busca operarios para trabajar en la plantilla municipal - cm news<\/title>\n<meta name=\"description\" content=\"El gobierno local arrendar\u00e1 por cuatro a\u00f1os tres furgonetas para el departamento de Obras y un 4x4 para Servicios Sociales.\" \/>\n<meta name=\"robots\" content=\"index, follow, max-snippet:-1, max-image-preview:large, max-video-preview:-1\" \/>\n<link rel=\"canonical\" href=\"https:\/\/www.cuencasmineras.com\/index.php\/2021\/08\/13\/mieres-busca-operarios-para-trabajar-en-la-plantilla-municipal\/\" \/>\n<meta property=\"og:locale\" content=\"es_ES\" \/>\n<meta property=\"og:type\" content=\"article\" \/>\n<meta property=\"og:title\" content=\"Mieres busca operarios para trabajar en la plantilla municipal - cm news\" \/>\n<meta property=\"og:description\" content=\"El gobierno local arrendar\u00e1 por cuatro a\u00f1os tres furgonetas para el departamento de Obras y un 4x4 para Servicios Sociales.\" \/>\n<meta property=\"og:url\" content=\"https:\/\/www.cuencasmineras.com\/index.php\/2021\/08\/13\/mieres-busca-operarios-para-trabajar-en-la-plantilla-municipal\/\" \/>\n<meta property=\"article:published_time\" content=\"2021-08-13T12:05:32+00:00\" \/>\n<meta property=\"og:image\" content=\"https:\/\/www.cuencasmineras.com\/wp-content\/uploads\/2021\/08\/44790298-624x1009-U70880108258wkG-U80180236879HWB-624x385@El-Comercio-ElComercio.jpg\" \/>\n\t<meta property=\"og:image:width\" content=\"624\" \/>\n\t<meta property=\"og:image:height\" content=\"385\" \/>\n\t<meta property=\"og:image:type\" content=\"image\/jpeg\" \/>\n<meta name=\"author\" content=\"admin\" \/>\n<meta name=\"twitter:card\" content=\"summary_large_image\" \/>\n<meta name=\"twitter:label1\" content=\"Escrito por\" \/>\n\t<meta name=\"twitter:data1\" content=\"admin\" \/>\n\t<meta name=\"twitter:label2\" content=\"Tiempo de lectura\" \/>\n\t<meta name=\"twitter:data2\" content=\"2 minutos\" \/>\n<script type=\"application\/ld+json\" class=\"yoast-schema-graph\">{\"@context\":\"https:\\\/\\\/schema.org\",\"@graph\":[{\"@type\":\"Article\",\"@id\":\"https:\\\/\\\/www.cuencasmineras.com\\\/index.php\\\/2021\\\/08\\\/13\\\/mieres-busca-operarios-para-trabajar-en-la-plantilla-municipal\\\/#article\",\"isPartOf\":{\"@id\":\"https:\\\/\\\/www.cuencasmineras.com\\\/index.php\\\/2021\\\/08\\\/13\\\/mieres-busca-operarios-para-trabajar-en-la-plantilla-municipal\\\/\"},\"author\":{\"name\":\"admin\",\"@id\":\"https:\\\/\\\/www.cuencasmineras.com\\\/#\\\/schema\\\/person\\\/be0691310e8496ec555f679dd688420c\"},\"headline\":\"Mieres busca operarios para trabajar en la plantilla municipal\",\"datePublished\":\"2021-08-13T12:05:32+00:00\",\"mainEntityOfPage\":{\"@id\":\"https:\\\/\\\/www.cuencasmineras.com\\\/index.php\\\/2021\\\/08\\\/13\\\/mieres-busca-operarios-para-trabajar-en-la-plantilla-municipal\\\/\"},\"wordCount\":409,\"commentCount\":0,\"image\":{\"@id\":\"https:\\\/\\\/www.cuencasmineras.com\\\/index.php\\\/2021\\\/08\\\/13\\\/mieres-busca-operarios-para-trabajar-en-la-plantilla-municipal\\\/#primaryimage\"},\"thumbnailUrl\":\"https:\\\/\\\/www.cuencasmineras.com\\\/wp-content\\\/uploads\\\/2021\\\/08\\\/44790298-624x1009-U70880108258wkG-U80180236879HWB-624x385@El-Comercio-ElComercio.jpg\",\"articleSection\":[\"Caudal\",\"CM NEWS\"],\"inLanguage\":\"es\",\"potentialAction\":[{\"@type\":\"CommentAction\",\"name\":\"Comment\",\"target\":[\"https:\\\/\\\/www.cuencasmineras.com\\\/index.php\\\/2021\\\/08\\\/13\\\/mieres-busca-operarios-para-trabajar-en-la-plantilla-municipal\\\/#respond\"]}]},{\"@type\":\"WebPage\",\"@id\":\"https:\\\/\\\/www.cuencasmineras.com\\\/index.php\\\/2021\\\/08\\\/13\\\/mieres-busca-operarios-para-trabajar-en-la-plantilla-municipal\\\/\",\"url\":\"https:\\\/\\\/www.cuencasmineras.com\\\/index.php\\\/2021\\\/08\\\/13\\\/mieres-busca-operarios-para-trabajar-en-la-plantilla-municipal\\\/\",\"name\":\"Mieres busca operarios para trabajar en la plantilla municipal - cm news\",\"isPartOf\":{\"@id\":\"https:\\\/\\\/www.cuencasmineras.com\\\/#website\"},\"primaryImageOfPage\":{\"@id\":\"https:\\\/\\\/www.cuencasmineras.com\\\/index.php\\\/2021\\\/08\\\/13\\\/mieres-busca-operarios-para-trabajar-en-la-plantilla-municipal\\\/#primaryimage\"},\"image\":{\"@id\":\"https:\\\/\\\/www.cuencasmineras.com\\\/index.php\\\/2021\\\/08\\\/13\\\/mieres-busca-operarios-para-trabajar-en-la-plantilla-municipal\\\/#primaryimage\"},\"thumbnailUrl\":\"https:\\\/\\\/www.cuencasmineras.com\\\/wp-content\\\/uploads\\\/2021\\\/08\\\/44790298-624x1009-U70880108258wkG-U80180236879HWB-624x385@El-Comercio-ElComercio.jpg\",\"datePublished\":\"2021-08-13T12:05:32+00:00\",\"author\":{\"@id\":\"https:\\\/\\\/www.cuencasmineras.com\\\/#\\\/schema\\\/person\\\/be0691310e8496ec555f679dd688420c\"},\"description\":\"El gobierno local arrendar\u00e1 por cuatro a\u00f1os tres furgonetas para el departamento de Obras y un 4x4 para Servicios Sociales.\",\"breadcrumb\":{\"@id\":\"https:\\\/\\\/www.cuencasmineras.com\\\/index.php\\\/2021\\\/08\\\/13\\\/mieres-busca-operarios-para-trabajar-en-la-plantilla-municipal\\\/#breadcrumb\"},\"inLanguage\":\"es\",\"potentialAction\":[{\"@type\":\"ReadAction\",\"target\":[\"https:\\\/\\\/www.cuencasmineras.com\\\/index.php\\\/2021\\\/08\\\/13\\\/mieres-busca-operarios-para-trabajar-en-la-plantilla-municipal\\\/\"]}]},{\"@type\":\"ImageObject\",\"inLanguage\":\"es\",\"@id\":\"https:\\\/\\\/www.cuencasmineras.com\\\/index.php\\\/2021\\\/08\\\/13\\\/mieres-busca-operarios-para-trabajar-en-la-plantilla-municipal\\\/#primaryimage\",\"url\":\"https:\\\/\\\/www.cuencasmineras.com\\\/wp-content\\\/uploads\\\/2021\\\/08\\\/44790298-624x1009-U70880108258wkG-U80180236879HWB-624x385@El-Comercio-ElComercio.jpg\",\"contentUrl\":\"https:\\\/\\\/www.cuencasmineras.com\\\/wp-content\\\/uploads\\\/2021\\\/08\\\/44790298-624x1009-U70880108258wkG-U80180236879HWB-624x385@El-Comercio-ElComercio.jpg\",\"width\":624,\"height\":385},{\"@type\":\"BreadcrumbList\",\"@id\":\"https:\\\/\\\/www.cuencasmineras.com\\\/index.php\\\/2021\\\/08\\\/13\\\/mieres-busca-operarios-para-trabajar-en-la-plantilla-municipal\\\/#breadcrumb\",\"itemListElement\":[{\"@type\":\"ListItem\",\"position\":1,\"name\":\"Portada\",\"item\":\"https:\\\/\\\/www.cuencasmineras.com\\\/\"},{\"@type\":\"ListItem\",\"position\":2,\"name\":\"Mieres busca operarios para trabajar en la plantilla municipal\"}]},{\"@type\":\"WebSite\",\"@id\":\"https:\\\/\\\/www.cuencasmineras.com\\\/#website\",\"url\":\"https:\\\/\\\/www.cuencasmineras.com\\\/\",\"name\":\"\",\"description\":\"\",\"potentialAction\":[{\"@type\":\"SearchAction\",\"target\":{\"@type\":\"EntryPoint\",\"urlTemplate\":\"https:\\\/\\\/www.cuencasmineras.com\\\/?s={search_term_string}\"},\"query-input\":{\"@type\":\"PropertyValueSpecification\",\"valueRequired\":true,\"valueName\":\"search_term_string\"}}],\"inLanguage\":\"es\"},{\"@type\":\"Person\",\"@id\":\"https:\\\/\\\/www.cuencasmineras.com\\\/#\\\/schema\\\/person\\\/be0691310e8496ec555f679dd688420c\",\"name\":\"admin\",\"image\":{\"@type\":\"ImageObject\",\"inLanguage\":\"es\",\"@id\":\"https:\\\/\\\/secure.gravatar.com\\\/avatar\\\/4afd2eed3b2fbbf36dd6707b5bd8a5b50ac648f033e36fbf85aeace2f0f859db?s=96&d=mm&r=g\",\"url\":\"https:\\\/\\\/secure.gravatar.com\\\/avatar\\\/4afd2eed3b2fbbf36dd6707b5bd8a5b50ac648f033e36fbf85aeace2f0f859db?s=96&d=mm&r=g\",\"contentUrl\":\"https:\\\/\\\/secure.gravatar.com\\\/avatar\\\/4afd2eed3b2fbbf36dd6707b5bd8a5b50ac648f033e36fbf85aeace2f0f859db?s=96&d=mm&r=g\",\"caption\":\"admin\"},\"sameAs\":[\"https:\\\/\\\/www.cuencasmineras.com\"],\"url\":\"https:\\\/\\\/www.cuencasmineras.com\\\/index.php\\\/author\\\/admin\\\/\"}]}<\/script>\n<!-- \/ Yoast SEO plugin. -->","yoast_head_json":{"title":"Mieres busca operarios para trabajar en la plantilla municipal - cm news","description":"El gobierno local arrendar\u00e1 por cuatro a\u00f1os tres furgonetas para el departamento de Obras y un 4x4 para Servicios Sociales.","robots":{"index":"index","follow":"follow","max-snippet":"max-snippet:-1","max-image-preview":"max-image-preview:large","max-video-preview":"max-video-preview:-1"},"canonical":"https:\/\/www.cuencasmineras.com\/index.php\/2021\/08\/13\/mieres-busca-operarios-para-trabajar-en-la-plantilla-municipal\/","og_locale":"es_ES","og_type":"article","og_title":"Mieres busca operarios para trabajar en la plantilla municipal - cm news","og_description":"El gobierno local arrendar\u00e1 por cuatro a\u00f1os tres furgonetas para el departamento de Obras y un 4x4 para Servicios Sociales.","og_url":"https:\/\/www.cuencasmineras.com\/index.php\/2021\/08\/13\/mieres-busca-operarios-para-trabajar-en-la-plantilla-municipal\/","article_published_time":"2021-08-13T12:05:32+00:00","og_image":[{"width":624,"height":385,"url":"https:\/\/www.cuencasmineras.com\/wp-content\/uploads\/2021\/08\/44790298-624x1009-U70880108258wkG-U80180236879HWB-624x385@El-Comercio-ElComercio.jpg","type":"image\/jpeg"}],"author":"admin","twitter_card":"summary_large_image","twitter_misc":{"Escrito por":"admin","Tiempo de lectura":"2 minutos"},"schema":{"@context":"https:\/\/schema.org","@graph":[{"@type":"Article","@id":"https:\/\/www.cuencasmineras.com\/index.php\/2021\/08\/13\/mieres-busca-operarios-para-trabajar-en-la-plantilla-municipal\/#article","isPartOf":{"@id":"https:\/\/www.cuencasmineras.com\/index.php\/2021\/08\/13\/mieres-busca-operarios-para-trabajar-en-la-plantilla-municipal\/"},"author":{"name":"admin","@id":"https:\/\/www.cuencasmineras.com\/#\/schema\/person\/be0691310e8496ec555f679dd688420c"},"headline":"Mieres busca operarios para trabajar en la plantilla municipal","datePublished":"2021-08-13T12:05:32+00:00","mainEntityOfPage":{"@id":"https:\/\/www.cuencasmineras.com\/index.php\/2021\/08\/13\/mieres-busca-operarios-para-trabajar-en-la-plantilla-municipal\/"},"wordCount":409,"commentCount":0,"image":{"@id":"https:\/\/www.cuencasmineras.com\/index.php\/2021\/08\/13\/mieres-busca-operarios-para-trabajar-en-la-plantilla-municipal\/#primaryimage"},"thumbnailUrl":"https:\/\/www.cuencasmineras.com\/wp-content\/uploads\/2021\/08\/44790298-624x1009-U70880108258wkG-U80180236879HWB-624x385@El-Comercio-ElComercio.jpg","articleSection":["Caudal","CM NEWS"],"inLanguage":"es","potentialAction":[{"@type":"CommentAction","name":"Comment","target":["https:\/\/www.cuencasmineras.com\/index.php\/2021\/08\/13\/mieres-busca-operarios-para-trabajar-en-la-plantilla-municipal\/#respond"]}]},{"@type":"WebPage","@id":"https:\/\/www.cuencasmineras.com\/index.php\/2021\/08\/13\/mieres-busca-operarios-para-trabajar-en-la-plantilla-municipal\/","url":"https:\/\/www.cuencasmineras.com\/index.php\/2021\/08\/13\/mieres-busca-operarios-para-trabajar-en-la-plantilla-municipal\/","name":"Mieres busca operarios para trabajar en la plantilla municipal - cm news","isPartOf":{"@id":"https:\/\/www.cuencasmineras.com\/#website"},"primaryImageOfPage":{"@id":"https:\/\/www.cuencasmineras.com\/index.php\/2021\/08\/13\/mieres-busca-operarios-para-trabajar-en-la-plantilla-municipal\/#primaryimage"},"image":{"@id":"https:\/\/www.cuencasmineras.com\/index.php\/2021\/08\/13\/mieres-busca-operarios-para-trabajar-en-la-plantilla-municipal\/#primaryimage"},"thumbnailUrl":"https:\/\/www.cuencasmineras.com\/wp-content\/uploads\/2021\/08\/44790298-624x1009-U70880108258wkG-U80180236879HWB-624x385@El-Comercio-ElComercio.jpg","datePublished":"2021-08-13T12:05:32+00:00","author":{"@id":"https:\/\/www.cuencasmineras.com\/#\/schema\/person\/be0691310e8496ec555f679dd688420c"},"description":"El gobierno local arrendar\u00e1 por cuatro a\u00f1os tres furgonetas para el departamento de Obras y un 4x4 para Servicios Sociales.","breadcrumb":{"@id":"https:\/\/www.cuencasmineras.com\/index.php\/2021\/08\/13\/mieres-busca-operarios-para-trabajar-en-la-plantilla-municipal\/#breadcrumb"},"inLanguage":"es","potentialAction":[{"@type":"ReadAction","target":["https:\/\/www.cuencasmineras.com\/index.php\/2021\/08\/13\/mieres-busca-operarios-para-trabajar-en-la-plantilla-municipal\/"]}]},{"@type":"ImageObject","inLanguage":"es","@id":"https:\/\/www.cuencasmineras.com\/index.php\/2021\/08\/13\/mieres-busca-operarios-para-trabajar-en-la-plantilla-municipal\/#primaryimage","url":"https:\/\/www.cuencasmineras.com\/wp-content\/uploads\/2021\/08\/44790298-624x1009-U70880108258wkG-U80180236879HWB-624x385@El-Comercio-ElComercio.jpg","contentUrl":"https:\/\/www.cuencasmineras.com\/wp-content\/uploads\/2021\/08\/44790298-624x1009-U70880108258wkG-U80180236879HWB-624x385@El-Comercio-ElComercio.jpg","width":624,"height":385},{"@type":"BreadcrumbList","@id":"https:\/\/www.cuencasmineras.com\/index.php\/2021\/08\/13\/mieres-busca-operarios-para-trabajar-en-la-plantilla-municipal\/#breadcrumb","itemListElement":[{"@type":"ListItem","position":1,"name":"Portada","item":"https:\/\/www.cuencasmineras.com\/"},{"@type":"ListItem","position":2,"name":"Mieres busca operarios para trabajar en la plantilla municipal"}]},{"@type":"WebSite","@id":"https:\/\/www.cuencasmineras.com\/#website","url":"https:\/\/www.cuencasmineras.com\/","name":"","description":"","potentialAction":[{"@type":"SearchAction","target":{"@type":"EntryPoint","urlTemplate":"https:\/\/www.cuencasmineras.com\/?s={search_term_string}"},"query-input":{"@type":"PropertyValueSpecification","valueRequired":true,"valueName":"search_term_string"}}],"inLanguage":"es"},{"@type":"Person","@id":"https:\/\/www.cuencasmineras.com\/#\/schema\/person\/be0691310e8496ec555f679dd688420c","name":"admin","image":{"@type":"ImageObject","inLanguage":"es","@id":"https:\/\/secure.gravatar.com\/avatar\/4afd2eed3b2fbbf36dd6707b5bd8a5b50ac648f033e36fbf85aeace2f0f859db?s=96&d=mm&r=g","url":"https:\/\/secure.gravatar.com\/avatar\/4afd2eed3b2fbbf36dd6707b5bd8a5b50ac648f033e36fbf85aeace2f0f859db?s=96&d=mm&r=g","contentUrl":"https:\/\/secure.gravatar.com\/avatar\/4afd2eed3b2fbbf36dd6707b5bd8a5b50ac648f033e36fbf85aeace2f0f859db?s=96&d=mm&r=g","caption":"admin"},"sameAs":["https:\/\/www.cuencasmineras.com"],"url":"https:\/\/www.cuencasmineras.com\/index.php\/author\/admin\/"}]}},"_links":{"self":[{"href":"https:\/\/www.cuencasmineras.com\/index.php\/wp-json\/wp\/v2\/posts\/3341","targetHints":{"allow":["GET"]}}],"collection":[{"href":"https:\/\/www.cuencasmineras.com\/index.php\/wp-json\/wp\/v2\/posts"}],"about":[{"href":"https:\/\/www.cuencasmineras.com\/index.php\/wp-json\/wp\/v2\/types\/post"}],"author":[{"embeddable":true,"href":"https:\/\/www.cuencasmineras.com\/index.php\/wp-json\/wp\/v2\/users\/1"}],"replies":[{"embeddable":true,"href":"https:\/\/www.cuencasmineras.com\/index.php\/wp-json\/wp\/v2\/comments?post=3341"}],"version-history":[{"count":1,"href":"https:\/\/www.cuencasmineras.com\/index.php\/wp-json\/wp\/v2\/posts\/3341\/revisions"}],"predecessor-version":[{"id":3343,"href":"https:\/\/www.cuencasmineras.com\/index.php\/wp-json\/wp\/v2\/posts\/3341\/revisions\/3343"}],"wp:featuredmedia":[{"embeddable":true,"href":"https:\/\/www.cuencasmineras.com\/index.php\/wp-json\/wp\/v2\/media\/3342"}],"wp:attachment":[{"href":"https:\/\/www.cuencasmineras.com\/index.php\/wp-json\/wp\/v2\/media?parent=3341"}],"wp:term":[{"taxonomy":"category","embeddable":true,"href":"https:\/\/www.cuencasmineras.com\/index.php\/wp-json\/wp\/v2\/categories?post=3341"},{"taxonomy":"post_tag","embeddable":true,"href":"https:\/\/www.cuencasmineras.com\/index.php\/wp-json\/wp\/v2\/tags?post=3341"}],"curies":[{"name":"wp","href":"https:\/\/api.w.org\/{rel}","templated":true}]}}