{"id":3347,"date":"2021-08-13T12:10:38","date_gmt":"2021-08-13T12:10:38","guid":{"rendered":"https:\/\/www.cuencasmineras.com\/?p=3347"},"modified":"2021-08-13T12:10:38","modified_gmt":"2021-08-13T12:10:38","slug":"aller-invierte-casi-100-000-euros-en-adquirir-cuatro-vehiculos-municipales","status":"publish","type":"post","link":"https:\/\/www.cuencasmineras.com\/index.php\/2021\/08\/13\/aller-invierte-casi-100-000-euros-en-adquirir-cuatro-vehiculos-municipales\/","title":{"rendered":"Aller invierte casi 100.000 euros en adquirir cuatro veh\u00edculos municipales."},"content":{"rendered":"<p style=\"text-align: justify;\">El Ayuntamiento de Aller ha sacado a concurso la adquisici\u00f3n de cuatro veh\u00edculos para los departamentos municipales. En total, una inversi\u00f3n de casi 100.000 euros que permitir\u00e1 renovar por los pr\u00f3ximos cuatro a\u00f1os la flota municipal, tanto en lo referente al servicio de obras como a los servicios sociales. En concreto, el contrato que se acaba de sacar a concurso y para el que los aspirantes pueden presentar ofertas hasta el pr\u00f3ximo d\u00eda 24 de agosto, conlleva el arrendamiento de los veh\u00edculos durante 48 meses. Lo que se solicitan son tres furgonetas, que ir\u00edan destinadas al \u00e1rea municipal de Obras, y un todoterreno 4&#215;4, que ir\u00eda para los Servicios Sociales. La peculiaridad de este veh\u00edculo para un departamento como el de Servicios Sociales radica en que muchos usuarios viven en n\u00facleos rurales de dif\u00edcil acceso.<\/p>\n<p><img loading=\"lazy\" decoding=\"async\" class=\"aligncenter size-large wp-image-3348\" src=\"https:\/\/www.cuencasmineras.com\/wp-content\/uploads\/2021\/08\/DgJYBVRU8AASCkz-1024x683.jpg\" alt=\"\" width=\"640\" height=\"427\" srcset=\"https:\/\/www.cuencasmineras.com\/wp-content\/uploads\/2021\/08\/DgJYBVRU8AASCkz-1024x683.jpg 1024w, https:\/\/www.cuencasmineras.com\/wp-content\/uploads\/2021\/08\/DgJYBVRU8AASCkz-300x200.jpg 300w, https:\/\/www.cuencasmineras.com\/wp-content\/uploads\/2021\/08\/DgJYBVRU8AASCkz-768x512.jpg 768w, https:\/\/www.cuencasmineras.com\/wp-content\/uploads\/2021\/08\/DgJYBVRU8AASCkz-272x182.jpg 272w, https:\/\/www.cuencasmineras.com\/wp-content\/uploads\/2021\/08\/DgJYBVRU8AASCkz.jpg 1200w\" sizes=\"auto, (max-width: 640px) 100vw, 640px\" \/><\/p>\n<p style=\"text-align: justify;\">Los cuatro veh\u00edculos deben de ir rotulados y estar equipados con neum\u00e1ticos de nieve. Adem\u00e1s, en el caso de las furgonetas, en el precio de licitaci\u00f3n del arrendamiento se deben incluir 10.000 kil\u00f3metros anuales de uso, mientras que en el del veh\u00edculo todoterreno ser\u00edan el doble de kil\u00f3metros al a\u00f1o. Seg\u00fan se indica tambi\u00e9n en los pliegos de condiciones, una vez terminado el periodo de arrendamiento, es decir, dentro de cuatro a\u00f1os, el Ayuntamiento de Aller podr\u00e1 optar por la compra de los veh\u00edculos abonando el precio que se\u00f1ale la empresa que resulte ganadora del concurso. Desde la firma del contrato, la empresa adjudicataria tendr\u00e1 dos meses para la entrega de los veh\u00edculos.<\/p>\n<p style=\"text-align: justify;\">La adquisici\u00f3n, en forma de arrendamiento, de estos cuatro veh\u00edculos municipales se suma a la renovaci\u00f3n del parque m\u00f3vil que se est\u00e1 impulsando desde el gobierno local. El pasado abril, el Ayuntamiento de Aller invert\u00eda otros 15.000 euros en la compra de un veh\u00edculo 4&#215;4 para la Polic\u00eda Local, un coche de 7 plazas y 200 caballos de potencia que permite a los agentes desplazarse por casi todos los puntos del municipio. De hecho, gracias a esa adquisici\u00f3n, el gobierno local impulsaba una unidad de Polic\u00eda Rural, aumentando as\u00ed la presencia en los pueblos de los agentes adscritos al cuerpo municipal.<\/p>\n","protected":false},"excerpt":{"rendered":"<p>El Ayuntamiento de Aller ha sacado a concurso la adquisici\u00f3n de cuatro veh\u00edculos para los departamentos municipales. En total, una inversi\u00f3n de casi 100.000 euros que permitir\u00e1 renovar por los pr\u00f3ximos cuatro a\u00f1os la flota municipal, tanto en lo referente al servicio de obras como a los servicios sociales. En concreto, el contrato que se [&hellip;]<\/p>\n","protected":false},"author":1,"featured_media":3348,"comment_status":"open","ping_status":"open","sticky":false,"template":"","format":"standard","meta":{"footnotes":""},"categories":[6],"tags":[],"class_list":["post-3347","post","type-post","status-publish","format-standard","has-post-thumbnail","hentry","category-noticias"],"yoast_head":"<!-- This site is optimized with the Yoast SEO plugin v27.4 - https:\/\/yoast.com\/product\/yoast-seo-wordpress\/ -->\n<title>Aller invierte casi 100.000 euros en adquirir cuatro veh\u00edculos municipales. - cm news<\/title>\n<meta name=\"description\" content=\"El gobierno local arrendar\u00e1 por cuatro a\u00f1os tres furgonetas para el departamento de Obras y un 4x4 para Servicios Sociales.\" \/>\n<meta name=\"robots\" content=\"index, follow, max-snippet:-1, max-image-preview:large, max-video-preview:-1\" \/>\n<link rel=\"canonical\" href=\"https:\/\/www.cuencasmineras.com\/index.php\/2021\/08\/13\/aller-invierte-casi-100-000-euros-en-adquirir-cuatro-vehiculos-municipales\/\" \/>\n<meta property=\"og:locale\" content=\"es_ES\" \/>\n<meta property=\"og:type\" content=\"article\" \/>\n<meta property=\"og:title\" content=\"Aller invierte casi 100.000 euros en adquirir cuatro veh\u00edculos municipales. - cm news\" \/>\n<meta property=\"og:description\" content=\"El gobierno local arrendar\u00e1 por cuatro a\u00f1os tres furgonetas para el departamento de Obras y un 4x4 para Servicios Sociales.\" \/>\n<meta property=\"og:url\" content=\"https:\/\/www.cuencasmineras.com\/index.php\/2021\/08\/13\/aller-invierte-casi-100-000-euros-en-adquirir-cuatro-vehiculos-municipales\/\" \/>\n<meta property=\"article:published_time\" content=\"2021-08-13T12:10:38+00:00\" \/>\n<meta property=\"og:image\" content=\"https:\/\/www.cuencasmineras.com\/wp-content\/uploads\/2021\/08\/DgJYBVRU8AASCkz.jpg\" \/>\n\t<meta property=\"og:image:width\" content=\"1200\" \/>\n\t<meta property=\"og:image:height\" content=\"800\" \/>\n\t<meta property=\"og:image:type\" content=\"image\/jpeg\" \/>\n<meta name=\"author\" content=\"admin\" \/>\n<meta name=\"twitter:card\" content=\"summary_large_image\" \/>\n<meta name=\"twitter:label1\" content=\"Escrito por\" \/>\n\t<meta name=\"twitter:data1\" content=\"admin\" \/>\n\t<meta name=\"twitter:label2\" content=\"Tiempo de lectura\" \/>\n\t<meta name=\"twitter:data2\" content=\"2 minutos\" \/>\n<script type=\"application\/ld+json\" class=\"yoast-schema-graph\">{\"@context\":\"https:\\\/\\\/schema.org\",\"@graph\":[{\"@type\":\"Article\",\"@id\":\"https:\\\/\\\/www.cuencasmineras.com\\\/index.php\\\/2021\\\/08\\\/13\\\/aller-invierte-casi-100-000-euros-en-adquirir-cuatro-vehiculos-municipales\\\/#article\",\"isPartOf\":{\"@id\":\"https:\\\/\\\/www.cuencasmineras.com\\\/index.php\\\/2021\\\/08\\\/13\\\/aller-invierte-casi-100-000-euros-en-adquirir-cuatro-vehiculos-municipales\\\/\"},\"author\":{\"name\":\"admin\",\"@id\":\"https:\\\/\\\/www.cuencasmineras.com\\\/#\\\/schema\\\/person\\\/be0691310e8496ec555f679dd688420c\"},\"headline\":\"Aller invierte casi 100.000 euros en adquirir cuatro veh\u00edculos municipales.\",\"datePublished\":\"2021-08-13T12:10:38+00:00\",\"mainEntityOfPage\":{\"@id\":\"https:\\\/\\\/www.cuencasmineras.com\\\/index.php\\\/2021\\\/08\\\/13\\\/aller-invierte-casi-100-000-euros-en-adquirir-cuatro-vehiculos-municipales\\\/\"},\"wordCount\":389,\"commentCount\":0,\"image\":{\"@id\":\"https:\\\/\\\/www.cuencasmineras.com\\\/index.php\\\/2021\\\/08\\\/13\\\/aller-invierte-casi-100-000-euros-en-adquirir-cuatro-vehiculos-municipales\\\/#primaryimage\"},\"thumbnailUrl\":\"https:\\\/\\\/www.cuencasmineras.com\\\/wp-content\\\/uploads\\\/2021\\\/08\\\/DgJYBVRU8AASCkz.jpg\",\"articleSection\":[\"CM NEWS\"],\"inLanguage\":\"es\",\"potentialAction\":[{\"@type\":\"CommentAction\",\"name\":\"Comment\",\"target\":[\"https:\\\/\\\/www.cuencasmineras.com\\\/index.php\\\/2021\\\/08\\\/13\\\/aller-invierte-casi-100-000-euros-en-adquirir-cuatro-vehiculos-municipales\\\/#respond\"]}]},{\"@type\":\"WebPage\",\"@id\":\"https:\\\/\\\/www.cuencasmineras.com\\\/index.php\\\/2021\\\/08\\\/13\\\/aller-invierte-casi-100-000-euros-en-adquirir-cuatro-vehiculos-municipales\\\/\",\"url\":\"https:\\\/\\\/www.cuencasmineras.com\\\/index.php\\\/2021\\\/08\\\/13\\\/aller-invierte-casi-100-000-euros-en-adquirir-cuatro-vehiculos-municipales\\\/\",\"name\":\"Aller invierte casi 100.000 euros en adquirir cuatro veh\u00edculos municipales. - cm news\",\"isPartOf\":{\"@id\":\"https:\\\/\\\/www.cuencasmineras.com\\\/#website\"},\"primaryImageOfPage\":{\"@id\":\"https:\\\/\\\/www.cuencasmineras.com\\\/index.php\\\/2021\\\/08\\\/13\\\/aller-invierte-casi-100-000-euros-en-adquirir-cuatro-vehiculos-municipales\\\/#primaryimage\"},\"image\":{\"@id\":\"https:\\\/\\\/www.cuencasmineras.com\\\/index.php\\\/2021\\\/08\\\/13\\\/aller-invierte-casi-100-000-euros-en-adquirir-cuatro-vehiculos-municipales\\\/#primaryimage\"},\"thumbnailUrl\":\"https:\\\/\\\/www.cuencasmineras.com\\\/wp-content\\\/uploads\\\/2021\\\/08\\\/DgJYBVRU8AASCkz.jpg\",\"datePublished\":\"2021-08-13T12:10:38+00:00\",\"author\":{\"@id\":\"https:\\\/\\\/www.cuencasmineras.com\\\/#\\\/schema\\\/person\\\/be0691310e8496ec555f679dd688420c\"},\"description\":\"El gobierno local arrendar\u00e1 por cuatro a\u00f1os tres furgonetas para el departamento de Obras y un 4x4 para Servicios Sociales.\",\"breadcrumb\":{\"@id\":\"https:\\\/\\\/www.cuencasmineras.com\\\/index.php\\\/2021\\\/08\\\/13\\\/aller-invierte-casi-100-000-euros-en-adquirir-cuatro-vehiculos-municipales\\\/#breadcrumb\"},\"inLanguage\":\"es\",\"potentialAction\":[{\"@type\":\"ReadAction\",\"target\":[\"https:\\\/\\\/www.cuencasmineras.com\\\/index.php\\\/2021\\\/08\\\/13\\\/aller-invierte-casi-100-000-euros-en-adquirir-cuatro-vehiculos-municipales\\\/\"]}]},{\"@type\":\"ImageObject\",\"inLanguage\":\"es\",\"@id\":\"https:\\\/\\\/www.cuencasmineras.com\\\/index.php\\\/2021\\\/08\\\/13\\\/aller-invierte-casi-100-000-euros-en-adquirir-cuatro-vehiculos-municipales\\\/#primaryimage\",\"url\":\"https:\\\/\\\/www.cuencasmineras.com\\\/wp-content\\\/uploads\\\/2021\\\/08\\\/DgJYBVRU8AASCkz.jpg\",\"contentUrl\":\"https:\\\/\\\/www.cuencasmineras.com\\\/wp-content\\\/uploads\\\/2021\\\/08\\\/DgJYBVRU8AASCkz.jpg\",\"width\":1200,\"height\":800},{\"@type\":\"BreadcrumbList\",\"@id\":\"https:\\\/\\\/www.cuencasmineras.com\\\/index.php\\\/2021\\\/08\\\/13\\\/aller-invierte-casi-100-000-euros-en-adquirir-cuatro-vehiculos-municipales\\\/#breadcrumb\",\"itemListElement\":[{\"@type\":\"ListItem\",\"position\":1,\"name\":\"Portada\",\"item\":\"https:\\\/\\\/www.cuencasmineras.com\\\/\"},{\"@type\":\"ListItem\",\"position\":2,\"name\":\"Aller invierte casi 100.000 euros en adquirir cuatro veh\u00edculos municipales.\"}]},{\"@type\":\"WebSite\",\"@id\":\"https:\\\/\\\/www.cuencasmineras.com\\\/#website\",\"url\":\"https:\\\/\\\/www.cuencasmineras.com\\\/\",\"name\":\"\",\"description\":\"\",\"potentialAction\":[{\"@type\":\"SearchAction\",\"target\":{\"@type\":\"EntryPoint\",\"urlTemplate\":\"https:\\\/\\\/www.cuencasmineras.com\\\/?s={search_term_string}\"},\"query-input\":{\"@type\":\"PropertyValueSpecification\",\"valueRequired\":true,\"valueName\":\"search_term_string\"}}],\"inLanguage\":\"es\"},{\"@type\":\"Person\",\"@id\":\"https:\\\/\\\/www.cuencasmineras.com\\\/#\\\/schema\\\/person\\\/be0691310e8496ec555f679dd688420c\",\"name\":\"admin\",\"image\":{\"@type\":\"ImageObject\",\"inLanguage\":\"es\",\"@id\":\"https:\\\/\\\/secure.gravatar.com\\\/avatar\\\/4afd2eed3b2fbbf36dd6707b5bd8a5b50ac648f033e36fbf85aeace2f0f859db?s=96&d=mm&r=g\",\"url\":\"https:\\\/\\\/secure.gravatar.com\\\/avatar\\\/4afd2eed3b2fbbf36dd6707b5bd8a5b50ac648f033e36fbf85aeace2f0f859db?s=96&d=mm&r=g\",\"contentUrl\":\"https:\\\/\\\/secure.gravatar.com\\\/avatar\\\/4afd2eed3b2fbbf36dd6707b5bd8a5b50ac648f033e36fbf85aeace2f0f859db?s=96&d=mm&r=g\",\"caption\":\"admin\"},\"sameAs\":[\"https:\\\/\\\/www.cuencasmineras.com\"],\"url\":\"https:\\\/\\\/www.cuencasmineras.com\\\/index.php\\\/author\\\/admin\\\/\"}]}<\/script>\n<!-- \/ Yoast SEO plugin. -->","yoast_head_json":{"title":"Aller invierte casi 100.000 euros en adquirir cuatro veh\u00edculos municipales. - cm news","description":"El gobierno local arrendar\u00e1 por cuatro a\u00f1os tres furgonetas para el departamento de Obras y un 4x4 para Servicios Sociales.","robots":{"index":"index","follow":"follow","max-snippet":"max-snippet:-1","max-image-preview":"max-image-preview:large","max-video-preview":"max-video-preview:-1"},"canonical":"https:\/\/www.cuencasmineras.com\/index.php\/2021\/08\/13\/aller-invierte-casi-100-000-euros-en-adquirir-cuatro-vehiculos-municipales\/","og_locale":"es_ES","og_type":"article","og_title":"Aller invierte casi 100.000 euros en adquirir cuatro veh\u00edculos municipales. - cm news","og_description":"El gobierno local arrendar\u00e1 por cuatro a\u00f1os tres furgonetas para el departamento de Obras y un 4x4 para Servicios Sociales.","og_url":"https:\/\/www.cuencasmineras.com\/index.php\/2021\/08\/13\/aller-invierte-casi-100-000-euros-en-adquirir-cuatro-vehiculos-municipales\/","article_published_time":"2021-08-13T12:10:38+00:00","og_image":[{"width":1200,"height":800,"url":"https:\/\/www.cuencasmineras.com\/wp-content\/uploads\/2021\/08\/DgJYBVRU8AASCkz.jpg","type":"image\/jpeg"}],"author":"admin","twitter_card":"summary_large_image","twitter_misc":{"Escrito por":"admin","Tiempo de lectura":"2 minutos"},"schema":{"@context":"https:\/\/schema.org","@graph":[{"@type":"Article","@id":"https:\/\/www.cuencasmineras.com\/index.php\/2021\/08\/13\/aller-invierte-casi-100-000-euros-en-adquirir-cuatro-vehiculos-municipales\/#article","isPartOf":{"@id":"https:\/\/www.cuencasmineras.com\/index.php\/2021\/08\/13\/aller-invierte-casi-100-000-euros-en-adquirir-cuatro-vehiculos-municipales\/"},"author":{"name":"admin","@id":"https:\/\/www.cuencasmineras.com\/#\/schema\/person\/be0691310e8496ec555f679dd688420c"},"headline":"Aller invierte casi 100.000 euros en adquirir cuatro veh\u00edculos municipales.","datePublished":"2021-08-13T12:10:38+00:00","mainEntityOfPage":{"@id":"https:\/\/www.cuencasmineras.com\/index.php\/2021\/08\/13\/aller-invierte-casi-100-000-euros-en-adquirir-cuatro-vehiculos-municipales\/"},"wordCount":389,"commentCount":0,"image":{"@id":"https:\/\/www.cuencasmineras.com\/index.php\/2021\/08\/13\/aller-invierte-casi-100-000-euros-en-adquirir-cuatro-vehiculos-municipales\/#primaryimage"},"thumbnailUrl":"https:\/\/www.cuencasmineras.com\/wp-content\/uploads\/2021\/08\/DgJYBVRU8AASCkz.jpg","articleSection":["CM NEWS"],"inLanguage":"es","potentialAction":[{"@type":"CommentAction","name":"Comment","target":["https:\/\/www.cuencasmineras.com\/index.php\/2021\/08\/13\/aller-invierte-casi-100-000-euros-en-adquirir-cuatro-vehiculos-municipales\/#respond"]}]},{"@type":"WebPage","@id":"https:\/\/www.cuencasmineras.com\/index.php\/2021\/08\/13\/aller-invierte-casi-100-000-euros-en-adquirir-cuatro-vehiculos-municipales\/","url":"https:\/\/www.cuencasmineras.com\/index.php\/2021\/08\/13\/aller-invierte-casi-100-000-euros-en-adquirir-cuatro-vehiculos-municipales\/","name":"Aller invierte casi 100.000 euros en adquirir cuatro veh\u00edculos municipales. - cm news","isPartOf":{"@id":"https:\/\/www.cuencasmineras.com\/#website"},"primaryImageOfPage":{"@id":"https:\/\/www.cuencasmineras.com\/index.php\/2021\/08\/13\/aller-invierte-casi-100-000-euros-en-adquirir-cuatro-vehiculos-municipales\/#primaryimage"},"image":{"@id":"https:\/\/www.cuencasmineras.com\/index.php\/2021\/08\/13\/aller-invierte-casi-100-000-euros-en-adquirir-cuatro-vehiculos-municipales\/#primaryimage"},"thumbnailUrl":"https:\/\/www.cuencasmineras.com\/wp-content\/uploads\/2021\/08\/DgJYBVRU8AASCkz.jpg","datePublished":"2021-08-13T12:10:38+00:00","author":{"@id":"https:\/\/www.cuencasmineras.com\/#\/schema\/person\/be0691310e8496ec555f679dd688420c"},"description":"El gobierno local arrendar\u00e1 por cuatro a\u00f1os tres furgonetas para el departamento de Obras y un 4x4 para Servicios Sociales.","breadcrumb":{"@id":"https:\/\/www.cuencasmineras.com\/index.php\/2021\/08\/13\/aller-invierte-casi-100-000-euros-en-adquirir-cuatro-vehiculos-municipales\/#breadcrumb"},"inLanguage":"es","potentialAction":[{"@type":"ReadAction","target":["https:\/\/www.cuencasmineras.com\/index.php\/2021\/08\/13\/aller-invierte-casi-100-000-euros-en-adquirir-cuatro-vehiculos-municipales\/"]}]},{"@type":"ImageObject","inLanguage":"es","@id":"https:\/\/www.cuencasmineras.com\/index.php\/2021\/08\/13\/aller-invierte-casi-100-000-euros-en-adquirir-cuatro-vehiculos-municipales\/#primaryimage","url":"https:\/\/www.cuencasmineras.com\/wp-content\/uploads\/2021\/08\/DgJYBVRU8AASCkz.jpg","contentUrl":"https:\/\/www.cuencasmineras.com\/wp-content\/uploads\/2021\/08\/DgJYBVRU8AASCkz.jpg","width":1200,"height":800},{"@type":"BreadcrumbList","@id":"https:\/\/www.cuencasmineras.com\/index.php\/2021\/08\/13\/aller-invierte-casi-100-000-euros-en-adquirir-cuatro-vehiculos-municipales\/#breadcrumb","itemListElement":[{"@type":"ListItem","position":1,"name":"Portada","item":"https:\/\/www.cuencasmineras.com\/"},{"@type":"ListItem","position":2,"name":"Aller invierte casi 100.000 euros en adquirir cuatro veh\u00edculos municipales."}]},{"@type":"WebSite","@id":"https:\/\/www.cuencasmineras.com\/#website","url":"https:\/\/www.cuencasmineras.com\/","name":"","description":"","potentialAction":[{"@type":"SearchAction","target":{"@type":"EntryPoint","urlTemplate":"https:\/\/www.cuencasmineras.com\/?s={search_term_string}"},"query-input":{"@type":"PropertyValueSpecification","valueRequired":true,"valueName":"search_term_string"}}],"inLanguage":"es"},{"@type":"Person","@id":"https:\/\/www.cuencasmineras.com\/#\/schema\/person\/be0691310e8496ec555f679dd688420c","name":"admin","image":{"@type":"ImageObject","inLanguage":"es","@id":"https:\/\/secure.gravatar.com\/avatar\/4afd2eed3b2fbbf36dd6707b5bd8a5b50ac648f033e36fbf85aeace2f0f859db?s=96&d=mm&r=g","url":"https:\/\/secure.gravatar.com\/avatar\/4afd2eed3b2fbbf36dd6707b5bd8a5b50ac648f033e36fbf85aeace2f0f859db?s=96&d=mm&r=g","contentUrl":"https:\/\/secure.gravatar.com\/avatar\/4afd2eed3b2fbbf36dd6707b5bd8a5b50ac648f033e36fbf85aeace2f0f859db?s=96&d=mm&r=g","caption":"admin"},"sameAs":["https:\/\/www.cuencasmineras.com"],"url":"https:\/\/www.cuencasmineras.com\/index.php\/author\/admin\/"}]}},"_links":{"self":[{"href":"https:\/\/www.cuencasmineras.com\/index.php\/wp-json\/wp\/v2\/posts\/3347","targetHints":{"allow":["GET"]}}],"collection":[{"href":"https:\/\/www.cuencasmineras.com\/index.php\/wp-json\/wp\/v2\/posts"}],"about":[{"href":"https:\/\/www.cuencasmineras.com\/index.php\/wp-json\/wp\/v2\/types\/post"}],"author":[{"embeddable":true,"href":"https:\/\/www.cuencasmineras.com\/index.php\/wp-json\/wp\/v2\/users\/1"}],"replies":[{"embeddable":true,"href":"https:\/\/www.cuencasmineras.com\/index.php\/wp-json\/wp\/v2\/comments?post=3347"}],"version-history":[{"count":1,"href":"https:\/\/www.cuencasmineras.com\/index.php\/wp-json\/wp\/v2\/posts\/3347\/revisions"}],"predecessor-version":[{"id":3349,"href":"https:\/\/www.cuencasmineras.com\/index.php\/wp-json\/wp\/v2\/posts\/3347\/revisions\/3349"}],"wp:featuredmedia":[{"embeddable":true,"href":"https:\/\/www.cuencasmineras.com\/index.php\/wp-json\/wp\/v2\/media\/3348"}],"wp:attachment":[{"href":"https:\/\/www.cuencasmineras.com\/index.php\/wp-json\/wp\/v2\/media?parent=3347"}],"wp:term":[{"taxonomy":"category","embeddable":true,"href":"https:\/\/www.cuencasmineras.com\/index.php\/wp-json\/wp\/v2\/categories?post=3347"},{"taxonomy":"post_tag","embeddable":true,"href":"https:\/\/www.cuencasmineras.com\/index.php\/wp-json\/wp\/v2\/tags?post=3347"}],"curies":[{"name":"wp","href":"https:\/\/api.w.org\/{rel}","templated":true}]}}