{"id":3456,"date":"2021-09-14T16:03:20","date_gmt":"2021-09-14T16:03:20","guid":{"rendered":"https:\/\/www.cuencasmineras.com\/?p=3456"},"modified":"2021-09-14T16:03:20","modified_gmt":"2021-09-14T16:03:20","slug":"pp-mieres-reclama-limpieza-de-las-sendas-peatonales","status":"publish","type":"post","link":"https:\/\/www.cuencasmineras.com\/index.php\/2021\/09\/14\/pp-mieres-reclama-limpieza-de-las-sendas-peatonales\/","title":{"rendered":"PP MIERES reclama LIMPIEZA de las SENDAS PEATONALES"},"content":{"rendered":"<p style=\"text-align: justify;\">Sendas peatonales intransitables:<\/p>\n<p style=\"text-align: justify;\"><strong>RECLAMAMOS LA LIMPIEZA Y ACONDICIONAMIENTO DE LAS SENDAS PEATONALES DEL CONCEJO URGENTEMENTE. <\/strong><\/p>\n<ul style=\"text-align: justify;\">\n<li><strong>La senda peatonal de Rioturbio se encuentra tomada literalmente por la maleza y el paseo del rio Caudal est\u00e1 sin segar ni desbrozar desde hace meses.<\/strong><\/li>\n<li><strong>Las luces de dichas sendas, con una gran parte de ellas fundidas, se apagan en un horario demasiado temprano, impidiendo ejercer deporte a los vecinos. Es hora de ir instalando luminarias led con paneles solares, para ser m\u00e1s eficientes y dar mejor servicio. <\/strong><\/li>\n<\/ul>\n<p style=\"text-align: justify;\">\n<p style=\"text-align: justify;\"><strong><u>13, septiembre 2021.-<\/u><\/strong><\/p>\n<p style=\"text-align: justify;\">\u00a0\u00a0\u00a0\u00a0\u00a0\u00a0\u00a0\u00a0\u00a0\u00a0\u00a0\u00a0\u00a0\u00a0\u00a0\u00a0\u00a0\u00a0\u00a0\u00a0\u00a0\u00a0\u00a0 <strong>Las sendas peatonales principales de nuestro Concejo est\u00e1n todas tomadas por la maleza<\/strong>, en mayor o menor medidas, llegando incluso en <strong>la senda de Rioturbio a invadir mas de la mitad de la calzada<\/strong> con ortigas y malezas que impiden y condicionan el paso de los viandantes.\u00a0 <strong>La senda del rio Caudal se encuentra sin segar ni desbrozar desde hace meses <\/strong>y con los arboles de ribera del rio invadiendo parte de la calzada.\u00a0 <strong>En la senda de Tur\u00f3n, la maleza invade parte del recorrido <\/strong>en numerosos tramos.<\/p>\n<p style=\"text-align: justify;\">\u00a0\u00a0\u00a0\u00a0\u00a0\u00a0\u00a0\u00a0\u00a0\u00a0\u00a0 Esta falta de mantenimiento en las sendas <strong>le tenemos que a\u00f1adir la falta de iluminaci\u00f3n<\/strong>, escasa en muchos puntos por estar las <strong>luminarias fundidas y, adem\u00e1s, se apagan a las 23.00h<\/strong>, impidiendo su uso a partir de esas horas. Son muchos los vecinos que, aprovechando que las temperaturas a\u00fan son agradables, usan las \u00faltimas horas del d\u00eda para caminar o hacer deporte, pero tienen limitada la hora de finalizaci\u00f3n a las 23.00h. Desde este Grupo Municipal se pidi\u00f3 varias veces que se aumentara esa hora de apag\u00f3n por lo menos hasta las 00.00h, para favorecer a los deportistas m\u00e1s retrasados, pero, esta administraci\u00f3n tan taca\u00f1a que ejerce el Alcalde, no ha se ha tenido en cuenta dicha petici\u00f3n. Creemos que <strong>es el momento de invertir en cambiar las obsoletas luminarias de nuestras sendas, \u00a0que no funcionan una mayor\u00eda, \u00a0por led y paneles solares, que ser\u00e1n m\u00e1s eficientes y den mejor servicio<\/strong>, pero nuestro Equipo de Gobierno no tiene ni la capacidad ni las ideas para mejorar los servicios a los vecinos.<\/p>\n<p style=\"text-align: justify;\">\u00a0\u00a0\u00a0\u00a0\u00a0\u00a0\u00a0\u00a0\u00a0\u00a0\u00a0 <strong>Desde el Partido Popular siempre hemos fomentado el deporte y su desarrollo en nuestro Concejo, pero la realidad es que desde que esta IU en el gobierno la pr\u00e1ctica deportiva en Mieres se ha reducido considerablemente<\/strong>. El paseo del rio caudal, denominada como \u201cRuta del Colesterol\u201d en sus inicios, no se ha realizado ninguna intervenci\u00f3n de mejora en los \u00faltimos 10 a\u00f1os. Por no hacer, ni han sustituido los carteles informativos de distancias de la ruta y alg\u00fan vecino, altruistamente, tuvo que pintar las distancian en el suelo para dar algo de informaci\u00f3n a los usuarios, con el tiempo se ha convertido en una ruta sin alicientes, mon\u00f3tona y aburrida, sin aportar ning\u00fan aliciente a sus usuarios. <strong>El potencial de esta ruta y los espacios que dispone son una de las grandes posibilidades deportivas que tiene nuestro concejo<\/strong>, pero que, la falta de visi\u00f3n y, sobre todo, de ganas por parte del Alcalde por hacer algo, dejaran a Mieres otra vez limitado deportivamente \u00a0y hundi\u00e9ndose cada vez m\u00e1s.<\/p>\n","protected":false},"excerpt":{"rendered":"<p>Sendas peatonales intransitables: RECLAMAMOS LA LIMPIEZA Y ACONDICIONAMIENTO DE LAS SENDAS PEATONALES DEL CONCEJO URGENTEMENTE. La senda peatonal de Rioturbio se encuentra tomada literalmente por la maleza y el paseo del rio Caudal est\u00e1 sin segar ni desbrozar desde hace meses. Las luces de dichas sendas, con una gran parte de ellas fundidas, se apagan [&hellip;]<\/p>\n","protected":false},"author":1,"featured_media":3457,"comment_status":"open","ping_status":"open","sticky":false,"template":"","format":"standard","meta":{"footnotes":""},"categories":[7,6],"tags":[31,125,180],"class_list":["post-3456","post","type-post","status-publish","format-standard","has-post-thumbnail","hentry","category-caudal","category-noticias","tag-mieres","tag-pp-mieres","tag-sendas-fluviales"],"yoast_head":"<!-- This site is optimized with the Yoast SEO plugin v27.4 - https:\/\/yoast.com\/product\/yoast-seo-wordpress\/ -->\n<title>PP MIERES reclama LIMPIEZA de las SENDAS PEATONALES - CM NEWS<\/title>\n<meta name=\"robots\" content=\"index, follow, max-snippet:-1, max-image-preview:large, max-video-preview:-1\" \/>\n<link rel=\"canonical\" href=\"https:\/\/www.cuencasmineras.com\/index.php\/2021\/09\/14\/pp-mieres-reclama-limpieza-de-las-sendas-peatonales\/\" \/>\n<meta property=\"og:locale\" content=\"es_ES\" \/>\n<meta property=\"og:type\" content=\"article\" \/>\n<meta property=\"og:title\" content=\"PP MIERES reclama LIMPIEZA de las SENDAS PEATONALES - CM NEWS\" \/>\n<meta property=\"og:description\" content=\"Sendas peatonales intransitables: RECLAMAMOS LA LIMPIEZA Y ACONDICIONAMIENTO DE LAS SENDAS PEATONALES DEL CONCEJO URGENTEMENTE. La senda peatonal de Rioturbio se encuentra tomada literalmente por la maleza y el paseo del rio Caudal est\u00e1 sin segar ni desbrozar desde hace meses. Las luces de dichas sendas, con una gran parte de ellas fundidas, se apagan [&hellip;]\" \/>\n<meta property=\"og:url\" content=\"https:\/\/www.cuencasmineras.com\/index.php\/2021\/09\/14\/pp-mieres-reclama-limpieza-de-las-sendas-peatonales\/\" \/>\n<meta property=\"article:published_time\" content=\"2021-09-14T16:03:20+00:00\" \/>\n<meta property=\"og:image\" content=\"https:\/\/www.cuencasmineras.com\/wp-content\/uploads\/2021\/09\/Paseo-fluvial-en-Uxo-Fot.-Yolanda-Suarez-AF-Semeya.jpg\" \/>\n\t<meta property=\"og:image:width\" content=\"1200\" \/>\n\t<meta property=\"og:image:height\" content=\"675\" \/>\n\t<meta property=\"og:image:type\" content=\"image\/jpeg\" \/>\n<meta name=\"author\" content=\"admin\" \/>\n<meta name=\"twitter:card\" content=\"summary_large_image\" \/>\n<meta name=\"twitter:label1\" content=\"Escrito por\" \/>\n\t<meta name=\"twitter:data1\" content=\"admin\" \/>\n\t<meta name=\"twitter:label2\" content=\"Tiempo de lectura\" \/>\n\t<meta name=\"twitter:data2\" content=\"3 minutos\" \/>\n<script type=\"application\/ld+json\" class=\"yoast-schema-graph\">{\"@context\":\"https:\\\/\\\/schema.org\",\"@graph\":[{\"@type\":\"Article\",\"@id\":\"https:\\\/\\\/www.cuencasmineras.com\\\/index.php\\\/2021\\\/09\\\/14\\\/pp-mieres-reclama-limpieza-de-las-sendas-peatonales\\\/#article\",\"isPartOf\":{\"@id\":\"https:\\\/\\\/www.cuencasmineras.com\\\/index.php\\\/2021\\\/09\\\/14\\\/pp-mieres-reclama-limpieza-de-las-sendas-peatonales\\\/\"},\"author\":{\"name\":\"admin\",\"@id\":\"https:\\\/\\\/www.cuencasmineras.com\\\/#\\\/schema\\\/person\\\/be0691310e8496ec555f679dd688420c\"},\"headline\":\"PP MIERES reclama LIMPIEZA de las SENDAS PEATONALES\",\"datePublished\":\"2021-09-14T16:03:20+00:00\",\"mainEntityOfPage\":{\"@id\":\"https:\\\/\\\/www.cuencasmineras.com\\\/index.php\\\/2021\\\/09\\\/14\\\/pp-mieres-reclama-limpieza-de-las-sendas-peatonales\\\/\"},\"wordCount\":547,\"commentCount\":0,\"image\":{\"@id\":\"https:\\\/\\\/www.cuencasmineras.com\\\/index.php\\\/2021\\\/09\\\/14\\\/pp-mieres-reclama-limpieza-de-las-sendas-peatonales\\\/#primaryimage\"},\"thumbnailUrl\":\"https:\\\/\\\/www.cuencasmineras.com\\\/wp-content\\\/uploads\\\/2021\\\/09\\\/Paseo-fluvial-en-Uxo-Fot.-Yolanda-Suarez-AF-Semeya.jpg\",\"keywords\":[\"mieres\",\"PP MIERES\",\"sendas fluviales\"],\"articleSection\":[\"Caudal\",\"CM NEWS\"],\"inLanguage\":\"es\",\"potentialAction\":[{\"@type\":\"CommentAction\",\"name\":\"Comment\",\"target\":[\"https:\\\/\\\/www.cuencasmineras.com\\\/index.php\\\/2021\\\/09\\\/14\\\/pp-mieres-reclama-limpieza-de-las-sendas-peatonales\\\/#respond\"]}]},{\"@type\":\"WebPage\",\"@id\":\"https:\\\/\\\/www.cuencasmineras.com\\\/index.php\\\/2021\\\/09\\\/14\\\/pp-mieres-reclama-limpieza-de-las-sendas-peatonales\\\/\",\"url\":\"https:\\\/\\\/www.cuencasmineras.com\\\/index.php\\\/2021\\\/09\\\/14\\\/pp-mieres-reclama-limpieza-de-las-sendas-peatonales\\\/\",\"name\":\"PP MIERES reclama LIMPIEZA de las SENDAS PEATONALES - CM NEWS\",\"isPartOf\":{\"@id\":\"https:\\\/\\\/www.cuencasmineras.com\\\/#website\"},\"primaryImageOfPage\":{\"@id\":\"https:\\\/\\\/www.cuencasmineras.com\\\/index.php\\\/2021\\\/09\\\/14\\\/pp-mieres-reclama-limpieza-de-las-sendas-peatonales\\\/#primaryimage\"},\"image\":{\"@id\":\"https:\\\/\\\/www.cuencasmineras.com\\\/index.php\\\/2021\\\/09\\\/14\\\/pp-mieres-reclama-limpieza-de-las-sendas-peatonales\\\/#primaryimage\"},\"thumbnailUrl\":\"https:\\\/\\\/www.cuencasmineras.com\\\/wp-content\\\/uploads\\\/2021\\\/09\\\/Paseo-fluvial-en-Uxo-Fot.-Yolanda-Suarez-AF-Semeya.jpg\",\"datePublished\":\"2021-09-14T16:03:20+00:00\",\"author\":{\"@id\":\"https:\\\/\\\/www.cuencasmineras.com\\\/#\\\/schema\\\/person\\\/be0691310e8496ec555f679dd688420c\"},\"breadcrumb\":{\"@id\":\"https:\\\/\\\/www.cuencasmineras.com\\\/index.php\\\/2021\\\/09\\\/14\\\/pp-mieres-reclama-limpieza-de-las-sendas-peatonales\\\/#breadcrumb\"},\"inLanguage\":\"es\",\"potentialAction\":[{\"@type\":\"ReadAction\",\"target\":[\"https:\\\/\\\/www.cuencasmineras.com\\\/index.php\\\/2021\\\/09\\\/14\\\/pp-mieres-reclama-limpieza-de-las-sendas-peatonales\\\/\"]}]},{\"@type\":\"ImageObject\",\"inLanguage\":\"es\",\"@id\":\"https:\\\/\\\/www.cuencasmineras.com\\\/index.php\\\/2021\\\/09\\\/14\\\/pp-mieres-reclama-limpieza-de-las-sendas-peatonales\\\/#primaryimage\",\"url\":\"https:\\\/\\\/www.cuencasmineras.com\\\/wp-content\\\/uploads\\\/2021\\\/09\\\/Paseo-fluvial-en-Uxo-Fot.-Yolanda-Suarez-AF-Semeya.jpg\",\"contentUrl\":\"https:\\\/\\\/www.cuencasmineras.com\\\/wp-content\\\/uploads\\\/2021\\\/09\\\/Paseo-fluvial-en-Uxo-Fot.-Yolanda-Suarez-AF-Semeya.jpg\",\"width\":1200,\"height\":675},{\"@type\":\"BreadcrumbList\",\"@id\":\"https:\\\/\\\/www.cuencasmineras.com\\\/index.php\\\/2021\\\/09\\\/14\\\/pp-mieres-reclama-limpieza-de-las-sendas-peatonales\\\/#breadcrumb\",\"itemListElement\":[{\"@type\":\"ListItem\",\"position\":1,\"name\":\"Portada\",\"item\":\"https:\\\/\\\/www.cuencasmineras.com\\\/\"},{\"@type\":\"ListItem\",\"position\":2,\"name\":\"PP MIERES reclama LIMPIEZA de las SENDAS PEATONALES\"}]},{\"@type\":\"WebSite\",\"@id\":\"https:\\\/\\\/www.cuencasmineras.com\\\/#website\",\"url\":\"https:\\\/\\\/www.cuencasmineras.com\\\/\",\"name\":\"\",\"description\":\"\",\"potentialAction\":[{\"@type\":\"SearchAction\",\"target\":{\"@type\":\"EntryPoint\",\"urlTemplate\":\"https:\\\/\\\/www.cuencasmineras.com\\\/?s={search_term_string}\"},\"query-input\":{\"@type\":\"PropertyValueSpecification\",\"valueRequired\":true,\"valueName\":\"search_term_string\"}}],\"inLanguage\":\"es\"},{\"@type\":\"Person\",\"@id\":\"https:\\\/\\\/www.cuencasmineras.com\\\/#\\\/schema\\\/person\\\/be0691310e8496ec555f679dd688420c\",\"name\":\"admin\",\"image\":{\"@type\":\"ImageObject\",\"inLanguage\":\"es\",\"@id\":\"https:\\\/\\\/secure.gravatar.com\\\/avatar\\\/4afd2eed3b2fbbf36dd6707b5bd8a5b50ac648f033e36fbf85aeace2f0f859db?s=96&d=mm&r=g\",\"url\":\"https:\\\/\\\/secure.gravatar.com\\\/avatar\\\/4afd2eed3b2fbbf36dd6707b5bd8a5b50ac648f033e36fbf85aeace2f0f859db?s=96&d=mm&r=g\",\"contentUrl\":\"https:\\\/\\\/secure.gravatar.com\\\/avatar\\\/4afd2eed3b2fbbf36dd6707b5bd8a5b50ac648f033e36fbf85aeace2f0f859db?s=96&d=mm&r=g\",\"caption\":\"admin\"},\"sameAs\":[\"https:\\\/\\\/www.cuencasmineras.com\"],\"url\":\"https:\\\/\\\/www.cuencasmineras.com\\\/index.php\\\/author\\\/admin\\\/\"}]}<\/script>\n<!-- \/ Yoast SEO plugin. -->","yoast_head_json":{"title":"PP MIERES reclama LIMPIEZA de las SENDAS PEATONALES - CM NEWS","robots":{"index":"index","follow":"follow","max-snippet":"max-snippet:-1","max-image-preview":"max-image-preview:large","max-video-preview":"max-video-preview:-1"},"canonical":"https:\/\/www.cuencasmineras.com\/index.php\/2021\/09\/14\/pp-mieres-reclama-limpieza-de-las-sendas-peatonales\/","og_locale":"es_ES","og_type":"article","og_title":"PP MIERES reclama LIMPIEZA de las SENDAS PEATONALES - CM NEWS","og_description":"Sendas peatonales intransitables: RECLAMAMOS LA LIMPIEZA Y ACONDICIONAMIENTO DE LAS SENDAS PEATONALES DEL CONCEJO URGENTEMENTE. La senda peatonal de Rioturbio se encuentra tomada literalmente por la maleza y el paseo del rio Caudal est\u00e1 sin segar ni desbrozar desde hace meses. Las luces de dichas sendas, con una gran parte de ellas fundidas, se apagan [&hellip;]","og_url":"https:\/\/www.cuencasmineras.com\/index.php\/2021\/09\/14\/pp-mieres-reclama-limpieza-de-las-sendas-peatonales\/","article_published_time":"2021-09-14T16:03:20+00:00","og_image":[{"width":1200,"height":675,"url":"https:\/\/www.cuencasmineras.com\/wp-content\/uploads\/2021\/09\/Paseo-fluvial-en-Uxo-Fot.-Yolanda-Suarez-AF-Semeya.jpg","type":"image\/jpeg"}],"author":"admin","twitter_card":"summary_large_image","twitter_misc":{"Escrito por":"admin","Tiempo de lectura":"3 minutos"},"schema":{"@context":"https:\/\/schema.org","@graph":[{"@type":"Article","@id":"https:\/\/www.cuencasmineras.com\/index.php\/2021\/09\/14\/pp-mieres-reclama-limpieza-de-las-sendas-peatonales\/#article","isPartOf":{"@id":"https:\/\/www.cuencasmineras.com\/index.php\/2021\/09\/14\/pp-mieres-reclama-limpieza-de-las-sendas-peatonales\/"},"author":{"name":"admin","@id":"https:\/\/www.cuencasmineras.com\/#\/schema\/person\/be0691310e8496ec555f679dd688420c"},"headline":"PP MIERES reclama LIMPIEZA de las SENDAS PEATONALES","datePublished":"2021-09-14T16:03:20+00:00","mainEntityOfPage":{"@id":"https:\/\/www.cuencasmineras.com\/index.php\/2021\/09\/14\/pp-mieres-reclama-limpieza-de-las-sendas-peatonales\/"},"wordCount":547,"commentCount":0,"image":{"@id":"https:\/\/www.cuencasmineras.com\/index.php\/2021\/09\/14\/pp-mieres-reclama-limpieza-de-las-sendas-peatonales\/#primaryimage"},"thumbnailUrl":"https:\/\/www.cuencasmineras.com\/wp-content\/uploads\/2021\/09\/Paseo-fluvial-en-Uxo-Fot.-Yolanda-Suarez-AF-Semeya.jpg","keywords":["mieres","PP MIERES","sendas fluviales"],"articleSection":["Caudal","CM NEWS"],"inLanguage":"es","potentialAction":[{"@type":"CommentAction","name":"Comment","target":["https:\/\/www.cuencasmineras.com\/index.php\/2021\/09\/14\/pp-mieres-reclama-limpieza-de-las-sendas-peatonales\/#respond"]}]},{"@type":"WebPage","@id":"https:\/\/www.cuencasmineras.com\/index.php\/2021\/09\/14\/pp-mieres-reclama-limpieza-de-las-sendas-peatonales\/","url":"https:\/\/www.cuencasmineras.com\/index.php\/2021\/09\/14\/pp-mieres-reclama-limpieza-de-las-sendas-peatonales\/","name":"PP MIERES reclama LIMPIEZA de las SENDAS PEATONALES - CM NEWS","isPartOf":{"@id":"https:\/\/www.cuencasmineras.com\/#website"},"primaryImageOfPage":{"@id":"https:\/\/www.cuencasmineras.com\/index.php\/2021\/09\/14\/pp-mieres-reclama-limpieza-de-las-sendas-peatonales\/#primaryimage"},"image":{"@id":"https:\/\/www.cuencasmineras.com\/index.php\/2021\/09\/14\/pp-mieres-reclama-limpieza-de-las-sendas-peatonales\/#primaryimage"},"thumbnailUrl":"https:\/\/www.cuencasmineras.com\/wp-content\/uploads\/2021\/09\/Paseo-fluvial-en-Uxo-Fot.-Yolanda-Suarez-AF-Semeya.jpg","datePublished":"2021-09-14T16:03:20+00:00","author":{"@id":"https:\/\/www.cuencasmineras.com\/#\/schema\/person\/be0691310e8496ec555f679dd688420c"},"breadcrumb":{"@id":"https:\/\/www.cuencasmineras.com\/index.php\/2021\/09\/14\/pp-mieres-reclama-limpieza-de-las-sendas-peatonales\/#breadcrumb"},"inLanguage":"es","potentialAction":[{"@type":"ReadAction","target":["https:\/\/www.cuencasmineras.com\/index.php\/2021\/09\/14\/pp-mieres-reclama-limpieza-de-las-sendas-peatonales\/"]}]},{"@type":"ImageObject","inLanguage":"es","@id":"https:\/\/www.cuencasmineras.com\/index.php\/2021\/09\/14\/pp-mieres-reclama-limpieza-de-las-sendas-peatonales\/#primaryimage","url":"https:\/\/www.cuencasmineras.com\/wp-content\/uploads\/2021\/09\/Paseo-fluvial-en-Uxo-Fot.-Yolanda-Suarez-AF-Semeya.jpg","contentUrl":"https:\/\/www.cuencasmineras.com\/wp-content\/uploads\/2021\/09\/Paseo-fluvial-en-Uxo-Fot.-Yolanda-Suarez-AF-Semeya.jpg","width":1200,"height":675},{"@type":"BreadcrumbList","@id":"https:\/\/www.cuencasmineras.com\/index.php\/2021\/09\/14\/pp-mieres-reclama-limpieza-de-las-sendas-peatonales\/#breadcrumb","itemListElement":[{"@type":"ListItem","position":1,"name":"Portada","item":"https:\/\/www.cuencasmineras.com\/"},{"@type":"ListItem","position":2,"name":"PP MIERES reclama LIMPIEZA de las SENDAS PEATONALES"}]},{"@type":"WebSite","@id":"https:\/\/www.cuencasmineras.com\/#website","url":"https:\/\/www.cuencasmineras.com\/","name":"","description":"","potentialAction":[{"@type":"SearchAction","target":{"@type":"EntryPoint","urlTemplate":"https:\/\/www.cuencasmineras.com\/?s={search_term_string}"},"query-input":{"@type":"PropertyValueSpecification","valueRequired":true,"valueName":"search_term_string"}}],"inLanguage":"es"},{"@type":"Person","@id":"https:\/\/www.cuencasmineras.com\/#\/schema\/person\/be0691310e8496ec555f679dd688420c","name":"admin","image":{"@type":"ImageObject","inLanguage":"es","@id":"https:\/\/secure.gravatar.com\/avatar\/4afd2eed3b2fbbf36dd6707b5bd8a5b50ac648f033e36fbf85aeace2f0f859db?s=96&d=mm&r=g","url":"https:\/\/secure.gravatar.com\/avatar\/4afd2eed3b2fbbf36dd6707b5bd8a5b50ac648f033e36fbf85aeace2f0f859db?s=96&d=mm&r=g","contentUrl":"https:\/\/secure.gravatar.com\/avatar\/4afd2eed3b2fbbf36dd6707b5bd8a5b50ac648f033e36fbf85aeace2f0f859db?s=96&d=mm&r=g","caption":"admin"},"sameAs":["https:\/\/www.cuencasmineras.com"],"url":"https:\/\/www.cuencasmineras.com\/index.php\/author\/admin\/"}]}},"_links":{"self":[{"href":"https:\/\/www.cuencasmineras.com\/index.php\/wp-json\/wp\/v2\/posts\/3456","targetHints":{"allow":["GET"]}}],"collection":[{"href":"https:\/\/www.cuencasmineras.com\/index.php\/wp-json\/wp\/v2\/posts"}],"about":[{"href":"https:\/\/www.cuencasmineras.com\/index.php\/wp-json\/wp\/v2\/types\/post"}],"author":[{"embeddable":true,"href":"https:\/\/www.cuencasmineras.com\/index.php\/wp-json\/wp\/v2\/users\/1"}],"replies":[{"embeddable":true,"href":"https:\/\/www.cuencasmineras.com\/index.php\/wp-json\/wp\/v2\/comments?post=3456"}],"version-history":[{"count":2,"href":"https:\/\/www.cuencasmineras.com\/index.php\/wp-json\/wp\/v2\/posts\/3456\/revisions"}],"predecessor-version":[{"id":3459,"href":"https:\/\/www.cuencasmineras.com\/index.php\/wp-json\/wp\/v2\/posts\/3456\/revisions\/3459"}],"wp:featuredmedia":[{"embeddable":true,"href":"https:\/\/www.cuencasmineras.com\/index.php\/wp-json\/wp\/v2\/media\/3457"}],"wp:attachment":[{"href":"https:\/\/www.cuencasmineras.com\/index.php\/wp-json\/wp\/v2\/media?parent=3456"}],"wp:term":[{"taxonomy":"category","embeddable":true,"href":"https:\/\/www.cuencasmineras.com\/index.php\/wp-json\/wp\/v2\/categories?post=3456"},{"taxonomy":"post_tag","embeddable":true,"href":"https:\/\/www.cuencasmineras.com\/index.php\/wp-json\/wp\/v2\/tags?post=3456"}],"curies":[{"name":"wp","href":"https:\/\/api.w.org\/{rel}","templated":true}]}}