{"id":3494,"date":"2021-10-01T10:34:59","date_gmt":"2021-10-01T10:34:59","guid":{"rendered":"https:\/\/www.cuencasmineras.com\/?p=3494"},"modified":"2021-10-01T10:37:56","modified_gmt":"2021-10-01T10:37:56","slug":"foro-aller-saca-adelante-la-mocion-para-transformar-las-escuelas-de-serrapio-y-pineres-en-albergues-para-el-camino-de-santiago","status":"publish","type":"post","link":"https:\/\/www.cuencasmineras.com\/index.php\/2021\/10\/01\/foro-aller-saca-adelante-la-mocion-para-transformar-las-escuelas-de-serrapio-y-pineres-en-albergues-para-el-camino-de-santiago\/","title":{"rendered":"FORO ALLER saca adelante la moci\u00f3n para transformar las escuelas de SERRAPIO Y PI\u00d1ERES en albergues para el Camino de Santiago"},"content":{"rendered":"<p style=\"text-align: justify;\">Genaro Rodr\u00edguez: \u201cEl Pleno de Aller respalda de forma un\u00e1nime la Moci\u00f3n de FORO Asturias para transformar las antiguas escuelas de Serrapio y Pi\u00f1eres, ahora infrautilizadas, en albergues para los peregrinos del Camino de Santiago\u201d<\/p>\n<ul style=\"text-align: justify;\">\n<li><em>\u201cDesde FORO Aller queremos agradecer su voto a la Corporaci\u00f3n municipal y esperamos que nuestra propuesta sea un acicate m\u00e1s para el desarrollo tur\u00edstico del concejo y se haga pronto realidad\u201d <\/em><\/li>\n<li><em>\u201cNecesitamos una infraestructura de albergues, municipales o de titularidad privada, para proporcionar a los peregrinos alojamiento a un precio asequible y econ\u00f3mico\u201d <\/em><\/li>\n<\/ul>\n<p style=\"text-align: justify;\"><u>\u00a0<\/u><\/p>\n<p style=\"text-align: justify;\"><u>01.10.2021 (Moreda, Aller).<\/u> El portavoz del grupo municipal FORO Asturias en el Ayuntamiento de Aller, Genaro Rodr\u00edguez, ha mostrado hoy su satisfacci\u00f3n porque \u201cel Pleno de Aller ha respaldado de forma un\u00e1nime la Moci\u00f3n de FORO Asturias para transformar las antiguas escuelas de Serrapio y Pi\u00f1eres, ahora infrautilizadas, en albergues para los peregrinos del Camino de Santiago\u201d.<\/p>\n<p style=\"text-align: justify;\">\u201cDesde FORO Aller queremos agradecer su voto a la Corporaci\u00f3n municipal, a todos los grupos que con su apoyo han sacado adelante nuestra Moci\u00f3n, y esperamos que nuestra propuesta sea un acicate m\u00e1s para el desarrollo tur\u00edstico del concejo y se haga pronto realidad\u201d, ha valorado el concejal forista, seg\u00fan quien \u201cen Aller, necesitamos una infraestructura de albergues, ya sean municipales o de titularidad privada, para ofrecer a los peregrinos alojamiento por un precio asequible y econ\u00f3mico\u201d.<\/p>\n<p style=\"text-align: justify;\">El portavoz de FORO Aller explica que \u201ca trav\u00e9s de esta Moci\u00f3n pedimos la realizaci\u00f3n de un estudio de viabilidad de la creaci\u00f3n de la red de albergues y, en caso afirmativo, iniciar las gestiones necesarias para habilitar los albergues propuestos\u201d. Genaro Rodr\u00edguez hace hincapi\u00e9 en que \u201cla inclusi\u00f3n del Camino de Santiago, a su paso por Aller, dentro del Patrimonio Cultural de Asturias hace m\u00e1s necesaria que nunca contar con una red de alojamientos y, sin duda, redundar\u00e1 en un atractivo tur\u00edstico mayor del concejo de Aller\u201d.<\/p>\n","protected":false},"excerpt":{"rendered":"<p>Genaro Rodr\u00edguez: \u201cEl Pleno de Aller respalda de forma un\u00e1nime la Moci\u00f3n de FORO Asturias para transformar las antiguas escuelas de Serrapio y Pi\u00f1eres, ahora infrautilizadas, en albergues para los peregrinos del Camino de Santiago\u201d \u201cDesde FORO Aller queremos agradecer su voto a la Corporaci\u00f3n municipal y esperamos que nuestra propuesta sea un acicate m\u00e1s [&hellip;]<\/p>\n","protected":false},"author":1,"featured_media":3496,"comment_status":"open","ping_status":"open","sticky":false,"template":"","format":"standard","meta":{"footnotes":""},"categories":[7,6],"tags":[79,128,181],"class_list":["post-3494","post","type-post","status-publish","format-standard","has-post-thumbnail","hentry","category-caudal","category-noticias","tag-aller","tag-foro","tag-foro-aller"],"yoast_head":"<!-- This site is optimized with the Yoast SEO plugin v27.4 - https:\/\/yoast.com\/product\/yoast-seo-wordpress\/ -->\n<title>FORO ALLER saca adelante la moci\u00f3n para transformar las escuelas de SERRAPIO Y PI\u00d1ERES en albergues para el Camino de Santiago<\/title>\n<meta name=\"robots\" content=\"index, follow, max-snippet:-1, max-image-preview:large, max-video-preview:-1\" \/>\n<link rel=\"canonical\" href=\"https:\/\/www.cuencasmineras.com\/index.php\/2021\/10\/01\/foro-aller-saca-adelante-la-mocion-para-transformar-las-escuelas-de-serrapio-y-pineres-en-albergues-para-el-camino-de-santiago\/\" \/>\n<meta property=\"og:locale\" content=\"es_ES\" \/>\n<meta property=\"og:type\" content=\"article\" \/>\n<meta property=\"og:title\" content=\"FORO ALLER saca adelante la moci\u00f3n para transformar las escuelas de SERRAPIO Y PI\u00d1ERES en albergues para el Camino de Santiago\" \/>\n<meta property=\"og:description\" content=\"Genaro Rodr\u00edguez: \u201cEl Pleno de Aller respalda de forma un\u00e1nime la Moci\u00f3n de FORO Asturias para transformar las antiguas escuelas de Serrapio y Pi\u00f1eres, ahora infrautilizadas, en albergues para los peregrinos del Camino de Santiago\u201d \u201cDesde FORO Aller queremos agradecer su voto a la Corporaci\u00f3n municipal y esperamos que nuestra propuesta sea un acicate m\u00e1s [&hellip;]\" \/>\n<meta property=\"og:url\" content=\"https:\/\/www.cuencasmineras.com\/index.php\/2021\/10\/01\/foro-aller-saca-adelante-la-mocion-para-transformar-las-escuelas-de-serrapio-y-pineres-en-albergues-para-el-camino-de-santiago\/\" \/>\n<meta property=\"article:published_time\" content=\"2021-10-01T10:34:59+00:00\" \/>\n<meta property=\"article:modified_time\" content=\"2021-10-01T10:37:56+00:00\" \/>\n<meta property=\"og:image\" content=\"https:\/\/www.cuencasmineras.com\/wp-content\/uploads\/2021\/10\/1200px-Ayuntamiento_de_Cabanaquinta_Aller_Asturias.jpg\" \/>\n\t<meta property=\"og:image:width\" content=\"1200\" \/>\n\t<meta property=\"og:image:height\" content=\"900\" \/>\n\t<meta property=\"og:image:type\" content=\"image\/jpeg\" \/>\n<meta name=\"author\" content=\"admin\" \/>\n<meta name=\"twitter:card\" content=\"summary_large_image\" \/>\n<meta name=\"twitter:label1\" content=\"Escrito por\" \/>\n\t<meta name=\"twitter:data1\" content=\"admin\" \/>\n\t<meta name=\"twitter:label2\" content=\"Tiempo de lectura\" \/>\n\t<meta name=\"twitter:data2\" content=\"2 minutos\" \/>\n<script type=\"application\/ld+json\" class=\"yoast-schema-graph\">{\"@context\":\"https:\\\/\\\/schema.org\",\"@graph\":[{\"@type\":\"Article\",\"@id\":\"https:\\\/\\\/www.cuencasmineras.com\\\/index.php\\\/2021\\\/10\\\/01\\\/foro-aller-saca-adelante-la-mocion-para-transformar-las-escuelas-de-serrapio-y-pineres-en-albergues-para-el-camino-de-santiago\\\/#article\",\"isPartOf\":{\"@id\":\"https:\\\/\\\/www.cuencasmineras.com\\\/index.php\\\/2021\\\/10\\\/01\\\/foro-aller-saca-adelante-la-mocion-para-transformar-las-escuelas-de-serrapio-y-pineres-en-albergues-para-el-camino-de-santiago\\\/\"},\"author\":{\"name\":\"admin\",\"@id\":\"https:\\\/\\\/www.cuencasmineras.com\\\/#\\\/schema\\\/person\\\/be0691310e8496ec555f679dd688420c\"},\"headline\":\"FORO ALLER saca adelante la moci\u00f3n para transformar las escuelas de SERRAPIO Y PI\u00d1ERES en albergues para el Camino de Santiago\",\"datePublished\":\"2021-10-01T10:34:59+00:00\",\"dateModified\":\"2021-10-01T10:37:56+00:00\",\"mainEntityOfPage\":{\"@id\":\"https:\\\/\\\/www.cuencasmineras.com\\\/index.php\\\/2021\\\/10\\\/01\\\/foro-aller-saca-adelante-la-mocion-para-transformar-las-escuelas-de-serrapio-y-pineres-en-albergues-para-el-camino-de-santiago\\\/\"},\"wordCount\":359,\"commentCount\":0,\"image\":{\"@id\":\"https:\\\/\\\/www.cuencasmineras.com\\\/index.php\\\/2021\\\/10\\\/01\\\/foro-aller-saca-adelante-la-mocion-para-transformar-las-escuelas-de-serrapio-y-pineres-en-albergues-para-el-camino-de-santiago\\\/#primaryimage\"},\"thumbnailUrl\":\"https:\\\/\\\/www.cuencasmineras.com\\\/wp-content\\\/uploads\\\/2021\\\/10\\\/1200px-Ayuntamiento_de_Cabanaquinta_Aller_Asturias.jpg\",\"keywords\":[\"aller\",\"foro\",\"foro aller\"],\"articleSection\":[\"Caudal\",\"CM NEWS\"],\"inLanguage\":\"es\",\"potentialAction\":[{\"@type\":\"CommentAction\",\"name\":\"Comment\",\"target\":[\"https:\\\/\\\/www.cuencasmineras.com\\\/index.php\\\/2021\\\/10\\\/01\\\/foro-aller-saca-adelante-la-mocion-para-transformar-las-escuelas-de-serrapio-y-pineres-en-albergues-para-el-camino-de-santiago\\\/#respond\"]}]},{\"@type\":\"WebPage\",\"@id\":\"https:\\\/\\\/www.cuencasmineras.com\\\/index.php\\\/2021\\\/10\\\/01\\\/foro-aller-saca-adelante-la-mocion-para-transformar-las-escuelas-de-serrapio-y-pineres-en-albergues-para-el-camino-de-santiago\\\/\",\"url\":\"https:\\\/\\\/www.cuencasmineras.com\\\/index.php\\\/2021\\\/10\\\/01\\\/foro-aller-saca-adelante-la-mocion-para-transformar-las-escuelas-de-serrapio-y-pineres-en-albergues-para-el-camino-de-santiago\\\/\",\"name\":\"FORO ALLER saca adelante la moci\u00f3n para transformar las escuelas de SERRAPIO Y PI\u00d1ERES en albergues para el Camino de Santiago\",\"isPartOf\":{\"@id\":\"https:\\\/\\\/www.cuencasmineras.com\\\/#website\"},\"primaryImageOfPage\":{\"@id\":\"https:\\\/\\\/www.cuencasmineras.com\\\/index.php\\\/2021\\\/10\\\/01\\\/foro-aller-saca-adelante-la-mocion-para-transformar-las-escuelas-de-serrapio-y-pineres-en-albergues-para-el-camino-de-santiago\\\/#primaryimage\"},\"image\":{\"@id\":\"https:\\\/\\\/www.cuencasmineras.com\\\/index.php\\\/2021\\\/10\\\/01\\\/foro-aller-saca-adelante-la-mocion-para-transformar-las-escuelas-de-serrapio-y-pineres-en-albergues-para-el-camino-de-santiago\\\/#primaryimage\"},\"thumbnailUrl\":\"https:\\\/\\\/www.cuencasmineras.com\\\/wp-content\\\/uploads\\\/2021\\\/10\\\/1200px-Ayuntamiento_de_Cabanaquinta_Aller_Asturias.jpg\",\"datePublished\":\"2021-10-01T10:34:59+00:00\",\"dateModified\":\"2021-10-01T10:37:56+00:00\",\"author\":{\"@id\":\"https:\\\/\\\/www.cuencasmineras.com\\\/#\\\/schema\\\/person\\\/be0691310e8496ec555f679dd688420c\"},\"breadcrumb\":{\"@id\":\"https:\\\/\\\/www.cuencasmineras.com\\\/index.php\\\/2021\\\/10\\\/01\\\/foro-aller-saca-adelante-la-mocion-para-transformar-las-escuelas-de-serrapio-y-pineres-en-albergues-para-el-camino-de-santiago\\\/#breadcrumb\"},\"inLanguage\":\"es\",\"potentialAction\":[{\"@type\":\"ReadAction\",\"target\":[\"https:\\\/\\\/www.cuencasmineras.com\\\/index.php\\\/2021\\\/10\\\/01\\\/foro-aller-saca-adelante-la-mocion-para-transformar-las-escuelas-de-serrapio-y-pineres-en-albergues-para-el-camino-de-santiago\\\/\"]}]},{\"@type\":\"ImageObject\",\"inLanguage\":\"es\",\"@id\":\"https:\\\/\\\/www.cuencasmineras.com\\\/index.php\\\/2021\\\/10\\\/01\\\/foro-aller-saca-adelante-la-mocion-para-transformar-las-escuelas-de-serrapio-y-pineres-en-albergues-para-el-camino-de-santiago\\\/#primaryimage\",\"url\":\"https:\\\/\\\/www.cuencasmineras.com\\\/wp-content\\\/uploads\\\/2021\\\/10\\\/1200px-Ayuntamiento_de_Cabanaquinta_Aller_Asturias.jpg\",\"contentUrl\":\"https:\\\/\\\/www.cuencasmineras.com\\\/wp-content\\\/uploads\\\/2021\\\/10\\\/1200px-Ayuntamiento_de_Cabanaquinta_Aller_Asturias.jpg\",\"width\":1200,\"height\":900},{\"@type\":\"BreadcrumbList\",\"@id\":\"https:\\\/\\\/www.cuencasmineras.com\\\/index.php\\\/2021\\\/10\\\/01\\\/foro-aller-saca-adelante-la-mocion-para-transformar-las-escuelas-de-serrapio-y-pineres-en-albergues-para-el-camino-de-santiago\\\/#breadcrumb\",\"itemListElement\":[{\"@type\":\"ListItem\",\"position\":1,\"name\":\"Portada\",\"item\":\"https:\\\/\\\/www.cuencasmineras.com\\\/\"},{\"@type\":\"ListItem\",\"position\":2,\"name\":\"FORO ALLER saca adelante la moci\u00f3n para transformar las escuelas de SERRAPIO Y PI\u00d1ERES en albergues para el Camino de Santiago\"}]},{\"@type\":\"WebSite\",\"@id\":\"https:\\\/\\\/www.cuencasmineras.com\\\/#website\",\"url\":\"https:\\\/\\\/www.cuencasmineras.com\\\/\",\"name\":\"\",\"description\":\"\",\"potentialAction\":[{\"@type\":\"SearchAction\",\"target\":{\"@type\":\"EntryPoint\",\"urlTemplate\":\"https:\\\/\\\/www.cuencasmineras.com\\\/?s={search_term_string}\"},\"query-input\":{\"@type\":\"PropertyValueSpecification\",\"valueRequired\":true,\"valueName\":\"search_term_string\"}}],\"inLanguage\":\"es\"},{\"@type\":\"Person\",\"@id\":\"https:\\\/\\\/www.cuencasmineras.com\\\/#\\\/schema\\\/person\\\/be0691310e8496ec555f679dd688420c\",\"name\":\"admin\",\"image\":{\"@type\":\"ImageObject\",\"inLanguage\":\"es\",\"@id\":\"https:\\\/\\\/secure.gravatar.com\\\/avatar\\\/4afd2eed3b2fbbf36dd6707b5bd8a5b50ac648f033e36fbf85aeace2f0f859db?s=96&d=mm&r=g\",\"url\":\"https:\\\/\\\/secure.gravatar.com\\\/avatar\\\/4afd2eed3b2fbbf36dd6707b5bd8a5b50ac648f033e36fbf85aeace2f0f859db?s=96&d=mm&r=g\",\"contentUrl\":\"https:\\\/\\\/secure.gravatar.com\\\/avatar\\\/4afd2eed3b2fbbf36dd6707b5bd8a5b50ac648f033e36fbf85aeace2f0f859db?s=96&d=mm&r=g\",\"caption\":\"admin\"},\"sameAs\":[\"https:\\\/\\\/www.cuencasmineras.com\"],\"url\":\"https:\\\/\\\/www.cuencasmineras.com\\\/index.php\\\/author\\\/admin\\\/\"}]}<\/script>\n<!-- \/ Yoast SEO plugin. -->","yoast_head_json":{"title":"FORO ALLER saca adelante la moci\u00f3n para transformar las escuelas de SERRAPIO Y PI\u00d1ERES en albergues para el Camino de Santiago","robots":{"index":"index","follow":"follow","max-snippet":"max-snippet:-1","max-image-preview":"max-image-preview:large","max-video-preview":"max-video-preview:-1"},"canonical":"https:\/\/www.cuencasmineras.com\/index.php\/2021\/10\/01\/foro-aller-saca-adelante-la-mocion-para-transformar-las-escuelas-de-serrapio-y-pineres-en-albergues-para-el-camino-de-santiago\/","og_locale":"es_ES","og_type":"article","og_title":"FORO ALLER saca adelante la moci\u00f3n para transformar las escuelas de SERRAPIO Y PI\u00d1ERES en albergues para el Camino de Santiago","og_description":"Genaro Rodr\u00edguez: \u201cEl Pleno de Aller respalda de forma un\u00e1nime la Moci\u00f3n de FORO Asturias para transformar las antiguas escuelas de Serrapio y Pi\u00f1eres, ahora infrautilizadas, en albergues para los peregrinos del Camino de Santiago\u201d \u201cDesde FORO Aller queremos agradecer su voto a la Corporaci\u00f3n municipal y esperamos que nuestra propuesta sea un acicate m\u00e1s [&hellip;]","og_url":"https:\/\/www.cuencasmineras.com\/index.php\/2021\/10\/01\/foro-aller-saca-adelante-la-mocion-para-transformar-las-escuelas-de-serrapio-y-pineres-en-albergues-para-el-camino-de-santiago\/","article_published_time":"2021-10-01T10:34:59+00:00","article_modified_time":"2021-10-01T10:37:56+00:00","og_image":[{"width":1200,"height":900,"url":"https:\/\/www.cuencasmineras.com\/wp-content\/uploads\/2021\/10\/1200px-Ayuntamiento_de_Cabanaquinta_Aller_Asturias.jpg","type":"image\/jpeg"}],"author":"admin","twitter_card":"summary_large_image","twitter_misc":{"Escrito por":"admin","Tiempo de lectura":"2 minutos"},"schema":{"@context":"https:\/\/schema.org","@graph":[{"@type":"Article","@id":"https:\/\/www.cuencasmineras.com\/index.php\/2021\/10\/01\/foro-aller-saca-adelante-la-mocion-para-transformar-las-escuelas-de-serrapio-y-pineres-en-albergues-para-el-camino-de-santiago\/#article","isPartOf":{"@id":"https:\/\/www.cuencasmineras.com\/index.php\/2021\/10\/01\/foro-aller-saca-adelante-la-mocion-para-transformar-las-escuelas-de-serrapio-y-pineres-en-albergues-para-el-camino-de-santiago\/"},"author":{"name":"admin","@id":"https:\/\/www.cuencasmineras.com\/#\/schema\/person\/be0691310e8496ec555f679dd688420c"},"headline":"FORO ALLER saca adelante la moci\u00f3n para transformar las escuelas de SERRAPIO Y PI\u00d1ERES en albergues para el Camino de Santiago","datePublished":"2021-10-01T10:34:59+00:00","dateModified":"2021-10-01T10:37:56+00:00","mainEntityOfPage":{"@id":"https:\/\/www.cuencasmineras.com\/index.php\/2021\/10\/01\/foro-aller-saca-adelante-la-mocion-para-transformar-las-escuelas-de-serrapio-y-pineres-en-albergues-para-el-camino-de-santiago\/"},"wordCount":359,"commentCount":0,"image":{"@id":"https:\/\/www.cuencasmineras.com\/index.php\/2021\/10\/01\/foro-aller-saca-adelante-la-mocion-para-transformar-las-escuelas-de-serrapio-y-pineres-en-albergues-para-el-camino-de-santiago\/#primaryimage"},"thumbnailUrl":"https:\/\/www.cuencasmineras.com\/wp-content\/uploads\/2021\/10\/1200px-Ayuntamiento_de_Cabanaquinta_Aller_Asturias.jpg","keywords":["aller","foro","foro aller"],"articleSection":["Caudal","CM NEWS"],"inLanguage":"es","potentialAction":[{"@type":"CommentAction","name":"Comment","target":["https:\/\/www.cuencasmineras.com\/index.php\/2021\/10\/01\/foro-aller-saca-adelante-la-mocion-para-transformar-las-escuelas-de-serrapio-y-pineres-en-albergues-para-el-camino-de-santiago\/#respond"]}]},{"@type":"WebPage","@id":"https:\/\/www.cuencasmineras.com\/index.php\/2021\/10\/01\/foro-aller-saca-adelante-la-mocion-para-transformar-las-escuelas-de-serrapio-y-pineres-en-albergues-para-el-camino-de-santiago\/","url":"https:\/\/www.cuencasmineras.com\/index.php\/2021\/10\/01\/foro-aller-saca-adelante-la-mocion-para-transformar-las-escuelas-de-serrapio-y-pineres-en-albergues-para-el-camino-de-santiago\/","name":"FORO ALLER saca adelante la moci\u00f3n para transformar las escuelas de SERRAPIO Y PI\u00d1ERES en albergues para el Camino de Santiago","isPartOf":{"@id":"https:\/\/www.cuencasmineras.com\/#website"},"primaryImageOfPage":{"@id":"https:\/\/www.cuencasmineras.com\/index.php\/2021\/10\/01\/foro-aller-saca-adelante-la-mocion-para-transformar-las-escuelas-de-serrapio-y-pineres-en-albergues-para-el-camino-de-santiago\/#primaryimage"},"image":{"@id":"https:\/\/www.cuencasmineras.com\/index.php\/2021\/10\/01\/foro-aller-saca-adelante-la-mocion-para-transformar-las-escuelas-de-serrapio-y-pineres-en-albergues-para-el-camino-de-santiago\/#primaryimage"},"thumbnailUrl":"https:\/\/www.cuencasmineras.com\/wp-content\/uploads\/2021\/10\/1200px-Ayuntamiento_de_Cabanaquinta_Aller_Asturias.jpg","datePublished":"2021-10-01T10:34:59+00:00","dateModified":"2021-10-01T10:37:56+00:00","author":{"@id":"https:\/\/www.cuencasmineras.com\/#\/schema\/person\/be0691310e8496ec555f679dd688420c"},"breadcrumb":{"@id":"https:\/\/www.cuencasmineras.com\/index.php\/2021\/10\/01\/foro-aller-saca-adelante-la-mocion-para-transformar-las-escuelas-de-serrapio-y-pineres-en-albergues-para-el-camino-de-santiago\/#breadcrumb"},"inLanguage":"es","potentialAction":[{"@type":"ReadAction","target":["https:\/\/www.cuencasmineras.com\/index.php\/2021\/10\/01\/foro-aller-saca-adelante-la-mocion-para-transformar-las-escuelas-de-serrapio-y-pineres-en-albergues-para-el-camino-de-santiago\/"]}]},{"@type":"ImageObject","inLanguage":"es","@id":"https:\/\/www.cuencasmineras.com\/index.php\/2021\/10\/01\/foro-aller-saca-adelante-la-mocion-para-transformar-las-escuelas-de-serrapio-y-pineres-en-albergues-para-el-camino-de-santiago\/#primaryimage","url":"https:\/\/www.cuencasmineras.com\/wp-content\/uploads\/2021\/10\/1200px-Ayuntamiento_de_Cabanaquinta_Aller_Asturias.jpg","contentUrl":"https:\/\/www.cuencasmineras.com\/wp-content\/uploads\/2021\/10\/1200px-Ayuntamiento_de_Cabanaquinta_Aller_Asturias.jpg","width":1200,"height":900},{"@type":"BreadcrumbList","@id":"https:\/\/www.cuencasmineras.com\/index.php\/2021\/10\/01\/foro-aller-saca-adelante-la-mocion-para-transformar-las-escuelas-de-serrapio-y-pineres-en-albergues-para-el-camino-de-santiago\/#breadcrumb","itemListElement":[{"@type":"ListItem","position":1,"name":"Portada","item":"https:\/\/www.cuencasmineras.com\/"},{"@type":"ListItem","position":2,"name":"FORO ALLER saca adelante la moci\u00f3n para transformar las escuelas de SERRAPIO Y PI\u00d1ERES en albergues para el Camino de Santiago"}]},{"@type":"WebSite","@id":"https:\/\/www.cuencasmineras.com\/#website","url":"https:\/\/www.cuencasmineras.com\/","name":"","description":"","potentialAction":[{"@type":"SearchAction","target":{"@type":"EntryPoint","urlTemplate":"https:\/\/www.cuencasmineras.com\/?s={search_term_string}"},"query-input":{"@type":"PropertyValueSpecification","valueRequired":true,"valueName":"search_term_string"}}],"inLanguage":"es"},{"@type":"Person","@id":"https:\/\/www.cuencasmineras.com\/#\/schema\/person\/be0691310e8496ec555f679dd688420c","name":"admin","image":{"@type":"ImageObject","inLanguage":"es","@id":"https:\/\/secure.gravatar.com\/avatar\/4afd2eed3b2fbbf36dd6707b5bd8a5b50ac648f033e36fbf85aeace2f0f859db?s=96&d=mm&r=g","url":"https:\/\/secure.gravatar.com\/avatar\/4afd2eed3b2fbbf36dd6707b5bd8a5b50ac648f033e36fbf85aeace2f0f859db?s=96&d=mm&r=g","contentUrl":"https:\/\/secure.gravatar.com\/avatar\/4afd2eed3b2fbbf36dd6707b5bd8a5b50ac648f033e36fbf85aeace2f0f859db?s=96&d=mm&r=g","caption":"admin"},"sameAs":["https:\/\/www.cuencasmineras.com"],"url":"https:\/\/www.cuencasmineras.com\/index.php\/author\/admin\/"}]}},"_links":{"self":[{"href":"https:\/\/www.cuencasmineras.com\/index.php\/wp-json\/wp\/v2\/posts\/3494","targetHints":{"allow":["GET"]}}],"collection":[{"href":"https:\/\/www.cuencasmineras.com\/index.php\/wp-json\/wp\/v2\/posts"}],"about":[{"href":"https:\/\/www.cuencasmineras.com\/index.php\/wp-json\/wp\/v2\/types\/post"}],"author":[{"embeddable":true,"href":"https:\/\/www.cuencasmineras.com\/index.php\/wp-json\/wp\/v2\/users\/1"}],"replies":[{"embeddable":true,"href":"https:\/\/www.cuencasmineras.com\/index.php\/wp-json\/wp\/v2\/comments?post=3494"}],"version-history":[{"count":1,"href":"https:\/\/www.cuencasmineras.com\/index.php\/wp-json\/wp\/v2\/posts\/3494\/revisions"}],"predecessor-version":[{"id":3495,"href":"https:\/\/www.cuencasmineras.com\/index.php\/wp-json\/wp\/v2\/posts\/3494\/revisions\/3495"}],"wp:featuredmedia":[{"embeddable":true,"href":"https:\/\/www.cuencasmineras.com\/index.php\/wp-json\/wp\/v2\/media\/3496"}],"wp:attachment":[{"href":"https:\/\/www.cuencasmineras.com\/index.php\/wp-json\/wp\/v2\/media?parent=3494"}],"wp:term":[{"taxonomy":"category","embeddable":true,"href":"https:\/\/www.cuencasmineras.com\/index.php\/wp-json\/wp\/v2\/categories?post=3494"},{"taxonomy":"post_tag","embeddable":true,"href":"https:\/\/www.cuencasmineras.com\/index.php\/wp-json\/wp\/v2\/tags?post=3494"}],"curies":[{"name":"wp","href":"https:\/\/api.w.org\/{rel}","templated":true}]}}