{"id":3518,"date":"2021-10-05T18:00:06","date_gmt":"2021-10-05T18:00:06","guid":{"rendered":"https:\/\/www.cuencasmineras.com\/?p=3518"},"modified":"2021-10-05T18:00:06","modified_gmt":"2021-10-05T18:00:06","slug":"mieres-exige-al-ministerio-que-ejecute-ya-la-instalacion-de-pantallas-anti-ruido","status":"publish","type":"post","link":"https:\/\/www.cuencasmineras.com\/index.php\/2021\/10\/05\/mieres-exige-al-ministerio-que-ejecute-ya-la-instalacion-de-pantallas-anti-ruido\/","title":{"rendered":"Mieres exige al Ministerio que ejecute ya la instalaci\u00f3n de pantallas anti ruido"},"content":{"rendered":"<p style=\"text-align: justify;\">El gobierno de Mieres (IU) dice \u201cbasta\u201d a \u201ca\u00f1os y a\u00f1os\u201d de retrasos en \u201cactuaciones importantes\u201d para el concejo. El alcalde, An\u00edbal V\u00e1zquez, ha exigido el compromiso del Ministerio de Transportes, Movilidad y Agenda Urbana para la instalaci\u00f3n de pantallas ac\u00fasticas al paso de la autopista A-66 por Mieres. Esta actuaci\u00f3n, clama V\u00e1zquez, \u201cha sido objeto de anuncios y retrasos\u201d. Tambi\u00e9n exige la esperada mejora de seguridad en los enlaces de la antigua carretera a Oviedo (N-630) con F\u00e1brica de Mieres y las localidades de Cardeo y Ba\u00ed\u00f1a. Este caso es a\u00fan m\u00e1s sangrante: la actuaci\u00f3n lleg\u00f3 a tener presupuesto asignado.<\/p>\n<p><img loading=\"lazy\" decoding=\"async\" class=\"aligncenter size-large wp-image-3519\" src=\"https:\/\/www.cuencasmineras.com\/wp-content\/uploads\/2021\/10\/b7809c6a-15ab-419f-9d8d-888aa01a44f8_21-9-aspect-ratio_default_0-1024x438.jpg\" alt=\"\" width=\"640\" height=\"274\" srcset=\"https:\/\/www.cuencasmineras.com\/wp-content\/uploads\/2021\/10\/b7809c6a-15ab-419f-9d8d-888aa01a44f8_21-9-aspect-ratio_default_0-1024x438.jpg 1024w, https:\/\/www.cuencasmineras.com\/wp-content\/uploads\/2021\/10\/b7809c6a-15ab-419f-9d8d-888aa01a44f8_21-9-aspect-ratio_default_0-300x128.jpg 300w, https:\/\/www.cuencasmineras.com\/wp-content\/uploads\/2021\/10\/b7809c6a-15ab-419f-9d8d-888aa01a44f8_21-9-aspect-ratio_default_0-768x329.jpg 768w, https:\/\/www.cuencasmineras.com\/wp-content\/uploads\/2021\/10\/b7809c6a-15ab-419f-9d8d-888aa01a44f8_21-9-aspect-ratio_default_0.jpg 1280w\" sizes=\"auto, (max-width: 640px) 100vw, 640px\" \/><\/p>\n<p style=\"text-align: justify;\">El regidor remiti\u00f3 estos d\u00edas un escrito dirigido a la Ministra del \u00e1rea, Raquel S\u00e1nchez. La solicitud es rotunda: \u201cQue garantice la disponibilidad presupuestaria con car\u00e1cter inmediato, en el marco de los Presupuestos Generales del Estado para 2022, y su compromiso de acometer estas actuaciones con car\u00e1cter de extrema urgencia\u201d. El dirigente local expone \u201cel profundo malestar\u201d que estos \u201cretrasos y olvidos\u201d provocan en el concejo. \u201cNo hay argumentos que permitan justificar semejante muestra de abandono e incapacidad\u201d, destac\u00f3 An\u00edbal V\u00e1zquez.<\/p>\n<p style=\"text-align: justify;\">El proyecto de las pantallas ac\u00fasticas viene ya de lejos. Seg\u00fan hace constar V\u00e1zquez en su escrito, en mayo de 2011, el Ministerio comunic\u00f3 que hab\u00eda encargado los estudios para insonorizar la autov\u00eda Oviedo-Campomanes a su paso por Mieres. Informaba tambi\u00e9n de que la instalaci\u00f3n de pantallas ac\u00fasticas se encontraba entre las actuaciones de alta prioridad, \u201cdando as\u00ed respuesta a una demanda de este Ayuntamiento y del movimiento vecinal\u201d. A d\u00eda de hoy, nada se sabe del proyecto.<\/p>\n<p style=\"text-align: justify;\">Lo mismo ocurre con la mejora de la seguridad vial en los enlaces con la N-630. El Ministerio tambi\u00e9n lleg\u00f3 a anunciar que ten\u00eda listo el proyecto \u201cpara modificar los enlaces de Cardeo y F\u00e1brica de Mieres, e incluso mejorar la seguridad con la construcci\u00f3n de rotondas\u201d. Adem\u00e1s, inform\u00f3 de que \u201cel proyecto de construcci\u00f3n ya hab\u00eda sido redactado y estaba pendiente de su aprobaci\u00f3n, para poder licitarse las obras. Trabajos que, hasta el momento no se han licitado\u201d. \u201cHan pasado diez a\u00f1os\u201d, lament\u00f3 V\u00e1zquez. Esta actuaci\u00f3n lleg\u00f3 a tener consignado un presupuesto en las cuentas de 2016: \u201cSe trataba de una inversi\u00f3n cercana a los tres millones de euros para mejorar nueve cruces, entre ellos las intersecciones de Loredo-Ba\u00ed\u00f1a, Cardeo y F\u00e1brica de Mieres\u201d. Las m\u00e1quinas de obra, otra vez, nunca arrancaron.<\/p>\n<p style=\"text-align: justify;\">El malestar del Alcalde, en representaci\u00f3n de los vecinos, es m\u00e1s que notable. \u201cPese a los anuncios, compromisos y dotaciones presupuestarias, lo cierto es que han pasado demasiados a\u00f1os sin que hayamos visto ni una sola de las actuaciones materializadas\u201d. Una situaci\u00f3n \u201cde abandono\u201d a la que el Alcalde exige se ponga fin: reclama un compromiso real y urgente para desarrollar estas obras tan necesarias para el municipio.<\/p>\n<p>&nbsp;<\/p>\n<p>LNE<\/p>\n","protected":false},"excerpt":{"rendered":"<p>El gobierno de Mieres (IU) dice \u201cbasta\u201d a \u201ca\u00f1os y a\u00f1os\u201d de retrasos en \u201cactuaciones importantes\u201d para el concejo. El alcalde, An\u00edbal V\u00e1zquez, ha exigido el compromiso del Ministerio de Transportes, Movilidad y Agenda Urbana para la instalaci\u00f3n de pantallas ac\u00fasticas al paso de la autopista A-66 por Mieres. Esta actuaci\u00f3n, clama V\u00e1zquez, \u201cha sido [&hellip;]<\/p>\n","protected":false},"author":1,"featured_media":3519,"comment_status":"open","ping_status":"open","sticky":false,"template":"","format":"standard","meta":{"footnotes":""},"categories":[7,6],"tags":[],"class_list":["post-3518","post","type-post","status-publish","format-standard","has-post-thumbnail","hentry","category-caudal","category-noticias"],"yoast_head":"<!-- This site is optimized with the Yoast SEO plugin v27.4 - https:\/\/yoast.com\/product\/yoast-seo-wordpress\/ -->\n<title>Mieres exige al Ministerio que ejecute ya la instalaci\u00f3n de pantallas anti ruido - cm news<\/title>\n<meta name=\"description\" content=\"El Alcalde reclama a Transportes que ponga fin a los retrasos y demanda un \u201ccompromiso firme\u201d para mejorar la seguridad en la N-630.\" \/>\n<meta name=\"robots\" content=\"index, follow, max-snippet:-1, max-image-preview:large, max-video-preview:-1\" \/>\n<link rel=\"canonical\" href=\"https:\/\/www.cuencasmineras.com\/index.php\/2021\/10\/05\/mieres-exige-al-ministerio-que-ejecute-ya-la-instalacion-de-pantallas-anti-ruido\/\" \/>\n<meta property=\"og:locale\" content=\"es_ES\" \/>\n<meta property=\"og:type\" content=\"article\" \/>\n<meta property=\"og:title\" content=\"Mieres exige al Ministerio que ejecute ya la instalaci\u00f3n de pantallas anti ruido - cm news\" \/>\n<meta property=\"og:description\" content=\"El Alcalde reclama a Transportes que ponga fin a los retrasos y demanda un \u201ccompromiso firme\u201d para mejorar la seguridad en la N-630.\" \/>\n<meta property=\"og:url\" content=\"https:\/\/www.cuencasmineras.com\/index.php\/2021\/10\/05\/mieres-exige-al-ministerio-que-ejecute-ya-la-instalacion-de-pantallas-anti-ruido\/\" \/>\n<meta property=\"article:published_time\" content=\"2021-10-05T18:00:06+00:00\" \/>\n<meta property=\"og:image\" content=\"https:\/\/www.cuencasmineras.com\/wp-content\/uploads\/2021\/10\/b7809c6a-15ab-419f-9d8d-888aa01a44f8_21-9-aspect-ratio_default_0.jpg\" \/>\n\t<meta property=\"og:image:width\" content=\"1280\" \/>\n\t<meta property=\"og:image:height\" content=\"548\" \/>\n\t<meta property=\"og:image:type\" content=\"image\/jpeg\" \/>\n<meta name=\"author\" content=\"admin\" \/>\n<meta name=\"twitter:card\" content=\"summary_large_image\" \/>\n<meta name=\"twitter:label1\" content=\"Escrito por\" \/>\n\t<meta name=\"twitter:data1\" content=\"admin\" \/>\n\t<meta name=\"twitter:label2\" content=\"Tiempo de lectura\" \/>\n\t<meta name=\"twitter:data2\" content=\"3 minutos\" \/>\n<script type=\"application\/ld+json\" class=\"yoast-schema-graph\">{\"@context\":\"https:\\\/\\\/schema.org\",\"@graph\":[{\"@type\":\"Article\",\"@id\":\"https:\\\/\\\/www.cuencasmineras.com\\\/index.php\\\/2021\\\/10\\\/05\\\/mieres-exige-al-ministerio-que-ejecute-ya-la-instalacion-de-pantallas-anti-ruido\\\/#article\",\"isPartOf\":{\"@id\":\"https:\\\/\\\/www.cuencasmineras.com\\\/index.php\\\/2021\\\/10\\\/05\\\/mieres-exige-al-ministerio-que-ejecute-ya-la-instalacion-de-pantallas-anti-ruido\\\/\"},\"author\":{\"name\":\"admin\",\"@id\":\"https:\\\/\\\/www.cuencasmineras.com\\\/#\\\/schema\\\/person\\\/be0691310e8496ec555f679dd688420c\"},\"headline\":\"Mieres exige al Ministerio que ejecute ya la instalaci\u00f3n de pantallas anti ruido\",\"datePublished\":\"2021-10-05T18:00:06+00:00\",\"mainEntityOfPage\":{\"@id\":\"https:\\\/\\\/www.cuencasmineras.com\\\/index.php\\\/2021\\\/10\\\/05\\\/mieres-exige-al-ministerio-que-ejecute-ya-la-instalacion-de-pantallas-anti-ruido\\\/\"},\"wordCount\":522,\"commentCount\":0,\"image\":{\"@id\":\"https:\\\/\\\/www.cuencasmineras.com\\\/index.php\\\/2021\\\/10\\\/05\\\/mieres-exige-al-ministerio-que-ejecute-ya-la-instalacion-de-pantallas-anti-ruido\\\/#primaryimage\"},\"thumbnailUrl\":\"https:\\\/\\\/www.cuencasmineras.com\\\/wp-content\\\/uploads\\\/2021\\\/10\\\/b7809c6a-15ab-419f-9d8d-888aa01a44f8_21-9-aspect-ratio_default_0.jpg\",\"articleSection\":[\"Caudal\",\"CM NEWS\"],\"inLanguage\":\"es\",\"potentialAction\":[{\"@type\":\"CommentAction\",\"name\":\"Comment\",\"target\":[\"https:\\\/\\\/www.cuencasmineras.com\\\/index.php\\\/2021\\\/10\\\/05\\\/mieres-exige-al-ministerio-que-ejecute-ya-la-instalacion-de-pantallas-anti-ruido\\\/#respond\"]}]},{\"@type\":\"WebPage\",\"@id\":\"https:\\\/\\\/www.cuencasmineras.com\\\/index.php\\\/2021\\\/10\\\/05\\\/mieres-exige-al-ministerio-que-ejecute-ya-la-instalacion-de-pantallas-anti-ruido\\\/\",\"url\":\"https:\\\/\\\/www.cuencasmineras.com\\\/index.php\\\/2021\\\/10\\\/05\\\/mieres-exige-al-ministerio-que-ejecute-ya-la-instalacion-de-pantallas-anti-ruido\\\/\",\"name\":\"Mieres exige al Ministerio que ejecute ya la instalaci\u00f3n de pantallas anti ruido - cm news\",\"isPartOf\":{\"@id\":\"https:\\\/\\\/www.cuencasmineras.com\\\/#website\"},\"primaryImageOfPage\":{\"@id\":\"https:\\\/\\\/www.cuencasmineras.com\\\/index.php\\\/2021\\\/10\\\/05\\\/mieres-exige-al-ministerio-que-ejecute-ya-la-instalacion-de-pantallas-anti-ruido\\\/#primaryimage\"},\"image\":{\"@id\":\"https:\\\/\\\/www.cuencasmineras.com\\\/index.php\\\/2021\\\/10\\\/05\\\/mieres-exige-al-ministerio-que-ejecute-ya-la-instalacion-de-pantallas-anti-ruido\\\/#primaryimage\"},\"thumbnailUrl\":\"https:\\\/\\\/www.cuencasmineras.com\\\/wp-content\\\/uploads\\\/2021\\\/10\\\/b7809c6a-15ab-419f-9d8d-888aa01a44f8_21-9-aspect-ratio_default_0.jpg\",\"datePublished\":\"2021-10-05T18:00:06+00:00\",\"author\":{\"@id\":\"https:\\\/\\\/www.cuencasmineras.com\\\/#\\\/schema\\\/person\\\/be0691310e8496ec555f679dd688420c\"},\"description\":\"El Alcalde reclama a Transportes que ponga fin a los retrasos y demanda un \u201ccompromiso firme\u201d para mejorar la seguridad en la N-630.\",\"breadcrumb\":{\"@id\":\"https:\\\/\\\/www.cuencasmineras.com\\\/index.php\\\/2021\\\/10\\\/05\\\/mieres-exige-al-ministerio-que-ejecute-ya-la-instalacion-de-pantallas-anti-ruido\\\/#breadcrumb\"},\"inLanguage\":\"es\",\"potentialAction\":[{\"@type\":\"ReadAction\",\"target\":[\"https:\\\/\\\/www.cuencasmineras.com\\\/index.php\\\/2021\\\/10\\\/05\\\/mieres-exige-al-ministerio-que-ejecute-ya-la-instalacion-de-pantallas-anti-ruido\\\/\"]}]},{\"@type\":\"ImageObject\",\"inLanguage\":\"es\",\"@id\":\"https:\\\/\\\/www.cuencasmineras.com\\\/index.php\\\/2021\\\/10\\\/05\\\/mieres-exige-al-ministerio-que-ejecute-ya-la-instalacion-de-pantallas-anti-ruido\\\/#primaryimage\",\"url\":\"https:\\\/\\\/www.cuencasmineras.com\\\/wp-content\\\/uploads\\\/2021\\\/10\\\/b7809c6a-15ab-419f-9d8d-888aa01a44f8_21-9-aspect-ratio_default_0.jpg\",\"contentUrl\":\"https:\\\/\\\/www.cuencasmineras.com\\\/wp-content\\\/uploads\\\/2021\\\/10\\\/b7809c6a-15ab-419f-9d8d-888aa01a44f8_21-9-aspect-ratio_default_0.jpg\",\"width\":1280,\"height\":548},{\"@type\":\"BreadcrumbList\",\"@id\":\"https:\\\/\\\/www.cuencasmineras.com\\\/index.php\\\/2021\\\/10\\\/05\\\/mieres-exige-al-ministerio-que-ejecute-ya-la-instalacion-de-pantallas-anti-ruido\\\/#breadcrumb\",\"itemListElement\":[{\"@type\":\"ListItem\",\"position\":1,\"name\":\"Portada\",\"item\":\"https:\\\/\\\/www.cuencasmineras.com\\\/\"},{\"@type\":\"ListItem\",\"position\":2,\"name\":\"Mieres exige al Ministerio que ejecute ya la instalaci\u00f3n de pantallas anti ruido\"}]},{\"@type\":\"WebSite\",\"@id\":\"https:\\\/\\\/www.cuencasmineras.com\\\/#website\",\"url\":\"https:\\\/\\\/www.cuencasmineras.com\\\/\",\"name\":\"\",\"description\":\"\",\"potentialAction\":[{\"@type\":\"SearchAction\",\"target\":{\"@type\":\"EntryPoint\",\"urlTemplate\":\"https:\\\/\\\/www.cuencasmineras.com\\\/?s={search_term_string}\"},\"query-input\":{\"@type\":\"PropertyValueSpecification\",\"valueRequired\":true,\"valueName\":\"search_term_string\"}}],\"inLanguage\":\"es\"},{\"@type\":\"Person\",\"@id\":\"https:\\\/\\\/www.cuencasmineras.com\\\/#\\\/schema\\\/person\\\/be0691310e8496ec555f679dd688420c\",\"name\":\"admin\",\"image\":{\"@type\":\"ImageObject\",\"inLanguage\":\"es\",\"@id\":\"https:\\\/\\\/secure.gravatar.com\\\/avatar\\\/4afd2eed3b2fbbf36dd6707b5bd8a5b50ac648f033e36fbf85aeace2f0f859db?s=96&d=mm&r=g\",\"url\":\"https:\\\/\\\/secure.gravatar.com\\\/avatar\\\/4afd2eed3b2fbbf36dd6707b5bd8a5b50ac648f033e36fbf85aeace2f0f859db?s=96&d=mm&r=g\",\"contentUrl\":\"https:\\\/\\\/secure.gravatar.com\\\/avatar\\\/4afd2eed3b2fbbf36dd6707b5bd8a5b50ac648f033e36fbf85aeace2f0f859db?s=96&d=mm&r=g\",\"caption\":\"admin\"},\"sameAs\":[\"https:\\\/\\\/www.cuencasmineras.com\"],\"url\":\"https:\\\/\\\/www.cuencasmineras.com\\\/index.php\\\/author\\\/admin\\\/\"}]}<\/script>\n<!-- \/ Yoast SEO plugin. -->","yoast_head_json":{"title":"Mieres exige al Ministerio que ejecute ya la instalaci\u00f3n de pantallas anti ruido - cm news","description":"El Alcalde reclama a Transportes que ponga fin a los retrasos y demanda un \u201ccompromiso firme\u201d para mejorar la seguridad en la N-630.","robots":{"index":"index","follow":"follow","max-snippet":"max-snippet:-1","max-image-preview":"max-image-preview:large","max-video-preview":"max-video-preview:-1"},"canonical":"https:\/\/www.cuencasmineras.com\/index.php\/2021\/10\/05\/mieres-exige-al-ministerio-que-ejecute-ya-la-instalacion-de-pantallas-anti-ruido\/","og_locale":"es_ES","og_type":"article","og_title":"Mieres exige al Ministerio que ejecute ya la instalaci\u00f3n de pantallas anti ruido - cm news","og_description":"El Alcalde reclama a Transportes que ponga fin a los retrasos y demanda un \u201ccompromiso firme\u201d para mejorar la seguridad en la N-630.","og_url":"https:\/\/www.cuencasmineras.com\/index.php\/2021\/10\/05\/mieres-exige-al-ministerio-que-ejecute-ya-la-instalacion-de-pantallas-anti-ruido\/","article_published_time":"2021-10-05T18:00:06+00:00","og_image":[{"width":1280,"height":548,"url":"https:\/\/www.cuencasmineras.com\/wp-content\/uploads\/2021\/10\/b7809c6a-15ab-419f-9d8d-888aa01a44f8_21-9-aspect-ratio_default_0.jpg","type":"image\/jpeg"}],"author":"admin","twitter_card":"summary_large_image","twitter_misc":{"Escrito por":"admin","Tiempo de lectura":"3 minutos"},"schema":{"@context":"https:\/\/schema.org","@graph":[{"@type":"Article","@id":"https:\/\/www.cuencasmineras.com\/index.php\/2021\/10\/05\/mieres-exige-al-ministerio-que-ejecute-ya-la-instalacion-de-pantallas-anti-ruido\/#article","isPartOf":{"@id":"https:\/\/www.cuencasmineras.com\/index.php\/2021\/10\/05\/mieres-exige-al-ministerio-que-ejecute-ya-la-instalacion-de-pantallas-anti-ruido\/"},"author":{"name":"admin","@id":"https:\/\/www.cuencasmineras.com\/#\/schema\/person\/be0691310e8496ec555f679dd688420c"},"headline":"Mieres exige al Ministerio que ejecute ya la instalaci\u00f3n de pantallas anti ruido","datePublished":"2021-10-05T18:00:06+00:00","mainEntityOfPage":{"@id":"https:\/\/www.cuencasmineras.com\/index.php\/2021\/10\/05\/mieres-exige-al-ministerio-que-ejecute-ya-la-instalacion-de-pantallas-anti-ruido\/"},"wordCount":522,"commentCount":0,"image":{"@id":"https:\/\/www.cuencasmineras.com\/index.php\/2021\/10\/05\/mieres-exige-al-ministerio-que-ejecute-ya-la-instalacion-de-pantallas-anti-ruido\/#primaryimage"},"thumbnailUrl":"https:\/\/www.cuencasmineras.com\/wp-content\/uploads\/2021\/10\/b7809c6a-15ab-419f-9d8d-888aa01a44f8_21-9-aspect-ratio_default_0.jpg","articleSection":["Caudal","CM NEWS"],"inLanguage":"es","potentialAction":[{"@type":"CommentAction","name":"Comment","target":["https:\/\/www.cuencasmineras.com\/index.php\/2021\/10\/05\/mieres-exige-al-ministerio-que-ejecute-ya-la-instalacion-de-pantallas-anti-ruido\/#respond"]}]},{"@type":"WebPage","@id":"https:\/\/www.cuencasmineras.com\/index.php\/2021\/10\/05\/mieres-exige-al-ministerio-que-ejecute-ya-la-instalacion-de-pantallas-anti-ruido\/","url":"https:\/\/www.cuencasmineras.com\/index.php\/2021\/10\/05\/mieres-exige-al-ministerio-que-ejecute-ya-la-instalacion-de-pantallas-anti-ruido\/","name":"Mieres exige al Ministerio que ejecute ya la instalaci\u00f3n de pantallas anti ruido - cm news","isPartOf":{"@id":"https:\/\/www.cuencasmineras.com\/#website"},"primaryImageOfPage":{"@id":"https:\/\/www.cuencasmineras.com\/index.php\/2021\/10\/05\/mieres-exige-al-ministerio-que-ejecute-ya-la-instalacion-de-pantallas-anti-ruido\/#primaryimage"},"image":{"@id":"https:\/\/www.cuencasmineras.com\/index.php\/2021\/10\/05\/mieres-exige-al-ministerio-que-ejecute-ya-la-instalacion-de-pantallas-anti-ruido\/#primaryimage"},"thumbnailUrl":"https:\/\/www.cuencasmineras.com\/wp-content\/uploads\/2021\/10\/b7809c6a-15ab-419f-9d8d-888aa01a44f8_21-9-aspect-ratio_default_0.jpg","datePublished":"2021-10-05T18:00:06+00:00","author":{"@id":"https:\/\/www.cuencasmineras.com\/#\/schema\/person\/be0691310e8496ec555f679dd688420c"},"description":"El Alcalde reclama a Transportes que ponga fin a los retrasos y demanda un \u201ccompromiso firme\u201d para mejorar la seguridad en la N-630.","breadcrumb":{"@id":"https:\/\/www.cuencasmineras.com\/index.php\/2021\/10\/05\/mieres-exige-al-ministerio-que-ejecute-ya-la-instalacion-de-pantallas-anti-ruido\/#breadcrumb"},"inLanguage":"es","potentialAction":[{"@type":"ReadAction","target":["https:\/\/www.cuencasmineras.com\/index.php\/2021\/10\/05\/mieres-exige-al-ministerio-que-ejecute-ya-la-instalacion-de-pantallas-anti-ruido\/"]}]},{"@type":"ImageObject","inLanguage":"es","@id":"https:\/\/www.cuencasmineras.com\/index.php\/2021\/10\/05\/mieres-exige-al-ministerio-que-ejecute-ya-la-instalacion-de-pantallas-anti-ruido\/#primaryimage","url":"https:\/\/www.cuencasmineras.com\/wp-content\/uploads\/2021\/10\/b7809c6a-15ab-419f-9d8d-888aa01a44f8_21-9-aspect-ratio_default_0.jpg","contentUrl":"https:\/\/www.cuencasmineras.com\/wp-content\/uploads\/2021\/10\/b7809c6a-15ab-419f-9d8d-888aa01a44f8_21-9-aspect-ratio_default_0.jpg","width":1280,"height":548},{"@type":"BreadcrumbList","@id":"https:\/\/www.cuencasmineras.com\/index.php\/2021\/10\/05\/mieres-exige-al-ministerio-que-ejecute-ya-la-instalacion-de-pantallas-anti-ruido\/#breadcrumb","itemListElement":[{"@type":"ListItem","position":1,"name":"Portada","item":"https:\/\/www.cuencasmineras.com\/"},{"@type":"ListItem","position":2,"name":"Mieres exige al Ministerio que ejecute ya la instalaci\u00f3n de pantallas anti ruido"}]},{"@type":"WebSite","@id":"https:\/\/www.cuencasmineras.com\/#website","url":"https:\/\/www.cuencasmineras.com\/","name":"","description":"","potentialAction":[{"@type":"SearchAction","target":{"@type":"EntryPoint","urlTemplate":"https:\/\/www.cuencasmineras.com\/?s={search_term_string}"},"query-input":{"@type":"PropertyValueSpecification","valueRequired":true,"valueName":"search_term_string"}}],"inLanguage":"es"},{"@type":"Person","@id":"https:\/\/www.cuencasmineras.com\/#\/schema\/person\/be0691310e8496ec555f679dd688420c","name":"admin","image":{"@type":"ImageObject","inLanguage":"es","@id":"https:\/\/secure.gravatar.com\/avatar\/4afd2eed3b2fbbf36dd6707b5bd8a5b50ac648f033e36fbf85aeace2f0f859db?s=96&d=mm&r=g","url":"https:\/\/secure.gravatar.com\/avatar\/4afd2eed3b2fbbf36dd6707b5bd8a5b50ac648f033e36fbf85aeace2f0f859db?s=96&d=mm&r=g","contentUrl":"https:\/\/secure.gravatar.com\/avatar\/4afd2eed3b2fbbf36dd6707b5bd8a5b50ac648f033e36fbf85aeace2f0f859db?s=96&d=mm&r=g","caption":"admin"},"sameAs":["https:\/\/www.cuencasmineras.com"],"url":"https:\/\/www.cuencasmineras.com\/index.php\/author\/admin\/"}]}},"_links":{"self":[{"href":"https:\/\/www.cuencasmineras.com\/index.php\/wp-json\/wp\/v2\/posts\/3518","targetHints":{"allow":["GET"]}}],"collection":[{"href":"https:\/\/www.cuencasmineras.com\/index.php\/wp-json\/wp\/v2\/posts"}],"about":[{"href":"https:\/\/www.cuencasmineras.com\/index.php\/wp-json\/wp\/v2\/types\/post"}],"author":[{"embeddable":true,"href":"https:\/\/www.cuencasmineras.com\/index.php\/wp-json\/wp\/v2\/users\/1"}],"replies":[{"embeddable":true,"href":"https:\/\/www.cuencasmineras.com\/index.php\/wp-json\/wp\/v2\/comments?post=3518"}],"version-history":[{"count":1,"href":"https:\/\/www.cuencasmineras.com\/index.php\/wp-json\/wp\/v2\/posts\/3518\/revisions"}],"predecessor-version":[{"id":3520,"href":"https:\/\/www.cuencasmineras.com\/index.php\/wp-json\/wp\/v2\/posts\/3518\/revisions\/3520"}],"wp:featuredmedia":[{"embeddable":true,"href":"https:\/\/www.cuencasmineras.com\/index.php\/wp-json\/wp\/v2\/media\/3519"}],"wp:attachment":[{"href":"https:\/\/www.cuencasmineras.com\/index.php\/wp-json\/wp\/v2\/media?parent=3518"}],"wp:term":[{"taxonomy":"category","embeddable":true,"href":"https:\/\/www.cuencasmineras.com\/index.php\/wp-json\/wp\/v2\/categories?post=3518"},{"taxonomy":"post_tag","embeddable":true,"href":"https:\/\/www.cuencasmineras.com\/index.php\/wp-json\/wp\/v2\/tags?post=3518"}],"curies":[{"name":"wp","href":"https:\/\/api.w.org\/{rel}","templated":true}]}}