{"id":3525,"date":"2021-10-06T11:09:06","date_gmt":"2021-10-06T11:09:06","guid":{"rendered":"https:\/\/www.cuencasmineras.com\/?p=3525"},"modified":"2021-10-06T11:09:06","modified_gmt":"2021-10-06T11:09:06","slug":"foro-aller-reclama-mejoras-del-camino-que-una-la-plaza-de-vega-con-la-iglesia-san-martin","status":"publish","type":"post","link":"https:\/\/www.cuencasmineras.com\/index.php\/2021\/10\/06\/foro-aller-reclama-mejoras-del-camino-que-una-la-plaza-de-vega-con-la-iglesia-san-martin\/","title":{"rendered":"FORO ALLER reclama mejoras del camino que una la Plaza de Vega con la iglesia San Mart\u00edn"},"content":{"rendered":"<p align=\"JUSTIFY\"><span style=\"font-size: large;\"><b><span style=\"font-size: x-large;\">FORO Aller vuelve a reclamar al Ayuntamiento el asfaltado del camino que une la plaza de Vega con la iglesia de San Mart\u00edn <\/span><\/b><\/span><\/p>\n<ul>\n<li>\n<p align=\"JUSTIFY\"><span style=\"font-size: large;\"><i>Jes\u00fas Tej\u00f3n: \u201cEs una demanda del vecindario; son s\u00f3lo 30 metros de camino que, con una capa de rodadura, mejorar\u00eda la prestaci\u00f3n del servicio religioso de las parroquias de Vega, Escobio y Levinco, al permitir circular al coche de la funeraria y evitar as\u00ed que los vecinos tengan que portar al hombro los f\u00e9retros\u201d<\/i><\/span><\/p>\n<\/li>\n<li>\n<p align=\"JUSTIFY\">\u201c<span style=\"font-size: large;\"><i>El Ayuntamiento de Aller no se dign\u00f3 a acondicionar la parte del cementerio que es municipal\u201d<\/i><\/span><\/p>\n<\/li>\n<\/ul>\n<p align=\"JUSTIFY\"><span style=\"font-size: large;\"><u><b>06.10.2021 (Moreda, Aller).<\/b><\/u><\/span><span style=\"font-size: large;\"> El secretario general de FORO Aller, Jes\u00fas Tej\u00f3n, ha anunciado hoy que volver\u00e1 a reclamar al Ayuntamiento \u201cel asfaltado del camino que une la plaza de Vega con la iglesia de San Mart\u00edn\u201d. Uno de los motivos por el que urge la reparaci\u00f3n del vial \u201ces una demanda del vecindario, para evitar tener que cargar al hombro con los f\u00e9retros cuando hay un funeral\u201d.<\/span><\/p>\n<p align=\"JUSTIFY\"><a name=\"_Hlk84406711\"><\/a> <span style=\"font-size: large;\">Seg\u00fan Tej\u00f3n, \u201cson solo 30 metros de camino que, con una capa de rodadura, mejorar\u00eda la prestaci\u00f3n del servicio religioso al permitir circular al coche de la funeraria y evitar as\u00ed que los vecinos tengan que cargar con los f\u00e9retros, como tienen que hacer ahora\u201d. El secretario de FORO Aller considera que \u201ccon esta peque\u00f1a obra, se atender\u00edan las necesidades religiosas de las parroquias de Vega, Escobio y Levinco, cuyos vecinos podr\u00edan despedir a sus difuntos con la misma dignidad que hacen los habitantes del resto del concejo\u201d. Tej\u00f3n critica tambi\u00e9n que \u201cVega es la \u00fanica parroquia de Aller donde el Ayuntamiento no se dign\u00f3 a acondicionar la mitad del cementerio, que es de titularidad municipal, a pesar de que tanto los fallecidos como sus familiares pagaron y pagan sus impuestos para ello\u201d. <\/span><\/p>\n","protected":false},"excerpt":{"rendered":"<p>FORO Aller vuelve a reclamar al Ayuntamiento el asfaltado del camino que une la plaza de Vega con la iglesia de San Mart\u00edn Jes\u00fas Tej\u00f3n: \u201cEs una demanda del vecindario; son s\u00f3lo 30 metros de camino que, con una capa de rodadura, mejorar\u00eda la prestaci\u00f3n del servicio religioso de las parroquias de Vega, Escobio y [&hellip;]<\/p>\n","protected":false},"author":1,"featured_media":3497,"comment_status":"open","ping_status":"open","sticky":false,"template":"","format":"standard","meta":{"footnotes":""},"categories":[7,6],"tags":[79,181],"class_list":["post-3525","post","type-post","status-publish","format-standard","has-post-thumbnail","hentry","category-caudal","category-noticias","tag-aller","tag-foro-aller"],"yoast_head":"<!-- This site is optimized with the Yoast SEO plugin v27.4 - https:\/\/yoast.com\/product\/yoast-seo-wordpress\/ -->\n<title>FORO ALLER reclama mejoras del camino que una la Plaza de Vega con la iglesia San Mart\u00edn<\/title>\n<meta name=\"robots\" content=\"index, follow, max-snippet:-1, max-image-preview:large, max-video-preview:-1\" \/>\n<link rel=\"canonical\" href=\"https:\/\/www.cuencasmineras.com\/index.php\/2021\/10\/06\/foro-aller-reclama-mejoras-del-camino-que-una-la-plaza-de-vega-con-la-iglesia-san-martin\/\" \/>\n<meta property=\"og:locale\" content=\"es_ES\" \/>\n<meta property=\"og:type\" content=\"article\" \/>\n<meta property=\"og:title\" content=\"FORO ALLER reclama mejoras del camino que una la Plaza de Vega con la iglesia San Mart\u00edn\" \/>\n<meta property=\"og:description\" content=\"FORO Aller vuelve a reclamar al Ayuntamiento el asfaltado del camino que une la plaza de Vega con la iglesia de San Mart\u00edn Jes\u00fas Tej\u00f3n: \u201cEs una demanda del vecindario; son s\u00f3lo 30 metros de camino que, con una capa de rodadura, mejorar\u00eda la prestaci\u00f3n del servicio religioso de las parroquias de Vega, Escobio y [&hellip;]\" \/>\n<meta property=\"og:url\" content=\"https:\/\/www.cuencasmineras.com\/index.php\/2021\/10\/06\/foro-aller-reclama-mejoras-del-camino-que-una-la-plaza-de-vega-con-la-iglesia-san-martin\/\" \/>\n<meta property=\"article:published_time\" content=\"2021-10-06T11:09:06+00:00\" \/>\n<meta property=\"og:image\" content=\"https:\/\/www.cuencasmineras.com\/wp-content\/uploads\/2021\/10\/aytoayer.jpg\" \/>\n\t<meta property=\"og:image:width\" content=\"500\" \/>\n\t<meta property=\"og:image:height\" content=\"375\" \/>\n\t<meta property=\"og:image:type\" content=\"image\/jpeg\" \/>\n<meta name=\"author\" content=\"admin\" \/>\n<meta name=\"twitter:card\" content=\"summary_large_image\" \/>\n<meta name=\"twitter:label1\" content=\"Escrito por\" \/>\n\t<meta name=\"twitter:data1\" content=\"admin\" \/>\n\t<meta name=\"twitter:label2\" content=\"Tiempo de lectura\" \/>\n\t<meta name=\"twitter:data2\" content=\"2 minutos\" \/>\n<script type=\"application\/ld+json\" class=\"yoast-schema-graph\">{\"@context\":\"https:\\\/\\\/schema.org\",\"@graph\":[{\"@type\":\"Article\",\"@id\":\"https:\\\/\\\/www.cuencasmineras.com\\\/index.php\\\/2021\\\/10\\\/06\\\/foro-aller-reclama-mejoras-del-camino-que-una-la-plaza-de-vega-con-la-iglesia-san-martin\\\/#article\",\"isPartOf\":{\"@id\":\"https:\\\/\\\/www.cuencasmineras.com\\\/index.php\\\/2021\\\/10\\\/06\\\/foro-aller-reclama-mejoras-del-camino-que-una-la-plaza-de-vega-con-la-iglesia-san-martin\\\/\"},\"author\":{\"name\":\"admin\",\"@id\":\"https:\\\/\\\/www.cuencasmineras.com\\\/#\\\/schema\\\/person\\\/be0691310e8496ec555f679dd688420c\"},\"headline\":\"FORO ALLER reclama mejoras del camino que una la Plaza de Vega con la iglesia San Mart\u00edn\",\"datePublished\":\"2021-10-06T11:09:06+00:00\",\"mainEntityOfPage\":{\"@id\":\"https:\\\/\\\/www.cuencasmineras.com\\\/index.php\\\/2021\\\/10\\\/06\\\/foro-aller-reclama-mejoras-del-camino-que-una-la-plaza-de-vega-con-la-iglesia-san-martin\\\/\"},\"wordCount\":330,\"commentCount\":0,\"image\":{\"@id\":\"https:\\\/\\\/www.cuencasmineras.com\\\/index.php\\\/2021\\\/10\\\/06\\\/foro-aller-reclama-mejoras-del-camino-que-una-la-plaza-de-vega-con-la-iglesia-san-martin\\\/#primaryimage\"},\"thumbnailUrl\":\"https:\\\/\\\/www.cuencasmineras.com\\\/wp-content\\\/uploads\\\/2021\\\/10\\\/aytoayer.jpg\",\"keywords\":[\"aller\",\"foro aller\"],\"articleSection\":[\"Caudal\",\"CM NEWS\"],\"inLanguage\":\"es\",\"potentialAction\":[{\"@type\":\"CommentAction\",\"name\":\"Comment\",\"target\":[\"https:\\\/\\\/www.cuencasmineras.com\\\/index.php\\\/2021\\\/10\\\/06\\\/foro-aller-reclama-mejoras-del-camino-que-una-la-plaza-de-vega-con-la-iglesia-san-martin\\\/#respond\"]}]},{\"@type\":\"WebPage\",\"@id\":\"https:\\\/\\\/www.cuencasmineras.com\\\/index.php\\\/2021\\\/10\\\/06\\\/foro-aller-reclama-mejoras-del-camino-que-una-la-plaza-de-vega-con-la-iglesia-san-martin\\\/\",\"url\":\"https:\\\/\\\/www.cuencasmineras.com\\\/index.php\\\/2021\\\/10\\\/06\\\/foro-aller-reclama-mejoras-del-camino-que-una-la-plaza-de-vega-con-la-iglesia-san-martin\\\/\",\"name\":\"FORO ALLER reclama mejoras del camino que una la Plaza de Vega con la iglesia San Mart\u00edn\",\"isPartOf\":{\"@id\":\"https:\\\/\\\/www.cuencasmineras.com\\\/#website\"},\"primaryImageOfPage\":{\"@id\":\"https:\\\/\\\/www.cuencasmineras.com\\\/index.php\\\/2021\\\/10\\\/06\\\/foro-aller-reclama-mejoras-del-camino-que-una-la-plaza-de-vega-con-la-iglesia-san-martin\\\/#primaryimage\"},\"image\":{\"@id\":\"https:\\\/\\\/www.cuencasmineras.com\\\/index.php\\\/2021\\\/10\\\/06\\\/foro-aller-reclama-mejoras-del-camino-que-una-la-plaza-de-vega-con-la-iglesia-san-martin\\\/#primaryimage\"},\"thumbnailUrl\":\"https:\\\/\\\/www.cuencasmineras.com\\\/wp-content\\\/uploads\\\/2021\\\/10\\\/aytoayer.jpg\",\"datePublished\":\"2021-10-06T11:09:06+00:00\",\"author\":{\"@id\":\"https:\\\/\\\/www.cuencasmineras.com\\\/#\\\/schema\\\/person\\\/be0691310e8496ec555f679dd688420c\"},\"breadcrumb\":{\"@id\":\"https:\\\/\\\/www.cuencasmineras.com\\\/index.php\\\/2021\\\/10\\\/06\\\/foro-aller-reclama-mejoras-del-camino-que-una-la-plaza-de-vega-con-la-iglesia-san-martin\\\/#breadcrumb\"},\"inLanguage\":\"es\",\"potentialAction\":[{\"@type\":\"ReadAction\",\"target\":[\"https:\\\/\\\/www.cuencasmineras.com\\\/index.php\\\/2021\\\/10\\\/06\\\/foro-aller-reclama-mejoras-del-camino-que-una-la-plaza-de-vega-con-la-iglesia-san-martin\\\/\"]}]},{\"@type\":\"ImageObject\",\"inLanguage\":\"es\",\"@id\":\"https:\\\/\\\/www.cuencasmineras.com\\\/index.php\\\/2021\\\/10\\\/06\\\/foro-aller-reclama-mejoras-del-camino-que-una-la-plaza-de-vega-con-la-iglesia-san-martin\\\/#primaryimage\",\"url\":\"https:\\\/\\\/www.cuencasmineras.com\\\/wp-content\\\/uploads\\\/2021\\\/10\\\/aytoayer.jpg\",\"contentUrl\":\"https:\\\/\\\/www.cuencasmineras.com\\\/wp-content\\\/uploads\\\/2021\\\/10\\\/aytoayer.jpg\",\"width\":500,\"height\":375},{\"@type\":\"BreadcrumbList\",\"@id\":\"https:\\\/\\\/www.cuencasmineras.com\\\/index.php\\\/2021\\\/10\\\/06\\\/foro-aller-reclama-mejoras-del-camino-que-una-la-plaza-de-vega-con-la-iglesia-san-martin\\\/#breadcrumb\",\"itemListElement\":[{\"@type\":\"ListItem\",\"position\":1,\"name\":\"Portada\",\"item\":\"https:\\\/\\\/www.cuencasmineras.com\\\/\"},{\"@type\":\"ListItem\",\"position\":2,\"name\":\"FORO ALLER reclama mejoras del camino que una la Plaza de Vega con la iglesia San Mart\u00edn\"}]},{\"@type\":\"WebSite\",\"@id\":\"https:\\\/\\\/www.cuencasmineras.com\\\/#website\",\"url\":\"https:\\\/\\\/www.cuencasmineras.com\\\/\",\"name\":\"\",\"description\":\"\",\"potentialAction\":[{\"@type\":\"SearchAction\",\"target\":{\"@type\":\"EntryPoint\",\"urlTemplate\":\"https:\\\/\\\/www.cuencasmineras.com\\\/?s={search_term_string}\"},\"query-input\":{\"@type\":\"PropertyValueSpecification\",\"valueRequired\":true,\"valueName\":\"search_term_string\"}}],\"inLanguage\":\"es\"},{\"@type\":\"Person\",\"@id\":\"https:\\\/\\\/www.cuencasmineras.com\\\/#\\\/schema\\\/person\\\/be0691310e8496ec555f679dd688420c\",\"name\":\"admin\",\"image\":{\"@type\":\"ImageObject\",\"inLanguage\":\"es\",\"@id\":\"https:\\\/\\\/secure.gravatar.com\\\/avatar\\\/4afd2eed3b2fbbf36dd6707b5bd8a5b50ac648f033e36fbf85aeace2f0f859db?s=96&d=mm&r=g\",\"url\":\"https:\\\/\\\/secure.gravatar.com\\\/avatar\\\/4afd2eed3b2fbbf36dd6707b5bd8a5b50ac648f033e36fbf85aeace2f0f859db?s=96&d=mm&r=g\",\"contentUrl\":\"https:\\\/\\\/secure.gravatar.com\\\/avatar\\\/4afd2eed3b2fbbf36dd6707b5bd8a5b50ac648f033e36fbf85aeace2f0f859db?s=96&d=mm&r=g\",\"caption\":\"admin\"},\"sameAs\":[\"https:\\\/\\\/www.cuencasmineras.com\"],\"url\":\"https:\\\/\\\/www.cuencasmineras.com\\\/index.php\\\/author\\\/admin\\\/\"}]}<\/script>\n<!-- \/ Yoast SEO plugin. -->","yoast_head_json":{"title":"FORO ALLER reclama mejoras del camino que una la Plaza de Vega con la iglesia San Mart\u00edn","robots":{"index":"index","follow":"follow","max-snippet":"max-snippet:-1","max-image-preview":"max-image-preview:large","max-video-preview":"max-video-preview:-1"},"canonical":"https:\/\/www.cuencasmineras.com\/index.php\/2021\/10\/06\/foro-aller-reclama-mejoras-del-camino-que-una-la-plaza-de-vega-con-la-iglesia-san-martin\/","og_locale":"es_ES","og_type":"article","og_title":"FORO ALLER reclama mejoras del camino que una la Plaza de Vega con la iglesia San Mart\u00edn","og_description":"FORO Aller vuelve a reclamar al Ayuntamiento el asfaltado del camino que une la plaza de Vega con la iglesia de San Mart\u00edn Jes\u00fas Tej\u00f3n: \u201cEs una demanda del vecindario; son s\u00f3lo 30 metros de camino que, con una capa de rodadura, mejorar\u00eda la prestaci\u00f3n del servicio religioso de las parroquias de Vega, Escobio y [&hellip;]","og_url":"https:\/\/www.cuencasmineras.com\/index.php\/2021\/10\/06\/foro-aller-reclama-mejoras-del-camino-que-una-la-plaza-de-vega-con-la-iglesia-san-martin\/","article_published_time":"2021-10-06T11:09:06+00:00","og_image":[{"width":500,"height":375,"url":"https:\/\/www.cuencasmineras.com\/wp-content\/uploads\/2021\/10\/aytoayer.jpg","type":"image\/jpeg"}],"author":"admin","twitter_card":"summary_large_image","twitter_misc":{"Escrito por":"admin","Tiempo de lectura":"2 minutos"},"schema":{"@context":"https:\/\/schema.org","@graph":[{"@type":"Article","@id":"https:\/\/www.cuencasmineras.com\/index.php\/2021\/10\/06\/foro-aller-reclama-mejoras-del-camino-que-una-la-plaza-de-vega-con-la-iglesia-san-martin\/#article","isPartOf":{"@id":"https:\/\/www.cuencasmineras.com\/index.php\/2021\/10\/06\/foro-aller-reclama-mejoras-del-camino-que-una-la-plaza-de-vega-con-la-iglesia-san-martin\/"},"author":{"name":"admin","@id":"https:\/\/www.cuencasmineras.com\/#\/schema\/person\/be0691310e8496ec555f679dd688420c"},"headline":"FORO ALLER reclama mejoras del camino que una la Plaza de Vega con la iglesia San Mart\u00edn","datePublished":"2021-10-06T11:09:06+00:00","mainEntityOfPage":{"@id":"https:\/\/www.cuencasmineras.com\/index.php\/2021\/10\/06\/foro-aller-reclama-mejoras-del-camino-que-una-la-plaza-de-vega-con-la-iglesia-san-martin\/"},"wordCount":330,"commentCount":0,"image":{"@id":"https:\/\/www.cuencasmineras.com\/index.php\/2021\/10\/06\/foro-aller-reclama-mejoras-del-camino-que-una-la-plaza-de-vega-con-la-iglesia-san-martin\/#primaryimage"},"thumbnailUrl":"https:\/\/www.cuencasmineras.com\/wp-content\/uploads\/2021\/10\/aytoayer.jpg","keywords":["aller","foro aller"],"articleSection":["Caudal","CM NEWS"],"inLanguage":"es","potentialAction":[{"@type":"CommentAction","name":"Comment","target":["https:\/\/www.cuencasmineras.com\/index.php\/2021\/10\/06\/foro-aller-reclama-mejoras-del-camino-que-una-la-plaza-de-vega-con-la-iglesia-san-martin\/#respond"]}]},{"@type":"WebPage","@id":"https:\/\/www.cuencasmineras.com\/index.php\/2021\/10\/06\/foro-aller-reclama-mejoras-del-camino-que-una-la-plaza-de-vega-con-la-iglesia-san-martin\/","url":"https:\/\/www.cuencasmineras.com\/index.php\/2021\/10\/06\/foro-aller-reclama-mejoras-del-camino-que-una-la-plaza-de-vega-con-la-iglesia-san-martin\/","name":"FORO ALLER reclama mejoras del camino que una la Plaza de Vega con la iglesia San Mart\u00edn","isPartOf":{"@id":"https:\/\/www.cuencasmineras.com\/#website"},"primaryImageOfPage":{"@id":"https:\/\/www.cuencasmineras.com\/index.php\/2021\/10\/06\/foro-aller-reclama-mejoras-del-camino-que-una-la-plaza-de-vega-con-la-iglesia-san-martin\/#primaryimage"},"image":{"@id":"https:\/\/www.cuencasmineras.com\/index.php\/2021\/10\/06\/foro-aller-reclama-mejoras-del-camino-que-una-la-plaza-de-vega-con-la-iglesia-san-martin\/#primaryimage"},"thumbnailUrl":"https:\/\/www.cuencasmineras.com\/wp-content\/uploads\/2021\/10\/aytoayer.jpg","datePublished":"2021-10-06T11:09:06+00:00","author":{"@id":"https:\/\/www.cuencasmineras.com\/#\/schema\/person\/be0691310e8496ec555f679dd688420c"},"breadcrumb":{"@id":"https:\/\/www.cuencasmineras.com\/index.php\/2021\/10\/06\/foro-aller-reclama-mejoras-del-camino-que-una-la-plaza-de-vega-con-la-iglesia-san-martin\/#breadcrumb"},"inLanguage":"es","potentialAction":[{"@type":"ReadAction","target":["https:\/\/www.cuencasmineras.com\/index.php\/2021\/10\/06\/foro-aller-reclama-mejoras-del-camino-que-una-la-plaza-de-vega-con-la-iglesia-san-martin\/"]}]},{"@type":"ImageObject","inLanguage":"es","@id":"https:\/\/www.cuencasmineras.com\/index.php\/2021\/10\/06\/foro-aller-reclama-mejoras-del-camino-que-una-la-plaza-de-vega-con-la-iglesia-san-martin\/#primaryimage","url":"https:\/\/www.cuencasmineras.com\/wp-content\/uploads\/2021\/10\/aytoayer.jpg","contentUrl":"https:\/\/www.cuencasmineras.com\/wp-content\/uploads\/2021\/10\/aytoayer.jpg","width":500,"height":375},{"@type":"BreadcrumbList","@id":"https:\/\/www.cuencasmineras.com\/index.php\/2021\/10\/06\/foro-aller-reclama-mejoras-del-camino-que-una-la-plaza-de-vega-con-la-iglesia-san-martin\/#breadcrumb","itemListElement":[{"@type":"ListItem","position":1,"name":"Portada","item":"https:\/\/www.cuencasmineras.com\/"},{"@type":"ListItem","position":2,"name":"FORO ALLER reclama mejoras del camino que una la Plaza de Vega con la iglesia San Mart\u00edn"}]},{"@type":"WebSite","@id":"https:\/\/www.cuencasmineras.com\/#website","url":"https:\/\/www.cuencasmineras.com\/","name":"","description":"","potentialAction":[{"@type":"SearchAction","target":{"@type":"EntryPoint","urlTemplate":"https:\/\/www.cuencasmineras.com\/?s={search_term_string}"},"query-input":{"@type":"PropertyValueSpecification","valueRequired":true,"valueName":"search_term_string"}}],"inLanguage":"es"},{"@type":"Person","@id":"https:\/\/www.cuencasmineras.com\/#\/schema\/person\/be0691310e8496ec555f679dd688420c","name":"admin","image":{"@type":"ImageObject","inLanguage":"es","@id":"https:\/\/secure.gravatar.com\/avatar\/4afd2eed3b2fbbf36dd6707b5bd8a5b50ac648f033e36fbf85aeace2f0f859db?s=96&d=mm&r=g","url":"https:\/\/secure.gravatar.com\/avatar\/4afd2eed3b2fbbf36dd6707b5bd8a5b50ac648f033e36fbf85aeace2f0f859db?s=96&d=mm&r=g","contentUrl":"https:\/\/secure.gravatar.com\/avatar\/4afd2eed3b2fbbf36dd6707b5bd8a5b50ac648f033e36fbf85aeace2f0f859db?s=96&d=mm&r=g","caption":"admin"},"sameAs":["https:\/\/www.cuencasmineras.com"],"url":"https:\/\/www.cuencasmineras.com\/index.php\/author\/admin\/"}]}},"_links":{"self":[{"href":"https:\/\/www.cuencasmineras.com\/index.php\/wp-json\/wp\/v2\/posts\/3525","targetHints":{"allow":["GET"]}}],"collection":[{"href":"https:\/\/www.cuencasmineras.com\/index.php\/wp-json\/wp\/v2\/posts"}],"about":[{"href":"https:\/\/www.cuencasmineras.com\/index.php\/wp-json\/wp\/v2\/types\/post"}],"author":[{"embeddable":true,"href":"https:\/\/www.cuencasmineras.com\/index.php\/wp-json\/wp\/v2\/users\/1"}],"replies":[{"embeddable":true,"href":"https:\/\/www.cuencasmineras.com\/index.php\/wp-json\/wp\/v2\/comments?post=3525"}],"version-history":[{"count":1,"href":"https:\/\/www.cuencasmineras.com\/index.php\/wp-json\/wp\/v2\/posts\/3525\/revisions"}],"predecessor-version":[{"id":3526,"href":"https:\/\/www.cuencasmineras.com\/index.php\/wp-json\/wp\/v2\/posts\/3525\/revisions\/3526"}],"wp:featuredmedia":[{"embeddable":true,"href":"https:\/\/www.cuencasmineras.com\/index.php\/wp-json\/wp\/v2\/media\/3497"}],"wp:attachment":[{"href":"https:\/\/www.cuencasmineras.com\/index.php\/wp-json\/wp\/v2\/media?parent=3525"}],"wp:term":[{"taxonomy":"category","embeddable":true,"href":"https:\/\/www.cuencasmineras.com\/index.php\/wp-json\/wp\/v2\/categories?post=3525"},{"taxonomy":"post_tag","embeddable":true,"href":"https:\/\/www.cuencasmineras.com\/index.php\/wp-json\/wp\/v2\/tags?post=3525"}],"curies":[{"name":"wp","href":"https:\/\/api.w.org\/{rel}","templated":true}]}}