{"id":3536,"date":"2021-10-13T06:40:17","date_gmt":"2021-10-13T06:40:17","guid":{"rendered":"https:\/\/www.cuencasmineras.com\/?p=3536"},"modified":"2021-10-13T06:40:17","modified_gmt":"2021-10-13T06:40:17","slug":"eros-y-tanatos-nueva-edicion-de-fiasco-el-festival-que-llenara-mieres-de-cultura-y-celebracion-durante-toda-esta-semana","status":"publish","type":"post","link":"https:\/\/www.cuencasmineras.com\/index.php\/2021\/10\/13\/eros-y-tanatos-nueva-edicion-de-fiasco-el-festival-que-llenara-mieres-de-cultura-y-celebracion-durante-toda-esta-semana\/","title":{"rendered":"\u201cEros y Tanatos\u201d, nueva edici\u00f3n de FIASCO, el Festival que llenar\u00e1 Mieres de cultura y celebraci\u00f3n durante toda esta semana"},"content":{"rendered":"<p style=\"text-align: justify;\">Comienza hoy la quinta edici\u00f3n de FIASCO, Festival Independiente Asturiano sobre Comunidad Cultura que, desde hoy y durante toda esta semana, llenar\u00e1 Mieres de actos en los que la cultura, en su sentido m\u00e1s amplio, y celebraci\u00f3n se dan la mano en una cita que, en esta ocasi\u00f3n, pivotar\u00e1 sobre un doble eje: \u201cEros y Tanatos\u201d, \u201cuna dupla de poder hipn\u00f3tico que ata\u00f1e a toda la especie, podr\u00edamos decir que el eje m\u00e1s democr\u00e1tico y universal\u201d, se\u00f1ala el programa de FIASCO, que, organizado por la concejal\u00eda de Cultura que dirige Juan Ponte, arranca hoy a las 20 horas, en el TC28, con la presentaci\u00f3n del programa a cargo del propio edil y de Carlos Barral, director del Festival, con playlist a cargo de Rafa Cervera. A partir de ah\u00ed, un programa que incluye m\u00fasica, cine, debate, literatura o fotograf\u00eda en una cita que se ha convertido en una conversaci\u00f3n entre cultura y arte y ciudadan\u00eda y que este a\u00f1o viene fuerte, conjugando \u00e9tica y controversia y abordando desde distintos prismas cuestiones como el amor, la muerte, el deseo, el suicidio, el sexo, la norma o la genitalidad.<\/p>\n<p style=\"text-align: justify;\">Un festival ambicioso, en definitiva, que llega a distintos espacios del concejo (MCC, Casa de Cultura, La Llocura, La Pilarica, Rodapi\u00e9 y TC28) y que permitir\u00e1 contar con la presencia en Mieres de personas como Rafa Cervera, Almudena Monz\u00fa o Nieves Concostrina, entre otras muchas que llenar\u00e1n el concejo de actividad, cultura y celebraci\u00f3n.<\/p>\n<p style=\"text-align: justify;\">El programa completo de la quinta edici\u00f3n de FIASCO se puede consultar en el apartado cultura de esta misma p\u00e1gina web, donde tambi\u00e9n se encontrar\u00e1 cada d\u00eda las actividades de la jornada en el apartado agenda<\/p>\n<p style=\"text-align: justify;\"><img loading=\"lazy\" decoding=\"async\" class=\"aligncenter size-full wp-image-3537\" src=\"https:\/\/www.cuencasmineras.com\/wp-content\/uploads\/2021\/10\/FIASCO-2021.jpg\" alt=\"\" width=\"960\" height=\"960\" srcset=\"https:\/\/www.cuencasmineras.com\/wp-content\/uploads\/2021\/10\/FIASCO-2021.jpg 960w, https:\/\/www.cuencasmineras.com\/wp-content\/uploads\/2021\/10\/FIASCO-2021-300x300.jpg 300w, https:\/\/www.cuencasmineras.com\/wp-content\/uploads\/2021\/10\/FIASCO-2021-150x150.jpg 150w, https:\/\/www.cuencasmineras.com\/wp-content\/uploads\/2021\/10\/FIASCO-2021-768x768.jpg 768w\" sizes=\"auto, (max-width: 960px) 100vw, 960px\" \/>.<\/p>\n","protected":false},"excerpt":{"rendered":"<p>Comienza hoy la quinta edici\u00f3n de FIASCO, Festival Independiente Asturiano sobre Comunidad Cultura que, desde hoy y durante toda esta semana, llenar\u00e1 Mieres de actos en los que la cultura, en su sentido m\u00e1s amplio, y celebraci\u00f3n se dan la mano en una cita que, en esta ocasi\u00f3n, pivotar\u00e1 sobre un doble eje: \u201cEros y [&hellip;]<\/p>\n","protected":false},"author":1,"featured_media":0,"comment_status":"open","ping_status":"open","sticky":false,"template":"","format":"standard","meta":{"footnotes":""},"categories":[7,6,48],"tags":[175,31],"class_list":["post-3536","post","type-post","status-publish","format-standard","hentry","category-caudal","category-noticias","category-fiestas","tag-cultura","tag-mieres"],"yoast_head":"<!-- This site is optimized with the Yoast SEO plugin v27.4 - https:\/\/yoast.com\/product\/yoast-seo-wordpress\/ -->\n<title>\u201cEros y Tanatos\u201d, nueva edici\u00f3n de FIASCO, el Festival que llenar\u00e1 Mieres de cultura y celebraci\u00f3n durante toda esta semana<\/title>\n<meta name=\"robots\" content=\"index, follow, max-snippet:-1, max-image-preview:large, max-video-preview:-1\" \/>\n<link rel=\"canonical\" href=\"https:\/\/www.cuencasmineras.com\/index.php\/2021\/10\/13\/eros-y-tanatos-nueva-edicion-de-fiasco-el-festival-que-llenara-mieres-de-cultura-y-celebracion-durante-toda-esta-semana\/\" \/>\n<meta property=\"og:locale\" content=\"es_ES\" \/>\n<meta property=\"og:type\" content=\"article\" \/>\n<meta property=\"og:title\" content=\"\u201cEros y Tanatos\u201d, nueva edici\u00f3n de FIASCO, el Festival que llenar\u00e1 Mieres de cultura y celebraci\u00f3n durante toda esta semana\" \/>\n<meta property=\"og:description\" content=\"Comienza hoy la quinta edici\u00f3n de FIASCO, Festival Independiente Asturiano sobre Comunidad Cultura que, desde hoy y durante toda esta semana, llenar\u00e1 Mieres de actos en los que la cultura, en su sentido m\u00e1s amplio, y celebraci\u00f3n se dan la mano en una cita que, en esta ocasi\u00f3n, pivotar\u00e1 sobre un doble eje: \u201cEros y [&hellip;]\" \/>\n<meta property=\"og:url\" content=\"https:\/\/www.cuencasmineras.com\/index.php\/2021\/10\/13\/eros-y-tanatos-nueva-edicion-de-fiasco-el-festival-que-llenara-mieres-de-cultura-y-celebracion-durante-toda-esta-semana\/\" \/>\n<meta property=\"article:published_time\" content=\"2021-10-13T06:40:17+00:00\" \/>\n<meta property=\"og:image\" content=\"https:\/\/www.cuencasmineras.com\/wp-content\/uploads\/2021\/10\/FIASCO-2021.jpg\" \/>\n<meta name=\"author\" content=\"admin\" \/>\n<meta name=\"twitter:card\" content=\"summary_large_image\" \/>\n<meta name=\"twitter:label1\" content=\"Escrito por\" \/>\n\t<meta name=\"twitter:data1\" content=\"admin\" \/>\n\t<meta name=\"twitter:label2\" content=\"Tiempo de lectura\" \/>\n\t<meta name=\"twitter:data2\" content=\"1 minuto\" \/>\n<script type=\"application\/ld+json\" class=\"yoast-schema-graph\">{\"@context\":\"https:\\\/\\\/schema.org\",\"@graph\":[{\"@type\":\"Article\",\"@id\":\"https:\\\/\\\/www.cuencasmineras.com\\\/index.php\\\/2021\\\/10\\\/13\\\/eros-y-tanatos-nueva-edicion-de-fiasco-el-festival-que-llenara-mieres-de-cultura-y-celebracion-durante-toda-esta-semana\\\/#article\",\"isPartOf\":{\"@id\":\"https:\\\/\\\/www.cuencasmineras.com\\\/index.php\\\/2021\\\/10\\\/13\\\/eros-y-tanatos-nueva-edicion-de-fiasco-el-festival-que-llenara-mieres-de-cultura-y-celebracion-durante-toda-esta-semana\\\/\"},\"author\":{\"name\":\"admin\",\"@id\":\"https:\\\/\\\/www.cuencasmineras.com\\\/#\\\/schema\\\/person\\\/be0691310e8496ec555f679dd688420c\"},\"headline\":\"\u201cEros y Tanatos\u201d, nueva edici\u00f3n de FIASCO, el Festival que llenar\u00e1 Mieres de cultura y celebraci\u00f3n durante toda esta semana\",\"datePublished\":\"2021-10-13T06:40:17+00:00\",\"mainEntityOfPage\":{\"@id\":\"https:\\\/\\\/www.cuencasmineras.com\\\/index.php\\\/2021\\\/10\\\/13\\\/eros-y-tanatos-nueva-edicion-de-fiasco-el-festival-que-llenara-mieres-de-cultura-y-celebracion-durante-toda-esta-semana\\\/\"},\"wordCount\":321,\"commentCount\":0,\"image\":{\"@id\":\"https:\\\/\\\/www.cuencasmineras.com\\\/index.php\\\/2021\\\/10\\\/13\\\/eros-y-tanatos-nueva-edicion-de-fiasco-el-festival-que-llenara-mieres-de-cultura-y-celebracion-durante-toda-esta-semana\\\/#primaryimage\"},\"thumbnailUrl\":\"https:\\\/\\\/www.cuencasmineras.com\\\/wp-content\\\/uploads\\\/2021\\\/10\\\/FIASCO-2021.jpg\",\"keywords\":[\"CULTURA\",\"mieres\"],\"articleSection\":[\"Caudal\",\"CM NEWS\",\"Fiestas\"],\"inLanguage\":\"es\",\"potentialAction\":[{\"@type\":\"CommentAction\",\"name\":\"Comment\",\"target\":[\"https:\\\/\\\/www.cuencasmineras.com\\\/index.php\\\/2021\\\/10\\\/13\\\/eros-y-tanatos-nueva-edicion-de-fiasco-el-festival-que-llenara-mieres-de-cultura-y-celebracion-durante-toda-esta-semana\\\/#respond\"]}]},{\"@type\":\"WebPage\",\"@id\":\"https:\\\/\\\/www.cuencasmineras.com\\\/index.php\\\/2021\\\/10\\\/13\\\/eros-y-tanatos-nueva-edicion-de-fiasco-el-festival-que-llenara-mieres-de-cultura-y-celebracion-durante-toda-esta-semana\\\/\",\"url\":\"https:\\\/\\\/www.cuencasmineras.com\\\/index.php\\\/2021\\\/10\\\/13\\\/eros-y-tanatos-nueva-edicion-de-fiasco-el-festival-que-llenara-mieres-de-cultura-y-celebracion-durante-toda-esta-semana\\\/\",\"name\":\"\u201cEros y Tanatos\u201d, nueva edici\u00f3n de FIASCO, el Festival que llenar\u00e1 Mieres de cultura y celebraci\u00f3n durante toda esta semana\",\"isPartOf\":{\"@id\":\"https:\\\/\\\/www.cuencasmineras.com\\\/#website\"},\"primaryImageOfPage\":{\"@id\":\"https:\\\/\\\/www.cuencasmineras.com\\\/index.php\\\/2021\\\/10\\\/13\\\/eros-y-tanatos-nueva-edicion-de-fiasco-el-festival-que-llenara-mieres-de-cultura-y-celebracion-durante-toda-esta-semana\\\/#primaryimage\"},\"image\":{\"@id\":\"https:\\\/\\\/www.cuencasmineras.com\\\/index.php\\\/2021\\\/10\\\/13\\\/eros-y-tanatos-nueva-edicion-de-fiasco-el-festival-que-llenara-mieres-de-cultura-y-celebracion-durante-toda-esta-semana\\\/#primaryimage\"},\"thumbnailUrl\":\"https:\\\/\\\/www.cuencasmineras.com\\\/wp-content\\\/uploads\\\/2021\\\/10\\\/FIASCO-2021.jpg\",\"datePublished\":\"2021-10-13T06:40:17+00:00\",\"author\":{\"@id\":\"https:\\\/\\\/www.cuencasmineras.com\\\/#\\\/schema\\\/person\\\/be0691310e8496ec555f679dd688420c\"},\"breadcrumb\":{\"@id\":\"https:\\\/\\\/www.cuencasmineras.com\\\/index.php\\\/2021\\\/10\\\/13\\\/eros-y-tanatos-nueva-edicion-de-fiasco-el-festival-que-llenara-mieres-de-cultura-y-celebracion-durante-toda-esta-semana\\\/#breadcrumb\"},\"inLanguage\":\"es\",\"potentialAction\":[{\"@type\":\"ReadAction\",\"target\":[\"https:\\\/\\\/www.cuencasmineras.com\\\/index.php\\\/2021\\\/10\\\/13\\\/eros-y-tanatos-nueva-edicion-de-fiasco-el-festival-que-llenara-mieres-de-cultura-y-celebracion-durante-toda-esta-semana\\\/\"]}]},{\"@type\":\"ImageObject\",\"inLanguage\":\"es\",\"@id\":\"https:\\\/\\\/www.cuencasmineras.com\\\/index.php\\\/2021\\\/10\\\/13\\\/eros-y-tanatos-nueva-edicion-de-fiasco-el-festival-que-llenara-mieres-de-cultura-y-celebracion-durante-toda-esta-semana\\\/#primaryimage\",\"url\":\"https:\\\/\\\/www.cuencasmineras.com\\\/wp-content\\\/uploads\\\/2021\\\/10\\\/FIASCO-2021.jpg\",\"contentUrl\":\"https:\\\/\\\/www.cuencasmineras.com\\\/wp-content\\\/uploads\\\/2021\\\/10\\\/FIASCO-2021.jpg\",\"width\":960,\"height\":960},{\"@type\":\"BreadcrumbList\",\"@id\":\"https:\\\/\\\/www.cuencasmineras.com\\\/index.php\\\/2021\\\/10\\\/13\\\/eros-y-tanatos-nueva-edicion-de-fiasco-el-festival-que-llenara-mieres-de-cultura-y-celebracion-durante-toda-esta-semana\\\/#breadcrumb\",\"itemListElement\":[{\"@type\":\"ListItem\",\"position\":1,\"name\":\"Portada\",\"item\":\"https:\\\/\\\/www.cuencasmineras.com\\\/\"},{\"@type\":\"ListItem\",\"position\":2,\"name\":\"\u201cEros y Tanatos\u201d, nueva edici\u00f3n de FIASCO, el Festival que llenar\u00e1 Mieres de cultura y celebraci\u00f3n durante toda esta semana\"}]},{\"@type\":\"WebSite\",\"@id\":\"https:\\\/\\\/www.cuencasmineras.com\\\/#website\",\"url\":\"https:\\\/\\\/www.cuencasmineras.com\\\/\",\"name\":\"\",\"description\":\"\",\"potentialAction\":[{\"@type\":\"SearchAction\",\"target\":{\"@type\":\"EntryPoint\",\"urlTemplate\":\"https:\\\/\\\/www.cuencasmineras.com\\\/?s={search_term_string}\"},\"query-input\":{\"@type\":\"PropertyValueSpecification\",\"valueRequired\":true,\"valueName\":\"search_term_string\"}}],\"inLanguage\":\"es\"},{\"@type\":\"Person\",\"@id\":\"https:\\\/\\\/www.cuencasmineras.com\\\/#\\\/schema\\\/person\\\/be0691310e8496ec555f679dd688420c\",\"name\":\"admin\",\"image\":{\"@type\":\"ImageObject\",\"inLanguage\":\"es\",\"@id\":\"https:\\\/\\\/secure.gravatar.com\\\/avatar\\\/4afd2eed3b2fbbf36dd6707b5bd8a5b50ac648f033e36fbf85aeace2f0f859db?s=96&d=mm&r=g\",\"url\":\"https:\\\/\\\/secure.gravatar.com\\\/avatar\\\/4afd2eed3b2fbbf36dd6707b5bd8a5b50ac648f033e36fbf85aeace2f0f859db?s=96&d=mm&r=g\",\"contentUrl\":\"https:\\\/\\\/secure.gravatar.com\\\/avatar\\\/4afd2eed3b2fbbf36dd6707b5bd8a5b50ac648f033e36fbf85aeace2f0f859db?s=96&d=mm&r=g\",\"caption\":\"admin\"},\"sameAs\":[\"https:\\\/\\\/www.cuencasmineras.com\"],\"url\":\"https:\\\/\\\/www.cuencasmineras.com\\\/index.php\\\/author\\\/admin\\\/\"}]}<\/script>\n<!-- \/ Yoast SEO plugin. -->","yoast_head_json":{"title":"\u201cEros y Tanatos\u201d, nueva edici\u00f3n de FIASCO, el Festival que llenar\u00e1 Mieres de cultura y celebraci\u00f3n durante toda esta semana","robots":{"index":"index","follow":"follow","max-snippet":"max-snippet:-1","max-image-preview":"max-image-preview:large","max-video-preview":"max-video-preview:-1"},"canonical":"https:\/\/www.cuencasmineras.com\/index.php\/2021\/10\/13\/eros-y-tanatos-nueva-edicion-de-fiasco-el-festival-que-llenara-mieres-de-cultura-y-celebracion-durante-toda-esta-semana\/","og_locale":"es_ES","og_type":"article","og_title":"\u201cEros y Tanatos\u201d, nueva edici\u00f3n de FIASCO, el Festival que llenar\u00e1 Mieres de cultura y celebraci\u00f3n durante toda esta semana","og_description":"Comienza hoy la quinta edici\u00f3n de FIASCO, Festival Independiente Asturiano sobre Comunidad Cultura que, desde hoy y durante toda esta semana, llenar\u00e1 Mieres de actos en los que la cultura, en su sentido m\u00e1s amplio, y celebraci\u00f3n se dan la mano en una cita que, en esta ocasi\u00f3n, pivotar\u00e1 sobre un doble eje: \u201cEros y [&hellip;]","og_url":"https:\/\/www.cuencasmineras.com\/index.php\/2021\/10\/13\/eros-y-tanatos-nueva-edicion-de-fiasco-el-festival-que-llenara-mieres-de-cultura-y-celebracion-durante-toda-esta-semana\/","article_published_time":"2021-10-13T06:40:17+00:00","og_image":[{"url":"https:\/\/www.cuencasmineras.com\/wp-content\/uploads\/2021\/10\/FIASCO-2021.jpg","type":"","width":"","height":""}],"author":"admin","twitter_card":"summary_large_image","twitter_misc":{"Escrito por":"admin","Tiempo de lectura":"1 minuto"},"schema":{"@context":"https:\/\/schema.org","@graph":[{"@type":"Article","@id":"https:\/\/www.cuencasmineras.com\/index.php\/2021\/10\/13\/eros-y-tanatos-nueva-edicion-de-fiasco-el-festival-que-llenara-mieres-de-cultura-y-celebracion-durante-toda-esta-semana\/#article","isPartOf":{"@id":"https:\/\/www.cuencasmineras.com\/index.php\/2021\/10\/13\/eros-y-tanatos-nueva-edicion-de-fiasco-el-festival-que-llenara-mieres-de-cultura-y-celebracion-durante-toda-esta-semana\/"},"author":{"name":"admin","@id":"https:\/\/www.cuencasmineras.com\/#\/schema\/person\/be0691310e8496ec555f679dd688420c"},"headline":"\u201cEros y Tanatos\u201d, nueva edici\u00f3n de FIASCO, el Festival que llenar\u00e1 Mieres de cultura y celebraci\u00f3n durante toda esta semana","datePublished":"2021-10-13T06:40:17+00:00","mainEntityOfPage":{"@id":"https:\/\/www.cuencasmineras.com\/index.php\/2021\/10\/13\/eros-y-tanatos-nueva-edicion-de-fiasco-el-festival-que-llenara-mieres-de-cultura-y-celebracion-durante-toda-esta-semana\/"},"wordCount":321,"commentCount":0,"image":{"@id":"https:\/\/www.cuencasmineras.com\/index.php\/2021\/10\/13\/eros-y-tanatos-nueva-edicion-de-fiasco-el-festival-que-llenara-mieres-de-cultura-y-celebracion-durante-toda-esta-semana\/#primaryimage"},"thumbnailUrl":"https:\/\/www.cuencasmineras.com\/wp-content\/uploads\/2021\/10\/FIASCO-2021.jpg","keywords":["CULTURA","mieres"],"articleSection":["Caudal","CM NEWS","Fiestas"],"inLanguage":"es","potentialAction":[{"@type":"CommentAction","name":"Comment","target":["https:\/\/www.cuencasmineras.com\/index.php\/2021\/10\/13\/eros-y-tanatos-nueva-edicion-de-fiasco-el-festival-que-llenara-mieres-de-cultura-y-celebracion-durante-toda-esta-semana\/#respond"]}]},{"@type":"WebPage","@id":"https:\/\/www.cuencasmineras.com\/index.php\/2021\/10\/13\/eros-y-tanatos-nueva-edicion-de-fiasco-el-festival-que-llenara-mieres-de-cultura-y-celebracion-durante-toda-esta-semana\/","url":"https:\/\/www.cuencasmineras.com\/index.php\/2021\/10\/13\/eros-y-tanatos-nueva-edicion-de-fiasco-el-festival-que-llenara-mieres-de-cultura-y-celebracion-durante-toda-esta-semana\/","name":"\u201cEros y Tanatos\u201d, nueva edici\u00f3n de FIASCO, el Festival que llenar\u00e1 Mieres de cultura y celebraci\u00f3n durante toda esta semana","isPartOf":{"@id":"https:\/\/www.cuencasmineras.com\/#website"},"primaryImageOfPage":{"@id":"https:\/\/www.cuencasmineras.com\/index.php\/2021\/10\/13\/eros-y-tanatos-nueva-edicion-de-fiasco-el-festival-que-llenara-mieres-de-cultura-y-celebracion-durante-toda-esta-semana\/#primaryimage"},"image":{"@id":"https:\/\/www.cuencasmineras.com\/index.php\/2021\/10\/13\/eros-y-tanatos-nueva-edicion-de-fiasco-el-festival-que-llenara-mieres-de-cultura-y-celebracion-durante-toda-esta-semana\/#primaryimage"},"thumbnailUrl":"https:\/\/www.cuencasmineras.com\/wp-content\/uploads\/2021\/10\/FIASCO-2021.jpg","datePublished":"2021-10-13T06:40:17+00:00","author":{"@id":"https:\/\/www.cuencasmineras.com\/#\/schema\/person\/be0691310e8496ec555f679dd688420c"},"breadcrumb":{"@id":"https:\/\/www.cuencasmineras.com\/index.php\/2021\/10\/13\/eros-y-tanatos-nueva-edicion-de-fiasco-el-festival-que-llenara-mieres-de-cultura-y-celebracion-durante-toda-esta-semana\/#breadcrumb"},"inLanguage":"es","potentialAction":[{"@type":"ReadAction","target":["https:\/\/www.cuencasmineras.com\/index.php\/2021\/10\/13\/eros-y-tanatos-nueva-edicion-de-fiasco-el-festival-que-llenara-mieres-de-cultura-y-celebracion-durante-toda-esta-semana\/"]}]},{"@type":"ImageObject","inLanguage":"es","@id":"https:\/\/www.cuencasmineras.com\/index.php\/2021\/10\/13\/eros-y-tanatos-nueva-edicion-de-fiasco-el-festival-que-llenara-mieres-de-cultura-y-celebracion-durante-toda-esta-semana\/#primaryimage","url":"https:\/\/www.cuencasmineras.com\/wp-content\/uploads\/2021\/10\/FIASCO-2021.jpg","contentUrl":"https:\/\/www.cuencasmineras.com\/wp-content\/uploads\/2021\/10\/FIASCO-2021.jpg","width":960,"height":960},{"@type":"BreadcrumbList","@id":"https:\/\/www.cuencasmineras.com\/index.php\/2021\/10\/13\/eros-y-tanatos-nueva-edicion-de-fiasco-el-festival-que-llenara-mieres-de-cultura-y-celebracion-durante-toda-esta-semana\/#breadcrumb","itemListElement":[{"@type":"ListItem","position":1,"name":"Portada","item":"https:\/\/www.cuencasmineras.com\/"},{"@type":"ListItem","position":2,"name":"\u201cEros y Tanatos\u201d, nueva edici\u00f3n de FIASCO, el Festival que llenar\u00e1 Mieres de cultura y celebraci\u00f3n durante toda esta semana"}]},{"@type":"WebSite","@id":"https:\/\/www.cuencasmineras.com\/#website","url":"https:\/\/www.cuencasmineras.com\/","name":"","description":"","potentialAction":[{"@type":"SearchAction","target":{"@type":"EntryPoint","urlTemplate":"https:\/\/www.cuencasmineras.com\/?s={search_term_string}"},"query-input":{"@type":"PropertyValueSpecification","valueRequired":true,"valueName":"search_term_string"}}],"inLanguage":"es"},{"@type":"Person","@id":"https:\/\/www.cuencasmineras.com\/#\/schema\/person\/be0691310e8496ec555f679dd688420c","name":"admin","image":{"@type":"ImageObject","inLanguage":"es","@id":"https:\/\/secure.gravatar.com\/avatar\/4afd2eed3b2fbbf36dd6707b5bd8a5b50ac648f033e36fbf85aeace2f0f859db?s=96&d=mm&r=g","url":"https:\/\/secure.gravatar.com\/avatar\/4afd2eed3b2fbbf36dd6707b5bd8a5b50ac648f033e36fbf85aeace2f0f859db?s=96&d=mm&r=g","contentUrl":"https:\/\/secure.gravatar.com\/avatar\/4afd2eed3b2fbbf36dd6707b5bd8a5b50ac648f033e36fbf85aeace2f0f859db?s=96&d=mm&r=g","caption":"admin"},"sameAs":["https:\/\/www.cuencasmineras.com"],"url":"https:\/\/www.cuencasmineras.com\/index.php\/author\/admin\/"}]}},"_links":{"self":[{"href":"https:\/\/www.cuencasmineras.com\/index.php\/wp-json\/wp\/v2\/posts\/3536","targetHints":{"allow":["GET"]}}],"collection":[{"href":"https:\/\/www.cuencasmineras.com\/index.php\/wp-json\/wp\/v2\/posts"}],"about":[{"href":"https:\/\/www.cuencasmineras.com\/index.php\/wp-json\/wp\/v2\/types\/post"}],"author":[{"embeddable":true,"href":"https:\/\/www.cuencasmineras.com\/index.php\/wp-json\/wp\/v2\/users\/1"}],"replies":[{"embeddable":true,"href":"https:\/\/www.cuencasmineras.com\/index.php\/wp-json\/wp\/v2\/comments?post=3536"}],"version-history":[{"count":1,"href":"https:\/\/www.cuencasmineras.com\/index.php\/wp-json\/wp\/v2\/posts\/3536\/revisions"}],"predecessor-version":[{"id":3538,"href":"https:\/\/www.cuencasmineras.com\/index.php\/wp-json\/wp\/v2\/posts\/3536\/revisions\/3538"}],"wp:attachment":[{"href":"https:\/\/www.cuencasmineras.com\/index.php\/wp-json\/wp\/v2\/media?parent=3536"}],"wp:term":[{"taxonomy":"category","embeddable":true,"href":"https:\/\/www.cuencasmineras.com\/index.php\/wp-json\/wp\/v2\/categories?post=3536"},{"taxonomy":"post_tag","embeddable":true,"href":"https:\/\/www.cuencasmineras.com\/index.php\/wp-json\/wp\/v2\/tags?post=3536"}],"curies":[{"name":"wp","href":"https:\/\/api.w.org\/{rel}","templated":true}]}}